{"id":48113,"date":"2023-01-17T11:12:46","date_gmt":"2023-01-17T14:12:46","guid":{"rendered":"http:\/\/lahoradelcampo.com.uy\/site\/?p=48113"},"modified":"2023-01-17T11:12:51","modified_gmt":"2023-01-17T14:12:51","slug":"paysandu-organiza-la-tercera-cata-nacional-de-tomates","status":"publish","type":"post","link":"https:\/\/lahoradelcampo.com.uy\/site\/paysandu-organiza-la-tercera-cata-nacional-de-tomates\/","title":{"rendered":"Paysand\u00fa organiza la tercera Cata Nacional de Tomates"},"content":{"rendered":"\n<figure class=\"wp-block-image\"><img data-recalc-dims=\"1\" loading=\"lazy\" decoding=\"async\" width=\"810\" height=\"405\" data-attachment-id=\"15694\" data-permalink=\"https:\/\/lahoradelcampo.com.uy\/site\/el-mercado-horticola-salteno-se-vistio-de-rojo\/tomate-cherry\/\" data-orig-file=\"https:\/\/i0.wp.com\/lahoradelcampo.com.uy\/site\/wp-content\/uploads\/2019\/11\/Tomate-cherry.jpg?fit=880%2C440&amp;ssl=1\" data-orig-size=\"880,440\" data-comments-opened=\"1\" data-image-meta=\"{&quot;aperture&quot;:&quot;0&quot;,&quot;credit&quot;:&quot;&quot;,&quot;camera&quot;:&quot;&quot;,&quot;caption&quot;:&quot;&quot;,&quot;created_timestamp&quot;:&quot;0&quot;,&quot;copyright&quot;:&quot;&quot;,&quot;focal_length&quot;:&quot;0&quot;,&quot;iso&quot;:&quot;0&quot;,&quot;shutter_speed&quot;:&quot;0&quot;,&quot;title&quot;:&quot;&quot;,&quot;orientation&quot;:&quot;1&quot;}\" data-image-title=\"Tomate cherry\" data-image-description=\"\" data-image-caption=\"\" data-large-file=\"https:\/\/i0.wp.com\/lahoradelcampo.com.uy\/site\/wp-content\/uploads\/2019\/11\/Tomate-cherry.jpg?fit=810%2C405&amp;ssl=1\" src=\"https:\/\/i0.wp.com\/lahoradelcampo.com.uy\/site\/wp-content\/uploads\/2019\/11\/Tomate-cherry.jpg?resize=810%2C405\" alt=\"\" class=\"wp-image-15694\" srcset=\"https:\/\/i0.wp.com\/lahoradelcampo.com.uy\/site\/wp-content\/uploads\/2019\/11\/Tomate-cherry.jpg?w=880&amp;ssl=1 880w, https:\/\/i0.wp.com\/lahoradelcampo.com.uy\/site\/wp-content\/uploads\/2019\/11\/Tomate-cherry.jpg?resize=300%2C150&amp;ssl=1 300w, https:\/\/i0.wp.com\/lahoradelcampo.com.uy\/site\/wp-content\/uploads\/2019\/11\/Tomate-cherry.jpg?resize=768%2C384&amp;ssl=1 768w, https:\/\/i0.wp.com\/lahoradelcampo.com.uy\/site\/wp-content\/uploads\/2019\/11\/Tomate-cherry.jpg?resize=820%2C410&amp;ssl=1 820w\" sizes=\"auto, (max-width: 810px) 100vw, 810px\" \/><\/figure>\n\n\n\n<p>La Tercera Cata Nacional de Tomates se realizar\u00e1 entre el 3 y 4 de febrero en el predio de la Asociaci\u00f3n Rural Exposici\u00f3n Feria de Paysand\u00fa, organizada por la Intendencia Departamental y el Bureau Paysand\u00fa, seg\u00fan inform\u00f3 El Tel\u00e9grafo.<br><\/p>\n\n\n\n<p>En la v\u00edspera se realiz\u00f3 su lanzamiento en Punta del Este, con la presencia del intendente Nicol\u00e1s Olivera, el secretario de Presidencia, \u00c1lvaro Delgado, del intendente de Maldonado, Enrique Ant\u00eda, del ministro de Turismo, Tabar\u00e9 Viera y del presidente de la Junta Departamental de Paysand\u00fa, Marcelo Tortorella y el secretario general de la Intendencia, Ferm\u00edn Farinha.<br><\/p>\n\n\n\n<p>El lanzamiento a nivel nacional de la tercera edici\u00f3n se llev\u00f3 a cabo en el parador de la Escuela Superior de Alta Gastronom\u00eda \u201cDr. Pedro Figari\u201d (Parada 12). La Tercera Cata Nacional de Tomates contar\u00e1 con la participaci\u00f3n de unos 30 expositores e incluir\u00e1 degustaciones, cocina en vivo, espect\u00e1culos culturales y charlas de perfil cient\u00edfico, entre otras atracciones.<br><\/p>\n\n\n\n<p>La Cata Nacional de Tomates \u201ccondensa algunas de las l\u00edneas estrat\u00e9gicas del gobierno departamental\u201d, dijo Nicol\u00e1s Olivera. \u201cDesde lo tur\u00edstico, genera movimiento comercial y de visitantes durante los meses de verano, rompiendo con la estacionalidad de la propuesta termal, al tiempo que consolida a Paysand\u00fa como sede de eventos y seminarios\u201d.<\/p>\n\n\n\n<p>Salto, martes 17 de enero de 2023<\/p>\n","protected":false},"excerpt":{"rendered":"<p>La Tercera Cata Nacional de Tomates se realizar\u00e1 entre el 3 y 4 de febrero en el predio de la Asociaci\u00f3n Rural Exposici\u00f3n Feria de Paysand\u00fa, organizada por la Intendencia [&hellip;]<\/p>\n","protected":false},"author":5,"featured_media":15694,"comment_status":"open","ping_status":"open","sticky":false,"template":"","format":"standard","meta":{"_price":"","_stock":"","_tribe_ticket_header":"","_tribe_default_ticket_provider":"","_tribe_ticket_capacity":"0","_ticket_start_date":"","_ticket_end_date":"","_tribe_ticket_show_description":"","_tribe_ticket_show_not_going":false,"_tribe_ticket_use_global_stock":"","_tribe_ticket_global_stock_level":"","_global_stock_mode":"","_global_stock_cap":"","_tribe_rsvp_for_event":"","_tribe_ticket_going_count":"","_tribe_ticket_not_going_count":"","_tribe_tickets_list":"[]","_tribe_ticket_has_attendee_info_fields":false,"h5ap_radio_sources":[],"_jetpack_newsletter_access":"","_jetpack_dont_email_post_to_subs":false,"_jetpack_newsletter_tier_id":0,"_jetpack_memberships_contains_paywalled_content":false,"_jetpack_memberships_contains_paid_content":false,"footnotes":""},"categories":[21,9],"tags":[],"class_list":["post-48113","post","type-post","status-publish","format-standard","has-post-thumbnail","hentry","category-actualidad","category-granja"],"jetpack_featured_media_url":"https:\/\/i0.wp.com\/lahoradelcampo.com.uy\/site\/wp-content\/uploads\/2019\/11\/Tomate-cherry.jpg?fit=880%2C440&ssl=1","jetpack_sharing_enabled":true,"jetpack_shortlink":"https:\/\/wp.me\/p99IaT-cw1","jetpack-related-posts":[{"id":38617,"url":"https:\/\/lahoradelcampo.com.uy\/site\/segunda-cata-nacional-de-tomates-en-paysandu\/","url_meta":{"origin":48113,"position":0},"title":"Segunda Cata Nacional de Tomates en Paysand\u00fa","author":"La Hora del Campo","date":"27 enero, 2022","format":false,"excerpt":"Durante el fin de semana, Paysand\u00fa se convertir\u00e1 en la \"Capital Nacional del Tomate\" por segundo a\u00f1o consecutivo. Debido a que los d\u00edas viernes 28 y s\u00e1bado 29 de enero se desarrollar\u00e1 la 2\u00aa edici\u00f3n de la Cata Nacional del Tomates, evento organizado por la Intendencia y el Bureau Paysand\u00fa.\u2026","rel":"","context":"En \u00abActualidad\u00bb","block_context":{"text":"Actualidad","link":"https:\/\/lahoradelcampo.com.uy\/site\/category\/actualidad\/"},"img":{"alt_text":"","src":"https:\/\/i0.wp.com\/lahoradelcampo.com.uy\/site\/wp-content\/uploads\/2021\/06\/tomate-perita.jpg?fit=880%2C440&ssl=1&resize=350%2C200","width":350,"height":200,"srcset":"https:\/\/i0.wp.com\/lahoradelcampo.com.uy\/site\/wp-content\/uploads\/2021\/06\/tomate-perita.jpg?fit=880%2C440&ssl=1&resize=350%2C200 1x, https:\/\/i0.wp.com\/lahoradelcampo.com.uy\/site\/wp-content\/uploads\/2021\/06\/tomate-perita.jpg?fit=880%2C440&ssl=1&resize=525%2C300 1.5x, https:\/\/i0.wp.com\/lahoradelcampo.com.uy\/site\/wp-content\/uploads\/2021\/06\/tomate-perita.jpg?fit=880%2C440&ssl=1&resize=700%2C400 2x"},"classes":[]},{"id":44615,"url":"https:\/\/lahoradelcampo.com.uy\/site\/productores-desconformes-con-el-cobro-de-la-camineria-en-paysandu\/","url_meta":{"origin":48113,"position":1},"title":"Productores desconformes con el cobro de la caminer\u00eda en Paysand\u00fa","author":"La Hora del Campo","date":"10 agosto, 2022","format":false,"excerpt":"Ante el deterioro de la caminer\u00eda rural en el departamento de Paysand\u00fa y el reclamo tambi\u00e9n permanente de parte de los productores, el intendente sanducero propuso la implementaci\u00f3n de un \"precio al uso de la caminer\u00eda rural\". El Dr. Nicol\u00e1s Olivera ha manifestado su preocupaci\u00f3n con la actitud de una\u2026","rel":"","context":"En \u00abActualidad\u00bb","block_context":{"text":"Actualidad","link":"https:\/\/lahoradelcampo.com.uy\/site\/category\/actualidad\/"},"img":{"alt_text":"","src":"https:\/\/i0.wp.com\/lahoradelcampo.com.uy\/site\/wp-content\/uploads\/2022\/08\/CamineriaPaysandu.jpg?fit=880%2C440&ssl=1&resize=350%2C200","width":350,"height":200,"srcset":"https:\/\/i0.wp.com\/lahoradelcampo.com.uy\/site\/wp-content\/uploads\/2022\/08\/CamineriaPaysandu.jpg?fit=880%2C440&ssl=1&resize=350%2C200 1x, https:\/\/i0.wp.com\/lahoradelcampo.com.uy\/site\/wp-content\/uploads\/2022\/08\/CamineriaPaysandu.jpg?fit=880%2C440&ssl=1&resize=525%2C300 1.5x, https:\/\/i0.wp.com\/lahoradelcampo.com.uy\/site\/wp-content\/uploads\/2022\/08\/CamineriaPaysandu.jpg?fit=880%2C440&ssl=1&resize=700%2C400 2x"},"classes":[]},{"id":43907,"url":"https:\/\/lahoradelcampo.com.uy\/site\/mgap-comenzo-a-transferir-los-recursos-para-la-central-horticola-del-norte\/","url_meta":{"origin":48113,"position":2},"title":"MGAP comenz\u00f3 a transferir  los recursos para la  Central Hort\u00edcola","author":"La Hora del Campo","date":"19 julio, 2022","format":false,"excerpt":"El pasado viernes, el Ministerio de Ganader\u00eda, Agricultura y Pesca (MGAP) a trav\u00e9s de la Direcci\u00f3n General de la Granja (DIGEGRA) transfiri\u00f3 parte de los recursos econ\u00f3micos que est\u00e1n previstos en la Ley de creaci\u00f3n de la Central Hort\u00edcola del Norte (CHN) recientemente aprobada por el Poder Legislativo. Dicho importe\u2026","rel":"","context":"En \u00abActualidad\u00bb","block_context":{"text":"Actualidad","link":"https:\/\/lahoradelcampo.com.uy\/site\/category\/actualidad\/"},"img":{"alt_text":"","src":"https:\/\/i0.wp.com\/lahoradelcampo.com.uy\/site\/wp-content\/uploads\/2022\/05\/Saltohorticola-chn.jpg?fit=880%2C440&ssl=1&resize=350%2C200","width":350,"height":200,"srcset":"https:\/\/i0.wp.com\/lahoradelcampo.com.uy\/site\/wp-content\/uploads\/2022\/05\/Saltohorticola-chn.jpg?fit=880%2C440&ssl=1&resize=350%2C200 1x, https:\/\/i0.wp.com\/lahoradelcampo.com.uy\/site\/wp-content\/uploads\/2022\/05\/Saltohorticola-chn.jpg?fit=880%2C440&ssl=1&resize=525%2C300 1.5x, https:\/\/i0.wp.com\/lahoradelcampo.com.uy\/site\/wp-content\/uploads\/2022\/05\/Saltohorticola-chn.jpg?fit=880%2C440&ssl=1&resize=700%2C400 2x"},"classes":[]},{"id":45965,"url":"https:\/\/lahoradelcampo.com.uy\/site\/intendencia-de-salto-destaco-el-valor-del-agro-para-el-departamento\/","url_meta":{"origin":48113,"position":3},"title":"Intendencia de Salto destac\u00f3 el valor del agro para el departamento","author":"La Hora del Campo","date":"30 septiembre, 2022","format":false,"excerpt":"\u201cEl sector agropecuario es sumamente valioso para el desarrollo productivo de nuestro departamento\u201d dijo el Secretario General de la Intendencia de Salto, Gustavo Chiriff, en representaci\u00f3n del intendente Dr. Andr\u00e9s Lima, ya que el mismo se encontraba fuera del departamento, en actividades inherentes a su cargo. El jerarca municipal destac\u00f3\u2026","rel":"","context":"En \u00abActualidad\u00bb","block_context":{"text":"Actualidad","link":"https:\/\/lahoradelcampo.com.uy\/site\/category\/actualidad\/"},"img":{"alt_text":"","src":"https:\/\/i0.wp.com\/lahoradelcampo.com.uy\/site\/wp-content\/uploads\/2022\/09\/Expo-Salto-Chiriff.jpg?fit=880%2C440&ssl=1&resize=350%2C200","width":350,"height":200,"srcset":"https:\/\/i0.wp.com\/lahoradelcampo.com.uy\/site\/wp-content\/uploads\/2022\/09\/Expo-Salto-Chiriff.jpg?fit=880%2C440&ssl=1&resize=350%2C200 1x, https:\/\/i0.wp.com\/lahoradelcampo.com.uy\/site\/wp-content\/uploads\/2022\/09\/Expo-Salto-Chiriff.jpg?fit=880%2C440&ssl=1&resize=525%2C300 1.5x, https:\/\/i0.wp.com\/lahoradelcampo.com.uy\/site\/wp-content\/uploads\/2022\/09\/Expo-Salto-Chiriff.jpg?fit=880%2C440&ssl=1&resize=700%2C400 2x"},"classes":[]},{"id":44093,"url":"https:\/\/lahoradelcampo.com.uy\/site\/se-declaro-emergencia-agropecuaria-para-el-sector-granjero-en-paysandu\/","url_meta":{"origin":48113,"position":4},"title":"Se declar\u00f3 emergencia agropecuaria para el sector granjero en Paysand\u00fa","author":"La Hora del Campo","date":"23 julio, 2022","format":false,"excerpt":"El ministro de Ganader\u00eda, Agricultura y Pesca (MGAP), Fernando Mattos, al realizar una recorrida por el departamento de Paysand\u00fa, este viernes 22, anunci\u00f3 la declaraci\u00f3n de emergencia sanitaria para la producci\u00f3n granjera en esa zona. La medida se debe a que m\u00e1s de 50 peque\u00f1os productores fueron afectados por el\u2026","rel":"","context":"En \u00abActualidad\u00bb","block_context":{"text":"Actualidad","link":"https:\/\/lahoradelcampo.com.uy\/site\/category\/actualidad\/"},"img":{"alt_text":"","src":"https:\/\/i0.wp.com\/lahoradelcampo.com.uy\/site\/wp-content\/uploads\/2022\/07\/Granja-climaPaysandu.jpg?fit=880%2C440&ssl=1&resize=350%2C200","width":350,"height":200,"srcset":"https:\/\/i0.wp.com\/lahoradelcampo.com.uy\/site\/wp-content\/uploads\/2022\/07\/Granja-climaPaysandu.jpg?fit=880%2C440&ssl=1&resize=350%2C200 1x, https:\/\/i0.wp.com\/lahoradelcampo.com.uy\/site\/wp-content\/uploads\/2022\/07\/Granja-climaPaysandu.jpg?fit=880%2C440&ssl=1&resize=525%2C300 1.5x, https:\/\/i0.wp.com\/lahoradelcampo.com.uy\/site\/wp-content\/uploads\/2022\/07\/Granja-climaPaysandu.jpg?fit=880%2C440&ssl=1&resize=700%2C400 2x"},"classes":[]},{"id":44085,"url":"https:\/\/lahoradelcampo.com.uy\/site\/intendencia-mgap-y-salto-horticola-trabajan-en-el-futuro-de-la-chn\/","url_meta":{"origin":48113,"position":5},"title":"Intendencia, MGAP y Salto Hort\u00edcola trabajan en el futuro de la CHN","author":"La Hora del Campo","date":"23 julio, 2022","format":false,"excerpt":"Se aprob\u00f3 recientemente la Ley de creaci\u00f3n de la Central Hort\u00edcola del Norte (CHN), que al mismo tiempo habilit\u00f3 al Ministerio de Ganader\u00eda, Agricultura y Pesca (MGAP) a realizar la transferencia de 13 millones de Unidades Indexadas desde el Fondo de la Granja hacia la Intendencia de Salto, para la\u2026","rel":"","context":"En \u00abActualidad\u00bb","block_context":{"text":"Actualidad","link":"https:\/\/lahoradelcampo.com.uy\/site\/category\/actualidad\/"},"img":{"alt_text":"","src":"https:\/\/i0.wp.com\/lahoradelcampo.com.uy\/site\/wp-content\/uploads\/2022\/07\/MGAP-CHN.jpg?fit=880%2C440&ssl=1&resize=350%2C200","width":350,"height":200,"srcset":"https:\/\/i0.wp.com\/lahoradelcampo.com.uy\/site\/wp-content\/uploads\/2022\/07\/MGAP-CHN.jpg?fit=880%2C440&ssl=1&resize=350%2C200 1x, https:\/\/i0.wp.com\/lahoradelcampo.com.uy\/site\/wp-content\/uploads\/2022\/07\/MGAP-CHN.jpg?fit=880%2C440&ssl=1&resize=525%2C300 1.5x, https:\/\/i0.wp.com\/lahoradelcampo.com.uy\/site\/wp-content\/uploads\/2022\/07\/MGAP-CHN.jpg?fit=880%2C440&ssl=1&resize=700%2C400 2x"},"classes":[]}],"jetpack_likes_enabled":true,"_links":{"self":[{"href":"https:\/\/lahoradelcampo.com.uy\/site\/wp-json\/wp\/v2\/posts\/48113","targetHints":{"allow":["GET"]}}],"collection":[{"href":"https:\/\/lahoradelcampo.com.uy\/site\/wp-json\/wp\/v2\/posts"}],"about":[{"href":"https:\/\/lahoradelcampo.com.uy\/site\/wp-json\/wp\/v2\/types\/post"}],"author":[{"embeddable":true,"href":"https:\/\/lahoradelcampo.com.uy\/site\/wp-json\/wp\/v2\/users\/5"}],"replies":[{"embeddable":true,"href":"https:\/\/lahoradelcampo.com.uy\/site\/wp-json\/wp\/v2\/comments?post=48113"}],"version-history":[{"count":1,"href":"https:\/\/lahoradelcampo.com.uy\/site\/wp-json\/wp\/v2\/posts\/48113\/revisions"}],"predecessor-version":[{"id":48115,"href":"https:\/\/lahoradelcampo.com.uy\/site\/wp-json\/wp\/v2\/posts\/48113\/revisions\/48115"}],"wp:featuredmedia":[{"embeddable":true,"href":"https:\/\/lahoradelcampo.com.uy\/site\/wp-json\/wp\/v2\/media\/15694"}],"wp:attachment":[{"href":"https:\/\/lahoradelcampo.com.uy\/site\/wp-json\/wp\/v2\/media?parent=48113"}],"wp:term":[{"taxonomy":"category","embeddable":true,"href":"https:\/\/lahoradelcampo.com.uy\/site\/wp-json\/wp\/v2\/categories?post=48113"},{"taxonomy":"post_tag","embeddable":true,"href":"https:\/\/lahoradelcampo.com.uy\/site\/wp-json\/wp\/v2\/tags?post=48113"}],"curies":[{"name":"wp","href":"https:\/\/api.w.org\/{rel}","templated":true}]}}