{"id":48107,"date":"2023-01-17T11:09:27","date_gmt":"2023-01-17T14:09:27","guid":{"rendered":"http:\/\/lahoradelcampo.com.uy\/site\/?p=48107"},"modified":"2023-01-17T11:09:32","modified_gmt":"2023-01-17T14:09:32","slug":"es-normal-que-se-corte-el-rio-cuareim-en-varios-puntos-en-el-verano","status":"publish","type":"post","link":"https:\/\/lahoradelcampo.com.uy\/site\/es-normal-que-se-corte-el-rio-cuareim-en-varios-puntos-en-el-verano\/","title":{"rendered":"Es normal que se corte el r\u00edo Cuareim en varios puntos en el verano"},"content":{"rendered":"\n<figure class=\"wp-block-image\"><img data-recalc-dims=\"1\" loading=\"lazy\" decoding=\"async\" width=\"810\" height=\"405\" data-attachment-id=\"48109\" data-permalink=\"https:\/\/lahoradelcampo.com.uy\/site\/es-normal-que-se-corte-el-rio-cuareim-en-varios-puntos-en-el-verano\/rio-cuareim-cortado\/\" data-orig-file=\"https:\/\/i0.wp.com\/lahoradelcampo.com.uy\/site\/wp-content\/uploads\/2023\/01\/rio-cuareim-cortado.jpg?fit=880%2C440&amp;ssl=1\" data-orig-size=\"880,440\" data-comments-opened=\"1\" data-image-meta=\"{&quot;aperture&quot;:&quot;0&quot;,&quot;credit&quot;:&quot;&quot;,&quot;camera&quot;:&quot;&quot;,&quot;caption&quot;:&quot;&quot;,&quot;created_timestamp&quot;:&quot;0&quot;,&quot;copyright&quot;:&quot;&quot;,&quot;focal_length&quot;:&quot;0&quot;,&quot;iso&quot;:&quot;0&quot;,&quot;shutter_speed&quot;:&quot;0&quot;,&quot;title&quot;:&quot;&quot;,&quot;orientation&quot;:&quot;1&quot;}\" data-image-title=\"rio cuareim cortado\" data-image-description=\"\" data-image-caption=\"\" data-large-file=\"https:\/\/i0.wp.com\/lahoradelcampo.com.uy\/site\/wp-content\/uploads\/2023\/01\/rio-cuareim-cortado.jpg?fit=810%2C405&amp;ssl=1\" src=\"https:\/\/i0.wp.com\/lahoradelcampo.com.uy\/site\/wp-content\/uploads\/2023\/01\/rio-cuareim-cortado.jpg?resize=810%2C405\" alt=\"\" class=\"wp-image-48109\" srcset=\"https:\/\/i0.wp.com\/lahoradelcampo.com.uy\/site\/wp-content\/uploads\/2023\/01\/rio-cuareim-cortado.jpg?w=880&amp;ssl=1 880w, https:\/\/i0.wp.com\/lahoradelcampo.com.uy\/site\/wp-content\/uploads\/2023\/01\/rio-cuareim-cortado.jpg?resize=300%2C150&amp;ssl=1 300w, https:\/\/i0.wp.com\/lahoradelcampo.com.uy\/site\/wp-content\/uploads\/2023\/01\/rio-cuareim-cortado.jpg?resize=768%2C384&amp;ssl=1 768w, https:\/\/i0.wp.com\/lahoradelcampo.com.uy\/site\/wp-content\/uploads\/2023\/01\/rio-cuareim-cortado.jpg?resize=820%2C410&amp;ssl=1 820w\" sizes=\"auto, (max-width: 810px) 100vw, 810px\" \/><\/figure>\n\n\n\n<p>El pasado 9 de enero comenz\u00f3 a circular un video en las redes sociales y por Whatsapp, que tiene como protagonista una persona que desde el lecho del r\u00edo Cuareim, da a conocer la realidad de una sequ\u00eda que se agrava d\u00eda a d\u00eda en el norte, por la ausencia de precipitaciones, pero al mismo tiempo un cause sin agua, con el r\u00edo totalmente cortado. <br><\/p>\n\n\n\n<p>La zona donde fue grabado el video fue, seg\u00fan su protagonista, \u00abentre el Capivar\u00ed, rumbo al Paso de Le\u00f3n, en la zona del Ataque\u00bb. En su relato afirma que \u00abno tenemos agua para beber, a pesar que estamos en el lecho del r\u00edo Cuareim\u00bb. Adem\u00e1s dice \u00abas\u00ed est\u00e1 la sequ\u00eda, se nos va el ganado, pero estamos en batalla, tratando de reculutar y hacer lo que est\u00e9 a nuestro alcance\u00bb. <br><\/p>\n\n\n\n<p>Consultado al respecto, el Ing. Gonzalo Jauretche, director departamental del MGAP; dijo que \u00abese video es una realidad parcial\u00bb agregando que \u00abhay que tener en cuenta que el r\u00edo Cuareim hist\u00f3ricamente se corta en los veranos, es muy raro el verano que no se corte\u00bb y aclar\u00f3 que existen \u00abvarios puntos del r\u00edo donde se corta, por lo tanto no es una gran novedad que el lecho del r\u00edo Cuareim se encuentre cortado en algunos puntos\u00bb. <\/p>\n\n\n\n<p>El jerarca se\u00f1al\u00f3 adem\u00e1s que \u00aba\u00fan no hemos tenido ning\u00fan caso grave hasta ahora de bombeos de las arroceras\u00bb. <br><\/p>\n\n\n\n<p>Por su parte, Guillermo O&#8217;Brien, que tiene chacra de arroz con costas al r\u00edo Cuareim, dijo que la realidad del r\u00edo es \u00abtan cruda como ese video\u00bb. Al mismo tiempo se\u00f1al\u00f3 que en los \u00faltimos a\u00f1os \u00abno recuerdo que quede alguna chacra que dependa 100% del r\u00edo y justamente se ha ido dejando porque este video es recurrente, no digo todos los a\u00f1os pero quiz\u00e1s s\u00ed, a\u00f1o por medio\u00bb.<br><\/p>\n\n\n\n<p>El productor explic\u00f3 que \u00abel r\u00edo pasa de una creciente a ese estado del video en 15 d\u00edas, por lo que el arroz fue dejando de ser dependiente del Cuareim\u00bb. En este sentido expres\u00f3 que los productores en general tienen represas y \u00abcuando hay agua en el r\u00edo, dejan de gastar la represa y usan la del Cuareim, se ha transformado en un pulm\u00f3n para las chacras que conozco\u00bb. <br><\/p>\n\n\n\n<p>M\u00e1s all\u00e1 de la decisi\u00f3n de los productores de ir dejando los bombeos de agua del r\u00edo, O&#8217;brien remarco que el video \u00abmuestra la realidad de lo que es la seca que est\u00e1 viviendo el norte\u00bb. \u00abEn lo particular hace 26 a\u00f1os que estoy en el norte, no viv\u00ed la seca del 88-89, pero si doy fe que esta es de las m\u00e1s feas sin dudas\u00bb. <\/p>\n\n\n\n<p>Salto, martes 17 de enero de 2023<\/p>\n","protected":false},"excerpt":{"rendered":"<p>El pasado 9 de enero comenz\u00f3 a circular un video en las redes sociales y por Whatsapp, que tiene como protagonista una persona que desde el lecho del r\u00edo Cuareim, [&hellip;]<\/p>\n","protected":false},"author":5,"featured_media":48109,"comment_status":"open","ping_status":"open","sticky":false,"template":"","format":"standard","meta":{"_price":"","_stock":"","_tribe_ticket_header":"","_tribe_default_ticket_provider":"","_tribe_ticket_capacity":"0","_ticket_start_date":"","_ticket_end_date":"","_tribe_ticket_show_description":"","_tribe_ticket_show_not_going":false,"_tribe_ticket_use_global_stock":"","_tribe_ticket_global_stock_level":"","_global_stock_mode":"","_global_stock_cap":"","_tribe_rsvp_for_event":"","_tribe_ticket_going_count":"","_tribe_ticket_not_going_count":"","_tribe_tickets_list":"[]","_tribe_ticket_has_attendee_info_fields":false,"h5ap_radio_sources":[],"_jetpack_newsletter_access":"","_jetpack_dont_email_post_to_subs":false,"_jetpack_newsletter_tier_id":0,"_jetpack_memberships_contains_paywalled_content":false,"_jetpack_memberships_contains_paid_content":false,"footnotes":""},"categories":[21,5],"tags":[],"class_list":["post-48107","post","type-post","status-publish","format-standard","has-post-thumbnail","hentry","category-actualidad","category-ganaderia"],"jetpack_featured_media_url":"https:\/\/i0.wp.com\/lahoradelcampo.com.uy\/site\/wp-content\/uploads\/2023\/01\/rio-cuareim-cortado.jpg?fit=880%2C440&ssl=1","jetpack_sharing_enabled":true,"jetpack_shortlink":"https:\/\/wp.me\/p99IaT-cvV","jetpack-related-posts":[{"id":38855,"url":"https:\/\/lahoradelcampo.com.uy\/site\/se-han-perdido-1-500-hectareas-de-arroz-en-el-norte-del-pais\/","url_meta":{"origin":48107,"position":0},"title":"Se han perdido 1.500 hect\u00e1reas de arroz en el norte del pa\u00eds","author":"La Hora del Campo","date":"3 febrero, 2022","format":false,"excerpt":"La falta de precipitaciones y el alto nivel de evapotranspiraci\u00f3n en el norte del pa\u00eds ha determinado que el sector arrocero tambi\u00e9n sea afectado por menores rendimientos y muchas chacras y el abandono de algunas debido a la falta de agua en las represas. Entre los departamentos de Salto y\u2026","rel":"","context":"En \u00abActualidad\u00bb","block_context":{"text":"Actualidad","link":"https:\/\/lahoradelcampo.com.uy\/site\/category\/actualidad\/"},"img":{"alt_text":"","src":"https:\/\/i0.wp.com\/lahoradelcampo.com.uy\/site\/wp-content\/uploads\/2019\/05\/arroz-2.jpg?fit=880%2C440&ssl=1&resize=350%2C200","width":350,"height":200,"srcset":"https:\/\/i0.wp.com\/lahoradelcampo.com.uy\/site\/wp-content\/uploads\/2019\/05\/arroz-2.jpg?fit=880%2C440&ssl=1&resize=350%2C200 1x, https:\/\/i0.wp.com\/lahoradelcampo.com.uy\/site\/wp-content\/uploads\/2019\/05\/arroz-2.jpg?fit=880%2C440&ssl=1&resize=525%2C300 1.5x, https:\/\/i0.wp.com\/lahoradelcampo.com.uy\/site\/wp-content\/uploads\/2019\/05\/arroz-2.jpg?fit=880%2C440&ssl=1&resize=700%2C400 2x"},"classes":[]},{"id":5843,"url":"https:\/\/lahoradelcampo.com.uy\/site\/nos-llovio-poco-en-enero-y-ahora-en-febrero-esta-bastante-seco\/","url_meta":{"origin":48107,"position":1},"title":"\u00abNos llovi\u00f3 poco en enero y ahora en febrero, est\u00e1 bastante seco\u00bb","author":"La Hora del Campo","date":"18 febrero, 2018","format":false,"excerpt":"Los \u00faltimos a\u00f1os han sido de buenas precipitaciones en enero y hasta el mes de diciembre en la zona de Sequeira en el departamento de Artigas los registros eran bastante buenos e interesantes, sin embargo en este 2018 la situaci\u00f3n cambio, los campos est\u00e1n sintiendo la falta de lluvias y\u2026","rel":"","context":"En \u00abActualidad\u00bb","block_context":{"text":"Actualidad","link":"https:\/\/lahoradelcampo.com.uy\/site\/category\/actualidad\/"},"img":{"alt_text":"","src":"https:\/\/i0.wp.com\/lahoradelcampo.com.uy\/site\/wp-content\/uploads\/2018\/02\/Seca-2.jpg?fit=880%2C440&ssl=1&resize=350%2C200","width":350,"height":200,"srcset":"https:\/\/i0.wp.com\/lahoradelcampo.com.uy\/site\/wp-content\/uploads\/2018\/02\/Seca-2.jpg?fit=880%2C440&ssl=1&resize=350%2C200 1x, https:\/\/i0.wp.com\/lahoradelcampo.com.uy\/site\/wp-content\/uploads\/2018\/02\/Seca-2.jpg?fit=880%2C440&ssl=1&resize=525%2C300 1.5x, https:\/\/i0.wp.com\/lahoradelcampo.com.uy\/site\/wp-content\/uploads\/2018\/02\/Seca-2.jpg?fit=880%2C440&ssl=1&resize=700%2C400 2x"},"classes":[]},{"id":21414,"url":"https:\/\/lahoradelcampo.com.uy\/site\/cambio-del-viento-podria-llevar-las-langostas-hacia-el-rio-uruguay\/","url_meta":{"origin":48107,"position":2},"title":"Cambio del viento podr\u00eda llevar las langostas hacia el r\u00edo Uruguay","author":"La Hora del Campo","date":"1 julio, 2020","format":false,"excerpt":"La nube de langostas que se ha trasladado desde Paraguay hasta la regi\u00f3n de El Sauce y Curuz\u00fa Cuati\u00e1 en la provincia de Corrientes en Argentina, ha generado preocupaci\u00f3n tanto en Brasil como en Uruguay. A pesar de los controles qu\u00edmicos que se est\u00e1n realizando en el vecino pa\u00eds, solamente\u2026","rel":"","context":"En \u00abActualidad\u00bb","block_context":{"text":"Actualidad","link":"https:\/\/lahoradelcampo.com.uy\/site\/category\/actualidad\/"},"img":{"alt_text":"","src":"https:\/\/i0.wp.com\/lahoradelcampo.com.uy\/site\/wp-content\/uploads\/2020\/07\/rapettiwebi.jpg?fit=880%2C440&ssl=1&resize=350%2C200","width":350,"height":200,"srcset":"https:\/\/i0.wp.com\/lahoradelcampo.com.uy\/site\/wp-content\/uploads\/2020\/07\/rapettiwebi.jpg?fit=880%2C440&ssl=1&resize=350%2C200 1x, https:\/\/i0.wp.com\/lahoradelcampo.com.uy\/site\/wp-content\/uploads\/2020\/07\/rapettiwebi.jpg?fit=880%2C440&ssl=1&resize=525%2C300 1.5x, https:\/\/i0.wp.com\/lahoradelcampo.com.uy\/site\/wp-content\/uploads\/2020\/07\/rapettiwebi.jpg?fit=880%2C440&ssl=1&resize=700%2C400 2x"},"classes":[]},{"id":48681,"url":"https:\/\/lahoradelcampo.com.uy\/site\/dilave-informa-enfermedades-animales-mas-frecuentes-en-sequia\/","url_meta":{"origin":48107,"position":3},"title":"DILAVE informa enfermedades animales m\u00e1s frecuentes en sequ\u00eda","author":"La Hora del Campo","date":"10 febrero, 2023","format":false,"excerpt":"Para el presente informe se compar\u00f3 la morbilidad relativa de los a\u00f1os normales versus per\u00edodos de sequ\u00eda extrema (1988-1989, 1999-2000, 2008-2009, 2017-2018 y 2022-2023), y se confeccionaron mapas de riesgo de las enfermedades con diferencias estad\u00edsticas significativas (p < 0,01). Por otras enfermedades de sequ\u00eda se recomienda consultar al Laboratorio.\u2026","rel":"","context":"En \u00abActualidad\u00bb","block_context":{"text":"Actualidad","link":"https:\/\/lahoradelcampo.com.uy\/site\/category\/actualidad\/"},"img":{"alt_text":"","src":"https:\/\/i0.wp.com\/lahoradelcampo.com.uy\/site\/wp-content\/uploads\/2023\/02\/ganado-tupo.jpg?fit=880%2C440&ssl=1&resize=350%2C200","width":350,"height":200,"srcset":"https:\/\/i0.wp.com\/lahoradelcampo.com.uy\/site\/wp-content\/uploads\/2023\/02\/ganado-tupo.jpg?fit=880%2C440&ssl=1&resize=350%2C200 1x, https:\/\/i0.wp.com\/lahoradelcampo.com.uy\/site\/wp-content\/uploads\/2023\/02\/ganado-tupo.jpg?fit=880%2C440&ssl=1&resize=525%2C300 1.5x, https:\/\/i0.wp.com\/lahoradelcampo.com.uy\/site\/wp-content\/uploads\/2023\/02\/ganado-tupo.jpg?fit=880%2C440&ssl=1&resize=700%2C400 2x"},"classes":[]},{"id":5813,"url":"https:\/\/lahoradelcampo.com.uy\/site\/cuchilla-de-haedo-es-la-zona-mas-afectada-por-la-sequia\/","url_meta":{"origin":48107,"position":4},"title":"Cuchilla de Haedo es la zona  m\u00e1s afectada por la sequ\u00eda","author":"La Hora del Campo","date":"18 febrero, 2018","format":false,"excerpt":"La falta de precipitaciones ha venido generando falta de forraje, de agua para el abrebadero para el ganado y de celos en las vacas de cr\u00eda y \u00faltimamente seg\u00fan informaci\u00f3n aportada por los productores a CAMBIO, p\u00e9rdida de animales. El nivel de agua disponible en el perfil del suelo, publicado\u2026","rel":"","context":"En \u00abActualidad\u00bb","block_context":{"text":"Actualidad","link":"https:\/\/lahoradelcampo.com.uy\/site\/category\/actualidad\/"},"img":{"alt_text":"","src":"https:\/\/i0.wp.com\/lahoradelcampo.com.uy\/site\/wp-content\/uploads\/2018\/02\/Seca-1.jpg?fit=880%2C440&ssl=1&resize=350%2C200","width":350,"height":200,"srcset":"https:\/\/i0.wp.com\/lahoradelcampo.com.uy\/site\/wp-content\/uploads\/2018\/02\/Seca-1.jpg?fit=880%2C440&ssl=1&resize=350%2C200 1x, https:\/\/i0.wp.com\/lahoradelcampo.com.uy\/site\/wp-content\/uploads\/2018\/02\/Seca-1.jpg?fit=880%2C440&ssl=1&resize=525%2C300 1.5x, https:\/\/i0.wp.com\/lahoradelcampo.com.uy\/site\/wp-content\/uploads\/2018\/02\/Seca-1.jpg?fit=880%2C440&ssl=1&resize=700%2C400 2x"},"classes":[]},{"id":5303,"url":"https:\/\/lahoradelcampo.com.uy\/site\/casos-de-lengua-azul-en-brasil-se-registraron-a-250-km-de-uruguay\/","url_meta":{"origin":48107,"position":5},"title":"Casos de lengua \u00abazul\u00bb en Brasil se registraron a 250 km de Uruguay","author":"La Hora del Campo","date":"7 enero, 2018","format":false,"excerpt":"El Ministerio de Ganader\u00eda, Agricultura y Pesca ha emitido un comunicado de alerta ante la aparici\u00f3n de casos de Lengua Azul en ovinos, ubicados en el municipio de Santa Mar\u00eda en el estado de R\u00edo Grande Do Sul en Brasil, ubicado a menos de 250 kil\u00f3metros de la frontera con\u2026","rel":"","context":"En \u00abActualidad\u00bb","block_context":{"text":"Actualidad","link":"https:\/\/lahoradelcampo.com.uy\/site\/category\/actualidad\/"},"img":{"alt_text":"","src":"https:\/\/i0.wp.com\/lahoradelcampo.com.uy\/site\/wp-content\/uploads\/2018\/01\/Fuellis.jpg?fit=880%2C440&ssl=1&resize=350%2C200","width":350,"height":200,"srcset":"https:\/\/i0.wp.com\/lahoradelcampo.com.uy\/site\/wp-content\/uploads\/2018\/01\/Fuellis.jpg?fit=880%2C440&ssl=1&resize=350%2C200 1x, https:\/\/i0.wp.com\/lahoradelcampo.com.uy\/site\/wp-content\/uploads\/2018\/01\/Fuellis.jpg?fit=880%2C440&ssl=1&resize=525%2C300 1.5x, https:\/\/i0.wp.com\/lahoradelcampo.com.uy\/site\/wp-content\/uploads\/2018\/01\/Fuellis.jpg?fit=880%2C440&ssl=1&resize=700%2C400 2x"},"classes":[]}],"jetpack_likes_enabled":true,"_links":{"self":[{"href":"https:\/\/lahoradelcampo.com.uy\/site\/wp-json\/wp\/v2\/posts\/48107","targetHints":{"allow":["GET"]}}],"collection":[{"href":"https:\/\/lahoradelcampo.com.uy\/site\/wp-json\/wp\/v2\/posts"}],"about":[{"href":"https:\/\/lahoradelcampo.com.uy\/site\/wp-json\/wp\/v2\/types\/post"}],"author":[{"embeddable":true,"href":"https:\/\/lahoradelcampo.com.uy\/site\/wp-json\/wp\/v2\/users\/5"}],"replies":[{"embeddable":true,"href":"https:\/\/lahoradelcampo.com.uy\/site\/wp-json\/wp\/v2\/comments?post=48107"}],"version-history":[{"count":1,"href":"https:\/\/lahoradelcampo.com.uy\/site\/wp-json\/wp\/v2\/posts\/48107\/revisions"}],"predecessor-version":[{"id":48111,"href":"https:\/\/lahoradelcampo.com.uy\/site\/wp-json\/wp\/v2\/posts\/48107\/revisions\/48111"}],"wp:featuredmedia":[{"embeddable":true,"href":"https:\/\/lahoradelcampo.com.uy\/site\/wp-json\/wp\/v2\/media\/48109"}],"wp:attachment":[{"href":"https:\/\/lahoradelcampo.com.uy\/site\/wp-json\/wp\/v2\/media?parent=48107"}],"wp:term":[{"taxonomy":"category","embeddable":true,"href":"https:\/\/lahoradelcampo.com.uy\/site\/wp-json\/wp\/v2\/categories?post=48107"},{"taxonomy":"post_tag","embeddable":true,"href":"https:\/\/lahoradelcampo.com.uy\/site\/wp-json\/wp\/v2\/tags?post=48107"}],"curies":[{"name":"wp","href":"https:\/\/api.w.org\/{rel}","templated":true}]}}