{"id":48101,"date":"2023-01-13T11:03:17","date_gmt":"2023-01-13T14:03:17","guid":{"rendered":"http:\/\/lahoradelcampo.com.uy\/site\/?p=48101"},"modified":"2023-01-13T11:03:22","modified_gmt":"2023-01-13T14:03:22","slug":"produzca-pasto-y-carne-en-anos-de-la-nina","status":"publish","type":"post","link":"https:\/\/lahoradelcampo.com.uy\/site\/produzca-pasto-y-carne-en-anos-de-la-nina\/","title":{"rendered":"Produzca pasto y carne en a\u00f1os de \u00abLa Ni\u00f1a\u00bb"},"content":{"rendered":"\n<figure class=\"wp-block-image\"><img data-recalc-dims=\"1\" loading=\"lazy\" decoding=\"async\" width=\"810\" height=\"405\" data-attachment-id=\"48103\" data-permalink=\"https:\/\/lahoradelcampo.com.uy\/site\/produzca-pasto-y-carne-en-anos-de-la-nina\/riego-ciedag\/\" data-orig-file=\"https:\/\/i0.wp.com\/lahoradelcampo.com.uy\/site\/wp-content\/uploads\/2023\/01\/Riego-ciedag.jpg?fit=880%2C440&amp;ssl=1\" data-orig-size=\"880,440\" data-comments-opened=\"1\" data-image-meta=\"{&quot;aperture&quot;:&quot;0&quot;,&quot;credit&quot;:&quot;&quot;,&quot;camera&quot;:&quot;&quot;,&quot;caption&quot;:&quot;&quot;,&quot;created_timestamp&quot;:&quot;0&quot;,&quot;copyright&quot;:&quot;&quot;,&quot;focal_length&quot;:&quot;0&quot;,&quot;iso&quot;:&quot;0&quot;,&quot;shutter_speed&quot;:&quot;0&quot;,&quot;title&quot;:&quot;&quot;,&quot;orientation&quot;:&quot;1&quot;}\" data-image-title=\"Riego-ciedag\" data-image-description=\"\" data-image-caption=\"\" data-large-file=\"https:\/\/i0.wp.com\/lahoradelcampo.com.uy\/site\/wp-content\/uploads\/2023\/01\/Riego-ciedag.jpg?fit=810%2C405&amp;ssl=1\" src=\"https:\/\/i0.wp.com\/lahoradelcampo.com.uy\/site\/wp-content\/uploads\/2023\/01\/Riego-ciedag.jpg?resize=810%2C405\" alt=\"\" class=\"wp-image-48103\" srcset=\"https:\/\/i0.wp.com\/lahoradelcampo.com.uy\/site\/wp-content\/uploads\/2023\/01\/Riego-ciedag.jpg?w=880&amp;ssl=1 880w, https:\/\/i0.wp.com\/lahoradelcampo.com.uy\/site\/wp-content\/uploads\/2023\/01\/Riego-ciedag.jpg?resize=300%2C150&amp;ssl=1 300w, https:\/\/i0.wp.com\/lahoradelcampo.com.uy\/site\/wp-content\/uploads\/2023\/01\/Riego-ciedag.jpg?resize=768%2C384&amp;ssl=1 768w, https:\/\/i0.wp.com\/lahoradelcampo.com.uy\/site\/wp-content\/uploads\/2023\/01\/Riego-ciedag.jpg?resize=820%2C410&amp;ssl=1 820w\" sizes=\"auto, (max-width: 810px) 100vw, 810px\" \/><\/figure>\n\n\n\n<p>El Instituto Nacional de Investigaci\u00f3n Agropecuaria (INIA), el Secretariado Uruguayo de la Lana (SUL) y el Ministerio de Ganader\u00eda, Agricultura y Pesca (MGAP) convocan a la jornada denominada: Produzca pasto y carne en a\u00f1os de \u00abLa Ni\u00f1a\u00bb, que se desarrollar\u00e1 el pr\u00f3ximo 10 de febrero en Cerro Colorado, Florida. <\/p>\n\n\n\n<p>La actividad tendr\u00e1 lugar en el predio de investigaci\u00f3n del SUL, Ciedag, donde se desarrollan proyectos de producci\u00f3n en base a riego. <\/p>\n\n\n\n<p>La jornada constar\u00e1 de visita a campo de riego por pivot central y por superficie, charlas sobre los rendimientos de carne sobre pasturas de 13 a\u00f1os bajo riego por pivot y en 10 a\u00f1os bajo riego por superficie y la experiencia de riego por melga en rotaciones ma\u00edz-pastura en Rocha. <\/p>\n\n\n\n<p>Es una actividad gratuita y estar\u00e1 dirigida a t\u00e9cnicos y productores.<\/p>\n\n\n\n<p>Salto, viernes 13 de enero de 2023<\/p>\n","protected":false},"excerpt":{"rendered":"<p>El Instituto Nacional de Investigaci\u00f3n Agropecuaria (INIA), el Secretariado Uruguayo de la Lana (SUL) y el Ministerio de Ganader\u00eda, Agricultura y Pesca (MGAP) convocan a la jornada denominada: Produzca pasto [&hellip;]<\/p>\n","protected":false},"author":5,"featured_media":48103,"comment_status":"open","ping_status":"open","sticky":false,"template":"","format":"standard","meta":{"_price":"","_stock":"","_tribe_ticket_header":"","_tribe_default_ticket_provider":"","_tribe_ticket_capacity":"0","_ticket_start_date":"","_ticket_end_date":"","_tribe_ticket_show_description":"","_tribe_ticket_show_not_going":false,"_tribe_ticket_use_global_stock":"","_tribe_ticket_global_stock_level":"","_global_stock_mode":"","_global_stock_cap":"","_tribe_rsvp_for_event":"","_tribe_ticket_going_count":"","_tribe_ticket_not_going_count":"","_tribe_tickets_list":"[]","_tribe_ticket_has_attendee_info_fields":false,"h5ap_radio_sources":[],"_jetpack_newsletter_access":"","_jetpack_dont_email_post_to_subs":false,"_jetpack_newsletter_tier_id":0,"_jetpack_memberships_contains_paywalled_content":false,"_jetpack_memberships_contains_paid_content":false,"footnotes":""},"categories":[21,5],"tags":[],"class_list":["post-48101","post","type-post","status-publish","format-standard","has-post-thumbnail","hentry","category-actualidad","category-ganaderia"],"jetpack_featured_media_url":"https:\/\/i0.wp.com\/lahoradelcampo.com.uy\/site\/wp-content\/uploads\/2023\/01\/Riego-ciedag.jpg?fit=880%2C440&ssl=1","jetpack_sharing_enabled":true,"jetpack_shortlink":"https:\/\/wp.me\/p99IaT-cvP","jetpack-related-posts":[{"id":5631,"url":"https:\/\/lahoradelcampo.com.uy\/site\/el-riego-brinda-estabilidad-para-la-produccion-intensiva-de-carne-ovina\/","url_meta":{"origin":48101,"position":0},"title":"El riego brinda estabilidad para la producci\u00f3n intensiva de carne ovina","author":"La Hora del Campo","date":"28 enero, 2018","format":false,"excerpt":"En la VII Jornada de riego por superficie en pasturas y cultivos, organizada por el Instituto Nacional de Investigaci\u00f3n Agropecuaria Salto Grande, se presentaron los diferentes trabajos que se vienen desarrollando a nivel de la Estaci\u00f3n Experimental de Facultad de Agronom\u00eda de Salto como en el establecimiento El Junco. Precisamente,\u2026","rel":"","context":"En \u00abActualidad\u00bb","block_context":{"text":"Actualidad","link":"https:\/\/lahoradelcampo.com.uy\/site\/category\/actualidad\/"},"img":{"alt_text":"","src":"https:\/\/i0.wp.com\/lahoradelcampo.com.uy\/site\/wp-content\/uploads\/2018\/01\/INIA-2.jpg?fit=880%2C440&ssl=1&resize=350%2C200","width":350,"height":200,"srcset":"https:\/\/i0.wp.com\/lahoradelcampo.com.uy\/site\/wp-content\/uploads\/2018\/01\/INIA-2.jpg?fit=880%2C440&ssl=1&resize=350%2C200 1x, https:\/\/i0.wp.com\/lahoradelcampo.com.uy\/site\/wp-content\/uploads\/2018\/01\/INIA-2.jpg?fit=880%2C440&ssl=1&resize=525%2C300 1.5x, https:\/\/i0.wp.com\/lahoradelcampo.com.uy\/site\/wp-content\/uploads\/2018\/01\/INIA-2.jpg?fit=880%2C440&ssl=1&resize=700%2C400 2x"},"classes":[]},{"id":47479,"url":"https:\/\/lahoradelcampo.com.uy\/site\/destacada-jornada-sobre-riego-en-sistemas-ganaderos-se-realizo-en-artigas\/","url_meta":{"origin":48101,"position":1},"title":"Destacada jornada sobre riego en sistemas ganaderos se realiz\u00f3 en Artigas","author":"La Hora del Campo","date":"6 diciembre, 2022","format":false,"excerpt":"Con la presencia del Ministro de Ganader\u00eda, Agricultura y Pesca, Ing. Agr. Fernando Mattos, entre los 106 participantes, se realiz\u00f3 en la jornada de ayer la segunda reuni\u00f3n del proyecto Regando la Ganader\u00eda del Norte. Recordemos que la primera se realiz\u00f3 a mediados de a\u00f1o en el predio de la\u2026","rel":"","context":"En \u00abActualidad\u00bb","block_context":{"text":"Actualidad","link":"https:\/\/lahoradelcampo.com.uy\/site\/category\/actualidad\/"},"img":{"alt_text":"","src":"https:\/\/i0.wp.com\/lahoradelcampo.com.uy\/site\/wp-content\/uploads\/2022\/12\/riegoenartigas.jpg?fit=880%2C440&ssl=1&resize=350%2C200","width":350,"height":200,"srcset":"https:\/\/i0.wp.com\/lahoradelcampo.com.uy\/site\/wp-content\/uploads\/2022\/12\/riegoenartigas.jpg?fit=880%2C440&ssl=1&resize=350%2C200 1x, https:\/\/i0.wp.com\/lahoradelcampo.com.uy\/site\/wp-content\/uploads\/2022\/12\/riegoenartigas.jpg?fit=880%2C440&ssl=1&resize=525%2C300 1.5x, https:\/\/i0.wp.com\/lahoradelcampo.com.uy\/site\/wp-content\/uploads\/2022\/12\/riegoenartigas.jpg?fit=880%2C440&ssl=1&resize=700%2C400 2x"},"classes":[]},{"id":55138,"url":"https:\/\/lahoradelcampo.com.uy\/site\/el-riego-como-clave-para-transformar-la-ganaderia-en-el-norte\/","url_meta":{"origin":48101,"position":2},"title":"El riego como clave para transformar la ganader\u00eda en el norte","author":"La Hora del Campo","date":"19 noviembre, 2024","format":false,"excerpt":"El pasado 9 de noviembre se realiz\u00f3 en la Estaci\u00f3n Experimental INIA Salto Grande, una jornada denominada \"Experiencias y oportunidades del Riego para el Norte del pa\u00eds\". La misma tuvo como objetivo presentar los \u00faltimos resultados y el cierre del proyecto en el predio de la familia Grilli, en la\u2026","rel":"","context":"En \u00abActualidad\u00bb","block_context":{"text":"Actualidad","link":"https:\/\/lahoradelcampo.com.uy\/site\/category\/actualidad\/"},"img":{"alt_text":"","src":"https:\/\/i0.wp.com\/lahoradelcampo.com.uy\/site\/wp-content\/uploads\/2024\/11\/INIA-Riegojornada.jpg?fit=880%2C440&ssl=1&resize=350%2C200","width":350,"height":200,"srcset":"https:\/\/i0.wp.com\/lahoradelcampo.com.uy\/site\/wp-content\/uploads\/2024\/11\/INIA-Riegojornada.jpg?fit=880%2C440&ssl=1&resize=350%2C200 1x, https:\/\/i0.wp.com\/lahoradelcampo.com.uy\/site\/wp-content\/uploads\/2024\/11\/INIA-Riegojornada.jpg?fit=880%2C440&ssl=1&resize=525%2C300 1.5x, https:\/\/i0.wp.com\/lahoradelcampo.com.uy\/site\/wp-content\/uploads\/2024\/11\/INIA-Riegojornada.jpg?fit=880%2C440&ssl=1&resize=700%2C400 2x"},"classes":[]},{"id":5375,"url":"https:\/\/lahoradelcampo.com.uy\/site\/jornada-de-riego-en-salto-hablara-de-sustentabilidad\/","url_meta":{"origin":48101,"position":3},"title":"Jornada de riego en Salto  hablar\u00e1 de sustentabilidad","author":"La Hora del Campo","date":"10 enero, 2018","format":false,"excerpt":"El pr\u00f3ximo 26 de enero se desarrollar\u00e1 la VII Jornada de riego por superficie en cultivos y pasturas organizada por el Instituto Nacional de Investigaci\u00f3n Agropecuaria (INIA) a trav\u00e9s de la estaci\u00f3n experimental Salto Grande. La misma se denomina este a\u00f1o \"Productividad vs Sustentabilidad\" y tendr\u00e1 una visita a la\u2026","rel":"","context":"En \u00abActualidad\u00bb","block_context":{"text":"Actualidad","link":"https:\/\/lahoradelcampo.com.uy\/site\/category\/actualidad\/"},"img":{"alt_text":"","src":"https:\/\/i0.wp.com\/lahoradelcampo.com.uy\/site\/wp-content\/uploads\/2018\/01\/garcia.jpg?fit=880%2C440&ssl=1&resize=350%2C200","width":350,"height":200,"srcset":"https:\/\/i0.wp.com\/lahoradelcampo.com.uy\/site\/wp-content\/uploads\/2018\/01\/garcia.jpg?fit=880%2C440&ssl=1&resize=350%2C200 1x, https:\/\/i0.wp.com\/lahoradelcampo.com.uy\/site\/wp-content\/uploads\/2018\/01\/garcia.jpg?fit=880%2C440&ssl=1&resize=525%2C300 1.5x, https:\/\/i0.wp.com\/lahoradelcampo.com.uy\/site\/wp-content\/uploads\/2018\/01\/garcia.jpg?fit=880%2C440&ssl=1&resize=700%2C400 2x"},"classes":[]},{"id":5623,"url":"https:\/\/lahoradelcampo.com.uy\/site\/mas-de-200-personas-participaron-de-la-jornada-de-riego-en-el-junco\/","url_meta":{"origin":48101,"position":4},"title":"M\u00e1s de 200 personas participaron de la jornada de riego en El Junco","author":"La Hora del Campo","date":"27 enero, 2018","format":false,"excerpt":"Ayer se desarroll\u00f3 la VII Jornada de Riego por Superficie en Pasturas y Cultivos, que este a\u00f1o se denomin\u00f3 \u201c\u00bfProductividad vs. Sustentabilidad?\u201d. Esta jornada tiene como destaque la presencia de productores del exterior que a\u00f1o a a\u00f1o se hacen presentes tanto de Brasil como de Argentina. Puntualmente este a\u00f1o cont\u00f3\u2026","rel":"","context":"En \u00abActualidad\u00bb","block_context":{"text":"Actualidad","link":"https:\/\/lahoradelcampo.com.uy\/site\/category\/actualidad\/"},"img":{"alt_text":"","src":"https:\/\/i0.wp.com\/lahoradelcampo.com.uy\/site\/wp-content\/uploads\/2018\/01\/INIA.jpg?fit=880%2C440&ssl=1&resize=350%2C200","width":350,"height":200,"srcset":"https:\/\/i0.wp.com\/lahoradelcampo.com.uy\/site\/wp-content\/uploads\/2018\/01\/INIA.jpg?fit=880%2C440&ssl=1&resize=350%2C200 1x, https:\/\/i0.wp.com\/lahoradelcampo.com.uy\/site\/wp-content\/uploads\/2018\/01\/INIA.jpg?fit=880%2C440&ssl=1&resize=525%2C300 1.5x, https:\/\/i0.wp.com\/lahoradelcampo.com.uy\/site\/wp-content\/uploads\/2018\/01\/INIA.jpg?fit=880%2C440&ssl=1&resize=700%2C400 2x"},"classes":[]},{"id":5221,"url":"https:\/\/lahoradelcampo.com.uy\/site\/el-riego-presente-en-la-primera-jornada-2018-en-el-norte\/","url_meta":{"origin":48101,"position":5},"title":"El riego presente en la primera jornada 2018 en el norte","author":"La Hora del Campo","date":"3 enero, 2018","format":false,"excerpt":"La agenda de actividades para el 2018 ya tiene previstas una serie de jornadas que se van a ir desarrollando tanto a nivel local, regional, nacional e internacional. El riego, por lo menos aqu\u00ed en el norte, es de los primeros temas que se estar\u00e1n volcando sobre la mesa para\u2026","rel":"","context":"En \u00abActualidad\u00bb","block_context":{"text":"Actualidad","link":"https:\/\/lahoradelcampo.com.uy\/site\/category\/actualidad\/"},"img":{"alt_text":"","src":"https:\/\/i0.wp.com\/lahoradelcampo.com.uy\/site\/wp-content\/uploads\/2018\/01\/Riego.jpg?fit=880%2C440&ssl=1&resize=350%2C200","width":350,"height":200,"srcset":"https:\/\/i0.wp.com\/lahoradelcampo.com.uy\/site\/wp-content\/uploads\/2018\/01\/Riego.jpg?fit=880%2C440&ssl=1&resize=350%2C200 1x, https:\/\/i0.wp.com\/lahoradelcampo.com.uy\/site\/wp-content\/uploads\/2018\/01\/Riego.jpg?fit=880%2C440&ssl=1&resize=525%2C300 1.5x, https:\/\/i0.wp.com\/lahoradelcampo.com.uy\/site\/wp-content\/uploads\/2018\/01\/Riego.jpg?fit=880%2C440&ssl=1&resize=700%2C400 2x"},"classes":[]}],"jetpack_likes_enabled":true,"_links":{"self":[{"href":"https:\/\/lahoradelcampo.com.uy\/site\/wp-json\/wp\/v2\/posts\/48101","targetHints":{"allow":["GET"]}}],"collection":[{"href":"https:\/\/lahoradelcampo.com.uy\/site\/wp-json\/wp\/v2\/posts"}],"about":[{"href":"https:\/\/lahoradelcampo.com.uy\/site\/wp-json\/wp\/v2\/types\/post"}],"author":[{"embeddable":true,"href":"https:\/\/lahoradelcampo.com.uy\/site\/wp-json\/wp\/v2\/users\/5"}],"replies":[{"embeddable":true,"href":"https:\/\/lahoradelcampo.com.uy\/site\/wp-json\/wp\/v2\/comments?post=48101"}],"version-history":[{"count":1,"href":"https:\/\/lahoradelcampo.com.uy\/site\/wp-json\/wp\/v2\/posts\/48101\/revisions"}],"predecessor-version":[{"id":48105,"href":"https:\/\/lahoradelcampo.com.uy\/site\/wp-json\/wp\/v2\/posts\/48101\/revisions\/48105"}],"wp:featuredmedia":[{"embeddable":true,"href":"https:\/\/lahoradelcampo.com.uy\/site\/wp-json\/wp\/v2\/media\/48103"}],"wp:attachment":[{"href":"https:\/\/lahoradelcampo.com.uy\/site\/wp-json\/wp\/v2\/media?parent=48101"}],"wp:term":[{"taxonomy":"category","embeddable":true,"href":"https:\/\/lahoradelcampo.com.uy\/site\/wp-json\/wp\/v2\/categories?post=48101"},{"taxonomy":"post_tag","embeddable":true,"href":"https:\/\/lahoradelcampo.com.uy\/site\/wp-json\/wp\/v2\/tags?post=48101"}],"curies":[{"name":"wp","href":"https:\/\/api.w.org\/{rel}","templated":true}]}}