{"id":48095,"date":"2023-01-13T10:58:20","date_gmt":"2023-01-13T13:58:20","guid":{"rendered":"http:\/\/lahoradelcampo.com.uy\/site\/?p=48095"},"modified":"2023-01-13T10:58:24","modified_gmt":"2023-01-13T13:58:24","slug":"proximamente-se-nombrara-la-nueva-directiva-de-la-digegra","status":"publish","type":"post","link":"https:\/\/lahoradelcampo.com.uy\/site\/proximamente-se-nombrara-la-nueva-directiva-de-la-digegra\/","title":{"rendered":"Pr\u00f3ximamente se nombrar\u00e1 la nueva directiva de la DIGEGRA"},"content":{"rendered":"\n<figure class=\"wp-block-image\"><img data-recalc-dims=\"1\" loading=\"lazy\" decoding=\"async\" width=\"810\" height=\"405\" data-attachment-id=\"48097\" data-permalink=\"https:\/\/lahoradelcampo.com.uy\/site\/proximamente-se-nombrara-la-nueva-directiva-de-la-digegra\/nicolas-chiesa1\/\" data-orig-file=\"https:\/\/i0.wp.com\/lahoradelcampo.com.uy\/site\/wp-content\/uploads\/2023\/01\/NIcolas-Chiesa1.jpg?fit=880%2C440&amp;ssl=1\" data-orig-size=\"880,440\" data-comments-opened=\"1\" data-image-meta=\"{&quot;aperture&quot;:&quot;0&quot;,&quot;credit&quot;:&quot;&quot;,&quot;camera&quot;:&quot;&quot;,&quot;caption&quot;:&quot;&quot;,&quot;created_timestamp&quot;:&quot;0&quot;,&quot;copyright&quot;:&quot;&quot;,&quot;focal_length&quot;:&quot;0&quot;,&quot;iso&quot;:&quot;0&quot;,&quot;shutter_speed&quot;:&quot;0&quot;,&quot;title&quot;:&quot;&quot;,&quot;orientation&quot;:&quot;1&quot;}\" data-image-title=\"NIcolas Chiesa1\" data-image-description=\"\" data-image-caption=\"\" data-large-file=\"https:\/\/i0.wp.com\/lahoradelcampo.com.uy\/site\/wp-content\/uploads\/2023\/01\/NIcolas-Chiesa1.jpg?fit=810%2C405&amp;ssl=1\" src=\"https:\/\/i0.wp.com\/lahoradelcampo.com.uy\/site\/wp-content\/uploads\/2023\/01\/NIcolas-Chiesa1.jpg?resize=810%2C405\" alt=\"\" class=\"wp-image-48097\" srcset=\"https:\/\/i0.wp.com\/lahoradelcampo.com.uy\/site\/wp-content\/uploads\/2023\/01\/NIcolas-Chiesa1.jpg?w=880&amp;ssl=1 880w, https:\/\/i0.wp.com\/lahoradelcampo.com.uy\/site\/wp-content\/uploads\/2023\/01\/NIcolas-Chiesa1.jpg?resize=300%2C150&amp;ssl=1 300w, https:\/\/i0.wp.com\/lahoradelcampo.com.uy\/site\/wp-content\/uploads\/2023\/01\/NIcolas-Chiesa1.jpg?resize=768%2C384&amp;ssl=1 768w, https:\/\/i0.wp.com\/lahoradelcampo.com.uy\/site\/wp-content\/uploads\/2023\/01\/NIcolas-Chiesa1.jpg?resize=820%2C410&amp;ssl=1 820w\" sizes=\"auto, (max-width: 810px) 100vw, 810px\" \/><\/figure>\n\n\n\n<p>Este 2023 es un a\u00f1o de cambios en la Direcci\u00f3n\nGeneral de la Granja (DIGEGRA) del Ministerio de Ganader\u00eda, Agricultura y Pesca\n(MGAP), debido a que en los pr\u00f3ximos d\u00edas se renovar\u00e1 la totalidad de la junta\ndirectiva y se registrar\u00e1 el ingreso de representantes de los sectores ap\u00edcola,\nav\u00edcola y de la producci\u00f3n suina. <\/p>\n\n\n\n<p>El Ing. Nicol\u00e1s Chiesa, director de la Digegra,\ndijo que en diciembre se culmin\u00f3 la presentaci\u00f3n de los candidatos propuestos\npor las gremiales para la renovaci\u00f3n de la junta directiva y los nuevos de\nestos sectores. \u201cEl expediente ya est\u00e1 Jur\u00eddica del Ministerio para la\nresoluci\u00f3n ministerial que va a renovar todos los integrantes de la Junta y\nadem\u00e1s incorporar nuevos miembros de rubros que hoy no est\u00e1n representados\u201d\nexplic\u00f3. <\/p>\n\n\n\n<p>Seg\u00fan el jerarca ministerial, con la llegada\nde representantes del sector ap\u00edcola, av\u00edcola y suino, se tendr\u00e1 representaci\u00f3n\nde toda la producci\u00f3n granjera, \u201cesta es otra medida de renovaci\u00f3n, los cambios\nsiempre son buenos y este va a traer aire fresco para el funcionamiento de la\njunta y con una mirada de todos los rubros\u201d dijo Chiessa. <\/p>\n\n\n\n<p>\u201cCon la apicultura venimos trabajando mucho y\nfaltaba un lugar para que con el resto de las gremiales pudieran participar y\ngenerar las pol\u00edticas\u201d para el sector explic\u00f3 el director de la granja. Misma\nsituaci\u00f3n con los animales de granja, donde asegur\u00f3 que hay mucho trabajo por\nhacer con situaciones como \u201clas olas de calor\u201d en la parte aviar o la presencia\nde la influenza aviar en la regi\u00f3n, por ejemplo.<\/p>\n\n\n\n<p>Seg\u00fan informaci\u00f3n recabada por La Hora del Campo, el actual representante del norte, Italo Tenca, estar\u00eda dejando su lugar en dicha junta directiva y los nombres propuestos por las gremiales para ocupar dicho cargo han sido Jorge Giambiassi y Diego Pereira. <\/p>\n\n\n\n<p>Salto, viernes 13 de enero de 2023<\/p>\n","protected":false},"excerpt":{"rendered":"<p>Este 2023 es un a\u00f1o de cambios en la Direcci\u00f3n General de la Granja (DIGEGRA) del Ministerio de Ganader\u00eda, Agricultura y Pesca (MGAP), debido a que en los pr\u00f3ximos d\u00edas [&hellip;]<\/p>\n","protected":false},"author":5,"featured_media":48097,"comment_status":"open","ping_status":"open","sticky":false,"template":"","format":"standard","meta":{"_price":"","_stock":"","_tribe_ticket_header":"","_tribe_default_ticket_provider":"","_tribe_ticket_capacity":"0","_ticket_start_date":"","_ticket_end_date":"","_tribe_ticket_show_description":"","_tribe_ticket_show_not_going":false,"_tribe_ticket_use_global_stock":"","_tribe_ticket_global_stock_level":"","_global_stock_mode":"","_global_stock_cap":"","_tribe_rsvp_for_event":"","_tribe_ticket_going_count":"","_tribe_ticket_not_going_count":"","_tribe_tickets_list":"[]","_tribe_ticket_has_attendee_info_fields":false,"h5ap_radio_sources":[],"_jetpack_newsletter_access":"","_jetpack_dont_email_post_to_subs":false,"_jetpack_newsletter_tier_id":0,"_jetpack_memberships_contains_paywalled_content":false,"_jetpack_memberships_contains_paid_content":false,"footnotes":""},"categories":[21,9],"tags":[],"class_list":["post-48095","post","type-post","status-publish","format-standard","has-post-thumbnail","hentry","category-actualidad","category-granja"],"jetpack_featured_media_url":"https:\/\/i0.wp.com\/lahoradelcampo.com.uy\/site\/wp-content\/uploads\/2023\/01\/NIcolas-Chiesa1.jpg?fit=880%2C440&ssl=1","jetpack_sharing_enabled":true,"jetpack_shortlink":"https:\/\/wp.me\/p99IaT-cvJ","jetpack-related-posts":[{"id":21100,"url":"https:\/\/lahoradelcampo.com.uy\/site\/integrante-de-salto-horticola-estara-en-junta-del-instituto-nacional-de-la-granja\/","url_meta":{"origin":48095,"position":0},"title":"Integrante de Salto Hort\u00edcola estar\u00e1 en junta del Instituto Nacional de la Granja","author":"La Hora del Campo","date":"19 junio, 2020","format":false,"excerpt":"El pasado mi\u00e9rcoles se realiz\u00f3 en el sal\u00f3n de la Sociedad Fomento Rural de Salto, la primera reuni\u00f3n presencia de la Mesa de Desarrollo de Producciones Intensivas luego de la declaraci\u00f3n de emergencia sanitaria y el cambio de gobierno. En dicha reuni\u00f3n participaron las diferentes instituciones y grupos vinculados a\u2026","rel":"","context":"En \u00abActualidad\u00bb","block_context":{"text":"Actualidad","link":"https:\/\/lahoradelcampo.com.uy\/site\/category\/actualidad\/"},"img":{"alt_text":"","src":"https:\/\/i0.wp.com\/lahoradelcampo.com.uy\/site\/wp-content\/uploads\/2020\/06\/Italo-tenca-web.jpg?fit=880%2C440&ssl=1&resize=350%2C200","width":350,"height":200,"srcset":"https:\/\/i0.wp.com\/lahoradelcampo.com.uy\/site\/wp-content\/uploads\/2020\/06\/Italo-tenca-web.jpg?fit=880%2C440&ssl=1&resize=350%2C200 1x, https:\/\/i0.wp.com\/lahoradelcampo.com.uy\/site\/wp-content\/uploads\/2020\/06\/Italo-tenca-web.jpg?fit=880%2C440&ssl=1&resize=525%2C300 1.5x, https:\/\/i0.wp.com\/lahoradelcampo.com.uy\/site\/wp-content\/uploads\/2020\/06\/Italo-tenca-web.jpg?fit=880%2C440&ssl=1&resize=700%2C400 2x"},"classes":[]},{"id":17136,"url":"https:\/\/lahoradelcampo.com.uy\/site\/borrador-de-ley-de-urgente-consideracion-preocupa-al-granjero-salteno\/","url_meta":{"origin":48095,"position":1},"title":"Borrador de Ley  de Urgente Consideraci\u00f3n preocupa al granjero salte\u00f1o","author":"La Hora del Campo","date":"29 enero, 2020","format":false,"excerpt":"El anteproyecto de la Ley de Urgente Consideraci\u00f3n trae consigo un capitulo que se denomina \"Sector Agropecuario\", pero que adem\u00e1s contiene en otros sectores cambios que tambi\u00e9n afectar\u00e1n al agro en su conjunto, como lo son los propuestos respecto a la Ley de Inclusi\u00f3n Financiera, por ejemplo. El Dr. Horacio\u2026","rel":"","context":"En \u00abActualidad\u00bb","block_context":{"text":"Actualidad","link":"https:\/\/lahoradelcampo.com.uy\/site\/category\/actualidad\/"},"img":{"alt_text":"","src":"https:\/\/i0.wp.com\/lahoradelcampo.com.uy\/site\/wp-content\/uploads\/2020\/01\/Horacio-de-brum.jpg?fit=880%2C440&ssl=1&resize=350%2C200","width":350,"height":200,"srcset":"https:\/\/i0.wp.com\/lahoradelcampo.com.uy\/site\/wp-content\/uploads\/2020\/01\/Horacio-de-brum.jpg?fit=880%2C440&ssl=1&resize=350%2C200 1x, https:\/\/i0.wp.com\/lahoradelcampo.com.uy\/site\/wp-content\/uploads\/2020\/01\/Horacio-de-brum.jpg?fit=880%2C440&ssl=1&resize=525%2C300 1.5x, https:\/\/i0.wp.com\/lahoradelcampo.com.uy\/site\/wp-content\/uploads\/2020\/01\/Horacio-de-brum.jpg?fit=880%2C440&ssl=1&resize=700%2C400 2x"},"classes":[]},{"id":41521,"url":"https:\/\/lahoradelcampo.com.uy\/site\/en-octubre-finalizara-la-obra-de-la-central-horticola-de-salto\/","url_meta":{"origin":48095,"position":2},"title":"En octubre finalizar\u00e1 la obra de la Central Hort\u00edcola de Salto","author":"La Hora del Campo","date":"5 mayo, 2022","format":false,"excerpt":"El martes, el Dr. Luis Lacalle Pou, envi\u00f3 al Parlamento el Proyecto de Ley referido a la creaci\u00f3n de la persona de derecho p\u00fablico no estatal \"Central Hort\u00edcola del Norte\". En su art\u00edculo 16 el proyecto prev\u00e9 que el Poder Ejecutivo podr\u00e1 transferir, a trav\u00e9s del Ministerio de Ganader\u00eda, Agricultura\u2026","rel":"","context":"En \u00abActualidad\u00bb","block_context":{"text":"Actualidad","link":"https:\/\/lahoradelcampo.com.uy\/site\/category\/actualidad\/"},"img":{"alt_text":"","src":"https:\/\/i0.wp.com\/lahoradelcampo.com.uy\/site\/wp-content\/uploads\/2022\/05\/Saltohorticola-chn.jpg?fit=880%2C440&ssl=1&resize=350%2C200","width":350,"height":200,"srcset":"https:\/\/i0.wp.com\/lahoradelcampo.com.uy\/site\/wp-content\/uploads\/2022\/05\/Saltohorticola-chn.jpg?fit=880%2C440&ssl=1&resize=350%2C200 1x, https:\/\/i0.wp.com\/lahoradelcampo.com.uy\/site\/wp-content\/uploads\/2022\/05\/Saltohorticola-chn.jpg?fit=880%2C440&ssl=1&resize=525%2C300 1.5x, https:\/\/i0.wp.com\/lahoradelcampo.com.uy\/site\/wp-content\/uploads\/2022\/05\/Saltohorticola-chn.jpg?fit=880%2C440&ssl=1&resize=700%2C400 2x"},"classes":[]},{"id":32424,"url":"https:\/\/lahoradelcampo.com.uy\/site\/se-renovo-la-junta-directiva-de-inase\/","url_meta":{"origin":48095,"position":3},"title":"Se renov\u00f3 la Junta Directiva  de INASE","author":"La Hora del Campo","date":"27 julio, 2021","format":false,"excerpt":"La designaci\u00f3n formal de los nuevos representantes de la Junta Directiva del Instituto Nacional de Semillas (INASE), estuvo acompa\u00f1ada v\u00eda remota, por el Ministro del MGAP, Fernando Mattos, el Subsecretario, Ignacio Buffa y la Directora General, Fernanda Maldonado. Audios al pie de la noticia. Luego de la convocatoria realizada por\u2026","rel":"","context":"En \u00abActualidad\u00bb","block_context":{"text":"Actualidad","link":"https:\/\/lahoradelcampo.com.uy\/site\/category\/actualidad\/"},"img":{"alt_text":"","src":"https:\/\/i0.wp.com\/lahoradelcampo.com.uy\/site\/wp-content\/uploads\/2020\/04\/Semilleristas.jpg?fit=880%2C440&ssl=1&resize=350%2C200","width":350,"height":200,"srcset":"https:\/\/i0.wp.com\/lahoradelcampo.com.uy\/site\/wp-content\/uploads\/2020\/04\/Semilleristas.jpg?fit=880%2C440&ssl=1&resize=350%2C200 1x, https:\/\/i0.wp.com\/lahoradelcampo.com.uy\/site\/wp-content\/uploads\/2020\/04\/Semilleristas.jpg?fit=880%2C440&ssl=1&resize=525%2C300 1.5x, https:\/\/i0.wp.com\/lahoradelcampo.com.uy\/site\/wp-content\/uploads\/2020\/04\/Semilleristas.jpg?fit=880%2C440&ssl=1&resize=700%2C400 2x"},"classes":[]},{"id":10951,"url":"https:\/\/lahoradelcampo.com.uy\/site\/mgap-presenta-denuncia-penal-por-manejos-irregulares-del-fondo-de-la-granja\/","url_meta":{"origin":48095,"position":4},"title":"MGAP presenta denuncia penal por manejos irregulares del Fondo de la Granja","author":"La Hora del Campo","date":"21 mayo, 2019","format":false,"excerpt":"El Ministro de Ganader\u00eda, Agricultura y Pesca, Ing. Agr. Enzo Benech, luego de reunirse con la Junta Nacional de la Granja, comunic\u00f3 en conferencia de prensa, la decisi\u00f3n de realizar una denuncia penal ante la constataci\u00f3n de presuntos manejos irregulares del Fondo Nacional de la Granja y tras aceptar la\u2026","rel":"","context":"En \u00abActualidad\u00bb","block_context":{"text":"Actualidad","link":"https:\/\/lahoradelcampo.com.uy\/site\/category\/actualidad\/"},"img":{"alt_text":"","src":"https:\/\/i0.wp.com\/lahoradelcampo.com.uy\/site\/wp-content\/uploads\/2019\/05\/benech.jpg?fit=880%2C440&ssl=1&resize=350%2C200","width":350,"height":200,"srcset":"https:\/\/i0.wp.com\/lahoradelcampo.com.uy\/site\/wp-content\/uploads\/2019\/05\/benech.jpg?fit=880%2C440&ssl=1&resize=350%2C200 1x, https:\/\/i0.wp.com\/lahoradelcampo.com.uy\/site\/wp-content\/uploads\/2019\/05\/benech.jpg?fit=880%2C440&ssl=1&resize=525%2C300 1.5x, https:\/\/i0.wp.com\/lahoradelcampo.com.uy\/site\/wp-content\/uploads\/2019\/05\/benech.jpg?fit=880%2C440&ssl=1&resize=700%2C400 2x"},"classes":[]},{"id":50280,"url":"https:\/\/lahoradelcampo.com.uy\/site\/apicultores-accederan-a-credito-de-hasta-300-dolares-por-tanque-de-miel\/","url_meta":{"origin":48095,"position":5},"title":"Apicultores acceder\u00e1n a cr\u00e9dito de hasta 300 d\u00f3lares por tanque de miel","author":"La Hora del Campo","date":"8 mayo, 2023","format":false,"excerpt":"La Sociedad Ap\u00edcola Uruguaya (SAU) ha gestionado una l\u00ednea de cr\u00e9dito especial dirigida a los apicultores que a\u00fan no han podido vender su miel y que necesiten fondos para realizar curas, alimentaci\u00f3n, entre otras cosas. La Comisi\u00f3n Directiva realiz\u00f3 las gestiones ante autoridades del Banco Rep\u00fablica (BROU) y la Direcci\u00f3n\u2026","rel":"","context":"En \u00abActualidad\u00bb","block_context":{"text":"Actualidad","link":"https:\/\/lahoradelcampo.com.uy\/site\/category\/actualidad\/"},"img":{"alt_text":"","src":"https:\/\/i0.wp.com\/lahoradelcampo.com.uy\/site\/wp-content\/uploads\/2023\/01\/apicola1.jpg?fit=880%2C440&ssl=1&resize=350%2C200","width":350,"height":200,"srcset":"https:\/\/i0.wp.com\/lahoradelcampo.com.uy\/site\/wp-content\/uploads\/2023\/01\/apicola1.jpg?fit=880%2C440&ssl=1&resize=350%2C200 1x, https:\/\/i0.wp.com\/lahoradelcampo.com.uy\/site\/wp-content\/uploads\/2023\/01\/apicola1.jpg?fit=880%2C440&ssl=1&resize=525%2C300 1.5x, https:\/\/i0.wp.com\/lahoradelcampo.com.uy\/site\/wp-content\/uploads\/2023\/01\/apicola1.jpg?fit=880%2C440&ssl=1&resize=700%2C400 2x"},"classes":[]}],"jetpack_likes_enabled":true,"_links":{"self":[{"href":"https:\/\/lahoradelcampo.com.uy\/site\/wp-json\/wp\/v2\/posts\/48095","targetHints":{"allow":["GET"]}}],"collection":[{"href":"https:\/\/lahoradelcampo.com.uy\/site\/wp-json\/wp\/v2\/posts"}],"about":[{"href":"https:\/\/lahoradelcampo.com.uy\/site\/wp-json\/wp\/v2\/types\/post"}],"author":[{"embeddable":true,"href":"https:\/\/lahoradelcampo.com.uy\/site\/wp-json\/wp\/v2\/users\/5"}],"replies":[{"embeddable":true,"href":"https:\/\/lahoradelcampo.com.uy\/site\/wp-json\/wp\/v2\/comments?post=48095"}],"version-history":[{"count":1,"href":"https:\/\/lahoradelcampo.com.uy\/site\/wp-json\/wp\/v2\/posts\/48095\/revisions"}],"predecessor-version":[{"id":48099,"href":"https:\/\/lahoradelcampo.com.uy\/site\/wp-json\/wp\/v2\/posts\/48095\/revisions\/48099"}],"wp:featuredmedia":[{"embeddable":true,"href":"https:\/\/lahoradelcampo.com.uy\/site\/wp-json\/wp\/v2\/media\/48097"}],"wp:attachment":[{"href":"https:\/\/lahoradelcampo.com.uy\/site\/wp-json\/wp\/v2\/media?parent=48095"}],"wp:term":[{"taxonomy":"category","embeddable":true,"href":"https:\/\/lahoradelcampo.com.uy\/site\/wp-json\/wp\/v2\/categories?post=48095"},{"taxonomy":"post_tag","embeddable":true,"href":"https:\/\/lahoradelcampo.com.uy\/site\/wp-json\/wp\/v2\/tags?post=48095"}],"curies":[{"name":"wp","href":"https:\/\/api.w.org\/{rel}","templated":true}]}}