{"id":48091,"date":"2023-01-13T10:54:18","date_gmt":"2023-01-13T13:54:18","guid":{"rendered":"http:\/\/lahoradelcampo.com.uy\/site\/?p=48091"},"modified":"2023-01-13T10:54:22","modified_gmt":"2023-01-13T13:54:22","slug":"%ef%bb%bfconsultas-varias-y-pocos-negocios-de-lana-entre-las-licencias","status":"publish","type":"post","link":"https:\/\/lahoradelcampo.com.uy\/site\/%ef%bb%bfconsultas-varias-y-pocos-negocios-de-lana-entre-las-licencias\/","title":{"rendered":"\ufeffConsultas varias y pocos negocios de lana entre las licencias"},"content":{"rendered":"\n<figure class=\"wp-block-image\"><img data-recalc-dims=\"1\" loading=\"lazy\" decoding=\"async\" width=\"810\" height=\"405\" data-attachment-id=\"3845\" data-permalink=\"https:\/\/lahoradelcampo.com.uy\/site\/operativa-lanera-retraida-con-importantes-pretensiones-de-los-vendedores\/lana-u\/\" data-orig-file=\"https:\/\/i0.wp.com\/lahoradelcampo.com.uy\/site\/wp-content\/uploads\/2017\/11\/lana-u.jpg?fit=880%2C440&amp;ssl=1\" data-orig-size=\"880,440\" data-comments-opened=\"1\" data-image-meta=\"{&quot;aperture&quot;:&quot;0&quot;,&quot;credit&quot;:&quot;Vicente-Manuel-Tort&quot;,&quot;camera&quot;:&quot;&quot;,&quot;caption&quot;:&quot;&quot;,&quot;created_timestamp&quot;:&quot;0&quot;,&quot;copyright&quot;:&quot;Presidencia de la Republica - Sec.Com.Inst.&quot;,&quot;focal_length&quot;:&quot;0&quot;,&quot;iso&quot;:&quot;0&quot;,&quot;shutter_speed&quot;:&quot;0&quot;,&quot;title&quot;:&quot;&quot;,&quot;orientation&quot;:&quot;1&quot;}\" data-image-title=\"lana u\" data-image-description=\"\" data-image-caption=\"\" data-large-file=\"https:\/\/i0.wp.com\/lahoradelcampo.com.uy\/site\/wp-content\/uploads\/2017\/11\/lana-u.jpg?fit=810%2C405&amp;ssl=1\" src=\"https:\/\/i0.wp.com\/lahoradelcampo.com.uy\/site\/wp-content\/uploads\/2017\/11\/lana-u.jpg?resize=810%2C405\" alt=\"\" class=\"wp-image-3845\" srcset=\"https:\/\/i0.wp.com\/lahoradelcampo.com.uy\/site\/wp-content\/uploads\/2017\/11\/lana-u.jpg?w=880&amp;ssl=1 880w, https:\/\/i0.wp.com\/lahoradelcampo.com.uy\/site\/wp-content\/uploads\/2017\/11\/lana-u.jpg?resize=300%2C150&amp;ssl=1 300w, https:\/\/i0.wp.com\/lahoradelcampo.com.uy\/site\/wp-content\/uploads\/2017\/11\/lana-u.jpg?resize=768%2C384&amp;ssl=1 768w, https:\/\/i0.wp.com\/lahoradelcampo.com.uy\/site\/wp-content\/uploads\/2017\/11\/lana-u.jpg?resize=820%2C410&amp;ssl=1 820w\" sizes=\"auto, (max-width: 810px) 100vw, 810px\" \/><\/figure>\n\n\n\n<p>Dado el momento del a\u00f1o, varios productores ante el estr\u00e9s h\u00eddrico, la faltante de lluvias, est\u00e1n comenzando a tomar decisiones de iniciar destetes y racionar ganados, por lo que existe en algunos casos la necesidad de comercializar la lana en b\u00fasqueda de hacerse con recursos econ\u00f3micos para afrontar este per\u00edodo. <\/p>\n\n\n\n<p>Es por esto que en un mercado donde varios operadores del mercado e integrantes de las industrias est\u00e1n de licencia, la semana fue de muchas consultas a nivel de los consignatarios laneros, pero con baja concreci\u00f3n de negocios.  <\/p>\n\n\n\n<p>A modo de referencia aqu\u00ed en el norte del pa\u00eds se concret\u00f3 un lote de 2.500 kilos de lana merino de 20,7 micras, que cotiz\u00f3 a US$ 5,70 el vell\u00f3n. Se trata de un lote de 2.500 kilos acondicionado grifa verde, pero carente de certificaciones. <\/p>\n\n\n\n<p>La pr\u00f3xima semana, ya estar\u00edan retornando varios de los operadores consultados a la operativa, en tanto que la continuidad de la firmeza en Australia podr\u00eda permitir un mayor margen de negociaci\u00f3n entre la oferta y la demanda en el mercado interno. <\/p>\n\n\n\n<p>Salto, viernes 13 de enero de 2023<\/p>\n","protected":false},"excerpt":{"rendered":"<p>Dado el momento del a\u00f1o, varios productores ante el estr\u00e9s h\u00eddrico, la faltante de lluvias, est\u00e1n comenzando a tomar decisiones de iniciar destetes y racionar ganados, por lo que existe [&hellip;]<\/p>\n","protected":false},"author":5,"featured_media":3845,"comment_status":"open","ping_status":"open","sticky":false,"template":"","format":"standard","meta":{"_price":"","_stock":"","_tribe_ticket_header":"","_tribe_default_ticket_provider":"","_tribe_ticket_capacity":"0","_ticket_start_date":"","_ticket_end_date":"","_tribe_ticket_show_description":"","_tribe_ticket_show_not_going":false,"_tribe_ticket_use_global_stock":"","_tribe_ticket_global_stock_level":"","_global_stock_mode":"","_global_stock_cap":"","_tribe_rsvp_for_event":"","_tribe_ticket_going_count":"","_tribe_ticket_not_going_count":"","_tribe_tickets_list":"[]","_tribe_ticket_has_attendee_info_fields":false,"h5ap_radio_sources":[],"_jetpack_newsletter_access":"","_jetpack_dont_email_post_to_subs":false,"_jetpack_newsletter_tier_id":0,"_jetpack_memberships_contains_paywalled_content":false,"_jetpack_memberships_contains_paid_content":false,"footnotes":""},"categories":[21,13],"tags":[],"class_list":["post-48091","post","type-post","status-publish","format-standard","has-post-thumbnail","hentry","category-actualidad","category-ovinos"],"jetpack_featured_media_url":"https:\/\/i0.wp.com\/lahoradelcampo.com.uy\/site\/wp-content\/uploads\/2017\/11\/lana-u.jpg?fit=880%2C440&ssl=1","jetpack_sharing_enabled":true,"jetpack_shortlink":"https:\/\/wp.me\/p99IaT-cvF","jetpack-related-posts":[{"id":53457,"url":"https:\/\/lahoradelcampo.com.uy\/site\/mercado-lanero-interno-con-muchas-consultas-y-pocos-negocios\/","url_meta":{"origin":48091,"position":0},"title":"Mercado lanero interno con muchas consultas y pocos negocios","author":"La Hora del Campo","date":"23 febrero, 2024","format":false,"excerpt":"En plena zafra de reproductores, el mercado lanero tiene negocios espor\u00e1dicos, ante un escenario de mucha consulta por parte de los productores, pero con valores propuestos desde la demanda que no conforman las expectativas, por lo que hay quietud en la concreci\u00f3n de negocios, principalmente en las lanas finas donde\u2026","rel":"","context":"En \u00abActualidad\u00bb","block_context":{"text":"Actualidad","link":"https:\/\/lahoradelcampo.com.uy\/site\/category\/actualidad\/"},"img":{"alt_text":"","src":"https:\/\/i0.wp.com\/lahoradelcampo.com.uy\/site\/wp-content\/uploads\/2023\/02\/Lana-uruguaya.jpg?fit=880%2C440&ssl=1&resize=350%2C200","width":350,"height":200,"srcset":"https:\/\/i0.wp.com\/lahoradelcampo.com.uy\/site\/wp-content\/uploads\/2023\/02\/Lana-uruguaya.jpg?fit=880%2C440&ssl=1&resize=350%2C200 1x, https:\/\/i0.wp.com\/lahoradelcampo.com.uy\/site\/wp-content\/uploads\/2023\/02\/Lana-uruguaya.jpg?fit=880%2C440&ssl=1&resize=525%2C300 1.5x, https:\/\/i0.wp.com\/lahoradelcampo.com.uy\/site\/wp-content\/uploads\/2023\/02\/Lana-uruguaya.jpg?fit=880%2C440&ssl=1&resize=700%2C400 2x"},"classes":[]},{"id":46931,"url":"https:\/\/lahoradelcampo.com.uy\/site\/mercado-uruguayo-con-negocios-puntuales-en-lanas-medias\/","url_meta":{"origin":48091,"position":1},"title":"Mercado uruguayo con negocios puntuales en lanas medias","author":"La Hora del Campo","date":"11 noviembre, 2022","format":false,"excerpt":"El mercado lanero uruguayo contin\u00faa con una escala de negocios reducida para este momento del a\u00f1o, donde las esquilas est\u00e1n prontas, van quedando los coreos y el productor comienza a impacientarse para vender su lote. Los negocios que se van concretando, en su gran mayor\u00eda, son por lanas medias, pero\u2026","rel":"","context":"En \u00abActualidad\u00bb","block_context":{"text":"Actualidad","link":"https:\/\/lahoradelcampo.com.uy\/site\/category\/actualidad\/"},"img":{"alt_text":"","src":"https:\/\/i0.wp.com\/lahoradelcampo.com.uy\/site\/wp-content\/uploads\/2019\/05\/lana-lomo.jpg?fit=880%2C440&ssl=1&resize=350%2C200","width":350,"height":200,"srcset":"https:\/\/i0.wp.com\/lahoradelcampo.com.uy\/site\/wp-content\/uploads\/2019\/05\/lana-lomo.jpg?fit=880%2C440&ssl=1&resize=350%2C200 1x, https:\/\/i0.wp.com\/lahoradelcampo.com.uy\/site\/wp-content\/uploads\/2019\/05\/lana-lomo.jpg?fit=880%2C440&ssl=1&resize=525%2C300 1.5x, https:\/\/i0.wp.com\/lahoradelcampo.com.uy\/site\/wp-content\/uploads\/2019\/05\/lana-lomo.jpg?fit=880%2C440&ssl=1&resize=700%2C400 2x"},"classes":[]},{"id":47113,"url":"https:\/\/lahoradelcampo.com.uy\/site\/se-continuan-concretando-negocios-en-el-mercado-interno-lentamente\/","url_meta":{"origin":48091,"position":2},"title":"Se contin\u00faan concretando negocios en el mercado interno, lentamente","author":"La Hora del Campo","date":"21 noviembre, 2022","format":false,"excerpt":"Esta semana se continuaron concretando varios negocios de lana, en los distintos micronajes, m\u00e1s all\u00e1 que algunos operadores indican que la operativa comercial fue m\u00e1s lenta que la semana previa. Algunos operadores atribuyen la quietud de los negocios a expectativas de los productores que est\u00e1n sobre las referencias que tiene\u2026","rel":"","context":"En \u00abActualidad\u00bb","block_context":{"text":"Actualidad","link":"https:\/\/lahoradelcampo.com.uy\/site\/category\/actualidad\/"},"img":{"alt_text":"","src":"https:\/\/i0.wp.com\/lahoradelcampo.com.uy\/site\/wp-content\/uploads\/2021\/06\/LanasItalianStyle.jpg?fit=880%2C440&ssl=1&resize=350%2C200","width":350,"height":200,"srcset":"https:\/\/i0.wp.com\/lahoradelcampo.com.uy\/site\/wp-content\/uploads\/2021\/06\/LanasItalianStyle.jpg?fit=880%2C440&ssl=1&resize=350%2C200 1x, https:\/\/i0.wp.com\/lahoradelcampo.com.uy\/site\/wp-content\/uploads\/2021\/06\/LanasItalianStyle.jpg?fit=880%2C440&ssl=1&resize=525%2C300 1.5x, https:\/\/i0.wp.com\/lahoradelcampo.com.uy\/site\/wp-content\/uploads\/2021\/06\/LanasItalianStyle.jpg?fit=880%2C440&ssl=1&resize=700%2C400 2x"},"classes":[]},{"id":52939,"url":"https:\/\/lahoradelcampo.com.uy\/site\/continua-la-concrecion-de-negocios-de-lana-en-el-mercado-interno\/","url_meta":{"origin":48091,"position":3},"title":"Contin\u00faa la concreci\u00f3n de negocios de lana en el mercado interno","author":"La Hora del Campo","date":"30 octubre, 2023","format":false,"excerpt":"Esta semana se han concretado varios negocios de lana, en distintos micronajes, pero principalmente en lanas de micronajes medios a gruesos. En el comentario de algunos operadores, existe una mayor fluidez en la colocaci\u00f3n de este rango de lanas, lo que no necesariamente significa un incremento en los precios. En\u2026","rel":"","context":"En \u00abActualidad\u00bb","block_context":{"text":"Actualidad","link":"https:\/\/lahoradelcampo.com.uy\/site\/category\/actualidad\/"},"img":{"alt_text":"","src":"https:\/\/i0.wp.com\/lahoradelcampo.com.uy\/site\/wp-content\/uploads\/2023\/06\/Lana-australia.jpg?fit=880%2C440&ssl=1&resize=350%2C200","width":350,"height":200,"srcset":"https:\/\/i0.wp.com\/lahoradelcampo.com.uy\/site\/wp-content\/uploads\/2023\/06\/Lana-australia.jpg?fit=880%2C440&ssl=1&resize=350%2C200 1x, https:\/\/i0.wp.com\/lahoradelcampo.com.uy\/site\/wp-content\/uploads\/2023\/06\/Lana-australia.jpg?fit=880%2C440&ssl=1&resize=525%2C300 1.5x, https:\/\/i0.wp.com\/lahoradelcampo.com.uy\/site\/wp-content\/uploads\/2023\/06\/Lana-australia.jpg?fit=880%2C440&ssl=1&resize=700%2C400 2x"},"classes":[]},{"id":54416,"url":"https:\/\/lahoradelcampo.com.uy\/site\/con-mas-demanda-en-lanas-merinas-se-concretan-negocios-a-nivel-interno\/","url_meta":{"origin":48091,"position":4},"title":"Con m\u00e1s demanda en lanas merinas, se concretan negocios a nivel interno","author":"La Hora del Campo","date":"6 septiembre, 2024","format":false,"excerpt":"En el mercado lanero interno para las lanas finas, por debajo de las 22 micras, se observa un marcado inter\u00e9s por parte de la demanda, a\u00fan con valores que lejos est\u00e1n de conformar a la mayor\u00eda de los productores. Al igual que la pasada semana, se contin\u00faan concretando negocios, principalmente\u2026","rel":"","context":"En \u00abActualidad\u00bb","block_context":{"text":"Actualidad","link":"https:\/\/lahoradelcampo.com.uy\/site\/category\/actualidad\/"},"img":{"alt_text":"","src":"https:\/\/i0.wp.com\/lahoradelcampo.com.uy\/site\/wp-content\/uploads\/2017\/11\/Lanas.jpg?fit=880%2C440&ssl=1&resize=350%2C200","width":350,"height":200,"srcset":"https:\/\/i0.wp.com\/lahoradelcampo.com.uy\/site\/wp-content\/uploads\/2017\/11\/Lanas.jpg?fit=880%2C440&ssl=1&resize=350%2C200 1x, https:\/\/i0.wp.com\/lahoradelcampo.com.uy\/site\/wp-content\/uploads\/2017\/11\/Lanas.jpg?fit=880%2C440&ssl=1&resize=525%2C300 1.5x, https:\/\/i0.wp.com\/lahoradelcampo.com.uy\/site\/wp-content\/uploads\/2017\/11\/Lanas.jpg?fit=880%2C440&ssl=1&resize=700%2C400 2x"},"classes":[]},{"id":54360,"url":"https:\/\/lahoradelcampo.com.uy\/site\/correa-san-roman-coloco-mas-de-25-000-kilos-de-lana-en-la-semana\/","url_meta":{"origin":48091,"position":5},"title":"Correa &amp; San Rom\u00e1n coloc\u00f3 m\u00e1s de 25.000 kilos de lana en la semana","author":"La Hora del Campo","date":"31 agosto, 2024","format":false,"excerpt":"En la \u00faltima semana, la firma Correa & San Rom\u00e1n, coloc\u00f3 varios lotes de lana, que superan los 25.000 kilos, en varios casos lanas de m\u00e1s de una zafra. Volumen que incluye una oferta entre las 27,1 y 18,9 micras, con sus valores respectivos. De acuerdo a la informaci\u00f3n brindada\u2026","rel":"","context":"En \u00abActualidad\u00bb","block_context":{"text":"Actualidad","link":"https:\/\/lahoradelcampo.com.uy\/site\/category\/actualidad\/"},"img":{"alt_text":"","src":"https:\/\/i0.wp.com\/lahoradelcampo.com.uy\/site\/wp-content\/uploads\/2024\/08\/Carlos-Martin-Correa.jpg?fit=880%2C440&ssl=1&resize=350%2C200","width":350,"height":200,"srcset":"https:\/\/i0.wp.com\/lahoradelcampo.com.uy\/site\/wp-content\/uploads\/2024\/08\/Carlos-Martin-Correa.jpg?fit=880%2C440&ssl=1&resize=350%2C200 1x, https:\/\/i0.wp.com\/lahoradelcampo.com.uy\/site\/wp-content\/uploads\/2024\/08\/Carlos-Martin-Correa.jpg?fit=880%2C440&ssl=1&resize=525%2C300 1.5x, https:\/\/i0.wp.com\/lahoradelcampo.com.uy\/site\/wp-content\/uploads\/2024\/08\/Carlos-Martin-Correa.jpg?fit=880%2C440&ssl=1&resize=700%2C400 2x"},"classes":[]}],"jetpack_likes_enabled":true,"_links":{"self":[{"href":"https:\/\/lahoradelcampo.com.uy\/site\/wp-json\/wp\/v2\/posts\/48091","targetHints":{"allow":["GET"]}}],"collection":[{"href":"https:\/\/lahoradelcampo.com.uy\/site\/wp-json\/wp\/v2\/posts"}],"about":[{"href":"https:\/\/lahoradelcampo.com.uy\/site\/wp-json\/wp\/v2\/types\/post"}],"author":[{"embeddable":true,"href":"https:\/\/lahoradelcampo.com.uy\/site\/wp-json\/wp\/v2\/users\/5"}],"replies":[{"embeddable":true,"href":"https:\/\/lahoradelcampo.com.uy\/site\/wp-json\/wp\/v2\/comments?post=48091"}],"version-history":[{"count":1,"href":"https:\/\/lahoradelcampo.com.uy\/site\/wp-json\/wp\/v2\/posts\/48091\/revisions"}],"predecessor-version":[{"id":48093,"href":"https:\/\/lahoradelcampo.com.uy\/site\/wp-json\/wp\/v2\/posts\/48091\/revisions\/48093"}],"wp:featuredmedia":[{"embeddable":true,"href":"https:\/\/lahoradelcampo.com.uy\/site\/wp-json\/wp\/v2\/media\/3845"}],"wp:attachment":[{"href":"https:\/\/lahoradelcampo.com.uy\/site\/wp-json\/wp\/v2\/media?parent=48091"}],"wp:term":[{"taxonomy":"category","embeddable":true,"href":"https:\/\/lahoradelcampo.com.uy\/site\/wp-json\/wp\/v2\/categories?post=48091"},{"taxonomy":"post_tag","embeddable":true,"href":"https:\/\/lahoradelcampo.com.uy\/site\/wp-json\/wp\/v2\/tags?post=48091"}],"curies":[{"name":"wp","href":"https:\/\/api.w.org\/{rel}","templated":true}]}}