{"id":48081,"date":"2023-01-13T11:05:44","date_gmt":"2023-01-13T14:05:44","guid":{"rendered":"http:\/\/lahoradelcampo.com.uy\/site\/?p=48081"},"modified":"2023-01-13T11:03:41","modified_gmt":"2023-01-13T14:03:41","slug":"mortandad-de-vacunos-es-total-negligencia-de-los-tenedores-de-ganados","status":"publish","type":"post","link":"https:\/\/lahoradelcampo.com.uy\/site\/mortandad-de-vacunos-es-total-negligencia-de-los-tenedores-de-ganados\/","title":{"rendered":"Mortandad de vacunos: \u201ces total negligencia de los tenedores de ganados\u201d"},"content":{"rendered":"\n<figure class=\"wp-block-image\"><img data-recalc-dims=\"1\" loading=\"lazy\" decoding=\"async\" width=\"810\" height=\"405\" data-attachment-id=\"48083\" data-permalink=\"https:\/\/lahoradelcampo.com.uy\/site\/mortandad-de-vacunos-es-total-negligencia-de-los-tenedores-de-ganados\/gonzalojauretche\/\" data-orig-file=\"https:\/\/i0.wp.com\/lahoradelcampo.com.uy\/site\/wp-content\/uploads\/2023\/01\/GonzaloJauretche.jpg?fit=880%2C440&amp;ssl=1\" data-orig-size=\"880,440\" data-comments-opened=\"1\" data-image-meta=\"{&quot;aperture&quot;:&quot;0&quot;,&quot;credit&quot;:&quot;&quot;,&quot;camera&quot;:&quot;&quot;,&quot;caption&quot;:&quot;&quot;,&quot;created_timestamp&quot;:&quot;0&quot;,&quot;copyright&quot;:&quot;&quot;,&quot;focal_length&quot;:&quot;0&quot;,&quot;iso&quot;:&quot;0&quot;,&quot;shutter_speed&quot;:&quot;0&quot;,&quot;title&quot;:&quot;&quot;,&quot;orientation&quot;:&quot;1&quot;}\" data-image-title=\"GonzaloJauretche\" data-image-description=\"\" data-image-caption=\"\" data-large-file=\"https:\/\/i0.wp.com\/lahoradelcampo.com.uy\/site\/wp-content\/uploads\/2023\/01\/GonzaloJauretche.jpg?fit=810%2C405&amp;ssl=1\" src=\"https:\/\/i0.wp.com\/lahoradelcampo.com.uy\/site\/wp-content\/uploads\/2023\/01\/GonzaloJauretche.jpg?resize=810%2C405\" alt=\"\" class=\"wp-image-48083\" srcset=\"https:\/\/i0.wp.com\/lahoradelcampo.com.uy\/site\/wp-content\/uploads\/2023\/01\/GonzaloJauretche.jpg?w=880&amp;ssl=1 880w, https:\/\/i0.wp.com\/lahoradelcampo.com.uy\/site\/wp-content\/uploads\/2023\/01\/GonzaloJauretche.jpg?resize=300%2C150&amp;ssl=1 300w, https:\/\/i0.wp.com\/lahoradelcampo.com.uy\/site\/wp-content\/uploads\/2023\/01\/GonzaloJauretche.jpg?resize=768%2C384&amp;ssl=1 768w, https:\/\/i0.wp.com\/lahoradelcampo.com.uy\/site\/wp-content\/uploads\/2023\/01\/GonzaloJauretche.jpg?resize=820%2C410&amp;ssl=1 820w\" sizes=\"auto, (max-width: 810px) 100vw, 810px\" \/><\/figure>\n\n\n\n<p>En las \u00faltimas jornadas se escucharon comentarios sobre la mortandad de ganados en el departamento de Artigas, ante la situaci\u00f3n de d\u00e9ficit h\u00eddrico reinante en el norte del pa\u00eds. Ante estos dichos, el Director Departamental del MGAP, Ing. Gonzalo Jauretche, dijo que \u201cno tenemos informaci\u00f3n\u201d y se\u00f1al\u00f3 que \u201cde haber ocurrido muertes por falta de agua o de pasturas es total negligencia de los tenedores de esos ganados\u201d. <\/p>\n\n\n\n<p>Jauretche record\u00f3 que el ministerio en conjunto con el Instituto Plan Agropecuario y la Intendencia de Artigas vienen adoptando medidas de apoyo a los productores desde hace un a\u00f1o.\u00a0 \u201cComenzamos con charlas, sensibilizando a los productores que ten\u00edan que tomar medidas de manejo con sus ganados para el invierno, el ministerio y la intendencia en su momento trabajaron en la limpieza de tajamares, despu\u00e9s una l\u00ednea de apoyo donde se vend\u00edan fardos subsidiados, despu\u00e9s se habilit\u00f3 el pastoreo en la v\u00eda p\u00fablica, y actualmente est\u00e1n los cr\u00e9ditos a trav\u00e9s de Microfinanzas Rep\u00fablica\u201d. <\/p>\n\n\n\n<p>El funcionario ministerial tambi\u00e9n se\u00f1al\u00f3 que\n\u201cestamos viviendo un mercado ganadero donde hay relativamente buenos precios y\ndemanda, o sea que cualquier productor que entiende que su ganado corre\npeligro, llama a cualquier consignatario y lo vende en menos de 48 horas\u201d, por\nlo que reafirm\u00f3 que la ocurrencia de mortandad de animales en el departamento\n\u201ces responsabilidad exclusiva de los productores\u201d. <\/p>\n\n\n\n<p>En este sentido el Ing. Gonzalo Jauretche invit\u00f3 a quienes tengan conocimiento de estas situaciones a realizar la notificaci\u00f3n correspondiente en el MGAP, \u201cporque entendemos que el Instituto de Bienestar Animal deber\u00eda actuar en consecuencia, porque en el Uruguay no nos podemos dar el lujo de permitir la muerte de animales por la falta de alimento o de agua\u201d. <\/p>\n\n\n\n<p>Jauretche inform\u00f3 la cantidad de productores que han sido atendidos por las distintas medidas de apoyo brindadas por el MGAP en conjunto con las dem\u00e1s instituciones. En este sentido \u201cpara el operativo de fardos se anotaron 40 productores en todo el departamento, en el operativo de limpieza de tajamares con la Intendencia de Artigas se limpiaron m\u00e1s de 200 tajamares, aunque la mayor\u00eda no cumple con la condici\u00f3n para ser llamado tajamar, despu\u00e9s en el llamado actual para cr\u00e9ditos subsidiados a cuatro a\u00f1os se inscribieron 80 productores\u201d. <\/p>\n\n\n\n<p>Salto, viernes 13 de enero de 2023<\/p>\n","protected":false},"excerpt":{"rendered":"<p>En las \u00faltimas jornadas se escucharon comentarios sobre la mortandad de ganados en el departamento de Artigas, ante la situaci\u00f3n de d\u00e9ficit h\u00eddrico reinante en el norte del pa\u00eds. Ante [&hellip;]<\/p>\n","protected":false},"author":5,"featured_media":48083,"comment_status":"open","ping_status":"open","sticky":false,"template":"","format":"standard","meta":{"_price":"","_stock":"","_tribe_ticket_header":"","_tribe_default_ticket_provider":"","_tribe_ticket_capacity":"0","_ticket_start_date":"","_ticket_end_date":"","_tribe_ticket_show_description":"","_tribe_ticket_show_not_going":false,"_tribe_ticket_use_global_stock":"","_tribe_ticket_global_stock_level":"","_global_stock_mode":"","_global_stock_cap":"","_tribe_rsvp_for_event":"","_tribe_ticket_going_count":"","_tribe_ticket_not_going_count":"","_tribe_tickets_list":"[]","_tribe_ticket_has_attendee_info_fields":false,"h5ap_radio_sources":[],"_jetpack_newsletter_access":"","_jetpack_dont_email_post_to_subs":false,"_jetpack_newsletter_tier_id":0,"_jetpack_memberships_contains_paywalled_content":false,"_jetpack_memberships_contains_paid_content":false,"footnotes":""},"categories":[21,5],"tags":[],"class_list":["post-48081","post","type-post","status-publish","format-standard","has-post-thumbnail","hentry","category-actualidad","category-ganaderia"],"jetpack_featured_media_url":"https:\/\/i0.wp.com\/lahoradelcampo.com.uy\/site\/wp-content\/uploads\/2023\/01\/GonzaloJauretche.jpg?fit=880%2C440&ssl=1","jetpack_sharing_enabled":true,"jetpack_shortlink":"https:\/\/wp.me\/p99IaT-cvv","jetpack-related-posts":[{"id":40135,"url":"https:\/\/lahoradelcampo.com.uy\/site\/mgap-trabaja-sobre-el-operativo-de-ganados-de-artigas-sin-despacho-de-tropa\/","url_meta":{"origin":48081,"position":0},"title":"MGAP trabaja sobre el operativo de ganados de Artigas sin despacho de tropa","author":"La Hora del Campo","date":"22 marzo, 2022","format":false,"excerpt":"A inicios de febrero, el pasado viernes 4, se realiz\u00f3 un operativo por parte del Direcci\u00f3n de Seguridad Rural del Ministerio del Interior, donde se detuvo tres camiones procedentes del departamento de Artigas y que transitaban rumbo a un predio en Paysand\u00fa. De acuerdo a la informaci\u00f3n recabada por La\u2026","rel":"","context":"En \u00abActualidad\u00bb","block_context":{"text":"Actualidad","link":"https:\/\/lahoradelcampo.com.uy\/site\/category\/actualidad\/"},"img":{"alt_text":"","src":"https:\/\/i0.wp.com\/lahoradelcampo.com.uy\/site\/wp-content\/uploads\/2022\/03\/MGAP-Altuna.jpg?fit=880%2C440&ssl=1&resize=350%2C200","width":350,"height":200,"srcset":"https:\/\/i0.wp.com\/lahoradelcampo.com.uy\/site\/wp-content\/uploads\/2022\/03\/MGAP-Altuna.jpg?fit=880%2C440&ssl=1&resize=350%2C200 1x, https:\/\/i0.wp.com\/lahoradelcampo.com.uy\/site\/wp-content\/uploads\/2022\/03\/MGAP-Altuna.jpg?fit=880%2C440&ssl=1&resize=525%2C300 1.5x, https:\/\/i0.wp.com\/lahoradelcampo.com.uy\/site\/wp-content\/uploads\/2022\/03\/MGAP-Altuna.jpg?fit=880%2C440&ssl=1&resize=700%2C400 2x"},"classes":[]},{"id":49253,"url":"https:\/\/lahoradelcampo.com.uy\/site\/productores-solicitan-se-declare-catastrofe-agropecuaria-nacional\/","url_meta":{"origin":48081,"position":1},"title":"Productores solicitan se declare \u00abcat\u00e1strofe agropecuaria nacional\u00bb","author":"La Hora del Campo","date":"15 marzo, 2023","format":false,"excerpt":"Productores reunidos en la Asociaci\u00f3n Rural de Tacuaremb\u00f3 decidieron enviar una carta a la opini\u00f3n p\u00fablica y a las autoridades, solicitando se declare \"cat\u00e1strofe agropecuaria nacional\" y tomen medidas que permitan superar la problem\u00e1tica instaurada por la sequ\u00eda en una zona donde \"la elevada mortandad\" continuar\u00e1 aumentando ante la ausencia\u2026","rel":"","context":"En \u00abActualidad\u00bb","block_context":{"text":"Actualidad","link":"https:\/\/lahoradelcampo.com.uy\/site\/category\/actualidad\/"},"img":{"alt_text":"","src":"https:\/\/i0.wp.com\/lahoradelcampo.com.uy\/site\/wp-content\/uploads\/2023\/03\/Reuniontacuarembo.jpg?fit=880%2C440&ssl=1&resize=350%2C200","width":350,"height":200,"srcset":"https:\/\/i0.wp.com\/lahoradelcampo.com.uy\/site\/wp-content\/uploads\/2023\/03\/Reuniontacuarembo.jpg?fit=880%2C440&ssl=1&resize=350%2C200 1x, https:\/\/i0.wp.com\/lahoradelcampo.com.uy\/site\/wp-content\/uploads\/2023\/03\/Reuniontacuarembo.jpg?fit=880%2C440&ssl=1&resize=525%2C300 1.5x, https:\/\/i0.wp.com\/lahoradelcampo.com.uy\/site\/wp-content\/uploads\/2023\/03\/Reuniontacuarembo.jpg?fit=880%2C440&ssl=1&resize=700%2C400 2x"},"classes":[]},{"id":21872,"url":"https:\/\/lahoradelcampo.com.uy\/site\/crece-la-mortandad-por-garrapata-en-el-norte\/","url_meta":{"origin":48081,"position":2},"title":"Crece la mortandad por garrapata en el norte","author":"La Hora del Campo","date":"15 julio, 2020","format":false,"excerpt":"Durante todo el a\u00f1o 2019 y en el transcurso del actual, la incidencia de la garrapata en los rodeos a nivel nacional ha venido increment\u00e1ndose. En este sentido el Ministro de Ganader\u00eda, Agricultura y Pesca, Ing. Agr. Carlos Mar\u00eda Uriarte, se\u00f1al\u00f3 en el \u00faltimo congreso de la Federaci\u00f3n Rural del\u2026","rel":"","context":"En \u00abActualidad\u00bb","block_context":{"text":"Actualidad","link":"https:\/\/lahoradelcampo.com.uy\/site\/category\/actualidad\/"},"img":{"alt_text":"","src":"https:\/\/i0.wp.com\/lahoradelcampo.com.uy\/site\/wp-content\/uploads\/2020\/07\/garrapataweb1.jpg?fit=880%2C440&ssl=1&resize=350%2C200","width":350,"height":200,"srcset":"https:\/\/i0.wp.com\/lahoradelcampo.com.uy\/site\/wp-content\/uploads\/2020\/07\/garrapataweb1.jpg?fit=880%2C440&ssl=1&resize=350%2C200 1x, https:\/\/i0.wp.com\/lahoradelcampo.com.uy\/site\/wp-content\/uploads\/2020\/07\/garrapataweb1.jpg?fit=880%2C440&ssl=1&resize=525%2C300 1.5x, https:\/\/i0.wp.com\/lahoradelcampo.com.uy\/site\/wp-content\/uploads\/2020\/07\/garrapataweb1.jpg?fit=880%2C440&ssl=1&resize=700%2C400 2x"},"classes":[]},{"id":55422,"url":"https:\/\/lahoradelcampo.com.uy\/site\/intendencia-de-artigas-apoya-proyecto-contra-la-garrapata\/","url_meta":{"origin":48081,"position":3},"title":"Intendencia de Artigas apoya proyecto contra la garrapata","author":"La Hora del Campo","date":"8 enero, 2025","format":false,"excerpt":"La primavera lluviosa favoreci\u00f3 la aparici\u00f3n de la garrapata que hoy emerge como un problema persistente para los productores en todo el pa\u00eds, particularmente en las zonas m\u00e1s afectadas. En los \u00faltimos meses, no se observa un aumento significativo de la infestaci\u00f3n, con la excepci\u00f3n de algunos casos puntuales. El\u2026","rel":"","context":"En \u00abActualidad\u00bb","block_context":{"text":"Actualidad","link":"https:\/\/lahoradelcampo.com.uy\/site\/category\/actualidad\/"},"img":{"alt_text":"","src":"https:\/\/i0.wp.com\/lahoradelcampo.com.uy\/site\/wp-content\/uploads\/2024\/01\/Garrapatas1.jpg?fit=880%2C440&ssl=1&resize=350%2C200","width":350,"height":200,"srcset":"https:\/\/i0.wp.com\/lahoradelcampo.com.uy\/site\/wp-content\/uploads\/2024\/01\/Garrapatas1.jpg?fit=880%2C440&ssl=1&resize=350%2C200 1x, https:\/\/i0.wp.com\/lahoradelcampo.com.uy\/site\/wp-content\/uploads\/2024\/01\/Garrapatas1.jpg?fit=880%2C440&ssl=1&resize=525%2C300 1.5x, https:\/\/i0.wp.com\/lahoradelcampo.com.uy\/site\/wp-content\/uploads\/2024\/01\/Garrapatas1.jpg?fit=880%2C440&ssl=1&resize=700%2C400 2x"},"classes":[]},{"id":14319,"url":"https:\/\/lahoradelcampo.com.uy\/site\/datos-de-dicose-muestran-1-345-productores-ganaderos-menos\/","url_meta":{"origin":48081,"position":4},"title":"Datos de Dicose muestran 1.345 productores ganaderos menos","author":"La Hora del Campo","date":"17 septiembre, 2019","format":false,"excerpt":"En la jornada de ayer el Ministerio de Ganader\u00eda, Agricultura y Pesca, a trav\u00e9s del Sistema Nacional de Informaci\u00f3n Ganadera (SNIG) di\u00f3 a conocer los datos preliminares de la Declaraci\u00f3n Jurada Anual de DICOSE, correspondiente al per\u00edodo Julio 2018 a Junio 2019. El primer dato relevante presentado por el SNIG\u2026","rel":"","context":"En \u00abActualidad\u00bb","block_context":{"text":"Actualidad","link":"https:\/\/lahoradelcampo.com.uy\/site\/category\/actualidad\/"},"img":{"alt_text":"","src":"https:\/\/i0.wp.com\/lahoradelcampo.com.uy\/site\/wp-content\/uploads\/2017\/11\/Ganado.jpg?fit=880%2C440&ssl=1&resize=350%2C200","width":350,"height":200,"srcset":"https:\/\/i0.wp.com\/lahoradelcampo.com.uy\/site\/wp-content\/uploads\/2017\/11\/Ganado.jpg?fit=880%2C440&ssl=1&resize=350%2C200 1x, https:\/\/i0.wp.com\/lahoradelcampo.com.uy\/site\/wp-content\/uploads\/2017\/11\/Ganado.jpg?fit=880%2C440&ssl=1&resize=525%2C300 1.5x, https:\/\/i0.wp.com\/lahoradelcampo.com.uy\/site\/wp-content\/uploads\/2017\/11\/Ganado.jpg?fit=880%2C440&ssl=1&resize=700%2C400 2x"},"classes":[]},{"id":5791,"url":"https:\/\/lahoradelcampo.com.uy\/site\/mgap-autorizo-la-salida-con-los-ganados-a-pastoreo-en-la-via-publica\/","url_meta":{"origin":48081,"position":5},"title":"MGAP autoriz\u00f3 la salida con los  ganados a pastoreo en la v\u00eda p\u00fablica","author":"La Hora del Campo","date":"10 febrero, 2018","format":false,"excerpt":"Debido a las condiciones clim\u00e1ticas y el d\u00e9ficit h\u00eddrico en el pa\u00eds, el Ministerio de Ganader\u00eda, Agricultura y Pesca realiz\u00f3 una evaluaci\u00f3n t\u00e9cnica en las zonas consideradas cr\u00edticas determinando que el estado de los campos se ha visto afectado en pasturas, praderas y reservas forrajeras en general, por lo cual\u2026","rel":"","context":"En \u00abActualidad\u00bb","block_context":{"text":"Actualidad","link":"https:\/\/lahoradelcampo.com.uy\/site\/category\/actualidad\/"},"img":{"alt_text":"","src":"https:\/\/i0.wp.com\/lahoradelcampo.com.uy\/site\/wp-content\/uploads\/2018\/02\/web-calle.jpg?fit=880%2C440&ssl=1&resize=350%2C200","width":350,"height":200,"srcset":"https:\/\/i0.wp.com\/lahoradelcampo.com.uy\/site\/wp-content\/uploads\/2018\/02\/web-calle.jpg?fit=880%2C440&ssl=1&resize=350%2C200 1x, https:\/\/i0.wp.com\/lahoradelcampo.com.uy\/site\/wp-content\/uploads\/2018\/02\/web-calle.jpg?fit=880%2C440&ssl=1&resize=525%2C300 1.5x, https:\/\/i0.wp.com\/lahoradelcampo.com.uy\/site\/wp-content\/uploads\/2018\/02\/web-calle.jpg?fit=880%2C440&ssl=1&resize=700%2C400 2x"},"classes":[]}],"jetpack_likes_enabled":true,"_links":{"self":[{"href":"https:\/\/lahoradelcampo.com.uy\/site\/wp-json\/wp\/v2\/posts\/48081","targetHints":{"allow":["GET"]}}],"collection":[{"href":"https:\/\/lahoradelcampo.com.uy\/site\/wp-json\/wp\/v2\/posts"}],"about":[{"href":"https:\/\/lahoradelcampo.com.uy\/site\/wp-json\/wp\/v2\/types\/post"}],"author":[{"embeddable":true,"href":"https:\/\/lahoradelcampo.com.uy\/site\/wp-json\/wp\/v2\/users\/5"}],"replies":[{"embeddable":true,"href":"https:\/\/lahoradelcampo.com.uy\/site\/wp-json\/wp\/v2\/comments?post=48081"}],"version-history":[{"count":1,"href":"https:\/\/lahoradelcampo.com.uy\/site\/wp-json\/wp\/v2\/posts\/48081\/revisions"}],"predecessor-version":[{"id":48085,"href":"https:\/\/lahoradelcampo.com.uy\/site\/wp-json\/wp\/v2\/posts\/48081\/revisions\/48085"}],"wp:featuredmedia":[{"embeddable":true,"href":"https:\/\/lahoradelcampo.com.uy\/site\/wp-json\/wp\/v2\/media\/48083"}],"wp:attachment":[{"href":"https:\/\/lahoradelcampo.com.uy\/site\/wp-json\/wp\/v2\/media?parent=48081"}],"wp:term":[{"taxonomy":"category","embeddable":true,"href":"https:\/\/lahoradelcampo.com.uy\/site\/wp-json\/wp\/v2\/categories?post=48081"},{"taxonomy":"post_tag","embeddable":true,"href":"https:\/\/lahoradelcampo.com.uy\/site\/wp-json\/wp\/v2\/tags?post=48081"}],"curies":[{"name":"wp","href":"https:\/\/api.w.org\/{rel}","templated":true}]}}