{"id":46817,"date":"2022-10-24T20:45:29","date_gmt":"2022-10-24T23:45:29","guid":{"rendered":"http:\/\/lahoradelcampo.com.uy\/site\/?p=46817"},"modified":"2022-11-07T18:00:26","modified_gmt":"2022-11-07T21:00:26","slug":"ibr-un-enfermedad-que-altera-el-potencial-reproductivo-en-bovinos","status":"publish","type":"post","link":"https:\/\/lahoradelcampo.com.uy\/site\/ibr-un-enfermedad-que-altera-el-potencial-reproductivo-en-bovinos\/","title":{"rendered":"IBR, una enfermedad que altera el potencial reproductivo en bovinos"},"content":{"rendered":"\n<p>En en momento m\u00e1s importante de la ganader\u00eda, es importante lograr minimizar aquellas variables que incidan negativamente en el potencial reproductivo. En este sentido el Dr. Ignacio Arrospide del equipo t\u00e9cnico de Biog\u00e9nesis Bag\u00f3, hablo de la incidencia de la IBR y las herramientas que el productor tiene disponible para hacer frente a esta problem\u00e1tica.<\/p>\n\n\n\n<figure class=\"wp-block-embed-youtube wp-block-embed is-type-video is-provider-youtube wp-embed-aspect-16-9 wp-has-aspect-ratio\"><div class=\"wp-block-embed__wrapper\">\n<span class=\"embed-youtube\" style=\"text-align:center; display: block;\"><iframe loading=\"lazy\" class=\"youtube-player\" width=\"810\" height=\"456\" src=\"https:\/\/www.youtube.com\/embed\/clr_tfjhFlc?version=3&#038;rel=1&#038;showsearch=0&#038;showinfo=1&#038;iv_load_policy=1&#038;fs=1&#038;hl=es-ES&#038;autohide=2&#038;wmode=transparent\" allowfullscreen=\"true\" style=\"border:0;\" sandbox=\"allow-scripts allow-same-origin allow-popups allow-presentation allow-popups-to-escape-sandbox\"><\/iframe><\/span>\n<\/div><\/figure>\n\n\n\n<p>Biog\u00e9nesis Bag\u00f3 una empresa global, con m\u00e1s de 30 a\u00f1os instalada en el Uruguay, con un fuerte arraigo a nivel local y cada vez m\u00e1s cerca de los productores y el comercio. <\/p>\n\n\n\n<p>Salto, 24 de octubre de 2022<\/p>\n","protected":false},"excerpt":{"rendered":"<p>En en momento m\u00e1s importante de la ganader\u00eda, es importante lograr minimizar aquellas variables que incidan negativamente en el potencial reproductivo. En este sentido el Dr. Ignacio Arrospide del equipo [&hellip;]<\/p>\n","protected":false},"author":5,"featured_media":28286,"comment_status":"open","ping_status":"open","sticky":false,"template":"","format":"standard","meta":{"_price":"","_stock":"","_tribe_ticket_header":"","_tribe_default_ticket_provider":"","_tribe_ticket_capacity":"0","_ticket_start_date":"","_ticket_end_date":"","_tribe_ticket_show_description":"","_tribe_ticket_show_not_going":false,"_tribe_ticket_use_global_stock":"","_tribe_ticket_global_stock_level":"","_global_stock_mode":"","_global_stock_cap":"","_tribe_rsvp_for_event":"","_tribe_ticket_going_count":"","_tribe_ticket_not_going_count":"","_tribe_tickets_list":"[]","_tribe_ticket_has_attendee_info_fields":false,"h5ap_radio_sources":[],"_jetpack_newsletter_access":"","_jetpack_dont_email_post_to_subs":false,"_jetpack_newsletter_tier_id":0,"_jetpack_memberships_contains_paywalled_content":false,"_jetpack_memberships_contains_paid_content":false,"footnotes":""},"categories":[21,5],"tags":[],"class_list":["post-46817","post","type-post","status-publish","format-standard","has-post-thumbnail","hentry","category-actualidad","category-ganaderia"],"jetpack_featured_media_url":"https:\/\/i0.wp.com\/lahoradelcampo.com.uy\/site\/wp-content\/uploads\/2021\/03\/biogenesis-3.jpg?fit=880%2C440&ssl=1","jetpack_sharing_enabled":true,"jetpack_shortlink":"https:\/\/wp.me\/p99IaT-cb7","jetpack-related-posts":[{"id":47491,"url":"https:\/\/lahoradelcampo.com.uy\/site\/es-momento-de-prevenir-enfermedades-en-novillos-de-sobre-ano\/","url_meta":{"origin":46817,"position":0},"title":"Es momento de prevenir enfermedades en novillos de sobre a\u00f1o","author":"La Hora del Campo","date":"6 diciembre, 2022","format":false,"excerpt":"En un trabajo planificado durante todo el a\u00f1o, el equipo t\u00e9cnico de Biog\u00e9nesis Bag\u00f3 est\u00e1 realizando junto a veterinarios y productores el monitoreo de las categor\u00edas de sobrea\u00f1o. El Dr. Horacio Mederos, director t\u00e9cnico de Biog\u00e9nesis Bag\u00f3, recomend\u00f3 realizar las vacunaciones correspondientes para prevenir enfermedades infecciosas y antiparasitarias. En este\u2026","rel":"","context":"En \u00abActualidad\u00bb","block_context":{"text":"Actualidad","link":"https:\/\/lahoradelcampo.com.uy\/site\/category\/actualidad\/"},"img":{"alt_text":"","src":"https:\/\/i0.wp.com\/lahoradelcampo.com.uy\/site\/wp-content\/uploads\/2022\/05\/Biogenesis-Mederos.jpg?fit=880%2C440&ssl=1&resize=350%2C200","width":350,"height":200,"srcset":"https:\/\/i0.wp.com\/lahoradelcampo.com.uy\/site\/wp-content\/uploads\/2022\/05\/Biogenesis-Mederos.jpg?fit=880%2C440&ssl=1&resize=350%2C200 1x, https:\/\/i0.wp.com\/lahoradelcampo.com.uy\/site\/wp-content\/uploads\/2022\/05\/Biogenesis-Mederos.jpg?fit=880%2C440&ssl=1&resize=525%2C300 1.5x, https:\/\/i0.wp.com\/lahoradelcampo.com.uy\/site\/wp-content\/uploads\/2022\/05\/Biogenesis-Mederos.jpg?fit=880%2C440&ssl=1&resize=700%2C400 2x"},"classes":[]},{"id":46859,"url":"https:\/\/lahoradelcampo.com.uy\/site\/pasos-a-seguir-para-implementar-una-iatf-en-el-rodeo-de-cria\/","url_meta":{"origin":46817,"position":1},"title":"Pasos a seguir para implementar una IATF en el rodeo de cr\u00eda","author":"La Hora del Campo","date":"7 noviembre, 2022","format":false,"excerpt":"Dr. Horacio Mederos, director t\u00e9cnico del laboratorio Biog\u00e9nesis Bag\u00f3, se\u00f1al\u00f3 los principales pasos a seguir en una Inseminaci\u00f3n Artificial a Tiempo Fijo (IATF), que parten desde una buena inmunizaci\u00f3n de los vientres frente a enfermedades reproductivas hasta el buen manejo de semen a la hora de la inseminaci\u00f3n. Entre otros\u2026","rel":"","context":"En \u00abActualidad\u00bb","block_context":{"text":"Actualidad","link":"https:\/\/lahoradelcampo.com.uy\/site\/category\/actualidad\/"},"img":{"alt_text":"","src":"https:\/\/i0.wp.com\/lahoradelcampo.com.uy\/site\/wp-content\/uploads\/2021\/12\/Biogenesis-garrapata.jpg?fit=880%2C440&ssl=1&resize=350%2C200","width":350,"height":200,"srcset":"https:\/\/i0.wp.com\/lahoradelcampo.com.uy\/site\/wp-content\/uploads\/2021\/12\/Biogenesis-garrapata.jpg?fit=880%2C440&ssl=1&resize=350%2C200 1x, https:\/\/i0.wp.com\/lahoradelcampo.com.uy\/site\/wp-content\/uploads\/2021\/12\/Biogenesis-garrapata.jpg?fit=880%2C440&ssl=1&resize=525%2C300 1.5x, https:\/\/i0.wp.com\/lahoradelcampo.com.uy\/site\/wp-content\/uploads\/2021\/12\/Biogenesis-garrapata.jpg?fit=880%2C440&ssl=1&resize=700%2C400 2x"},"classes":[]},{"id":56199,"url":"https:\/\/lahoradelcampo.com.uy\/site\/biogenesis-bago-presento-progestar-en-la-lii-jornadas-uruguayas-de-buiatria-2025\/","url_meta":{"origin":46817,"position":2},"title":"Biog\u00e9nesis Bag\u00f3 present\u00f3 Progestar en la LII Jornadas Uruguayas de Buiatr\u00eda 2025","author":"La Hora del Campo","date":"16 junio, 2025","format":false,"excerpt":"En el marco del Congreso de Buiatr\u00eda 2025, realizamos el lanzamiento oficial de Progestar, nuestro nuevo dispositivo intravaginal para protocolos de sincronizaci\u00f3n en programas de IATF. Una herramienta que marca un antes y un despu\u00e9s en eficiencia y bienestar reproductivo. El lanzamiento fue liderado por el Dr. Ignacio Arrospide, Gerente\u2026","rel":"","context":"En \u00abActualidad\u00bb","block_context":{"text":"Actualidad","link":"https:\/\/lahoradelcampo.com.uy\/site\/category\/actualidad\/"},"img":{"alt_text":"","src":"https:\/\/i0.wp.com\/lahoradelcampo.com.uy\/site\/wp-content\/uploads\/2025\/06\/dr-Ignacio-Arroside-progestar.jpg?fit=880%2C440&ssl=1&resize=350%2C200","width":350,"height":200,"srcset":"https:\/\/i0.wp.com\/lahoradelcampo.com.uy\/site\/wp-content\/uploads\/2025\/06\/dr-Ignacio-Arroside-progestar.jpg?fit=880%2C440&ssl=1&resize=350%2C200 1x, https:\/\/i0.wp.com\/lahoradelcampo.com.uy\/site\/wp-content\/uploads\/2025\/06\/dr-Ignacio-Arroside-progestar.jpg?fit=880%2C440&ssl=1&resize=525%2C300 1.5x, https:\/\/i0.wp.com\/lahoradelcampo.com.uy\/site\/wp-content\/uploads\/2025\/06\/dr-Ignacio-Arroside-progestar.jpg?fit=880%2C440&ssl=1&resize=700%2C400 2x"},"classes":[]},{"id":56393,"url":"https:\/\/lahoradelcampo.com.uy\/site\/biogenesis-bago-realizara-simposio-de-integracion-estrategica-en-salto\/","url_meta":{"origin":46817,"position":3},"title":"Biog\u00e9nesis Bag\u00f3 realizar\u00e1 \u00abSimposio de integraci\u00f3n estrat\u00e9gica\u00bb en Salto","author":"La Hora del Campo","date":"29 julio, 2025","format":false,"excerpt":"Con el foco puesto en mejorar la eficiencia reproductiva del rodeo y reducir los tiempos improductivos en las vacas de cr\u00eda, el laboratorio Biog\u00e9nesis Bag\u00f3 presenta una serie de innovaciones pensadas para productores y t\u00e9cnicos que trabajan en sistemas ganaderos de cr\u00eda. El Dr. Juan Andr\u00e9s Garc\u00eda Pintos, integrante del\u2026","rel":"","context":"En \u00abActualidad\u00bb","block_context":{"text":"Actualidad","link":"https:\/\/lahoradelcampo.com.uy\/site\/category\/actualidad\/"},"img":{"alt_text":"","src":"https:\/\/i0.wp.com\/lahoradelcampo.com.uy\/site\/wp-content\/uploads\/2024\/06\/tachi-garcia-pintos.jpg?fit=880%2C440&ssl=1&resize=350%2C200","width":350,"height":200,"srcset":"https:\/\/i0.wp.com\/lahoradelcampo.com.uy\/site\/wp-content\/uploads\/2024\/06\/tachi-garcia-pintos.jpg?fit=880%2C440&ssl=1&resize=350%2C200 1x, https:\/\/i0.wp.com\/lahoradelcampo.com.uy\/site\/wp-content\/uploads\/2024\/06\/tachi-garcia-pintos.jpg?fit=880%2C440&ssl=1&resize=525%2C300 1.5x, https:\/\/i0.wp.com\/lahoradelcampo.com.uy\/site\/wp-content\/uploads\/2024\/06\/tachi-garcia-pintos.jpg?fit=880%2C440&ssl=1&resize=700%2C400 2x"},"classes":[]},{"id":54483,"url":"https:\/\/lahoradelcampo.com.uy\/site\/biogenesis-bago-consolida-su-liderazgo-en-salud-animal-en-la-expo-prado-2024\/","url_meta":{"origin":46817,"position":4},"title":"Biog\u00e9nesis Bag\u00f3 consolida su liderazgo en salud animal en la Expo Prado 2024","author":"La Hora del Campo","date":"14 septiembre, 2024","format":false,"excerpt":"La compa\u00f1\u00eda de biotecnolog\u00eda estar\u00e1 presente en la 119\u00b0 edici\u00f3n de la Expo Prado para presentar junto a su equipo t\u00e9cnico el portafolio de soluciones, dar a conocer los proyectos de expansi\u00f3n y su valor agregado a la industria de la sanidad animal en el pa\u00eds. Montevideo, septiembre de 2024.\u2026","rel":"","context":"En \u00abActualidad\u00bb","block_context":{"text":"Actualidad","link":"https:\/\/lahoradelcampo.com.uy\/site\/category\/actualidad\/"},"img":{"alt_text":"","src":"https:\/\/i0.wp.com\/lahoradelcampo.com.uy\/site\/wp-content\/uploads\/2024\/09\/biogenesis-bago-prado24.jpg?fit=880%2C440&ssl=1&resize=350%2C200","width":350,"height":200,"srcset":"https:\/\/i0.wp.com\/lahoradelcampo.com.uy\/site\/wp-content\/uploads\/2024\/09\/biogenesis-bago-prado24.jpg?fit=880%2C440&ssl=1&resize=350%2C200 1x, https:\/\/i0.wp.com\/lahoradelcampo.com.uy\/site\/wp-content\/uploads\/2024\/09\/biogenesis-bago-prado24.jpg?fit=880%2C440&ssl=1&resize=525%2C300 1.5x, https:\/\/i0.wp.com\/lahoradelcampo.com.uy\/site\/wp-content\/uploads\/2024\/09\/biogenesis-bago-prado24.jpg?fit=880%2C440&ssl=1&resize=700%2C400 2x"},"classes":[]},{"id":47053,"url":"https:\/\/lahoradelcampo.com.uy\/site\/biogenesis-bago-se-posiciona-como-lider-mundial-en-reproduccion-animal\/","url_meta":{"origin":46817,"position":5},"title":"Biog\u00e9nesis Bag\u00f3 se posiciona como l\u00edder mundial en reproducci\u00f3n animal","author":"La Hora del Campo","date":"17 noviembre, 2022","format":false,"excerpt":"Con el foco puesto en brindar cada vez m\u00e1s y mejores soluciones para la productividad animal, Biog\u00e9nesis Bag\u00f3, la compa\u00f1\u00eda de biotecnolog\u00eda especializada en el desarrollo, producci\u00f3n y comercializaci\u00f3n de soluciones para la salud animal, adquiri\u00f3 la l\u00ednea de productos hormonales de la farmac\u00e9utica biotecnol\u00f3gica HIPRA. La compra de la\u2026","rel":"","context":"En \u00abActualidad\u00bb","block_context":{"text":"Actualidad","link":"https:\/\/lahoradelcampo.com.uy\/site\/category\/actualidad\/"},"img":{"alt_text":"","src":"https:\/\/i0.wp.com\/lahoradelcampo.com.uy\/site\/wp-content\/uploads\/2021\/02\/biogenesis.jpg?fit=880%2C440&ssl=1&resize=350%2C200","width":350,"height":200,"srcset":"https:\/\/i0.wp.com\/lahoradelcampo.com.uy\/site\/wp-content\/uploads\/2021\/02\/biogenesis.jpg?fit=880%2C440&ssl=1&resize=350%2C200 1x, https:\/\/i0.wp.com\/lahoradelcampo.com.uy\/site\/wp-content\/uploads\/2021\/02\/biogenesis.jpg?fit=880%2C440&ssl=1&resize=525%2C300 1.5x, https:\/\/i0.wp.com\/lahoradelcampo.com.uy\/site\/wp-content\/uploads\/2021\/02\/biogenesis.jpg?fit=880%2C440&ssl=1&resize=700%2C400 2x"},"classes":[]}],"jetpack_likes_enabled":true,"_links":{"self":[{"href":"https:\/\/lahoradelcampo.com.uy\/site\/wp-json\/wp\/v2\/posts\/46817","targetHints":{"allow":["GET"]}}],"collection":[{"href":"https:\/\/lahoradelcampo.com.uy\/site\/wp-json\/wp\/v2\/posts"}],"about":[{"href":"https:\/\/lahoradelcampo.com.uy\/site\/wp-json\/wp\/v2\/types\/post"}],"author":[{"embeddable":true,"href":"https:\/\/lahoradelcampo.com.uy\/site\/wp-json\/wp\/v2\/users\/5"}],"replies":[{"embeddable":true,"href":"https:\/\/lahoradelcampo.com.uy\/site\/wp-json\/wp\/v2\/comments?post=46817"}],"version-history":[{"count":2,"href":"https:\/\/lahoradelcampo.com.uy\/site\/wp-json\/wp\/v2\/posts\/46817\/revisions"}],"predecessor-version":[{"id":46821,"href":"https:\/\/lahoradelcampo.com.uy\/site\/wp-json\/wp\/v2\/posts\/46817\/revisions\/46821"}],"wp:featuredmedia":[{"embeddable":true,"href":"https:\/\/lahoradelcampo.com.uy\/site\/wp-json\/wp\/v2\/media\/28286"}],"wp:attachment":[{"href":"https:\/\/lahoradelcampo.com.uy\/site\/wp-json\/wp\/v2\/media?parent=46817"}],"wp:term":[{"taxonomy":"category","embeddable":true,"href":"https:\/\/lahoradelcampo.com.uy\/site\/wp-json\/wp\/v2\/categories?post=46817"},{"taxonomy":"post_tag","embeddable":true,"href":"https:\/\/lahoradelcampo.com.uy\/site\/wp-json\/wp\/v2\/tags?post=46817"}],"curies":[{"name":"wp","href":"https:\/\/api.w.org\/{rel}","templated":true}]}}