{"id":46555,"date":"2022-10-24T12:01:10","date_gmt":"2022-10-24T15:01:10","guid":{"rendered":"http:\/\/lahoradelcampo.com.uy\/site\/?p=46555"},"modified":"2022-10-24T12:01:16","modified_gmt":"2022-10-24T15:01:16","slug":"chiruchi-soluciones-rapidas-a-los-problemas-del-productor","status":"publish","type":"post","link":"https:\/\/lahoradelcampo.com.uy\/site\/chiruchi-soluciones-rapidas-a-los-problemas-del-productor\/","title":{"rendered":"Chiruch\u00ed: Soluciones r\u00e1pidas a los problemas del productor"},"content":{"rendered":"\n<figure class=\"wp-block-image\"><img data-recalc-dims=\"1\" loading=\"lazy\" decoding=\"async\" width=\"810\" height=\"405\" data-attachment-id=\"46557\" data-permalink=\"https:\/\/lahoradelcampo.com.uy\/site\/chiruchi-soluciones-rapidas-a-los-problemas-del-productor\/biogenesis-franciscochiruchi\/\" data-orig-file=\"https:\/\/i0.wp.com\/lahoradelcampo.com.uy\/site\/wp-content\/uploads\/2022\/10\/Biogenesis-FranciscoChiruchi.jpg?fit=880%2C440&amp;ssl=1\" data-orig-size=\"880,440\" data-comments-opened=\"1\" data-image-meta=\"{&quot;aperture&quot;:&quot;0&quot;,&quot;credit&quot;:&quot;&quot;,&quot;camera&quot;:&quot;&quot;,&quot;caption&quot;:&quot;&quot;,&quot;created_timestamp&quot;:&quot;0&quot;,&quot;copyright&quot;:&quot;&quot;,&quot;focal_length&quot;:&quot;0&quot;,&quot;iso&quot;:&quot;0&quot;,&quot;shutter_speed&quot;:&quot;0&quot;,&quot;title&quot;:&quot;&quot;,&quot;orientation&quot;:&quot;1&quot;}\" data-image-title=\"Biogenesis-FranciscoChiruchi\" data-image-description=\"\" data-image-caption=\"\" data-large-file=\"https:\/\/i0.wp.com\/lahoradelcampo.com.uy\/site\/wp-content\/uploads\/2022\/10\/Biogenesis-FranciscoChiruchi.jpg?fit=810%2C405&amp;ssl=1\" src=\"https:\/\/i0.wp.com\/lahoradelcampo.com.uy\/site\/wp-content\/uploads\/2022\/10\/Biogenesis-FranciscoChiruchi.jpg?resize=810%2C405\" alt=\"\" class=\"wp-image-46557\" srcset=\"https:\/\/i0.wp.com\/lahoradelcampo.com.uy\/site\/wp-content\/uploads\/2022\/10\/Biogenesis-FranciscoChiruchi.jpg?w=880&amp;ssl=1 880w, https:\/\/i0.wp.com\/lahoradelcampo.com.uy\/site\/wp-content\/uploads\/2022\/10\/Biogenesis-FranciscoChiruchi.jpg?resize=300%2C150&amp;ssl=1 300w, https:\/\/i0.wp.com\/lahoradelcampo.com.uy\/site\/wp-content\/uploads\/2022\/10\/Biogenesis-FranciscoChiruchi.jpg?resize=768%2C384&amp;ssl=1 768w, https:\/\/i0.wp.com\/lahoradelcampo.com.uy\/site\/wp-content\/uploads\/2022\/10\/Biogenesis-FranciscoChiruchi.jpg?resize=820%2C410&amp;ssl=1 820w\" sizes=\"auto, (max-width: 810px) 100vw, 810px\" \/><\/figure>\n\n\n\n<p>Biog\u00e9nesis Bag\u00f3 acompa\u00f1a a sus clientes en los distintos puntos del pa\u00eds, con un atendimiento t\u00e9cnico especializado y personalizado, para solucionar las dificultades por la que atraviesa la producci\u00f3n nacional en el d\u00eda a d\u00eda. <\/p>\n\n\n\n<p>Francisco Chiruchi, director de Veterinaria El Rumbo en San Jos\u00e9, destac\u00f3 el acompa\u00f1amiento del equipo de los t\u00e9cnicos de Biog\u00e9nesis Bag\u00f3 \u00abtanto al equipo de profesionales que tiene la veterinaria, como en visitas a los productores\u00bb.<\/p>\n\n\n\n<p>Chiruchi resalt\u00f3 la relevancia de este acompa\u00f1amiento e indic\u00f3 que esto permite \u00abdiscutir el caso puntual de cada productor, ya sea corrales, tambo o problem\u00e1ticas distintas, que de la mano del equipo t\u00e9cnico de Biog\u00e9nesis Bag\u00f3, hemos logrado muy buenos resultados y soluciones r\u00e1pidas\u00bb.<\/p>\n\n\n\n<figure class=\"wp-block-embed-youtube wp-block-embed is-type-video is-provider-youtube wp-embed-aspect-16-9 wp-has-aspect-ratio\"><div class=\"wp-block-embed__wrapper\">\n<span class=\"embed-youtube\" style=\"text-align:center; display: block;\"><iframe loading=\"lazy\" class=\"youtube-player\" width=\"810\" height=\"456\" src=\"https:\/\/www.youtube.com\/embed\/Hq_JmgDgxfw?version=3&#038;rel=1&#038;showsearch=0&#038;showinfo=1&#038;iv_load_policy=1&#038;fs=1&#038;hl=es-ES&#038;autohide=2&#038;wmode=transparent\" allowfullscreen=\"true\" style=\"border:0;\" sandbox=\"allow-scripts allow-same-origin allow-popups allow-presentation allow-popups-to-escape-sandbox\"><\/iframe><\/span>\n<\/div><\/figure>\n\n\n\n<p>Biog\u00e9nesis Bag\u00f3 una empresa global, con m\u00e1s de 30 a\u00f1os instalada en el Uruguay, con un fuerte arraigo a nivel local y cada vez m\u00e1s cerca de los productores y el comercio. <\/p>\n\n\n\n<p>Salto, lunes 24 de octubre de 2022 <\/p>\n","protected":false},"excerpt":{"rendered":"<p>Biog\u00e9nesis Bag\u00f3 acompa\u00f1a a sus clientes en los distintos puntos del pa\u00eds, con un atendimiento t\u00e9cnico especializado y personalizado, para solucionar las dificultades por la que atraviesa la producci\u00f3n nacional [&hellip;]<\/p>\n","protected":false},"author":5,"featured_media":46557,"comment_status":"open","ping_status":"open","sticky":false,"template":"","format":"standard","meta":{"_price":"","_stock":"","_tribe_ticket_header":"","_tribe_default_ticket_provider":"","_tribe_ticket_capacity":"0","_ticket_start_date":"","_ticket_end_date":"","_tribe_ticket_show_description":"","_tribe_ticket_show_not_going":false,"_tribe_ticket_use_global_stock":"","_tribe_ticket_global_stock_level":"","_global_stock_mode":"","_global_stock_cap":"","_tribe_rsvp_for_event":"","_tribe_ticket_going_count":"","_tribe_ticket_not_going_count":"","_tribe_tickets_list":"[]","_tribe_ticket_has_attendee_info_fields":false,"h5ap_radio_sources":[],"_jetpack_newsletter_access":"","_jetpack_dont_email_post_to_subs":false,"_jetpack_newsletter_tier_id":0,"_jetpack_memberships_contains_paywalled_content":false,"_jetpack_memberships_contains_paid_content":false,"footnotes":""},"categories":[21,5],"tags":[2660,407],"class_list":["post-46555","post","type-post","status-publish","format-standard","has-post-thumbnail","hentry","category-actualidad","category-ganaderia","tag-biogenesis-bago","tag-sanidad-animal"],"jetpack_featured_media_url":"https:\/\/i0.wp.com\/lahoradelcampo.com.uy\/site\/wp-content\/uploads\/2022\/10\/Biogenesis-FranciscoChiruchi.jpg?fit=880%2C440&ssl=1","jetpack_sharing_enabled":true,"jetpack_shortlink":"https:\/\/wp.me\/p99IaT-c6T","jetpack-related-posts":[{"id":38777,"url":"https:\/\/lahoradelcampo.com.uy\/site\/biogenesis-bago-genera-oportunidades-para-el-comercio-y-el-cliente\/","url_meta":{"origin":46555,"position":0},"title":"Biog\u00e9nesis Bag\u00f3 genera oportunidades para el comercio y el cliente","author":"La Hora del Campo","date":"1 febrero, 2022","format":false,"excerpt":"https:\/\/www.youtube.com\/watch?v=rQtcH3fNuLE El Dr. Adolfo Bortagaray, responsable t\u00e9cnico de Veterinaria Bortagaray en Salto, destac\u00f3 la importancia la sinergia que se logra con el equipo t\u00e9cnico de Biog\u00e9nesis Bag\u00f3. \"Si bien es global, es muy cercana, se mueve como una empresa local y eso genera siempre oportunidades y genera cercan\u00eda con el\u2026","rel":"","context":"En \u00abActualidad\u00bb","block_context":{"text":"Actualidad","link":"https:\/\/lahoradelcampo.com.uy\/site\/category\/actualidad\/"},"img":{"alt_text":"","src":"https:\/\/i0.wp.com\/lahoradelcampo.com.uy\/site\/wp-content\/uploads\/2022\/02\/Biogenesis-bortagaray.jpg?fit=880%2C440&ssl=1&resize=350%2C200","width":350,"height":200,"srcset":"https:\/\/i0.wp.com\/lahoradelcampo.com.uy\/site\/wp-content\/uploads\/2022\/02\/Biogenesis-bortagaray.jpg?fit=880%2C440&ssl=1&resize=350%2C200 1x, https:\/\/i0.wp.com\/lahoradelcampo.com.uy\/site\/wp-content\/uploads\/2022\/02\/Biogenesis-bortagaray.jpg?fit=880%2C440&ssl=1&resize=525%2C300 1.5x, https:\/\/i0.wp.com\/lahoradelcampo.com.uy\/site\/wp-content\/uploads\/2022\/02\/Biogenesis-bortagaray.jpg?fit=880%2C440&ssl=1&resize=700%2C400 2x"},"classes":[]},{"id":49436,"url":"https:\/\/lahoradelcampo.com.uy\/site\/el-dr-arrospide-asume-como-gerente-comercial-de-biogenesis-bago\/","url_meta":{"origin":46555,"position":1},"title":"El Dr. Arrospide asume como gerente comercial de Biog\u00e9nesis Bag\u00f3","author":"La Hora del Campo","date":"24 marzo, 2023","format":false,"excerpt":"https:\/\/youtu.be\/_1P8e7Lqew4 Biog\u00e9nesis Bag\u00f3 Uruguay ha designado al Dr. Ignacio Arrospide como su nuevo gerente comercial. El profesional obtuvo su t\u00edtulo hace m\u00e1s de 15 a\u00f1os y ya era parte del equipo de la compa\u00f1\u00eda y ahora asume este nuevo desaf\u00edo para fortalecer la operaci\u00f3n y contribuir al objetivo de posicionarse\u2026","rel":"","context":"En \u00abActualidad\u00bb","block_context":{"text":"Actualidad","link":"https:\/\/lahoradelcampo.com.uy\/site\/category\/actualidad\/"},"img":{"alt_text":"","src":"https:\/\/i0.wp.com\/lahoradelcampo.com.uy\/site\/wp-content\/uploads\/2022\/09\/BIOGENESIS-t%C3%A9cnicos.jpg?fit=880%2C440&ssl=1&resize=350%2C200","width":350,"height":200,"srcset":"https:\/\/i0.wp.com\/lahoradelcampo.com.uy\/site\/wp-content\/uploads\/2022\/09\/BIOGENESIS-t%C3%A9cnicos.jpg?fit=880%2C440&ssl=1&resize=350%2C200 1x, https:\/\/i0.wp.com\/lahoradelcampo.com.uy\/site\/wp-content\/uploads\/2022\/09\/BIOGENESIS-t%C3%A9cnicos.jpg?fit=880%2C440&ssl=1&resize=525%2C300 1.5x, https:\/\/i0.wp.com\/lahoradelcampo.com.uy\/site\/wp-content\/uploads\/2022\/09\/BIOGENESIS-t%C3%A9cnicos.jpg?fit=880%2C440&ssl=1&resize=700%2C400 2x"},"classes":[]},{"id":38609,"url":"https:\/\/lahoradelcampo.com.uy\/site\/duarte-biogenesis-bago-tiene-un-muy-buen-equipo\/","url_meta":{"origin":46555,"position":2},"title":"Duarte: \u00abBiog\u00e9nesis Bag\u00f3, tiene un muy buen equipo\u00bb","author":"La Hora del Campo","date":"26 enero, 2022","format":false,"excerpt":"https:\/\/www.youtube.com\/watch?v=lVHGMlDguzU Adri\u00e1n Duarte, productor y caba\u00f1ero del departamento de Tacuaremb\u00f3, recorri\u00f3 sus establecimientos en el norte del pa\u00eds, en conjunto con los t\u00e9cnicos de Biog\u00e9nesis Bag\u00f3, una empresa global con m\u00e1s de 30 a\u00f1os junto al productor uruguayo. El principal de la caba\u00f1a Rinc\u00f3n de los Negros resalt\u00f3 el resultado\u2026","rel":"","context":"En \u00abActualidad\u00bb","block_context":{"text":"Actualidad","link":"https:\/\/lahoradelcampo.com.uy\/site\/category\/actualidad\/"},"img":{"alt_text":"","src":"https:\/\/i0.wp.com\/lahoradelcampo.com.uy\/site\/wp-content\/uploads\/2022\/01\/Biogenesis-duarte.jpg?fit=880%2C440&ssl=1&resize=350%2C200","width":350,"height":200,"srcset":"https:\/\/i0.wp.com\/lahoradelcampo.com.uy\/site\/wp-content\/uploads\/2022\/01\/Biogenesis-duarte.jpg?fit=880%2C440&ssl=1&resize=350%2C200 1x, https:\/\/i0.wp.com\/lahoradelcampo.com.uy\/site\/wp-content\/uploads\/2022\/01\/Biogenesis-duarte.jpg?fit=880%2C440&ssl=1&resize=525%2C300 1.5x, https:\/\/i0.wp.com\/lahoradelcampo.com.uy\/site\/wp-content\/uploads\/2022\/01\/Biogenesis-duarte.jpg?fit=880%2C440&ssl=1&resize=700%2C400 2x"},"classes":[]},{"id":29184,"url":"https:\/\/lahoradelcampo.com.uy\/site\/destete-una-tecnica-de-alto-impacto\/","url_meta":{"origin":46555,"position":3},"title":"Destete, una t\u00e9cnica de alto impacto","author":"La Hora del Campo","date":"12 abril, 2021","format":false,"excerpt":"El Dr. Juan Andr\u00e9s Garc\u00eda Pintos, integrante del equipo t\u00e9cnico de Biog\u00e9nesis Bag\u00f3, explica cuales son los tipos de destete que se realiza en el pa\u00eds y cual es la mejor estrategia para lograr un alto impacto en la producci\u00f3n ganadera. https:\/\/youtu.be\/d8RIfKDGuH4 Biog\u00e9nesis Bag\u00f3 es referente cient\u00edfico tecnol\u00f3gico de salud\u2026","rel":"","context":"En \u00abActualidad\u00bb","block_context":{"text":"Actualidad","link":"https:\/\/lahoradelcampo.com.uy\/site\/category\/actualidad\/"},"img":{"alt_text":"","src":"https:\/\/i0.wp.com\/lahoradelcampo.com.uy\/site\/wp-content\/uploads\/2021\/02\/biogenesis-1.jpg?fit=880%2C440&ssl=1&resize=350%2C200","width":350,"height":200,"srcset":"https:\/\/i0.wp.com\/lahoradelcampo.com.uy\/site\/wp-content\/uploads\/2021\/02\/biogenesis-1.jpg?fit=880%2C440&ssl=1&resize=350%2C200 1x, https:\/\/i0.wp.com\/lahoradelcampo.com.uy\/site\/wp-content\/uploads\/2021\/02\/biogenesis-1.jpg?fit=880%2C440&ssl=1&resize=525%2C300 1.5x, https:\/\/i0.wp.com\/lahoradelcampo.com.uy\/site\/wp-content\/uploads\/2021\/02\/biogenesis-1.jpg?fit=880%2C440&ssl=1&resize=700%2C400 2x"},"classes":[]},{"id":55801,"url":"https:\/\/lahoradelcampo.com.uy\/site\/biogenesis-bago-presente-en-la-expo-durazno-2025\/","url_meta":{"origin":46555,"position":4},"title":"Biog\u00e9nesis Bag\u00f3 presente en la Expo Durazno 2025","author":"La Hora del Campo","date":"7 marzo, 2025","format":false,"excerpt":"Big\u00e9nesis Bag\u00f3, como es tradicional, est\u00e1 presente en la Expo Durazno, acompa\u00f1ando al sector ganadero y la gen\u00e9tica nacional. En esta oportunidad, al igual que el a\u00f1o pasado, se ha instalado el \"Bio Truck\" en la muestra, un punto de encuentro para el intercambio entre productores, referentes del sector y\u2026","rel":"","context":"En \u00abActualidad\u00bb","block_context":{"text":"Actualidad","link":"https:\/\/lahoradelcampo.com.uy\/site\/category\/actualidad\/"},"img":{"alt_text":"","src":"https:\/\/i0.wp.com\/lahoradelcampo.com.uy\/site\/wp-content\/uploads\/2025\/03\/Biogenesis-biotruck.jpg?fit=880%2C440&ssl=1&resize=350%2C200","width":350,"height":200,"srcset":"https:\/\/i0.wp.com\/lahoradelcampo.com.uy\/site\/wp-content\/uploads\/2025\/03\/Biogenesis-biotruck.jpg?fit=880%2C440&ssl=1&resize=350%2C200 1x, https:\/\/i0.wp.com\/lahoradelcampo.com.uy\/site\/wp-content\/uploads\/2025\/03\/Biogenesis-biotruck.jpg?fit=880%2C440&ssl=1&resize=525%2C300 1.5x, https:\/\/i0.wp.com\/lahoradelcampo.com.uy\/site\/wp-content\/uploads\/2025\/03\/Biogenesis-biotruck.jpg?fit=880%2C440&ssl=1&resize=700%2C400 2x"},"classes":[]},{"id":57207,"url":"https:\/\/lahoradelcampo.com.uy\/site\/biogenesis-bago-uruguay-reafirma-su-compromiso-con-la-eficiencia-y-sostenibilidad-del-sistema-ganadero-nacional\/","url_meta":{"origin":46555,"position":5},"title":"Biog\u00e9nesis Bag\u00f3 Uruguay reafirma su compromiso con la eficiencia y sostenibilidad del sistema ganadero nacional","author":"La Hora del Campo","date":"25 febrero, 2026","format":false,"excerpt":"Durazno, febrero de 2026 \u2014 Biog\u00e9nesis Bag\u00f3 Uruguay participar\u00e1 en la 112\u00aa edici\u00f3n de Expo Durazno, que se desarrollar\u00e1 del 26 de febrero al 1.\u00ba de marzo en el predio de la Sociedad Rural de Durazno, consolidando su presencia en uno de los principales encuentros del calendario agropecuario nacional. La\u2026","rel":"","context":"En \u00abActualidad\u00bb","block_context":{"text":"Actualidad","link":"https:\/\/lahoradelcampo.com.uy\/site\/category\/actualidad\/"},"img":{"alt_text":"","src":"https:\/\/i0.wp.com\/lahoradelcampo.com.uy\/site\/wp-content\/uploads\/2026\/02\/nacho-durazno.png?fit=1022%2C709&ssl=1&resize=350%2C200","width":350,"height":200,"srcset":"https:\/\/i0.wp.com\/lahoradelcampo.com.uy\/site\/wp-content\/uploads\/2026\/02\/nacho-durazno.png?fit=1022%2C709&ssl=1&resize=350%2C200 1x, https:\/\/i0.wp.com\/lahoradelcampo.com.uy\/site\/wp-content\/uploads\/2026\/02\/nacho-durazno.png?fit=1022%2C709&ssl=1&resize=525%2C300 1.5x, https:\/\/i0.wp.com\/lahoradelcampo.com.uy\/site\/wp-content\/uploads\/2026\/02\/nacho-durazno.png?fit=1022%2C709&ssl=1&resize=700%2C400 2x"},"classes":[]}],"jetpack_likes_enabled":true,"_links":{"self":[{"href":"https:\/\/lahoradelcampo.com.uy\/site\/wp-json\/wp\/v2\/posts\/46555","targetHints":{"allow":["GET"]}}],"collection":[{"href":"https:\/\/lahoradelcampo.com.uy\/site\/wp-json\/wp\/v2\/posts"}],"about":[{"href":"https:\/\/lahoradelcampo.com.uy\/site\/wp-json\/wp\/v2\/types\/post"}],"author":[{"embeddable":true,"href":"https:\/\/lahoradelcampo.com.uy\/site\/wp-json\/wp\/v2\/users\/5"}],"replies":[{"embeddable":true,"href":"https:\/\/lahoradelcampo.com.uy\/site\/wp-json\/wp\/v2\/comments?post=46555"}],"version-history":[{"count":1,"href":"https:\/\/lahoradelcampo.com.uy\/site\/wp-json\/wp\/v2\/posts\/46555\/revisions"}],"predecessor-version":[{"id":46559,"href":"https:\/\/lahoradelcampo.com.uy\/site\/wp-json\/wp\/v2\/posts\/46555\/revisions\/46559"}],"wp:featuredmedia":[{"embeddable":true,"href":"https:\/\/lahoradelcampo.com.uy\/site\/wp-json\/wp\/v2\/media\/46557"}],"wp:attachment":[{"href":"https:\/\/lahoradelcampo.com.uy\/site\/wp-json\/wp\/v2\/media?parent=46555"}],"wp:term":[{"taxonomy":"category","embeddable":true,"href":"https:\/\/lahoradelcampo.com.uy\/site\/wp-json\/wp\/v2\/categories?post=46555"},{"taxonomy":"post_tag","embeddable":true,"href":"https:\/\/lahoradelcampo.com.uy\/site\/wp-json\/wp\/v2\/tags?post=46555"}],"curies":[{"name":"wp","href":"https:\/\/api.w.org\/{rel}","templated":true}]}}