{"id":46529,"date":"2022-10-24T07:00:27","date_gmt":"2022-10-24T10:00:27","guid":{"rendered":"http:\/\/lahoradelcampo.com.uy\/site\/?p=46529"},"modified":"2022-10-24T07:51:15","modified_gmt":"2022-10-24T10:51:15","slug":"el-hereford-ingles-de-telleria-se-vendio-a-us-3-000-de-promedio","status":"publish","type":"post","link":"https:\/\/lahoradelcampo.com.uy\/site\/el-hereford-ingles-de-telleria-se-vendio-a-us-3-000-de-promedio\/","title":{"rendered":"El Hereford Ingl\u00e9s de Teller\u00eda se vendi\u00f3 a US$ 3.000 de promedio"},"content":{"rendered":"\n<figure class=\"wp-block-image\"><img data-recalc-dims=\"1\" loading=\"lazy\" decoding=\"async\" width=\"810\" height=\"405\" data-attachment-id=\"46531\" data-permalink=\"https:\/\/lahoradelcampo.com.uy\/site\/el-hereford-ingles-de-telleria-se-vendio-a-us-3-000-de-promedio\/remate-telleria\/\" data-orig-file=\"https:\/\/i0.wp.com\/lahoradelcampo.com.uy\/site\/wp-content\/uploads\/2022\/10\/Remate-Telleria.jpg?fit=880%2C440&amp;ssl=1\" data-orig-size=\"880,440\" data-comments-opened=\"1\" data-image-meta=\"{&quot;aperture&quot;:&quot;0&quot;,&quot;credit&quot;:&quot;&quot;,&quot;camera&quot;:&quot;&quot;,&quot;caption&quot;:&quot;&quot;,&quot;created_timestamp&quot;:&quot;0&quot;,&quot;copyright&quot;:&quot;&quot;,&quot;focal_length&quot;:&quot;0&quot;,&quot;iso&quot;:&quot;0&quot;,&quot;shutter_speed&quot;:&quot;0&quot;,&quot;title&quot;:&quot;&quot;,&quot;orientation&quot;:&quot;1&quot;}\" data-image-title=\"Remate-Telleria\" data-image-description=\"\" data-image-caption=\"\" data-large-file=\"https:\/\/i0.wp.com\/lahoradelcampo.com.uy\/site\/wp-content\/uploads\/2022\/10\/Remate-Telleria.jpg?fit=810%2C405&amp;ssl=1\" src=\"https:\/\/i0.wp.com\/lahoradelcampo.com.uy\/site\/wp-content\/uploads\/2022\/10\/Remate-Telleria.jpg?resize=810%2C405\" alt=\"\" class=\"wp-image-46531\" srcset=\"https:\/\/i0.wp.com\/lahoradelcampo.com.uy\/site\/wp-content\/uploads\/2022\/10\/Remate-Telleria.jpg?w=880&amp;ssl=1 880w, https:\/\/i0.wp.com\/lahoradelcampo.com.uy\/site\/wp-content\/uploads\/2022\/10\/Remate-Telleria.jpg?resize=300%2C150&amp;ssl=1 300w, https:\/\/i0.wp.com\/lahoradelcampo.com.uy\/site\/wp-content\/uploads\/2022\/10\/Remate-Telleria.jpg?resize=768%2C384&amp;ssl=1 768w, https:\/\/i0.wp.com\/lahoradelcampo.com.uy\/site\/wp-content\/uploads\/2022\/10\/Remate-Telleria.jpg?resize=820%2C410&amp;ssl=1 820w\" sizes=\"auto, (max-width: 810px) 100vw, 810px\" \/><\/figure>\n\n\n\n<p>Luego de precipitaciones que superaron los 100 mil\u00edmetros en muchos casos en el departamento de Salto, y un nivel generalizado que super\u00f3 los 60 mil\u00edmetros, una hermosa tarde de sol le dio brillo al Hereford Ingl\u00e9s de Teller\u00eda, en la propia estancia San Gregorio sobre ruta 31. <br><\/p>\n\n\n\n<p>Con los negocios a cargo del escritorio Rub\u00e9n F. C\u00e1nepa, las ventas se desarrollaron de forma r\u00e1pida y con clientes en el local y por tel\u00e9fono adquiriendo de varios puntos del pa\u00eds.<br><\/p>\n\n\n\n<p>Se comenz\u00f3 con un lote de 210 terneros, que pesaron en la estancia 180 kilos, y se comercializaron en la pista a US$ 2,20 el kilo. Bajado el martillo estos terneros se fueron para la zona de Paso del Parque, y lo recaudado por dos ejemplares se destinar\u00e1 al Liceo de Valent\u00edn, en apoyo a los j\u00f3venes rurales. <br><\/p>\n\n\n\n<p>Con los toros en pista, la din\u00e1mica fue importante, con compradores consecuentes, conocedores de la rusticidad del Hereford Ingl\u00e9s, y justamente fue el astado que posee una gen\u00e9tica de 100 a\u00f1os de historia, comenz\u00f3 los negocios, coloc\u00e1ndose 25 toros con valores de US$ 2.200 de m\u00ednimo y US$ 8.500 de m\u00e1ximo, toro que fue adquirido por Omar Urioste, desde Durazno. <br><\/p>\n\n\n\n<p>El promedio para los astados fue de US$ 3.050. <br><\/p>\n\n\n\n<p>En el caso de los toros mochos, se ofertaron 14 toros a US$ 2.911 de promedio, con valores que fueron desde US$ 3,500 a US$ 2.250 de m\u00ednimo. <br><\/p>\n\n\n\n<p>Al finalizar el remate, Gregorio Teller\u00eda, dijo que \u00abel remate salio redondito, tuvimos un buen aporte de lluvias, un buen trabajo del escritorio y fundamentalmente de los clientes que nos vinieron a apoyar, saben lo que quieren, est\u00e1n conformes y vuelven y eso nos llena de alegr\u00eda\u00bb. <br><\/p>\n\n\n\n<p>El caba\u00f1ero se\u00f1al\u00f3 la presencia de compradores nuevos \u00abde Rocha y Lavalleja, y despu\u00e9s los cl\u00e1sicos de Flores, Durazno, Paysand\u00fa, Salto, Artigas, Tacuaremb\u00f3, gente que normalmente vuelve todos los a\u00f1os\u00bb. <br><\/p>\n\n\n\n<p>Por su parte el martillero Francisco C\u00e1nepa dijo que \u00abfue un rematazo, no por los precios, sino por qui\u00e9nes estaban, quienes compraron, las ventas fueron din\u00e1micas, en menos de una hora y media se vendieron todos los toros\u00bb. <br><\/p>\n\n\n\n<p>Respecto a los terneros, dijo que \u00abse vendieron a un precio normal, valores del momento, a US$ 2,20, lo que es el promedio de los terneros, no eran muy livianos pesaban 180 kilos\u00bb.<\/p>\n\n\n\n<p>Salto, lunes 24 de octubre de 2022<\/p>\n","protected":false},"excerpt":{"rendered":"<p>Luego de precipitaciones que superaron los 100 mil\u00edmetros en muchos casos en el departamento de Salto, y un nivel generalizado que super\u00f3 los 60 mil\u00edmetros, una hermosa tarde de sol [&hellip;]<\/p>\n","protected":false},"author":5,"featured_media":46531,"comment_status":"open","ping_status":"open","sticky":false,"template":"","format":"standard","meta":{"_price":"","_stock":"","_tribe_ticket_header":"","_tribe_default_ticket_provider":"","_tribe_ticket_capacity":"0","_ticket_start_date":"","_ticket_end_date":"","_tribe_ticket_show_description":"","_tribe_ticket_show_not_going":false,"_tribe_ticket_use_global_stock":"","_tribe_ticket_global_stock_level":"","_global_stock_mode":"","_global_stock_cap":"","_tribe_rsvp_for_event":"","_tribe_ticket_going_count":"","_tribe_ticket_not_going_count":"","_tribe_tickets_list":"[]","_tribe_ticket_has_attendee_info_fields":false,"h5ap_radio_sources":[],"_jetpack_newsletter_access":"","_jetpack_dont_email_post_to_subs":false,"_jetpack_newsletter_tier_id":0,"_jetpack_memberships_contains_paywalled_content":false,"_jetpack_memberships_contains_paid_content":false,"footnotes":""},"categories":[21,5],"tags":[],"class_list":["post-46529","post","type-post","status-publish","format-standard","has-post-thumbnail","hentry","category-actualidad","category-ganaderia"],"jetpack_featured_media_url":"https:\/\/i0.wp.com\/lahoradelcampo.com.uy\/site\/wp-content\/uploads\/2022\/10\/Remate-Telleria.jpg?fit=880%2C440&ssl=1","jetpack_sharing_enabled":true,"jetpack_shortlink":"https:\/\/wp.me\/p99IaT-c6t","jetpack-related-posts":[{"id":54917,"url":"https:\/\/lahoradelcampo.com.uy\/site\/el-hereford-ingles-de-telleria-hizo-us-3-071-de-promedio\/","url_meta":{"origin":46529,"position":0},"title":"El Hereford ingl\u00e9s de Teller\u00eda hizo US$ 3.071 de promedio","author":"La Hora del Campo","date":"19 octubre, 2024","format":false,"excerpt":"En la tarde de este viernes se realiz\u00f3 el quincuag\u00e9simo sexto remate anual del Hereford ingl\u00e9s de Teller\u00eda, en la estancia \"San Gregorio\" en el kil\u00f3metro 16 de la ruta 31 en Salto. Como es tradicional, tanto la torada mocha como la astada llegaron con una excelente presentaci\u00f3n a la\u2026","rel":"","context":"En \u00abActualidad\u00bb","block_context":{"text":"Actualidad","link":"https:\/\/lahoradelcampo.com.uy\/site\/category\/actualidad\/"},"img":{"alt_text":"","src":"https:\/\/i0.wp.com\/lahoradelcampo.com.uy\/site\/wp-content\/uploads\/2024\/10\/telleria1.jpg?fit=880%2C440&ssl=1&resize=350%2C200","width":350,"height":200,"srcset":"https:\/\/i0.wp.com\/lahoradelcampo.com.uy\/site\/wp-content\/uploads\/2024\/10\/telleria1.jpg?fit=880%2C440&ssl=1&resize=350%2C200 1x, https:\/\/i0.wp.com\/lahoradelcampo.com.uy\/site\/wp-content\/uploads\/2024\/10\/telleria1.jpg?fit=880%2C440&ssl=1&resize=525%2C300 1.5x, https:\/\/i0.wp.com\/lahoradelcampo.com.uy\/site\/wp-content\/uploads\/2024\/10\/telleria1.jpg?fit=880%2C440&ssl=1&resize=700%2C400 2x"},"classes":[]},{"id":3321,"url":"https:\/\/lahoradelcampo.com.uy\/site\/el-promedio-del-hereford-de-telleria-fue-us-2-927\/","url_meta":{"origin":46529,"position":1},"title":"El promedio del Hereford de Teller\u00eda fue U$S 2.927","author":"La Hora del Campo","date":"28 octubre, 2017","format":false,"excerpt":"En la tarde de este s\u00e1bado, en la propia estancia, el escritorio Rub\u00e9n F. C\u00e1nepa realiz\u00f3 el 49\u00ba remate de la familia Teller\u00eda, con su hereford ingl\u00e9s. Productores de varios puntos del pa\u00eds y desde el exterior, se hicieron presentes para acompa\u00f1ar las ventas en el marco de esta zafra.\u2026","rel":"","context":"En \u00abActualidad\u00bb","block_context":{"text":"Actualidad","link":"https:\/\/lahoradelcampo.com.uy\/site\/category\/actualidad\/"},"img":{"alt_text":"","src":"https:\/\/i0.wp.com\/lahoradelcampo.com.uy\/site\/wp-content\/uploads\/2017\/10\/Teller%C3%ADa.jpg?fit=880%2C440&ssl=1&resize=350%2C200","width":350,"height":200,"srcset":"https:\/\/i0.wp.com\/lahoradelcampo.com.uy\/site\/wp-content\/uploads\/2017\/10\/Teller%C3%ADa.jpg?fit=880%2C440&ssl=1&resize=350%2C200 1x, https:\/\/i0.wp.com\/lahoradelcampo.com.uy\/site\/wp-content\/uploads\/2017\/10\/Teller%C3%ADa.jpg?fit=880%2C440&ssl=1&resize=525%2C300 1.5x, https:\/\/i0.wp.com\/lahoradelcampo.com.uy\/site\/wp-content\/uploads\/2017\/10\/Teller%C3%ADa.jpg?fit=880%2C440&ssl=1&resize=700%2C400 2x"},"classes":[]},{"id":25222,"url":"https:\/\/lahoradelcampo.com.uy\/site\/canepa-coloco-el-100-del-hereford-ingles-de-telleria\/","url_meta":{"origin":46529,"position":2},"title":"C\u00e1nepa coloc\u00f3 el 100% del Hereford Ingl\u00e9s de Teller\u00eda","author":"La Hora del Campo","date":"3 noviembre, 2020","format":false,"excerpt":"La venta del Hereford Ingl\u00e9s de Teller\u00eda, es un cl\u00e1sico que a\u00f1o tras a\u00f1o renueva su vigencia en los rodeos del norte del pa\u00eds, con clientes que repiten y nuevos compradores que llegan a conocer esta gen\u00e9tica tradicional. En la pista, una torada soberbia, presentada con los kilos necesarios para\u2026","rel":"","context":"En \u00abActualidad\u00bb","block_context":{"text":"Actualidad","link":"https:\/\/lahoradelcampo.com.uy\/site\/category\/actualidad\/"},"img":{"alt_text":"","src":"https:\/\/i0.wp.com\/lahoradelcampo.com.uy\/site\/wp-content\/uploads\/2020\/11\/canepatelleria.jpg?fit=880%2C440&ssl=1&resize=350%2C200","width":350,"height":200,"srcset":"https:\/\/i0.wp.com\/lahoradelcampo.com.uy\/site\/wp-content\/uploads\/2020\/11\/canepatelleria.jpg?fit=880%2C440&ssl=1&resize=350%2C200 1x, https:\/\/i0.wp.com\/lahoradelcampo.com.uy\/site\/wp-content\/uploads\/2020\/11\/canepatelleria.jpg?fit=880%2C440&ssl=1&resize=525%2C300 1.5x, https:\/\/i0.wp.com\/lahoradelcampo.com.uy\/site\/wp-content\/uploads\/2020\/11\/canepatelleria.jpg?fit=880%2C440&ssl=1&resize=700%2C400 2x"},"classes":[]},{"id":25130,"url":"https:\/\/lahoradelcampo.com.uy\/site\/el-sabado-se-vende-el-clasico-hereford-ingles-de-telleria\/","url_meta":{"origin":46529,"position":3},"title":"El s\u00e1bado se vende el cl\u00e1sico  Hereford Ingl\u00e9s de Teller\u00eda","author":"La Hora del Campo","date":"30 octubre, 2020","format":false,"excerpt":"Como es tradicional se realiza este s\u00e1bado el tradicional remate del Hereford Ingles de Teller\u00eda. El remate numero 52 de la caba\u00f1a se continuar\u00e1 presentando las tradicionales sangres de la caba\u00f1a, manteniendo un astado r\u00fastico, adaptado a la zona, y alejado de las sangres estadounidenses, a lo que se suma\u2026","rel":"","context":"En \u00abActualidad\u00bb","block_context":{"text":"Actualidad","link":"https:\/\/lahoradelcampo.com.uy\/site\/category\/actualidad\/"},"img":{"alt_text":"","src":"https:\/\/i0.wp.com\/lahoradelcampo.com.uy\/site\/wp-content\/uploads\/2020\/10\/Telleria.jpg?fit=880%2C440&ssl=1&resize=350%2C200","width":350,"height":200,"srcset":"https:\/\/i0.wp.com\/lahoradelcampo.com.uy\/site\/wp-content\/uploads\/2020\/10\/Telleria.jpg?fit=880%2C440&ssl=1&resize=350%2C200 1x, https:\/\/i0.wp.com\/lahoradelcampo.com.uy\/site\/wp-content\/uploads\/2020\/10\/Telleria.jpg?fit=880%2C440&ssl=1&resize=525%2C300 1.5x, https:\/\/i0.wp.com\/lahoradelcampo.com.uy\/site\/wp-content\/uploads\/2020\/10\/Telleria.jpg?fit=880%2C440&ssl=1&resize=700%2C400 2x"},"classes":[]},{"id":15374,"url":"https:\/\/lahoradelcampo.com.uy\/site\/el-hereford-de-telleria-alcanzo-un-promedio-de-us-3-281\/","url_meta":{"origin":46529,"position":4},"title":"El Hereford de Teller\u00eda alcanz\u00f3 un promedio de US$ 3.281","author":"La Hora del Campo","date":"28 octubre, 2019","format":false,"excerpt":"En Estancia San Gregorio, con un muy buen marco de p\u00fablico, se llev\u00f3 adelante el 51\u00b0 remate anual de los Hereford de Teller\u00eda, con ventas a cargo del escritorio Ruben F. C\u00e1nepa. Al igual que en los \u00faltimos remates, en esta oportunidad se ofrecieron 10 toros mochos, coloc\u00e1ndose en su\u2026","rel":"","context":"En \u00abActualidad\u00bb","block_context":{"text":"Actualidad","link":"https:\/\/lahoradelcampo.com.uy\/site\/category\/actualidad\/"},"img":{"alt_text":"","src":"https:\/\/i0.wp.com\/lahoradelcampo.com.uy\/site\/wp-content\/uploads\/2019\/10\/Telleria.jpg?fit=880%2C440&ssl=1&resize=350%2C200","width":350,"height":200,"srcset":"https:\/\/i0.wp.com\/lahoradelcampo.com.uy\/site\/wp-content\/uploads\/2019\/10\/Telleria.jpg?fit=880%2C440&ssl=1&resize=350%2C200 1x, https:\/\/i0.wp.com\/lahoradelcampo.com.uy\/site\/wp-content\/uploads\/2019\/10\/Telleria.jpg?fit=880%2C440&ssl=1&resize=525%2C300 1.5x, https:\/\/i0.wp.com\/lahoradelcampo.com.uy\/site\/wp-content\/uploads\/2019\/10\/Telleria.jpg?fit=880%2C440&ssl=1&resize=700%2C400 2x"},"classes":[]},{"id":46515,"url":"https:\/\/lahoradelcampo.com.uy\/site\/canepa-con-destacados-ganados-en-plaza-rural\/","url_meta":{"origin":46529,"position":5},"title":"C\u00e1nepa con destacados ganados en Plaza Rural","author":"La Hora del Campo","date":"24 octubre, 2022","format":false,"excerpt":"El consorcio de rematadores de Plaza Rural realiza durante los d\u00edas martes 25 y mi\u00e9rcoles 26 de octubre, su venta 256, la segunda del mes de octubre, con un total de 10.878 vacunos y 807 ovinos. Como es tradicional las ventas se realizan desde el Hotel Cottage, con transmisi\u00f3n a\u2026","rel":"","context":"En \u00abActualidad\u00bb","block_context":{"text":"Actualidad","link":"https:\/\/lahoradelcampo.com.uy\/site\/category\/actualidad\/"},"img":{"alt_text":"","src":"https:\/\/i0.wp.com\/lahoradelcampo.com.uy\/site\/wp-content\/uploads\/2022\/10\/canepa-plazarural.jpg?fit=880%2C440&ssl=1&resize=350%2C200","width":350,"height":200,"srcset":"https:\/\/i0.wp.com\/lahoradelcampo.com.uy\/site\/wp-content\/uploads\/2022\/10\/canepa-plazarural.jpg?fit=880%2C440&ssl=1&resize=350%2C200 1x, https:\/\/i0.wp.com\/lahoradelcampo.com.uy\/site\/wp-content\/uploads\/2022\/10\/canepa-plazarural.jpg?fit=880%2C440&ssl=1&resize=525%2C300 1.5x, https:\/\/i0.wp.com\/lahoradelcampo.com.uy\/site\/wp-content\/uploads\/2022\/10\/canepa-plazarural.jpg?fit=880%2C440&ssl=1&resize=700%2C400 2x"},"classes":[]}],"jetpack_likes_enabled":true,"_links":{"self":[{"href":"https:\/\/lahoradelcampo.com.uy\/site\/wp-json\/wp\/v2\/posts\/46529","targetHints":{"allow":["GET"]}}],"collection":[{"href":"https:\/\/lahoradelcampo.com.uy\/site\/wp-json\/wp\/v2\/posts"}],"about":[{"href":"https:\/\/lahoradelcampo.com.uy\/site\/wp-json\/wp\/v2\/types\/post"}],"author":[{"embeddable":true,"href":"https:\/\/lahoradelcampo.com.uy\/site\/wp-json\/wp\/v2\/users\/5"}],"replies":[{"embeddable":true,"href":"https:\/\/lahoradelcampo.com.uy\/site\/wp-json\/wp\/v2\/comments?post=46529"}],"version-history":[{"count":1,"href":"https:\/\/lahoradelcampo.com.uy\/site\/wp-json\/wp\/v2\/posts\/46529\/revisions"}],"predecessor-version":[{"id":46533,"href":"https:\/\/lahoradelcampo.com.uy\/site\/wp-json\/wp\/v2\/posts\/46529\/revisions\/46533"}],"wp:featuredmedia":[{"embeddable":true,"href":"https:\/\/lahoradelcampo.com.uy\/site\/wp-json\/wp\/v2\/media\/46531"}],"wp:attachment":[{"href":"https:\/\/lahoradelcampo.com.uy\/site\/wp-json\/wp\/v2\/media?parent=46529"}],"wp:term":[{"taxonomy":"category","embeddable":true,"href":"https:\/\/lahoradelcampo.com.uy\/site\/wp-json\/wp\/v2\/categories?post=46529"},{"taxonomy":"post_tag","embeddable":true,"href":"https:\/\/lahoradelcampo.com.uy\/site\/wp-json\/wp\/v2\/tags?post=46529"}],"curies":[{"name":"wp","href":"https:\/\/api.w.org\/{rel}","templated":true}]}}