{"id":46525,"date":"2022-10-24T07:41:06","date_gmt":"2022-10-24T10:41:06","guid":{"rendered":"http:\/\/lahoradelcampo.com.uy\/site\/?p=46525"},"modified":"2022-10-24T07:41:11","modified_gmt":"2022-10-24T10:41:11","slug":"productores-divididos-frente-a-una-vacunacion-obligatoria-contra-brucelosis","status":"publish","type":"post","link":"https:\/\/lahoradelcampo.com.uy\/site\/productores-divididos-frente-a-una-vacunacion-obligatoria-contra-brucelosis\/","title":{"rendered":"Productores divididos frente a una vacunaci\u00f3n obligatoria  contra brucelosis"},"content":{"rendered":"\n<figure class=\"wp-block-image\"><img data-recalc-dims=\"1\" loading=\"lazy\" decoding=\"async\" width=\"810\" height=\"405\" data-attachment-id=\"1141\" data-permalink=\"https:\/\/lahoradelcampo.com.uy\/site\/el-endeudamiento-ganadero-abarca-todos-los-terneros-producidos\/pablo-zerbino-aru-4\/\" data-orig-file=\"https:\/\/i0.wp.com\/lahoradelcampo.com.uy\/site\/wp-content\/uploads\/2017\/09\/Pablo-Zerbino-ARU.jpg?fit=880%2C440&amp;ssl=1\" data-orig-size=\"880,440\" data-comments-opened=\"1\" data-image-meta=\"{&quot;aperture&quot;:&quot;0&quot;,&quot;credit&quot;:&quot;Vicente-Manuel-Tort&quot;,&quot;camera&quot;:&quot;&quot;,&quot;caption&quot;:&quot;&quot;,&quot;created_timestamp&quot;:&quot;0&quot;,&quot;copyright&quot;:&quot;Presidencia de la Republica - Sec.Com.Inst.&quot;,&quot;focal_length&quot;:&quot;0&quot;,&quot;iso&quot;:&quot;0&quot;,&quot;shutter_speed&quot;:&quot;0&quot;,&quot;title&quot;:&quot;&quot;,&quot;orientation&quot;:&quot;1&quot;}\" data-image-title=\"Pablo Zerbino ARU\" data-image-description=\"\" data-image-caption=\"\" data-large-file=\"https:\/\/i0.wp.com\/lahoradelcampo.com.uy\/site\/wp-content\/uploads\/2017\/09\/Pablo-Zerbino-ARU.jpg?fit=810%2C405&amp;ssl=1\" src=\"https:\/\/i0.wp.com\/lahoradelcampo.com.uy\/site\/wp-content\/uploads\/2017\/09\/Pablo-Zerbino-ARU.jpg?resize=810%2C405\" alt=\"\" class=\"wp-image-1141\" srcset=\"https:\/\/i0.wp.com\/lahoradelcampo.com.uy\/site\/wp-content\/uploads\/2017\/09\/Pablo-Zerbino-ARU.jpg?w=880&amp;ssl=1 880w, https:\/\/i0.wp.com\/lahoradelcampo.com.uy\/site\/wp-content\/uploads\/2017\/09\/Pablo-Zerbino-ARU.jpg?resize=300%2C150&amp;ssl=1 300w, https:\/\/i0.wp.com\/lahoradelcampo.com.uy\/site\/wp-content\/uploads\/2017\/09\/Pablo-Zerbino-ARU.jpg?resize=768%2C384&amp;ssl=1 768w, https:\/\/i0.wp.com\/lahoradelcampo.com.uy\/site\/wp-content\/uploads\/2017\/09\/Pablo-Zerbino-ARU.jpg?resize=820%2C410&amp;ssl=1 820w\" sizes=\"auto, (max-width: 810px) 100vw, 810px\" \/><\/figure>\n\n\n\n<p>El Ministerio de Ganader\u00eda, Agricultura y Pesca (MGAP) ha realizado una conferencia de prensa el mi\u00e9rcoles, dando a conocer la situaci\u00f3n actual de la Brucelosis en el pa\u00eds. Donde el propio ministro, Ing. Agr. Fernando Mattos, dijo \u00abno creo en los resultados por obligatoriedad\u00bb y en este sentido record\u00f3 que el pa\u00eds atraves\u00f3 la pandemia del Covid-19 y \u00aba nadie se le ocurri\u00f3 obligar a la gente a recluirse y tampoco obligo a la gente a isoparse\u00bb y puso como ejemplo lo acontecido en el departamento de Paysand\u00fa, donde con la obligatoriedad de la vacunaci\u00f3n \u00abel nivel de adhesi\u00f3n fue relativo\u00bb. <br><\/p>\n\n\n\n<p>En base a lo mencionado en dicho encuentro la campa\u00f1a continuar\u00e1 dentro de los lineamientos que se ha venido manejando, de control de la enfermedad, y se analiza la posibilidad de en algunas caba\u00f1as del pa\u00eds, cumpliendo con ciertas normativas, puedan realizar ventas de reproductores. <br><\/p>\n\n\n\n<p>El Dr. Pablo Zerbino, representante de ARU en la Comisi\u00f3n Nacional Honoraria de Salud Animal (CONHASA) dijo que \u00abda la impresi\u00f3n de ha tenido un repique importante\u00bb la enfermedad en el pa\u00eds, porque est\u00e1 \u00abafectando algunas zonas y particularmente caba\u00f1as, que es un poco la novedad\u00bb. Adem\u00e1s agreg\u00f3 que en este caso se est\u00e1 observando una \u00abalta incidencia en machos y tambi\u00e9n en la mayor parte de los focos que se est\u00e1n viendo, no hay abortos, que ese es el s\u00edntoma cl\u00ednico m\u00e1s t\u00edpico de esta enfermedad\u00bb. <br><\/p>\n\n\n\n<p>Desde su punto de vista habr\u00e1 que revisar la campa\u00f1a contra la enfermedad \u00abporque tiene muchos a\u00f1os. All\u00e1 en el 96 se dej\u00f3 vacunar contra CEPA 19, que era lo que se hac\u00eda y hab\u00eda habido un control muy muy importante de esta afecci\u00f3n, y de ah\u00ed para este lado de no se ha vacunado m\u00e1s, se ha hecho la campa\u00f1a actual y creo que es hora de revisarla y ajustarla\u00bb.<br><\/p>\n\n\n\n<p>Los ajustes que mencion\u00f3 se deben principalmente realizar en el caso de las restricciones que genera ser un foco, con \u00ablas interdicciones y todos los manejos necesarios para poder estar libre nuevamente\u00bb, los cuales entiende que \u00abson duros y de plazo largo. Muchos casos llevan a un importante castigo de alguna manera en la parte econ\u00f3mica de los productores\u00bb. <br><\/p>\n\n\n\n<p>Zerbino record\u00f3 la utilizaci\u00f3n de la vacunaci\u00f3n como una herramienta importante de la campa\u00f1a. Sin embargo reconoci\u00f3 que en el caso de las caba\u00f1as afectadas \u00abla mayor\u00eda no ha vacunado, no tengo certeza total, pero he escuchado eso y creo que hoy por hoy debe ser una obligaci\u00f3n para las caba\u00f1as, m\u00e1s estando la vacuna disponible\u00bb. <br><\/p>\n\n\n\n<p>Sobre el planteamiento de la vacunaci\u00f3n obligatoria que se ha solicitado por parte de algunos productores y m\u00e9dicos veterinarios del ejercicio liberal, Zerbino dijo que esto ha sido planteado en ARU y que en particular \u00abyo comparto\u00bb. Sin embargo advirti\u00f3 que \u00abhay alguna dificultad o por lo menos alguna discrepancia en hacerlo obligatorio\u00bb. <br><\/p>\n\n\n\n<p>En este sentido dijo que existen argumentos como que \u00abes una vacuna cara y la tiene que comprar el productor\u00bb. El profesional indic\u00f3 que, por ejemplo, \u00abla vacunaci\u00f3n de aftosa es obligatoria pero la vacuna, si bien el productor la paga por otro lado, la da el Ministerio. La vacuna, como digo, es cara, porque la tiene que comprar el productor y hay que ver c\u00f3mo se llevan los controles. Hay que trabajar un poquito m\u00e1s\u00bb.<br><\/p>\n\n\n\n<p>Al ser consultado sobre el impacto econ\u00f3mico en la cadena c\u00e1rnica, Zerbino concord\u00f3 que la enfermedad \u00abde ninguna manera\u00bb tiene impacto en la comercializaci\u00f3n y el consumo de la carne. \u00abUna vez faenado el animal, no hay riesgo. El riesgo potencial podr\u00eda estar en el momento de la faena, porque podr\u00eda estar evidentemente siendo un foco de contagio para el operador, pero una vez que la carne est\u00e1 en la cocci\u00f3n, eso absolutamente destruye el microorganismo y no hay ning\u00fan riesgo por ese lado\u00bb. <br><\/p>\n\n\n\n<p>Por lo tanto entiende que el impacto econ\u00f3mico de las medidas restrictivas de la campa\u00f1a, impactan \u00fanicamente \u00absobre el productor\u00bb. Por lo tanto dijo que esta situaci\u00f3n ha venido para \u00abhacer una revisi\u00f3n profunda de la realidad, y como digo, hay leyes que son de mucho tiempo y hay situaciones que hay que revisarlas, actualizarlas\u00bb. <\/p>\n\n\n\n<p>Salto, lunes 24 de octubre de 2022<\/p>\n","protected":false},"excerpt":{"rendered":"<p>El Ministerio de Ganader\u00eda, Agricultura y Pesca (MGAP) ha realizado una conferencia de prensa el mi\u00e9rcoles, dando a conocer la situaci\u00f3n actual de la Brucelosis en el pa\u00eds. Donde el [&hellip;]<\/p>\n","protected":false},"author":5,"featured_media":1141,"comment_status":"open","ping_status":"open","sticky":false,"template":"","format":"standard","meta":{"_price":"","_stock":"","_tribe_ticket_header":"","_tribe_default_ticket_provider":"","_tribe_ticket_capacity":"0","_ticket_start_date":"","_ticket_end_date":"","_tribe_ticket_show_description":"","_tribe_ticket_show_not_going":false,"_tribe_ticket_use_global_stock":"","_tribe_ticket_global_stock_level":"","_global_stock_mode":"","_global_stock_cap":"","_tribe_rsvp_for_event":"","_tribe_ticket_going_count":"","_tribe_ticket_not_going_count":"","_tribe_tickets_list":"[]","_tribe_ticket_has_attendee_info_fields":false,"h5ap_radio_sources":[],"_jetpack_newsletter_access":"","_jetpack_dont_email_post_to_subs":false,"_jetpack_newsletter_tier_id":0,"_jetpack_memberships_contains_paywalled_content":false,"_jetpack_memberships_contains_paid_content":false,"footnotes":""},"categories":[21,5],"tags":[],"class_list":["post-46525","post","type-post","status-publish","format-standard","has-post-thumbnail","hentry","category-actualidad","category-ganaderia"],"jetpack_featured_media_url":"https:\/\/i0.wp.com\/lahoradelcampo.com.uy\/site\/wp-content\/uploads\/2017\/09\/Pablo-Zerbino-ARU.jpg?fit=880%2C440&ssl=1","jetpack_sharing_enabled":true,"jetpack_shortlink":"https:\/\/wp.me\/p99IaT-c6p","jetpack-related-posts":[{"id":36619,"url":"https:\/\/lahoradelcampo.com.uy\/site\/el-mgap-levanto-la-vacunacion-obligatoria-para-brucelosis-en-paysandu\/","url_meta":{"origin":46525,"position":0},"title":"El MGAP levant\u00f3 la vacunaci\u00f3n obligatoria para  Brucelosis en Paysand\u00fa","author":"La Hora del Campo","date":"16 noviembre, 2021","format":false,"excerpt":"La Direcci\u00f3n General de los Servicios Ganaderos del Ministerio de Ganader\u00eda, Agricultura y Pesca (MGAP), resolvi\u00f3 dejar sin efecto la vacunaci\u00f3n y revacunaci\u00f3n obligatorias contra la Brucelosis bovina con la vacuna Brucella abortus RB51, en el departamento de Paysand\u00fa. La medida era aplicada para todas las hembras bovinas mayores de\u2026","rel":"","context":"En \u00abActualidad\u00bb","block_context":{"text":"Actualidad","link":"https:\/\/lahoradelcampo.com.uy\/site\/category\/actualidad\/"},"img":{"alt_text":"","src":"https:\/\/i0.wp.com\/lahoradelcampo.com.uy\/site\/wp-content\/uploads\/2021\/11\/Defreitas.jpg?fit=880%2C440&ssl=1&resize=350%2C200","width":350,"height":200,"srcset":"https:\/\/i0.wp.com\/lahoradelcampo.com.uy\/site\/wp-content\/uploads\/2021\/11\/Defreitas.jpg?fit=880%2C440&ssl=1&resize=350%2C200 1x, https:\/\/i0.wp.com\/lahoradelcampo.com.uy\/site\/wp-content\/uploads\/2021\/11\/Defreitas.jpg?fit=880%2C440&ssl=1&resize=525%2C300 1.5x, https:\/\/i0.wp.com\/lahoradelcampo.com.uy\/site\/wp-content\/uploads\/2021\/11\/Defreitas.jpg?fit=880%2C440&ssl=1&resize=700%2C400 2x"},"classes":[]},{"id":46767,"url":"https:\/\/lahoradelcampo.com.uy\/site\/de-no-tener-brucelosis-salto-registra-con-19-focos-esta-semana\/","url_meta":{"origin":46525,"position":1},"title":"De no tener Brucelosis, Salto registra con 19 focos esta semana","author":"La Hora del Campo","date":"4 noviembre, 2022","format":false,"excerpt":"La brucelosis es un problema que se expande cada vez m\u00e1s, a medida que el Ministerio de Ganader\u00eda, Agricultura y Pesca (MGAP) comienza a buscar en los linderos a los focos que se vienen registrando, por lo que es claro que la estrategia llevada a cabo hasta el momento contin\u00faa\u2026","rel":"","context":"En \u00abActualidad\u00bb","block_context":{"text":"Actualidad","link":"https:\/\/lahoradelcampo.com.uy\/site\/category\/actualidad\/"},"img":{"alt_text":"","src":"https:\/\/i0.wp.com\/lahoradelcampo.com.uy\/site\/wp-content\/uploads\/2022\/10\/Brucelosispositiva.jpg?fit=880%2C440&ssl=1&resize=350%2C200","width":350,"height":200,"srcset":"https:\/\/i0.wp.com\/lahoradelcampo.com.uy\/site\/wp-content\/uploads\/2022\/10\/Brucelosispositiva.jpg?fit=880%2C440&ssl=1&resize=350%2C200 1x, https:\/\/i0.wp.com\/lahoradelcampo.com.uy\/site\/wp-content\/uploads\/2022\/10\/Brucelosispositiva.jpg?fit=880%2C440&ssl=1&resize=525%2C300 1.5x, https:\/\/i0.wp.com\/lahoradelcampo.com.uy\/site\/wp-content\/uploads\/2022\/10\/Brucelosispositiva.jpg?fit=880%2C440&ssl=1&resize=700%2C400 2x"},"classes":[]},{"id":4145,"url":"https:\/\/lahoradelcampo.com.uy\/site\/brucelosis-federacion-rural-solicito-la-vacunacion-obligatoria-en-paysandu\/","url_meta":{"origin":46525,"position":2},"title":"Brucelosis: Federaci\u00f3n Rural solicit\u00f3 la vacunaci\u00f3n obligatoria en Paysand\u00fa","author":"La Hora del Campo","date":"22 noviembre, 2017","format":false,"excerpt":"La Federaci\u00f3n Rural del Uruguay sostiene que la situaci\u00f3n de Brucelosis en Paysand\u00fa se encuentra muy complicada. El Ing. Agr. Jorge Riani, presidente de la gremial dijo que se solicit\u00f3 al Ministerio de Ganader\u00eda, Agricultura y Pesca que se aplicara la vacunaci\u00f3n obligatoria de todas las terneras y vaquillonas de\u2026","rel":"","context":"En \u00abActualidad\u00bb","block_context":{"text":"Actualidad","link":"https:\/\/lahoradelcampo.com.uy\/site\/category\/actualidad\/"},"img":{"alt_text":"","src":"https:\/\/i0.wp.com\/lahoradelcampo.com.uy\/site\/wp-content\/uploads\/2017\/11\/Jorge.jpg?fit=880%2C440&ssl=1&resize=350%2C200","width":350,"height":200,"srcset":"https:\/\/i0.wp.com\/lahoradelcampo.com.uy\/site\/wp-content\/uploads\/2017\/11\/Jorge.jpg?fit=880%2C440&ssl=1&resize=350%2C200 1x, https:\/\/i0.wp.com\/lahoradelcampo.com.uy\/site\/wp-content\/uploads\/2017\/11\/Jorge.jpg?fit=880%2C440&ssl=1&resize=525%2C300 1.5x, https:\/\/i0.wp.com\/lahoradelcampo.com.uy\/site\/wp-content\/uploads\/2017\/11\/Jorge.jpg?fit=880%2C440&ssl=1&resize=700%2C400 2x"},"classes":[]},{"id":46255,"url":"https:\/\/lahoradelcampo.com.uy\/site\/predios-con-vacunacion-dieron-positivos-a-brucelosis-en-salto\/","url_meta":{"origin":46525,"position":3},"title":"Predios con vacunaci\u00f3n,  dieron positivos a Brucelosis en Salto","author":"La Hora del Campo","date":"13 octubre, 2022","format":false,"excerpt":"El Dr. Elbio Roig, representante de los productores en la Comisi\u00f3n Departamental de Sanidad Animal de Salto, dijo que en el departamento \"estamos siguiendo el tema con preocupaci\u00f3n, porque pasamos de no tener focos activos, a tener seis casos. No est\u00e1n concentrados pero tienen una relaci\u00f3n de donde est\u00e1n, y\u2026","rel":"","context":"En \u00abActualidad\u00bb","block_context":{"text":"Actualidad","link":"https:\/\/lahoradelcampo.com.uy\/site\/category\/actualidad\/"},"img":{"alt_text":"","src":"https:\/\/i0.wp.com\/lahoradelcampo.com.uy\/site\/wp-content\/uploads\/2022\/10\/Brucelosispositiva.jpg?fit=880%2C440&ssl=1&resize=350%2C200","width":350,"height":200,"srcset":"https:\/\/i0.wp.com\/lahoradelcampo.com.uy\/site\/wp-content\/uploads\/2022\/10\/Brucelosispositiva.jpg?fit=880%2C440&ssl=1&resize=350%2C200 1x, https:\/\/i0.wp.com\/lahoradelcampo.com.uy\/site\/wp-content\/uploads\/2022\/10\/Brucelosispositiva.jpg?fit=880%2C440&ssl=1&resize=525%2C300 1.5x, https:\/\/i0.wp.com\/lahoradelcampo.com.uy\/site\/wp-content\/uploads\/2022\/10\/Brucelosispositiva.jpg?fit=880%2C440&ssl=1&resize=700%2C400 2x"},"classes":[]},{"id":4793,"url":"https:\/\/lahoradelcampo.com.uy\/site\/habran-importantes-anuncios-sobre-brucelosis-y-aftosa\/","url_meta":{"origin":46525,"position":4},"title":"Habr\u00e1n importantes anuncios sobre brucelosis y aftosa","author":"La Hora del Campo","date":"11 diciembre, 2017","format":false,"excerpt":"En la jornada de hoy, 11 de diciembre en Paysand\u00fa se reunir\u00e1 la Comisi\u00f3n Honoraria Nacional de Sanidad Animal (Cohnasa), conjuntamente con la Comisi\u00f3n Departamental de Sanidad Animal de Paysand\u00fa, donde se trataran dos temas de suma importancia dentro del temario general programado para hoy. Seg\u00fan explic\u00f3 el Dr. Eduardo\u2026","rel":"","context":"En \u00abActualidad\u00bb","block_context":{"text":"Actualidad","link":"https:\/\/lahoradelcampo.com.uy\/site\/category\/actualidad\/"},"img":{"alt_text":"","src":"https:\/\/i0.wp.com\/lahoradelcampo.com.uy\/site\/wp-content\/uploads\/2017\/10\/Barre.jpg?fit=880%2C440&ssl=1&resize=350%2C200","width":350,"height":200,"srcset":"https:\/\/i0.wp.com\/lahoradelcampo.com.uy\/site\/wp-content\/uploads\/2017\/10\/Barre.jpg?fit=880%2C440&ssl=1&resize=350%2C200 1x, https:\/\/i0.wp.com\/lahoradelcampo.com.uy\/site\/wp-content\/uploads\/2017\/10\/Barre.jpg?fit=880%2C440&ssl=1&resize=525%2C300 1.5x, https:\/\/i0.wp.com\/lahoradelcampo.com.uy\/site\/wp-content\/uploads\/2017\/10\/Barre.jpg?fit=880%2C440&ssl=1&resize=700%2C400 2x"},"classes":[]},{"id":4855,"url":"https:\/\/lahoradelcampo.com.uy\/site\/paysandu-en-2018-debera-vacunar-con-rb51\/","url_meta":{"origin":46525,"position":5},"title":"Paysand\u00fa en 2018 deber\u00e1 vacunar con RB51","author":"La Hora del Campo","date":"13 diciembre, 2017","format":false,"excerpt":"En la reuni\u00f3n de la Comisi\u00f3n Nacional Honoraria de Sanidad Animal (Conhasa) realizada en Paysand\u00fa este lunes, se defini\u00f3 la vacunaci\u00f3n obligatoria contra la brucelosis bovina en todo el departamento vecino y se incluy\u00f3 en esa decisi\u00f3n a las seccionales policiales linderas de los departamentos de Tacuaremb\u00f3, R\u00edo Negro y\u2026","rel":"","context":"En \u00abActualidad\u00bb","block_context":{"text":"Actualidad","link":"https:\/\/lahoradelcampo.com.uy\/site\/category\/actualidad\/"},"img":{"alt_text":"","src":"https:\/\/i0.wp.com\/lahoradelcampo.com.uy\/site\/wp-content\/uploads\/2017\/12\/Conhasa.jpg?fit=880%2C440&ssl=1&resize=350%2C200","width":350,"height":200,"srcset":"https:\/\/i0.wp.com\/lahoradelcampo.com.uy\/site\/wp-content\/uploads\/2017\/12\/Conhasa.jpg?fit=880%2C440&ssl=1&resize=350%2C200 1x, https:\/\/i0.wp.com\/lahoradelcampo.com.uy\/site\/wp-content\/uploads\/2017\/12\/Conhasa.jpg?fit=880%2C440&ssl=1&resize=525%2C300 1.5x, https:\/\/i0.wp.com\/lahoradelcampo.com.uy\/site\/wp-content\/uploads\/2017\/12\/Conhasa.jpg?fit=880%2C440&ssl=1&resize=700%2C400 2x"},"classes":[]}],"jetpack_likes_enabled":true,"_links":{"self":[{"href":"https:\/\/lahoradelcampo.com.uy\/site\/wp-json\/wp\/v2\/posts\/46525","targetHints":{"allow":["GET"]}}],"collection":[{"href":"https:\/\/lahoradelcampo.com.uy\/site\/wp-json\/wp\/v2\/posts"}],"about":[{"href":"https:\/\/lahoradelcampo.com.uy\/site\/wp-json\/wp\/v2\/types\/post"}],"author":[{"embeddable":true,"href":"https:\/\/lahoradelcampo.com.uy\/site\/wp-json\/wp\/v2\/users\/5"}],"replies":[{"embeddable":true,"href":"https:\/\/lahoradelcampo.com.uy\/site\/wp-json\/wp\/v2\/comments?post=46525"}],"version-history":[{"count":1,"href":"https:\/\/lahoradelcampo.com.uy\/site\/wp-json\/wp\/v2\/posts\/46525\/revisions"}],"predecessor-version":[{"id":46527,"href":"https:\/\/lahoradelcampo.com.uy\/site\/wp-json\/wp\/v2\/posts\/46525\/revisions\/46527"}],"wp:featuredmedia":[{"embeddable":true,"href":"https:\/\/lahoradelcampo.com.uy\/site\/wp-json\/wp\/v2\/media\/1141"}],"wp:attachment":[{"href":"https:\/\/lahoradelcampo.com.uy\/site\/wp-json\/wp\/v2\/media?parent=46525"}],"wp:term":[{"taxonomy":"category","embeddable":true,"href":"https:\/\/lahoradelcampo.com.uy\/site\/wp-json\/wp\/v2\/categories?post=46525"},{"taxonomy":"post_tag","embeddable":true,"href":"https:\/\/lahoradelcampo.com.uy\/site\/wp-json\/wp\/v2\/tags?post=46525"}],"curies":[{"name":"wp","href":"https:\/\/api.w.org\/{rel}","templated":true}]}}