{"id":46515,"date":"2022-10-24T07:23:44","date_gmt":"2022-10-24T10:23:44","guid":{"rendered":"http:\/\/lahoradelcampo.com.uy\/site\/?p=46515"},"modified":"2022-10-24T07:23:48","modified_gmt":"2022-10-24T10:23:48","slug":"canepa-con-destacados-ganados-en-plaza-rural","status":"publish","type":"post","link":"https:\/\/lahoradelcampo.com.uy\/site\/canepa-con-destacados-ganados-en-plaza-rural\/","title":{"rendered":"C\u00e1nepa con destacados ganados en Plaza Rural"},"content":{"rendered":"\n<figure class=\"wp-block-image\"><img data-recalc-dims=\"1\" loading=\"lazy\" decoding=\"async\" width=\"810\" height=\"405\" data-attachment-id=\"46517\" data-permalink=\"https:\/\/lahoradelcampo.com.uy\/site\/canepa-con-destacados-ganados-en-plaza-rural\/canepa-plazarural\/\" data-orig-file=\"https:\/\/i0.wp.com\/lahoradelcampo.com.uy\/site\/wp-content\/uploads\/2022\/10\/canepa-plazarural.jpg?fit=880%2C440&amp;ssl=1\" data-orig-size=\"880,440\" data-comments-opened=\"1\" data-image-meta=\"{&quot;aperture&quot;:&quot;0&quot;,&quot;credit&quot;:&quot;&quot;,&quot;camera&quot;:&quot;&quot;,&quot;caption&quot;:&quot;&quot;,&quot;created_timestamp&quot;:&quot;0&quot;,&quot;copyright&quot;:&quot;&quot;,&quot;focal_length&quot;:&quot;0&quot;,&quot;iso&quot;:&quot;0&quot;,&quot;shutter_speed&quot;:&quot;0&quot;,&quot;title&quot;:&quot;&quot;,&quot;orientation&quot;:&quot;1&quot;}\" data-image-title=\"canepa-plazarural\" data-image-description=\"\" data-image-caption=\"\" data-large-file=\"https:\/\/i0.wp.com\/lahoradelcampo.com.uy\/site\/wp-content\/uploads\/2022\/10\/canepa-plazarural.jpg?fit=810%2C405&amp;ssl=1\" src=\"https:\/\/i0.wp.com\/lahoradelcampo.com.uy\/site\/wp-content\/uploads\/2022\/10\/canepa-plazarural.jpg?resize=810%2C405\" alt=\"\" class=\"wp-image-46517\" srcset=\"https:\/\/i0.wp.com\/lahoradelcampo.com.uy\/site\/wp-content\/uploads\/2022\/10\/canepa-plazarural.jpg?w=880&amp;ssl=1 880w, https:\/\/i0.wp.com\/lahoradelcampo.com.uy\/site\/wp-content\/uploads\/2022\/10\/canepa-plazarural.jpg?resize=300%2C150&amp;ssl=1 300w, https:\/\/i0.wp.com\/lahoradelcampo.com.uy\/site\/wp-content\/uploads\/2022\/10\/canepa-plazarural.jpg?resize=768%2C384&amp;ssl=1 768w, https:\/\/i0.wp.com\/lahoradelcampo.com.uy\/site\/wp-content\/uploads\/2022\/10\/canepa-plazarural.jpg?resize=820%2C410&amp;ssl=1 820w\" sizes=\"auto, (max-width: 810px) 100vw, 810px\" \/><\/figure>\n\n\n\n<p>El consorcio de rematadores de Plaza Rural realiza durante los d\u00edas martes 25 y mi\u00e9rcoles 26 de octubre, su venta 256, la segunda del mes de octubre, con un total de 10.878 vacunos y 807 ovinos. Como es tradicional las ventas se realizan desde el Hotel Cottage, con transmisi\u00f3n a trav\u00e9s de TV Cable, Direct TV, Internet, dispositivos m\u00f3viles y streaming de audio. <br><\/p>\n\n\n\n<p>El martillero Francisco C\u00e1nepa dijo \u00abvamos con muy lindos lotes, con ganados de Artigas, Salto, Paysand\u00fa y R\u00edo Negro\u00bb. En este sentido remarc\u00f3 que se tiene \u00abuna linda oferta de novillos de 1 a 2 a\u00f1os, tanto por volumen como por calidad, entrando ganados Hereford de estancia El Recreo, novillos de 2 a 3 a\u00f1os Hereford de Sucesores de Juan C. Lluberas y tambi\u00e9n de estancia El Curup\u00ed, as\u00ed como tambi\u00e9n terneras Red Angus de Fayer de Paysand\u00fa\u00bb<br><\/p>\n\n\n\n<p>Adem\u00e1s indic\u00f3 que el escritorio, en el marco de la zafra de reproductores lleva toros Aberdeen Angus de Caba\u00f1a El Terer\u00e9, \u00abgen\u00e9tica reconocida en el pa\u00eds, ganados con mucha historia y que imprimen muy bien. Todos los toros son de pedigree y con sus datos de EPD\u00bb. <br><\/p>\n\n\n\n<p>C\u00e1nepa record\u00f3 que \u00abhace 33 a\u00f1os\u00bb que realiza el \u00abremate de Teller\u00eda y 29 a\u00f1os vivimos mirando para arriba\u00bb en relaci\u00f3n a las precipitaciones, por lo que consider\u00f3 que las lluvias que se registraron en las \u00faltimas jornadas dar\u00e1n un est\u00edmulo adicional al remate. <br><\/p>\n\n\n\n<p>\u00abSiempre sucede que llueve un poco m\u00e1s o un poco menos, todos los a\u00f1os, pero la verdad que hay partes ac\u00e1 en el norte que no se puede hablar m\u00e1s de seca\u00bb se\u00f1al\u00f3 el consignatario, qui\u00e9n adem\u00e1s dijo que \u00aba veces nos dejamos sugestionar de m\u00e1s por ciertas circunstancias, que no siempre ocurren, si miramos llovi\u00f3 hasta 160 mil\u00edmetros ac\u00e1 en el norte\u00bb. <\/p>\n\n\n\n<p>Salto, lunes 24 de octubre de 2022<\/p>\n","protected":false},"excerpt":{"rendered":"<p>El consorcio de rematadores de Plaza Rural realiza durante los d\u00edas martes 25 y mi\u00e9rcoles 26 de octubre, su venta 256, la segunda del mes de octubre, con un total [&hellip;]<\/p>\n","protected":false},"author":5,"featured_media":46517,"comment_status":"open","ping_status":"open","sticky":false,"template":"","format":"standard","meta":{"_price":"","_stock":"","_tribe_ticket_header":"","_tribe_default_ticket_provider":"","_tribe_ticket_capacity":"0","_ticket_start_date":"","_ticket_end_date":"","_tribe_ticket_show_description":"","_tribe_ticket_show_not_going":false,"_tribe_ticket_use_global_stock":"","_tribe_ticket_global_stock_level":"","_global_stock_mode":"","_global_stock_cap":"","_tribe_rsvp_for_event":"","_tribe_ticket_going_count":"","_tribe_ticket_not_going_count":"","_tribe_tickets_list":"[]","_tribe_ticket_has_attendee_info_fields":false,"h5ap_radio_sources":[],"_jetpack_newsletter_access":"","_jetpack_dont_email_post_to_subs":false,"_jetpack_newsletter_tier_id":0,"_jetpack_memberships_contains_paywalled_content":false,"_jetpack_memberships_contains_paid_content":false,"footnotes":""},"categories":[21,5],"tags":[],"class_list":["post-46515","post","type-post","status-publish","format-standard","has-post-thumbnail","hentry","category-actualidad","category-ganaderia"],"jetpack_featured_media_url":"https:\/\/i0.wp.com\/lahoradelcampo.com.uy\/site\/wp-content\/uploads\/2022\/10\/canepa-plazarural.jpg?fit=880%2C440&ssl=1","jetpack_sharing_enabled":true,"jetpack_shortlink":"https:\/\/wp.me\/p99IaT-c6f","jetpack-related-posts":[{"id":41111,"url":"https:\/\/lahoradelcampo.com.uy\/site\/con-25-000-vacunos-plaza-rural-remata-desde-el-martes-26\/","url_meta":{"origin":46515,"position":0},"title":"Con 25.000 vacunos Plaza Rural remata desde el martes 26","author":"La Hora del Campo","date":"24 abril, 2022","format":false,"excerpt":"Desde el martes 26 hasta el jueves 28 de abril, Plaza Rural realizar\u00e1 su remate 247, con una oferta de 25.399 vacunos y 190 ovinos, donde se incluye en la oportunidad el Plaza Braford, con ganados certificados por la Sociedad de Criadores de Braford & Ceb\u00fa del Uruguay. Como es\u2026","rel":"","context":"En \u00abActualidad\u00bb","block_context":{"text":"Actualidad","link":"https:\/\/lahoradelcampo.com.uy\/site\/category\/actualidad\/"},"img":{"alt_text":"","src":"https:\/\/i0.wp.com\/lahoradelcampo.com.uy\/site\/wp-content\/uploads\/2019\/06\/Canepa-2.jpg?fit=880%2C440&ssl=1&resize=350%2C200","width":350,"height":200,"srcset":"https:\/\/i0.wp.com\/lahoradelcampo.com.uy\/site\/wp-content\/uploads\/2019\/06\/Canepa-2.jpg?fit=880%2C440&ssl=1&resize=350%2C200 1x, https:\/\/i0.wp.com\/lahoradelcampo.com.uy\/site\/wp-content\/uploads\/2019\/06\/Canepa-2.jpg?fit=880%2C440&ssl=1&resize=525%2C300 1.5x, https:\/\/i0.wp.com\/lahoradelcampo.com.uy\/site\/wp-content\/uploads\/2019\/06\/Canepa-2.jpg?fit=880%2C440&ssl=1&resize=700%2C400 2x"},"classes":[]},{"id":54028,"url":"https:\/\/lahoradelcampo.com.uy\/site\/canepa-con-ganados-deexcelente-calidad-en-elremate-289-de-plaza-rural\/","url_meta":{"origin":46515,"position":1},"title":"C\u00e1nepa con ganados deexcelente calidad en elremate 289 de Plaza Rural","author":"La Hora del Campo","date":"24 julio, 2024","format":false,"excerpt":"El remate 289\u00b0 de Plaza Rural se realizar\u00e1 hoy mi\u00e9rcoles y ma\u00f1ana jueves, donde el consorcio celebrar\u00e1 su 23\u00b0 aniversario. Las ventas se realizan como siempre desde Hotel Cottage, por TV cable, Internet, streaming de audio, y la App de Plaza Rural. Se ofrecer\u00e1n en esta oportunidad 17.531 vacunos y\u2026","rel":"","context":"En \u00abActualidad\u00bb","block_context":{"text":"Actualidad","link":"https:\/\/lahoradelcampo.com.uy\/site\/category\/actualidad\/"},"img":{"alt_text":"","src":"https:\/\/i0.wp.com\/lahoradelcampo.com.uy\/site\/wp-content\/uploads\/2024\/07\/FranciscoCanepa.jpg?fit=880%2C440&ssl=1&resize=350%2C200","width":350,"height":200,"srcset":"https:\/\/i0.wp.com\/lahoradelcampo.com.uy\/site\/wp-content\/uploads\/2024\/07\/FranciscoCanepa.jpg?fit=880%2C440&ssl=1&resize=350%2C200 1x, https:\/\/i0.wp.com\/lahoradelcampo.com.uy\/site\/wp-content\/uploads\/2024\/07\/FranciscoCanepa.jpg?fit=880%2C440&ssl=1&resize=525%2C300 1.5x, https:\/\/i0.wp.com\/lahoradelcampo.com.uy\/site\/wp-content\/uploads\/2024\/07\/FranciscoCanepa.jpg?fit=880%2C440&ssl=1&resize=700%2C400 2x"},"classes":[]},{"id":49674,"url":"https:\/\/lahoradelcampo.com.uy\/site\/plaza-rural-registro-fuerte-demanda-en-su-tercera-venta-de-marzo\/","url_meta":{"origin":46515,"position":2},"title":"Plaza Rural registr\u00f3 fuerte demanda en su tercera venta de marzo","author":"La Hora del Campo","date":"3 abril, 2023","format":false,"excerpt":"Con la venta de 19.346 vacunos, Plaza Rural realiz\u00f3 su tercera venta del mes de marzo con gran \u00e9xito, logrando vender el 90% de lo ofertado, incluyendo el Plaza Hereford. El director del escritorio Ruben F Canepa, Francisco Anselmo C\u00e1nepa, destac\u00f3 que fue \"un muy buen remate, nuevamente con subas\u2026","rel":"","context":"En \u00abActualidad\u00bb","block_context":{"text":"Actualidad","link":"https:\/\/lahoradelcampo.com.uy\/site\/category\/actualidad\/"},"img":{"alt_text":"","src":"https:\/\/i0.wp.com\/lahoradelcampo.com.uy\/site\/wp-content\/uploads\/2017\/10\/PlazaRuralcanepa.jpg?fit=880%2C440&ssl=1&resize=350%2C200","width":350,"height":200,"srcset":"https:\/\/i0.wp.com\/lahoradelcampo.com.uy\/site\/wp-content\/uploads\/2017\/10\/PlazaRuralcanepa.jpg?fit=880%2C440&ssl=1&resize=350%2C200 1x, https:\/\/i0.wp.com\/lahoradelcampo.com.uy\/site\/wp-content\/uploads\/2017\/10\/PlazaRuralcanepa.jpg?fit=880%2C440&ssl=1&resize=525%2C300 1.5x, https:\/\/i0.wp.com\/lahoradelcampo.com.uy\/site\/wp-content\/uploads\/2017\/10\/PlazaRuralcanepa.jpg?fit=880%2C440&ssl=1&resize=700%2C400 2x"},"classes":[]},{"id":19720,"url":"https:\/\/lahoradelcampo.com.uy\/site\/plaza-rural-remata-a-partir-de-hoy-una-destacada-oferta-en-cinco-dias\/","url_meta":{"origin":46515,"position":3},"title":"Plaza Rural remata a partir de hoy una destacada oferta en cinco d\u00edas","author":"La Hora del Campo","date":"13 mayo, 2020","format":false,"excerpt":"Nuevamente Plaza Rural logra por segundo mes consecutivo, una de las consignaciones de ganado m\u00e1s altas de su historia, en su venta 220 con Plaza Angus, que se desarrollar\u00e1 desde hoy mi\u00e9rcoles 13, ma\u00f1ana jueves 14, el viernes 15, el martes 19 y cierra el mi\u00e9rcoles 20 en forma 100%\u2026","rel":"","context":"En \u00abActualidad\u00bb","block_context":{"text":"Actualidad","link":"https:\/\/lahoradelcampo.com.uy\/site\/category\/actualidad\/"},"img":{"alt_text":"","src":"https:\/\/i0.wp.com\/lahoradelcampo.com.uy\/site\/wp-content\/uploads\/2017\/10\/PlazaRuralcanepa.jpg?fit=880%2C440&ssl=1&resize=350%2C200","width":350,"height":200,"srcset":"https:\/\/i0.wp.com\/lahoradelcampo.com.uy\/site\/wp-content\/uploads\/2017\/10\/PlazaRuralcanepa.jpg?fit=880%2C440&ssl=1&resize=350%2C200 1x, https:\/\/i0.wp.com\/lahoradelcampo.com.uy\/site\/wp-content\/uploads\/2017\/10\/PlazaRuralcanepa.jpg?fit=880%2C440&ssl=1&resize=525%2C300 1.5x, https:\/\/i0.wp.com\/lahoradelcampo.com.uy\/site\/wp-content\/uploads\/2017\/10\/PlazaRuralcanepa.jpg?fit=880%2C440&ssl=1&resize=700%2C400 2x"},"classes":[]},{"id":42717,"url":"https:\/\/lahoradelcampo.com.uy\/site\/canepa-en-la-primavera-la-oferta-va-a-ser-bastante-escasa\/","url_meta":{"origin":46515,"position":4},"title":"C\u00e1nepa: \u00abEn la primavera la oferta va a ser bastante escasa\u00bb","author":"La Hora del Campo","date":"13 junio, 2022","format":false,"excerpt":"Plaza Rural realizar\u00e1 esta semana su remate 249, con una oferta de 2.157 ovinos y 16.572 vacunos, que entraran a pista en tres d\u00edas de ventas. El comienzo de la operativa ser\u00e1 el mi\u00e9rcoles 15 y se extender\u00e1 hasta el viernes 17 de junio. \"Tradicionalmente en junio, julio y parte\u2026","rel":"","context":"En \u00abActualidad\u00bb","block_context":{"text":"Actualidad","link":"https:\/\/lahoradelcampo.com.uy\/site\/category\/actualidad\/"},"img":{"alt_text":"","src":"https:\/\/i0.wp.com\/lahoradelcampo.com.uy\/site\/wp-content\/uploads\/2022\/03\/Plaza-Canepa.jpg?fit=880%2C440&ssl=1&resize=350%2C200","width":350,"height":200,"srcset":"https:\/\/i0.wp.com\/lahoradelcampo.com.uy\/site\/wp-content\/uploads\/2022\/03\/Plaza-Canepa.jpg?fit=880%2C440&ssl=1&resize=350%2C200 1x, https:\/\/i0.wp.com\/lahoradelcampo.com.uy\/site\/wp-content\/uploads\/2022\/03\/Plaza-Canepa.jpg?fit=880%2C440&ssl=1&resize=525%2C300 1.5x, https:\/\/i0.wp.com\/lahoradelcampo.com.uy\/site\/wp-content\/uploads\/2022\/03\/Plaza-Canepa.jpg?fit=880%2C440&ssl=1&resize=700%2C400 2x"},"classes":[]},{"id":57050,"url":"https:\/\/lahoradelcampo.com.uy\/site\/canepa-es-un-momento-ideal-para-producir-no-hay-que-dejar-ni-una-vaquillona-sin-entorar\/","url_meta":{"origin":46515,"position":5},"title":"C\u00e1nepa: \u201cEs un momento ideal para producir, no hay que dejar ni una vaquillona sin entorar\u00bb","author":"La Hora del Campo","date":"12 octubre, 2025","format":false,"excerpt":"Por estos d\u00edas, el escritorio Rub\u00e9n F. C\u00e1nepa se prepara para una intensa agenda de ventas en el marco de la zafra de toros y del remate 282 de Plaza Rural, que se desarrollar\u00e1 los d\u00edas jueves 16 y viernes 17 de octubre. Francisco Anselmo C\u00e1nepa, principal de la firma,\u2026","rel":"","context":"En \u00abActualidad\u00bb","block_context":{"text":"Actualidad","link":"https:\/\/lahoradelcampo.com.uy\/site\/category\/actualidad\/"},"img":{"alt_text":"","src":"https:\/\/i0.wp.com\/lahoradelcampo.com.uy\/site\/wp-content\/uploads\/2025\/07\/Canepa-plaza.jpg?fit=880%2C440&ssl=1&resize=350%2C200","width":350,"height":200,"srcset":"https:\/\/i0.wp.com\/lahoradelcampo.com.uy\/site\/wp-content\/uploads\/2025\/07\/Canepa-plaza.jpg?fit=880%2C440&ssl=1&resize=350%2C200 1x, https:\/\/i0.wp.com\/lahoradelcampo.com.uy\/site\/wp-content\/uploads\/2025\/07\/Canepa-plaza.jpg?fit=880%2C440&ssl=1&resize=525%2C300 1.5x, https:\/\/i0.wp.com\/lahoradelcampo.com.uy\/site\/wp-content\/uploads\/2025\/07\/Canepa-plaza.jpg?fit=880%2C440&ssl=1&resize=700%2C400 2x"},"classes":[]}],"jetpack_likes_enabled":true,"_links":{"self":[{"href":"https:\/\/lahoradelcampo.com.uy\/site\/wp-json\/wp\/v2\/posts\/46515","targetHints":{"allow":["GET"]}}],"collection":[{"href":"https:\/\/lahoradelcampo.com.uy\/site\/wp-json\/wp\/v2\/posts"}],"about":[{"href":"https:\/\/lahoradelcampo.com.uy\/site\/wp-json\/wp\/v2\/types\/post"}],"author":[{"embeddable":true,"href":"https:\/\/lahoradelcampo.com.uy\/site\/wp-json\/wp\/v2\/users\/5"}],"replies":[{"embeddable":true,"href":"https:\/\/lahoradelcampo.com.uy\/site\/wp-json\/wp\/v2\/comments?post=46515"}],"version-history":[{"count":1,"href":"https:\/\/lahoradelcampo.com.uy\/site\/wp-json\/wp\/v2\/posts\/46515\/revisions"}],"predecessor-version":[{"id":46519,"href":"https:\/\/lahoradelcampo.com.uy\/site\/wp-json\/wp\/v2\/posts\/46515\/revisions\/46519"}],"wp:featuredmedia":[{"embeddable":true,"href":"https:\/\/lahoradelcampo.com.uy\/site\/wp-json\/wp\/v2\/media\/46517"}],"wp:attachment":[{"href":"https:\/\/lahoradelcampo.com.uy\/site\/wp-json\/wp\/v2\/media?parent=46515"}],"wp:term":[{"taxonomy":"category","embeddable":true,"href":"https:\/\/lahoradelcampo.com.uy\/site\/wp-json\/wp\/v2\/categories?post=46515"},{"taxonomy":"post_tag","embeddable":true,"href":"https:\/\/lahoradelcampo.com.uy\/site\/wp-json\/wp\/v2\/tags?post=46515"}],"curies":[{"name":"wp","href":"https:\/\/api.w.org\/{rel}","templated":true}]}}