{"id":46511,"date":"2022-10-24T07:20:10","date_gmt":"2022-10-24T10:20:10","guid":{"rendered":"http:\/\/lahoradelcampo.com.uy\/site\/?p=46511"},"modified":"2022-10-24T07:20:15","modified_gmt":"2022-10-24T10:20:15","slug":"en-setiembre-se-freno-la-caida-en-la-disponibilidad-del-forraje","status":"publish","type":"post","link":"https:\/\/lahoradelcampo.com.uy\/site\/en-setiembre-se-freno-la-caida-en-la-disponibilidad-del-forraje\/","title":{"rendered":"En setiembre se fren\u00f3 la ca\u00edda en la disponibilidad del forraje"},"content":{"rendered":"\n<figure class=\"wp-block-image\"><img data-recalc-dims=\"1\" loading=\"lazy\" decoding=\"async\" width=\"810\" height=\"405\" data-attachment-id=\"19040\" data-permalink=\"https:\/\/lahoradelcampo.com.uy\/site\/se-comienza-a-sentir-el-deficit-hidrico-en-algunas-seccionales-de-salto\/campossemiseco\/\" data-orig-file=\"https:\/\/i0.wp.com\/lahoradelcampo.com.uy\/site\/wp-content\/uploads\/2020\/04\/campossemiseco.jpg?fit=880%2C440&amp;ssl=1\" data-orig-size=\"880,440\" data-comments-opened=\"1\" data-image-meta=\"{&quot;aperture&quot;:&quot;0&quot;,&quot;credit&quot;:&quot;&quot;,&quot;camera&quot;:&quot;&quot;,&quot;caption&quot;:&quot;&quot;,&quot;created_timestamp&quot;:&quot;0&quot;,&quot;copyright&quot;:&quot;&quot;,&quot;focal_length&quot;:&quot;0&quot;,&quot;iso&quot;:&quot;0&quot;,&quot;shutter_speed&quot;:&quot;0&quot;,&quot;title&quot;:&quot;&quot;,&quot;orientation&quot;:&quot;1&quot;}\" data-image-title=\"campossemiseco\" data-image-description=\"\" data-image-caption=\"\" data-large-file=\"https:\/\/i0.wp.com\/lahoradelcampo.com.uy\/site\/wp-content\/uploads\/2020\/04\/campossemiseco.jpg?fit=810%2C405&amp;ssl=1\" src=\"https:\/\/i0.wp.com\/lahoradelcampo.com.uy\/site\/wp-content\/uploads\/2020\/04\/campossemiseco.jpg?resize=810%2C405\" alt=\"\" class=\"wp-image-19040\" srcset=\"https:\/\/i0.wp.com\/lahoradelcampo.com.uy\/site\/wp-content\/uploads\/2020\/04\/campossemiseco.jpg?w=880&amp;ssl=1 880w, https:\/\/i0.wp.com\/lahoradelcampo.com.uy\/site\/wp-content\/uploads\/2020\/04\/campossemiseco.jpg?resize=300%2C150&amp;ssl=1 300w, https:\/\/i0.wp.com\/lahoradelcampo.com.uy\/site\/wp-content\/uploads\/2020\/04\/campossemiseco.jpg?resize=768%2C384&amp;ssl=1 768w, https:\/\/i0.wp.com\/lahoradelcampo.com.uy\/site\/wp-content\/uploads\/2020\/04\/campossemiseco.jpg?resize=820%2C410&amp;ssl=1 820w\" sizes=\"auto, (max-width: 810px) 100vw, 810px\" \/><\/figure>\n\n\n\n<p>El Instituto Plan Agropecuario present\u00f3 los resultados la vig\u00e9simo segunda edici\u00f3n de la Encuesta RING (Red de Informaci\u00f3n Nacional Ganadera) de la cual participan 367 productores en distintos puntos del pa\u00eds. <br><\/p>\n\n\n\n<p>Respecto a la disponibilidad de forraje, el trabajo presentado por los t\u00e9cnicos dice que \u00abdurante el mes de setiembre, la disponibilidad de forraje se mantuvo relativamente estable, luego de haber sufrido una importante reducci\u00f3n desde el mes de abril\u00bb. <br><\/p>\n\n\n\n<p>El mes de setiembre se fue, equivale a un tercio de la duraci\u00f3n de la primavera, no habi\u00e9ndose podido recuperar los niveles de disponibilidad de forraje seg\u00fan el informe. Al realizar una comparaci\u00f3n con el mismo mes del a\u00f1o 2021, el n\u00famero de productores en situaci\u00f3n cr\u00edtica se multiplica por 4. <br><\/p>\n\n\n\n<p>En s\u00edntesis, \u00abla situaci\u00f3n en cuanto a disponibilidad de forraje transcurrido un tercio de la primavera contin\u00faa siendo de elevada preocupaci\u00f3n de acuerdo a la percepci\u00f3n de los productores\u00bb.<br><\/p>\n\n\n\n<p>Seg\u00fan los resultados de la encuesta, \u00abel porcentaje de productores que est\u00e1n con disponibilidades por debajo de 3 cent\u00edmetros promedio en su campo, por 4to mes consecutivo, oscila en el 25% de quienes responden\u00bb. Al compararse con el a\u00f1o pasado, \u00abla cantidad de productores en esa condici\u00f3n cr\u00edtica se multiplica por 4\u00bb.<br><\/p>\n\n\n\n<p>La primavera ha comenzado, al menos de acuerdo al calendario; no obstante, no se revierten las situaciones cr\u00edticas en cuanto a disponibilidad de forraje. <br><\/p>\n\n\n\n<p>Las bajas temperaturas registradas y la falta de precipitaciones no han permitido la recuperaci\u00f3n del campo natural; resultando en un n\u00famero elevado de establecimientos en situaci\u00f3n l\u00edmite. <br><\/p>\n\n\n\n<p>Los t\u00e9cnicos del Plan Agropecuario sugieren \u00abcontinuar con un monitoreo cercano de las haciendas y de la oferta de alimentos disponibles o con posibilidades de acceso; como tambi\u00e9n otras medidas que sean posible de tomar\u00bb, ll\u00e1mense ventas, sacar ganados a pastoreo, etc.<br><\/p>\n\n\n\n<p>\u00abLa planificaci\u00f3n y la toma de decisiones en este momento no solo apunta a evitar un mayor deterioro del campo y de las haciendas, sobre todo las m\u00e1s sensibles, sino a una posibilidad de recuperaci\u00f3n en una primavera que ya ha consumido su primer tercio\u00bb.<br><\/p>\n\n\n\n<p>Consultados los productores respecto a su percepci\u00f3n de c\u00f3mo es su situaci\u00f3n respecto las necesidades de pasto para la \u00e9poca, el 51% responde que la situaci\u00f3n es de mala a muy mala.<br><\/p>\n\n\n\n<p><strong>Praderas y verdeos <\/strong><br><\/p>\n\n\n\n<p>El 48% de los productores reportan tener praderas, y de ellos el 74% informa que su estado es medio a pobre. Tambi\u00e9n el inicio de primavera seco y fr\u00edo afect\u00f3 la recuperaci\u00f3n de las pasturas implantadas. <br><\/p>\n\n\n\n<p>Desde el punto de vista de pasturas sembradas en sentido amplio, \u00abla situaci\u00f3n reportada es tambi\u00e9n compleja\u00bb dice el informe.<br><\/p>\n\n\n\n<p>Respecto a la utilizaci\u00f3n, las vacas de cr\u00eda (13%) y los terneros y terneras (10%) son las categor\u00edas preferidas, seguida por los novillos (9%); no obstante, la enorme mayor\u00eda de los productores las utilizan con varias categor\u00edas (47%).<br><\/p>\n\n\n\n<p>En cuanto a los verdeos, el 60% de los productores reporta tener verdeos. El 52% reporta que su estado es de medio a pobre. Los terneros y terneras son las categor\u00edas preferidas; tambi\u00e9n el uso con varias categor\u00edas es lo m\u00e1s frecuente.<br><\/p>\n\n\n\n<p>El Plan Agropecuario se\u00f1ala la necesidad de realizar mediciones de la disponibilidad del forraje en el establecimiento, a trav\u00e9s del uso de la Regla que ha confeccionado la instituci\u00f3n junto a INIA, as\u00ed como en el caso de las pasturas sembradas y verdeos, se recomienda el uso de la herramienta \u201cen pastoreo\u201d disponible en la p\u00e1gina web y para tel\u00e9fonos m\u00f3viles. <br><\/p>\n\n\n\n<p>\u00abContar con informaci\u00f3n es clave para poder tomar decisiones y nuestros t\u00e9cnicos est\u00e1n a disposici\u00f3n para evaluar consultas acerca del uso de herramientas de an\u00e1lisis y planificaci\u00f3n\u00bb se\u00f1alan los t\u00e9cnicos del Plan Agropecuario en su informe. <\/p>\n\n\n\n<p>Salto, lunes 24 de octubre de 2022<\/p>\n","protected":false},"excerpt":{"rendered":"<p>El Instituto Plan Agropecuario present\u00f3 los resultados la vig\u00e9simo segunda edici\u00f3n de la Encuesta RING (Red de Informaci\u00f3n Nacional Ganadera) de la cual participan 367 productores en distintos puntos del [&hellip;]<\/p>\n","protected":false},"author":5,"featured_media":19040,"comment_status":"open","ping_status":"open","sticky":false,"template":"","format":"standard","meta":{"_price":"","_stock":"","_tribe_ticket_header":"","_tribe_default_ticket_provider":"","_tribe_ticket_capacity":"0","_ticket_start_date":"","_ticket_end_date":"","_tribe_ticket_show_description":"","_tribe_ticket_show_not_going":false,"_tribe_ticket_use_global_stock":"","_tribe_ticket_global_stock_level":"","_global_stock_mode":"","_global_stock_cap":"","_tribe_rsvp_for_event":"","_tribe_ticket_going_count":"","_tribe_ticket_not_going_count":"","_tribe_tickets_list":"[]","_tribe_ticket_has_attendee_info_fields":false,"h5ap_radio_sources":[],"_jetpack_newsletter_access":"","_jetpack_dont_email_post_to_subs":false,"_jetpack_newsletter_tier_id":0,"_jetpack_memberships_contains_paywalled_content":false,"_jetpack_memberships_contains_paid_content":false,"footnotes":""},"categories":[21,5],"tags":[],"class_list":["post-46511","post","type-post","status-publish","format-standard","has-post-thumbnail","hentry","category-actualidad","category-ganaderia"],"jetpack_featured_media_url":"https:\/\/i0.wp.com\/lahoradelcampo.com.uy\/site\/wp-content\/uploads\/2020\/04\/campossemiseco.jpg?fit=880%2C440&ssl=1","jetpack_sharing_enabled":true,"jetpack_shortlink":"https:\/\/wp.me\/p99IaT-c6b","jetpack-related-posts":[{"id":45749,"url":"https:\/\/lahoradelcampo.com.uy\/site\/disponibilidad-de-forraje-se-mantuvo-durante-agosto\/","url_meta":{"origin":46511,"position":0},"title":"Disponibilidad de forraje se mantuvo durante agosto","author":"La Hora del Campo","date":"23 septiembre, 2022","format":false,"excerpt":"De acuerdo a la encuesta RING (Red de Informaci\u00f3n Nacional Ganadera) del Instituto Plan Agropecuario, durante el mes de agosto, la disponibilidad de forraje se mantuvo relativamente estable, luego de haber sufrido una importante reducci\u00f3n desde el mes de abril. De acuerdo a los t\u00e9cnicos de la instituci\u00f3n, \"es l\u00f3gico\u2026","rel":"","context":"En \u00abActualidad\u00bb","block_context":{"text":"Actualidad","link":"https:\/\/lahoradelcampo.com.uy\/site\/category\/actualidad\/"},"img":{"alt_text":"","src":"https:\/\/i0.wp.com\/lahoradelcampo.com.uy\/site\/wp-content\/uploads\/2019\/06\/ganadosss.jpg?fit=880%2C440&ssl=1&resize=350%2C200","width":350,"height":200,"srcset":"https:\/\/i0.wp.com\/lahoradelcampo.com.uy\/site\/wp-content\/uploads\/2019\/06\/ganadosss.jpg?fit=880%2C440&ssl=1&resize=350%2C200 1x, https:\/\/i0.wp.com\/lahoradelcampo.com.uy\/site\/wp-content\/uploads\/2019\/06\/ganadosss.jpg?fit=880%2C440&ssl=1&resize=525%2C300 1.5x, https:\/\/i0.wp.com\/lahoradelcampo.com.uy\/site\/wp-content\/uploads\/2019\/06\/ganadosss.jpg?fit=880%2C440&ssl=1&resize=700%2C400 2x"},"classes":[]},{"id":43897,"url":"https:\/\/lahoradelcampo.com.uy\/site\/crece-el-numero-de-predios-en-situacion-critica-de-forraje\/","url_meta":{"origin":46511,"position":1},"title":"Crece el n\u00famero de predios en situaci\u00f3n cr\u00edtica de forraje","author":"La Hora del Campo","date":"16 julio, 2022","format":false,"excerpt":"El Instituto Plan Agropecuario present\u00f3 el resultado de la 19na edici\u00f3n de la encuesta realizada a los productores de la Red de Informaci\u00f3n Nacional Ganadera (RING) durante los primeros diez d\u00edas de julio, donde participaron 352 productores ganaderos de todo el pa\u00eds. Seg\u00fan los datos publicados, durante el sexto mes\u2026","rel":"","context":"En \u00abActualidad\u00bb","block_context":{"text":"Actualidad","link":"https:\/\/lahoradelcampo.com.uy\/site\/category\/actualidad\/"},"img":{"alt_text":"","src":"https:\/\/i0.wp.com\/lahoradelcampo.com.uy\/site\/wp-content\/uploads\/2022\/07\/Ganaderia-IPA.jpg?fit=880%2C440&ssl=1&resize=350%2C200","width":350,"height":200,"srcset":"https:\/\/i0.wp.com\/lahoradelcampo.com.uy\/site\/wp-content\/uploads\/2022\/07\/Ganaderia-IPA.jpg?fit=880%2C440&ssl=1&resize=350%2C200 1x, https:\/\/i0.wp.com\/lahoradelcampo.com.uy\/site\/wp-content\/uploads\/2022\/07\/Ganaderia-IPA.jpg?fit=880%2C440&ssl=1&resize=525%2C300 1.5x, https:\/\/i0.wp.com\/lahoradelcampo.com.uy\/site\/wp-content\/uploads\/2022\/07\/Ganaderia-IPA.jpg?fit=880%2C440&ssl=1&resize=700%2C400 2x"},"classes":[]},{"id":51495,"url":"https:\/\/lahoradelcampo.com.uy\/site\/menos-de-5-centimetros-de-pasto-en-el-77-de-los-productores-de-la-ring\/","url_meta":{"origin":46511,"position":2},"title":"Menos de 5 cent\u00edmetros de pasto en el 77% de los productores de la RING","author":"La Hora del Campo","date":"29 junio, 2023","format":false,"excerpt":"En base a los resultados de la encuesta mensual RING (Red de Informaci\u00f3n Nacional Ganadera), se han obtenido datos preocupantes sobre la disponibilidad de forraje en el sector ganadero. Durante el mes de mayo, se observ\u00f3 una p\u00e9rdida en la recuperaci\u00f3n alcanzada en los meses anteriores, como era de esperar\u2026","rel":"","context":"En \u00abActualidad\u00bb","block_context":{"text":"Actualidad","link":"https:\/\/lahoradelcampo.com.uy\/site\/category\/actualidad\/"},"img":{"alt_text":"","src":"https:\/\/i0.wp.com\/lahoradelcampo.com.uy\/site\/wp-content\/uploads\/2023\/06\/Ganadoycampo.jpg?fit=880%2C440&ssl=1&resize=350%2C200","width":350,"height":200,"srcset":"https:\/\/i0.wp.com\/lahoradelcampo.com.uy\/site\/wp-content\/uploads\/2023\/06\/Ganadoycampo.jpg?fit=880%2C440&ssl=1&resize=350%2C200 1x, https:\/\/i0.wp.com\/lahoradelcampo.com.uy\/site\/wp-content\/uploads\/2023\/06\/Ganadoycampo.jpg?fit=880%2C440&ssl=1&resize=525%2C300 1.5x, https:\/\/i0.wp.com\/lahoradelcampo.com.uy\/site\/wp-content\/uploads\/2023\/06\/Ganadoycampo.jpg?fit=880%2C440&ssl=1&resize=700%2C400 2x"},"classes":[]},{"id":36851,"url":"https:\/\/lahoradelcampo.com.uy\/site\/altura-de-pasturas-sobre-los-5-cm-paso-del-83-al-54-en-noviembre\/","url_meta":{"origin":46511,"position":3},"title":"Altura de pasturas sobre los 5 cm pas\u00f3 del 83% al 54% en noviembre","author":"La Hora del Campo","date":"23 noviembre, 2021","format":false,"excerpt":"El Instituto Plan Agropecuario (IPA) present\u00f3 los resultados de la encuesta realizada a 397 productores que integran la Red de Informaci\u00f3n Nacional Ganadera (RING), con informaci\u00f3n analizada hasta el 15 de noviembre. En dicho trabajo se consulto, como se realiza mensualmente, sobre las variables m\u00e1s importantes de los sistemas productivos\u2026","rel":"","context":"En \u00abActualidad\u00bb","block_context":{"text":"Actualidad","link":"https:\/\/lahoradelcampo.com.uy\/site\/category\/actualidad\/"},"img":{"alt_text":"","src":"https:\/\/i0.wp.com\/lahoradelcampo.com.uy\/site\/wp-content\/uploads\/2019\/05\/ganado.jpg?fit=880%2C440&ssl=1&resize=350%2C200","width":350,"height":200,"srcset":"https:\/\/i0.wp.com\/lahoradelcampo.com.uy\/site\/wp-content\/uploads\/2019\/05\/ganado.jpg?fit=880%2C440&ssl=1&resize=350%2C200 1x, https:\/\/i0.wp.com\/lahoradelcampo.com.uy\/site\/wp-content\/uploads\/2019\/05\/ganado.jpg?fit=880%2C440&ssl=1&resize=525%2C300 1.5x, https:\/\/i0.wp.com\/lahoradelcampo.com.uy\/site\/wp-content\/uploads\/2019\/05\/ganado.jpg?fit=880%2C440&ssl=1&resize=700%2C400 2x"},"classes":[]},{"id":44907,"url":"https:\/\/lahoradelcampo.com.uy\/site\/hay-un-20-mas-de-productores-con-baja-disponibilidad-de-forraje\/","url_meta":{"origin":46511,"position":4},"title":"Hay un 20% m\u00e1s de productores con baja disponibilidad de forraje","author":"La Hora del Campo","date":"22 agosto, 2022","format":false,"excerpt":"Este viernes, el Instituto Plan Agropecuario (IPA) present\u00f3 los resultados de su encuesta mensual a los 362 productores que integran la Red de Informaci\u00f3n Nacional Ganadera (RING). Los datos tienen en cuenta el mes de julio y los primeros diez d\u00edas de agosto. La encuesta se\u00f1ala que durante el mes\u2026","rel":"","context":"En \u00abActualidad\u00bb","block_context":{"text":"Actualidad","link":"https:\/\/lahoradelcampo.com.uy\/site\/category\/actualidad\/"},"img":{"alt_text":"","src":"https:\/\/i0.wp.com\/lahoradelcampo.com.uy\/site\/wp-content\/uploads\/2020\/04\/campossemiseco.jpg?fit=880%2C440&ssl=1&resize=350%2C200","width":350,"height":200,"srcset":"https:\/\/i0.wp.com\/lahoradelcampo.com.uy\/site\/wp-content\/uploads\/2020\/04\/campossemiseco.jpg?fit=880%2C440&ssl=1&resize=350%2C200 1x, https:\/\/i0.wp.com\/lahoradelcampo.com.uy\/site\/wp-content\/uploads\/2020\/04\/campossemiseco.jpg?fit=880%2C440&ssl=1&resize=525%2C300 1.5x, https:\/\/i0.wp.com\/lahoradelcampo.com.uy\/site\/wp-content\/uploads\/2020\/04\/campossemiseco.jpg?fit=880%2C440&ssl=1&resize=700%2C400 2x"},"classes":[]},{"id":33261,"url":"https:\/\/lahoradelcampo.com.uy\/site\/el-87-de-los-productores-tienen-baja-disponibilidad-de-pasturas\/","url_meta":{"origin":46511,"position":5},"title":"El 87% de los productores tienen baja disponibilidad de pasturas","author":"La Hora del Campo","date":"20 agosto, 2021","format":false,"excerpt":"El 87% de los productores reportan una altura del pasto en el campo natural menor a 5 cm, situaci\u00f3n que revela una baja disponibilidad que es bastante generalizada, cuando estamos comenzando a salir del invierno. Recordamos que en el mes de julio el 76% de los productores reportaba este nivel\u2026","rel":"","context":"En \u00abActualidad\u00bb","block_context":{"text":"Actualidad","link":"https:\/\/lahoradelcampo.com.uy\/site\/category\/actualidad\/"},"img":{"alt_text":"","src":"https:\/\/i0.wp.com\/lahoradelcampo.com.uy\/site\/wp-content\/uploads\/2021\/01\/Canutillo.jpg?fit=880%2C440&ssl=1&resize=350%2C200","width":350,"height":200,"srcset":"https:\/\/i0.wp.com\/lahoradelcampo.com.uy\/site\/wp-content\/uploads\/2021\/01\/Canutillo.jpg?fit=880%2C440&ssl=1&resize=350%2C200 1x, https:\/\/i0.wp.com\/lahoradelcampo.com.uy\/site\/wp-content\/uploads\/2021\/01\/Canutillo.jpg?fit=880%2C440&ssl=1&resize=525%2C300 1.5x, https:\/\/i0.wp.com\/lahoradelcampo.com.uy\/site\/wp-content\/uploads\/2021\/01\/Canutillo.jpg?fit=880%2C440&ssl=1&resize=700%2C400 2x"},"classes":[]}],"jetpack_likes_enabled":true,"_links":{"self":[{"href":"https:\/\/lahoradelcampo.com.uy\/site\/wp-json\/wp\/v2\/posts\/46511","targetHints":{"allow":["GET"]}}],"collection":[{"href":"https:\/\/lahoradelcampo.com.uy\/site\/wp-json\/wp\/v2\/posts"}],"about":[{"href":"https:\/\/lahoradelcampo.com.uy\/site\/wp-json\/wp\/v2\/types\/post"}],"author":[{"embeddable":true,"href":"https:\/\/lahoradelcampo.com.uy\/site\/wp-json\/wp\/v2\/users\/5"}],"replies":[{"embeddable":true,"href":"https:\/\/lahoradelcampo.com.uy\/site\/wp-json\/wp\/v2\/comments?post=46511"}],"version-history":[{"count":1,"href":"https:\/\/lahoradelcampo.com.uy\/site\/wp-json\/wp\/v2\/posts\/46511\/revisions"}],"predecessor-version":[{"id":46513,"href":"https:\/\/lahoradelcampo.com.uy\/site\/wp-json\/wp\/v2\/posts\/46511\/revisions\/46513"}],"wp:featuredmedia":[{"embeddable":true,"href":"https:\/\/lahoradelcampo.com.uy\/site\/wp-json\/wp\/v2\/media\/19040"}],"wp:attachment":[{"href":"https:\/\/lahoradelcampo.com.uy\/site\/wp-json\/wp\/v2\/media?parent=46511"}],"wp:term":[{"taxonomy":"category","embeddable":true,"href":"https:\/\/lahoradelcampo.com.uy\/site\/wp-json\/wp\/v2\/categories?post=46511"},{"taxonomy":"post_tag","embeddable":true,"href":"https:\/\/lahoradelcampo.com.uy\/site\/wp-json\/wp\/v2\/tags?post=46511"}],"curies":[{"name":"wp","href":"https:\/\/api.w.org\/{rel}","templated":true}]}}