{"id":46505,"date":"2022-10-24T07:05:58","date_gmt":"2022-10-24T10:05:58","guid":{"rendered":"http:\/\/lahoradelcampo.com.uy\/site\/?p=46505"},"modified":"2022-10-24T07:06:02","modified_gmt":"2022-10-24T10:06:02","slug":"valor-de-la-exportacion-no-refleja-el-abrupto-descenso-del-ganado-gordo","status":"publish","type":"post","link":"https:\/\/lahoradelcampo.com.uy\/site\/valor-de-la-exportacion-no-refleja-el-abrupto-descenso-del-ganado-gordo\/","title":{"rendered":"Valor de la exportaci\u00f3n no refleja el \u00ababrupto descenso\u00bb del ganado gordo"},"content":{"rendered":"\n<figure class=\"wp-block-image\"><img data-recalc-dims=\"1\" loading=\"lazy\" decoding=\"async\" width=\"810\" height=\"405\" data-attachment-id=\"46507\" data-permalink=\"https:\/\/lahoradelcampo.com.uy\/site\/valor-de-la-exportacion-no-refleja-el-abrupto-descenso-del-ganado-gordo\/novillo-exportacion\/\" data-orig-file=\"https:\/\/i0.wp.com\/lahoradelcampo.com.uy\/site\/wp-content\/uploads\/2022\/10\/Novillo-exportacion.jpg?fit=880%2C440&amp;ssl=1\" data-orig-size=\"880,440\" data-comments-opened=\"1\" data-image-meta=\"{&quot;aperture&quot;:&quot;0&quot;,&quot;credit&quot;:&quot;&quot;,&quot;camera&quot;:&quot;&quot;,&quot;caption&quot;:&quot;&quot;,&quot;created_timestamp&quot;:&quot;0&quot;,&quot;copyright&quot;:&quot;&quot;,&quot;focal_length&quot;:&quot;0&quot;,&quot;iso&quot;:&quot;0&quot;,&quot;shutter_speed&quot;:&quot;0&quot;,&quot;title&quot;:&quot;&quot;,&quot;orientation&quot;:&quot;1&quot;}\" data-image-title=\"Novillo-exportacion\" data-image-description=\"\" data-image-caption=\"\" data-large-file=\"https:\/\/i0.wp.com\/lahoradelcampo.com.uy\/site\/wp-content\/uploads\/2022\/10\/Novillo-exportacion.jpg?fit=810%2C405&amp;ssl=1\" src=\"https:\/\/i0.wp.com\/lahoradelcampo.com.uy\/site\/wp-content\/uploads\/2022\/10\/Novillo-exportacion.jpg?resize=810%2C405\" alt=\"\" class=\"wp-image-46507\" srcset=\"https:\/\/i0.wp.com\/lahoradelcampo.com.uy\/site\/wp-content\/uploads\/2022\/10\/Novillo-exportacion.jpg?w=880&amp;ssl=1 880w, https:\/\/i0.wp.com\/lahoradelcampo.com.uy\/site\/wp-content\/uploads\/2022\/10\/Novillo-exportacion.jpg?resize=300%2C150&amp;ssl=1 300w, https:\/\/i0.wp.com\/lahoradelcampo.com.uy\/site\/wp-content\/uploads\/2022\/10\/Novillo-exportacion.jpg?resize=768%2C384&amp;ssl=1 768w, https:\/\/i0.wp.com\/lahoradelcampo.com.uy\/site\/wp-content\/uploads\/2022\/10\/Novillo-exportacion.jpg?resize=820%2C410&amp;ssl=1 820w\" sizes=\"auto, (max-width: 810px) 100vw, 810px\" \/><\/figure>\n\n\n\n<p>El 2022 transcurre con un mercado de haciendas muy turbulento, que ha despertado y despierta, disconformidad tanto en la industria como en los productores. <br><\/p>\n\n\n\n<p>En principio, recordemos que el precio del novillo gordo, estuvo en US$ 5,61 durante la semana n\u00famero 26 de este a\u00f1o, en las estad\u00edsticas del Instituto Nacional de Carnes (INAC). <br><\/p>\n\n\n\n<p>En ese momento las voces que marcaban su disconformidad eran los industriales, quienes se\u00f1alaban que la relaci\u00f3n hacienda-exportaci\u00f3n estaba fuertemente desfasada de la relaci\u00f3n hist\u00f3rica. <br><\/p>\n\n\n\n<p>En las \u00faltimas semanas, los precios de la hacienda han ca\u00eddo fuertemente y en la planilla de INAC figura a US$ 4,16 en la semana 41. Pero las fuertes ca\u00eddas se dan desde la semana 37, cuando cae de los cinco d\u00f3lares y genera gran preocupaci\u00f3n en el sector productiva. <br><\/p>\n\n\n\n<p>En el marco de la exposici\u00f3n de San Carlos, en Maldonado, se reuni\u00f3 el Consejo Directivo ampliado de la Federaci\u00f3n Rural del Uruguay, donde se trat\u00f3 este tema entre los productores y se manej\u00f3 informaci\u00f3n de INAC, para la conformaci\u00f3n de un comunicado donde la gremial afirma que \u00abel abrupto descenso en el valor recibido por los productores, en las tres \u00faltimas semanas, no es reflejo de los precios que percibi\u00f3 la industria en el mercado internacional en ese per\u00edodo\u00bb. <br><\/p>\n\n\n\n<p>El concepto parte del an\u00e1lisis del indicador publicado semanalmente, de la relaci\u00f3n entre el valor de la hacienda y la exportaci\u00f3n. La gremial se\u00f1ala \u00abentendemos adem\u00e1s, que factores coyunturales (d\u00e9ficit h\u00eddrico, entre otros) permiten a la industria posicionarse mejor y presionar el mercado a la baja\u00bb. <br><\/p>\n\n\n\n<p>Ante esta situaci\u00f3n los directivos de la Federaci\u00f3n Rural exhortan a los productores a seguir la evoluci\u00f3n de este indicador publicado por INAC, \u00abcomo forma de poder tomar la mejor decisi\u00f3n al momento de comercializar su producci\u00f3n\u00bb.<br><\/p>\n\n\n\n<p><strong>Hacienda-Exportaci\u00f3n <\/strong><br><\/p>\n\n\n\n<p>Tal cual se se\u00f1al\u00f3 al comienzo del art\u00edculo, ambas partes han marcado este indicador como una variable que perjudic\u00f3 a un lado u otro en distintas partes del a\u00f1o. En este sentido en la semana 26, la relaci\u00f3n hacienda-exportaci\u00f3n era de 1,084, en tanto que en la actualidad, es de 0,888. <\/p>\n\n\n\n<p>Salto, lunes 24 de octubre de 2022<\/p>\n","protected":false},"excerpt":{"rendered":"<p>El 2022 transcurre con un mercado de haciendas muy turbulento, que ha despertado y despierta, disconformidad tanto en la industria como en los productores. En principio, recordemos que el precio [&hellip;]<\/p>\n","protected":false},"author":5,"featured_media":46507,"comment_status":"open","ping_status":"open","sticky":false,"template":"","format":"standard","meta":{"_price":"","_stock":"","_tribe_ticket_header":"","_tribe_default_ticket_provider":"","_tribe_ticket_capacity":"0","_ticket_start_date":"","_ticket_end_date":"","_tribe_ticket_show_description":"","_tribe_ticket_show_not_going":false,"_tribe_ticket_use_global_stock":"","_tribe_ticket_global_stock_level":"","_global_stock_mode":"","_global_stock_cap":"","_tribe_rsvp_for_event":"","_tribe_ticket_going_count":"","_tribe_ticket_not_going_count":"","_tribe_tickets_list":"[]","_tribe_ticket_has_attendee_info_fields":false,"h5ap_radio_sources":[],"_jetpack_newsletter_access":"","_jetpack_dont_email_post_to_subs":false,"_jetpack_newsletter_tier_id":0,"_jetpack_memberships_contains_paywalled_content":false,"_jetpack_memberships_contains_paid_content":false,"footnotes":""},"categories":[21,5],"tags":[],"class_list":["post-46505","post","type-post","status-publish","format-standard","has-post-thumbnail","hentry","category-actualidad","category-ganaderia"],"jetpack_featured_media_url":"https:\/\/i0.wp.com\/lahoradelcampo.com.uy\/site\/wp-content\/uploads\/2022\/10\/Novillo-exportacion.jpg?fit=880%2C440&ssl=1","jetpack_sharing_enabled":true,"jetpack_shortlink":"https:\/\/wp.me\/p99IaT-c65","jetpack-related-posts":[{"id":4843,"url":"https:\/\/lahoradelcampo.com.uy\/site\/mercado-del-gordo-tiende-a-equilibrarse\/","url_meta":{"origin":46505,"position":0},"title":"Mercado del gordo tiende a equilibrarse","author":"La Hora del Campo","date":"12 diciembre, 2017","format":false,"excerpt":"El mercado de hacienda gorda parece haber alcanzado un piso en los valores y el mismo lo impone el mercado interno, donde el abasto presiona por ganados especiales e iguala los valores de la exportaci\u00f3n. En este contexto se retomo fuertemente el ritmo de faena, luego de dos semanas donde\u2026","rel":"","context":"En \u00abActualidad\u00bb","block_context":{"text":"Actualidad","link":"https:\/\/lahoradelcampo.com.uy\/site\/category\/actualidad\/"},"img":{"alt_text":"","src":"https:\/\/i0.wp.com\/lahoradelcampo.com.uy\/site\/wp-content\/uploads\/2017\/09\/Novillo.jpg?fit=880%2C440&ssl=1&resize=350%2C200","width":350,"height":200,"srcset":"https:\/\/i0.wp.com\/lahoradelcampo.com.uy\/site\/wp-content\/uploads\/2017\/09\/Novillo.jpg?fit=880%2C440&ssl=1&resize=350%2C200 1x, https:\/\/i0.wp.com\/lahoradelcampo.com.uy\/site\/wp-content\/uploads\/2017\/09\/Novillo.jpg?fit=880%2C440&ssl=1&resize=525%2C300 1.5x, https:\/\/i0.wp.com\/lahoradelcampo.com.uy\/site\/wp-content\/uploads\/2017\/09\/Novillo.jpg?fit=880%2C440&ssl=1&resize=700%2C400 2x"},"classes":[]},{"id":5347,"url":"https:\/\/lahoradelcampo.com.uy\/site\/pasturas-exportacion-en-pie-y-cuota-481-influenciaron-los-precios-del-ternero\/","url_meta":{"origin":46505,"position":1},"title":"Pasturas, exportaci\u00f3n en pie y cuota 481 influenciaron los precios del ternero","author":"La Hora del Campo","date":"8 enero, 2018","format":false,"excerpt":"Seg\u00fan la Consultora APEO durante los dos \u00faltimos a\u00f1os se han registrado tres fuertes se\u00f1ales para el sector criador que han repercutido positivamente sobre el precio del ternero en base, seg\u00fan la relaci\u00f3n hist\u00f3rica que ha tenido con el precio del novillo gordo entre 1997 y 2017. La presencia de\u2026","rel":"","context":"En \u00abActualidad\u00bb","block_context":{"text":"Actualidad","link":"https:\/\/lahoradelcampo.com.uy\/site\/category\/actualidad\/"},"img":{"alt_text":"","src":"https:\/\/i0.wp.com\/lahoradelcampo.com.uy\/site\/wp-content\/uploads\/2018\/01\/APEO.jpg?fit=880%2C440&ssl=1&resize=350%2C200","width":350,"height":200,"srcset":"https:\/\/i0.wp.com\/lahoradelcampo.com.uy\/site\/wp-content\/uploads\/2018\/01\/APEO.jpg?fit=880%2C440&ssl=1&resize=350%2C200 1x, https:\/\/i0.wp.com\/lahoradelcampo.com.uy\/site\/wp-content\/uploads\/2018\/01\/APEO.jpg?fit=880%2C440&ssl=1&resize=525%2C300 1.5x, https:\/\/i0.wp.com\/lahoradelcampo.com.uy\/site\/wp-content\/uploads\/2018\/01\/APEO.jpg?fit=880%2C440&ssl=1&resize=700%2C400 2x"},"classes":[]},{"id":56134,"url":"https:\/\/lahoradelcampo.com.uy\/site\/la-cria-representa-el-25-del-novillo-tipo-de-inac-en-abril\/","url_meta":{"origin":46505,"position":2},"title":"La cr\u00eda representa el 25% del novillo tipo de INAC en abril","author":"La Hora del Campo","date":"26 mayo, 2025","format":false,"excerpt":"Durante el mes de abril, la cr\u00eda y la invernada ganaron terreno frente a la recr\u00eda y el valor agregado industrial en la conformaci\u00f3n del novillo tipo. Al igual que el comportamiento de los precios, el negocio c\u00e1rnico es din\u00e1mico y los diferentes eslabones de la cadena c\u00e1rnica se mueven,\u2026","rel":"","context":"En \u00abActualidad\u00bb","block_context":{"text":"Actualidad","link":"https:\/\/lahoradelcampo.com.uy\/site\/category\/actualidad\/"},"img":{"alt_text":"","src":"https:\/\/i0.wp.com\/lahoradelcampo.com.uy\/site\/wp-content\/uploads\/2025\/05\/NT-Composicion.jpg?fit=880%2C440&ssl=1&resize=350%2C200","width":350,"height":200,"srcset":"https:\/\/i0.wp.com\/lahoradelcampo.com.uy\/site\/wp-content\/uploads\/2025\/05\/NT-Composicion.jpg?fit=880%2C440&ssl=1&resize=350%2C200 1x, https:\/\/i0.wp.com\/lahoradelcampo.com.uy\/site\/wp-content\/uploads\/2025\/05\/NT-Composicion.jpg?fit=880%2C440&ssl=1&resize=525%2C300 1.5x, https:\/\/i0.wp.com\/lahoradelcampo.com.uy\/site\/wp-content\/uploads\/2025\/05\/NT-Composicion.jpg?fit=880%2C440&ssl=1&resize=700%2C400 2x"},"classes":[]},{"id":52849,"url":"https:\/\/lahoradelcampo.com.uy\/site\/la-relacion-hacienda-exportacion-del-ovino-mejoro-en-setiembre\/","url_meta":{"origin":46505,"position":3},"title":"La relaci\u00f3n hacienda-exportaci\u00f3n del ovino mejor\u00f3 en setiembre","author":"La Hora del Campo","date":"24 octubre, 2023","format":false,"excerpt":"El Instituto Nacional de Carnes (INAC) present\u00f3 en el mes de setiembre, el indicador sobre la Relaci\u00f3n Hacienda-Exportaci\u00f3n para el ovino. Este indicador relaciona la evoluci\u00f3n del precio de la hacienda, en este caso del cordero y la oveja, con lo que sucede con la tonelada de carne ovina exportada.\u2026","rel":"","context":"En \u00abActualidad\u00bb","block_context":{"text":"Actualidad","link":"https:\/\/lahoradelcampo.com.uy\/site\/category\/actualidad\/"},"img":{"alt_text":"","src":"https:\/\/i0.wp.com\/lahoradelcampo.com.uy\/site\/wp-content\/uploads\/2023\/10\/Joaquin-Martinicorena.jpg?fit=880%2C440&ssl=1&resize=350%2C200","width":350,"height":200,"srcset":"https:\/\/i0.wp.com\/lahoradelcampo.com.uy\/site\/wp-content\/uploads\/2023\/10\/Joaquin-Martinicorena.jpg?fit=880%2C440&ssl=1&resize=350%2C200 1x, https:\/\/i0.wp.com\/lahoradelcampo.com.uy\/site\/wp-content\/uploads\/2023\/10\/Joaquin-Martinicorena.jpg?fit=880%2C440&ssl=1&resize=525%2C300 1.5x, https:\/\/i0.wp.com\/lahoradelcampo.com.uy\/site\/wp-content\/uploads\/2023\/10\/Joaquin-Martinicorena.jpg?fit=880%2C440&ssl=1&resize=700%2C400 2x"},"classes":[]},{"id":39525,"url":"https:\/\/lahoradelcampo.com.uy\/site\/el-novillo-mercosur-se-mantuvo-firme-esta-semana\/","url_meta":{"origin":46505,"position":4},"title":"El Novillo Mercosur se mantuvo firme esta semana","author":"La Hora del Campo","date":"3 marzo, 2022","format":false,"excerpt":"Esta semana el valor del \u00cdndice Faxcarne del Novillo Mercosur se mantuvo firme esta semana, cerrando a US$ 4,33 por kilogramo de carcasa en el promedio de los cuatro pa\u00edses de la regi\u00f3n. Argentina y Uruguay son los responsables de dicha firmeza, con un indicador que baj\u00f3 un centavo, pero\u2026","rel":"","context":"En \u00abActualidad\u00bb","block_context":{"text":"Actualidad","link":"https:\/\/lahoradelcampo.com.uy\/site\/category\/actualidad\/"},"img":{"alt_text":"","src":"https:\/\/i0.wp.com\/lahoradelcampo.com.uy\/site\/wp-content\/uploads\/2021\/11\/novillos.jpg?fit=880%2C440&ssl=1&resize=350%2C200","width":350,"height":200,"srcset":"https:\/\/i0.wp.com\/lahoradelcampo.com.uy\/site\/wp-content\/uploads\/2021\/11\/novillos.jpg?fit=880%2C440&ssl=1&resize=350%2C200 1x, https:\/\/i0.wp.com\/lahoradelcampo.com.uy\/site\/wp-content\/uploads\/2021\/11\/novillos.jpg?fit=880%2C440&ssl=1&resize=525%2C300 1.5x, https:\/\/i0.wp.com\/lahoradelcampo.com.uy\/site\/wp-content\/uploads\/2021\/11\/novillos.jpg?fit=880%2C440&ssl=1&resize=700%2C400 2x"},"classes":[]},{"id":55154,"url":"https:\/\/lahoradelcampo.com.uy\/site\/mercado-firme-y-demandado-con-suba-en-los-precios-de-la-hacienda\/","url_meta":{"origin":46505,"position":5},"title":"Mercado firme y demandado con suba en los precios de la hacienda","author":"La Hora del Campo","date":"27 noviembre, 2024","format":false,"excerpt":"El mercado de haciendas registr\u00f3 un nuevo incremento en los valores durante la semana del 17 al 23 de noviembre, seg\u00fan report\u00f3 la Asociaci\u00f3n de Consignatarios de Ganado (ACG), con el novillo gordo de exportaci\u00f3n especial alcanzando los 4,08 d\u00f3lares por kilo. Esta tendencia al alza, impulsada por una firme\u2026","rel":"","context":"En \u00abActualidad\u00bb","block_context":{"text":"Actualidad","link":"https:\/\/lahoradelcampo.com.uy\/site\/category\/actualidad\/"},"img":{"alt_text":"","src":"https:\/\/i0.wp.com\/lahoradelcampo.com.uy\/site\/wp-content\/uploads\/2023\/03\/Ganados-tubo-1.jpg?fit=880%2C440&ssl=1&resize=350%2C200","width":350,"height":200,"srcset":"https:\/\/i0.wp.com\/lahoradelcampo.com.uy\/site\/wp-content\/uploads\/2023\/03\/Ganados-tubo-1.jpg?fit=880%2C440&ssl=1&resize=350%2C200 1x, https:\/\/i0.wp.com\/lahoradelcampo.com.uy\/site\/wp-content\/uploads\/2023\/03\/Ganados-tubo-1.jpg?fit=880%2C440&ssl=1&resize=525%2C300 1.5x, https:\/\/i0.wp.com\/lahoradelcampo.com.uy\/site\/wp-content\/uploads\/2023\/03\/Ganados-tubo-1.jpg?fit=880%2C440&ssl=1&resize=700%2C400 2x"},"classes":[]}],"jetpack_likes_enabled":true,"_links":{"self":[{"href":"https:\/\/lahoradelcampo.com.uy\/site\/wp-json\/wp\/v2\/posts\/46505","targetHints":{"allow":["GET"]}}],"collection":[{"href":"https:\/\/lahoradelcampo.com.uy\/site\/wp-json\/wp\/v2\/posts"}],"about":[{"href":"https:\/\/lahoradelcampo.com.uy\/site\/wp-json\/wp\/v2\/types\/post"}],"author":[{"embeddable":true,"href":"https:\/\/lahoradelcampo.com.uy\/site\/wp-json\/wp\/v2\/users\/5"}],"replies":[{"embeddable":true,"href":"https:\/\/lahoradelcampo.com.uy\/site\/wp-json\/wp\/v2\/comments?post=46505"}],"version-history":[{"count":1,"href":"https:\/\/lahoradelcampo.com.uy\/site\/wp-json\/wp\/v2\/posts\/46505\/revisions"}],"predecessor-version":[{"id":46509,"href":"https:\/\/lahoradelcampo.com.uy\/site\/wp-json\/wp\/v2\/posts\/46505\/revisions\/46509"}],"wp:featuredmedia":[{"embeddable":true,"href":"https:\/\/lahoradelcampo.com.uy\/site\/wp-json\/wp\/v2\/media\/46507"}],"wp:attachment":[{"href":"https:\/\/lahoradelcampo.com.uy\/site\/wp-json\/wp\/v2\/media?parent=46505"}],"wp:term":[{"taxonomy":"category","embeddable":true,"href":"https:\/\/lahoradelcampo.com.uy\/site\/wp-json\/wp\/v2\/categories?post=46505"},{"taxonomy":"post_tag","embeddable":true,"href":"https:\/\/lahoradelcampo.com.uy\/site\/wp-json\/wp\/v2\/tags?post=46505"}],"curies":[{"name":"wp","href":"https:\/\/api.w.org\/{rel}","templated":true}]}}