{"id":46479,"date":"2022-10-20T06:10:33","date_gmt":"2022-10-20T09:10:33","guid":{"rendered":"http:\/\/lahoradelcampo.com.uy\/site\/?p=46479"},"modified":"2022-10-20T07:33:33","modified_gmt":"2022-10-20T10:33:33","slug":"inia-presentara-cinco-herramientas-para-un-tambo-rentable","status":"publish","type":"post","link":"https:\/\/lahoradelcampo.com.uy\/site\/inia-presentara-cinco-herramientas-para-un-tambo-rentable\/","title":{"rendered":"INIA presentar\u00e1 cinco herramientas para un tambo rentable"},"content":{"rendered":"\n<figure class=\"wp-block-image\"><img data-recalc-dims=\"1\" loading=\"lazy\" decoding=\"async\" width=\"810\" height=\"405\" data-attachment-id=\"4423\" data-permalink=\"https:\/\/lahoradelcampo.com.uy\/site\/las-cajas-negras-se-crearon-con-un-fin-recaudatorio\/inia-4\/\" data-orig-file=\"https:\/\/i0.wp.com\/lahoradelcampo.com.uy\/site\/wp-content\/uploads\/2017\/12\/INIA.jpg?fit=880%2C440&amp;ssl=1\" data-orig-size=\"880,440\" data-comments-opened=\"1\" data-image-meta=\"{&quot;aperture&quot;:&quot;0&quot;,&quot;credit&quot;:&quot;Vicente-Manuel-Tort&quot;,&quot;camera&quot;:&quot;&quot;,&quot;caption&quot;:&quot;&quot;,&quot;created_timestamp&quot;:&quot;0&quot;,&quot;copyright&quot;:&quot;Presidencia de la Republica - Sec.Com.Inst.&quot;,&quot;focal_length&quot;:&quot;0&quot;,&quot;iso&quot;:&quot;0&quot;,&quot;shutter_speed&quot;:&quot;0&quot;,&quot;title&quot;:&quot;&quot;,&quot;orientation&quot;:&quot;1&quot;}\" data-image-title=\"INIA\" data-image-description=\"\" data-image-caption=\"\" data-large-file=\"https:\/\/i0.wp.com\/lahoradelcampo.com.uy\/site\/wp-content\/uploads\/2017\/12\/INIA.jpg?fit=810%2C405&amp;ssl=1\" src=\"https:\/\/i0.wp.com\/lahoradelcampo.com.uy\/site\/wp-content\/uploads\/2017\/12\/INIA.jpg?resize=810%2C405\" alt=\"\" class=\"wp-image-4423\" srcset=\"https:\/\/i0.wp.com\/lahoradelcampo.com.uy\/site\/wp-content\/uploads\/2017\/12\/INIA.jpg?w=880&amp;ssl=1 880w, https:\/\/i0.wp.com\/lahoradelcampo.com.uy\/site\/wp-content\/uploads\/2017\/12\/INIA.jpg?resize=300%2C150&amp;ssl=1 300w, https:\/\/i0.wp.com\/lahoradelcampo.com.uy\/site\/wp-content\/uploads\/2017\/12\/INIA.jpg?resize=768%2C384&amp;ssl=1 768w, https:\/\/i0.wp.com\/lahoradelcampo.com.uy\/site\/wp-content\/uploads\/2017\/12\/INIA.jpg?resize=820%2C410&amp;ssl=1 820w\" sizes=\"auto, (max-width: 810px) 100vw, 810px\" \/><\/figure>\n\n\n\n<p>El Instituto Nacional de Investigaci\u00f3n Agropecuaria (INIA) realizar\u00e1 la tradicional jornada de campo de \u00abPorteras abiertas\u00bb de la Unidad de Lecher\u00eda de la estaci\u00f3n experimental de La Estanzuela. <\/p>\n\n\n\n<p>Comenzar\u00e1 sobre las 8:30 de la ma\u00f1ana y que prev\u00e9 recorrer 5 paradas a campo, integrando aspectos de: manejo de pasturas, alimentaci\u00f3n de ganado lechero, funcionamiento del Sistema Voluntario de Orde\u00f1e (Robot), ambiente cr\u00eda de terneras.<\/p>\n\n\n\n<p>La organizaci\u00f3n prev\u00e9 la divisi\u00f3n en 5 grupos, para un movimiento m\u00e1s eficiente y que permita cierta interacci\u00f3n, recorriendo de forma rotativa las 5 paradas. Todo el recorrido, se completa en aproximadamente 2 horas. Al culminar el recorrido (mediod\u00eda) se tendr\u00e1 un espacio com\u00fan de intercambio.<\/p>\n\n\n\n<p>Sobre las 15:00 horas daremos por finalizada la actividad, con la entrega de una publicaci\u00f3n con la informaci\u00f3n de cada parada. <\/p>\n\n\n\n<p>Es una actividad abierta, gratuita, especialmente dirigida a productores, t\u00e9cnicos y estudiantes agrarios.<\/p>\n\n\n\n<p>Salto, jueves 20 de octubre de 2022<\/p>\n","protected":false},"excerpt":{"rendered":"<p>El Instituto Nacional de Investigaci\u00f3n Agropecuaria (INIA) realizar\u00e1 la tradicional jornada de campo de \u00abPorteras abiertas\u00bb de la Unidad de Lecher\u00eda de la estaci\u00f3n experimental de La Estanzuela. Comenzar\u00e1 sobre [&hellip;]<\/p>\n","protected":false},"author":5,"featured_media":4423,"comment_status":"open","ping_status":"open","sticky":false,"template":"","format":"standard","meta":{"_price":"","_stock":"","_tribe_ticket_header":"","_tribe_default_ticket_provider":"","_tribe_ticket_capacity":"0","_ticket_start_date":"","_ticket_end_date":"","_tribe_ticket_show_description":"","_tribe_ticket_show_not_going":false,"_tribe_ticket_use_global_stock":"","_tribe_ticket_global_stock_level":"","_global_stock_mode":"","_global_stock_cap":"","_tribe_rsvp_for_event":"","_tribe_ticket_going_count":"","_tribe_ticket_not_going_count":"","_tribe_tickets_list":"[]","_tribe_ticket_has_attendee_info_fields":false,"h5ap_radio_sources":[],"_jetpack_newsletter_access":"","_jetpack_dont_email_post_to_subs":false,"_jetpack_newsletter_tier_id":0,"_jetpack_memberships_contains_paywalled_content":false,"_jetpack_memberships_contains_paid_content":false,"footnotes":""},"categories":[21,11],"tags":[],"class_list":["post-46479","post","type-post","status-publish","format-standard","has-post-thumbnail","hentry","category-actualidad","category-lecheria"],"jetpack_featured_media_url":"https:\/\/i0.wp.com\/lahoradelcampo.com.uy\/site\/wp-content\/uploads\/2017\/12\/INIA.jpg?fit=880%2C440&ssl=1","jetpack_sharing_enabled":true,"jetpack_shortlink":"https:\/\/wp.me\/p99IaT-c5F","jetpack-related-posts":[{"id":50733,"url":"https:\/\/lahoradelcampo.com.uy\/site\/inia-participa-de-la-semana-de-la-ciencia-y-la-tecnologia\/","url_meta":{"origin":46479,"position":0},"title":"INIA participa de la semana de la Ciencia y la Tecnolog\u00eda","author":"La Hora del Campo","date":"25 mayo, 2023","format":false,"excerpt":"El Instituto Nacional de Investigaci\u00f3n Agropecuaria (INIA) participa una vez m\u00e1s en la Semana de la Ciencia y la Tecnolog\u00eda, un evento que se lleva a cabo en todo el pa\u00eds del 22 al 28 de mayo. Con el prop\u00f3sito de acercar el conocimiento cient\u00edfico y tecnol\u00f3gico a la sociedad,\u2026","rel":"","context":"En \u00abActualidad\u00bb","block_context":{"text":"Actualidad","link":"https:\/\/lahoradelcampo.com.uy\/site\/category\/actualidad\/"},"img":{"alt_text":"","src":"https:\/\/i0.wp.com\/lahoradelcampo.com.uy\/site\/wp-content\/uploads\/2023\/05\/INIA-Ciencia.jpg?fit=880%2C440&ssl=1&resize=350%2C200","width":350,"height":200,"srcset":"https:\/\/i0.wp.com\/lahoradelcampo.com.uy\/site\/wp-content\/uploads\/2023\/05\/INIA-Ciencia.jpg?fit=880%2C440&ssl=1&resize=350%2C200 1x, https:\/\/i0.wp.com\/lahoradelcampo.com.uy\/site\/wp-content\/uploads\/2023\/05\/INIA-Ciencia.jpg?fit=880%2C440&ssl=1&resize=525%2C300 1.5x, https:\/\/i0.wp.com\/lahoradelcampo.com.uy\/site\/wp-content\/uploads\/2023\/05\/INIA-Ciencia.jpg?fit=880%2C440&ssl=1&resize=700%2C400 2x"},"classes":[]},{"id":12555,"url":"https:\/\/lahoradelcampo.com.uy\/site\/inia-convoca-a-la-lecheria-del-norte-a-un-intercambio-con-los-tecnicos\/","url_meta":{"origin":46479,"position":1},"title":"INIA convoc\u00e1 a la lecher\u00eda del norte  a un intercambio con los t\u00e9cnicos","author":"La Hora del Campo","date":"10 julio, 2019","format":false,"excerpt":"El Instituto Nacional de Investigaci\u00f3n Agropecuaria (INIA) convoca a la jornada \"Lecher\u00eda en el norte. Intercambio con investigadores\". La misma se realizar\u00e1 el d\u00eda viernes 12 de julio comenzando a las 13:00 horas en el local de la Sociedad Fomento Rural de Colonia Rubio, entrando por ruta 31 kil\u00f3metro 42\u2026","rel":"","context":"En \u00abActualidad\u00bb","block_context":{"text":"Actualidad","link":"https:\/\/lahoradelcampo.com.uy\/site\/category\/actualidad\/"},"img":{"alt_text":"","src":"https:\/\/i0.wp.com\/lahoradelcampo.com.uy\/site\/wp-content\/uploads\/2018\/05\/Lecheria.jpg?fit=880%2C440&ssl=1&resize=350%2C200","width":350,"height":200,"srcset":"https:\/\/i0.wp.com\/lahoradelcampo.com.uy\/site\/wp-content\/uploads\/2018\/05\/Lecheria.jpg?fit=880%2C440&ssl=1&resize=350%2C200 1x, https:\/\/i0.wp.com\/lahoradelcampo.com.uy\/site\/wp-content\/uploads\/2018\/05\/Lecheria.jpg?fit=880%2C440&ssl=1&resize=525%2C300 1.5x, https:\/\/i0.wp.com\/lahoradelcampo.com.uy\/site\/wp-content\/uploads\/2018\/05\/Lecheria.jpg?fit=880%2C440&ssl=1&resize=700%2C400 2x"},"classes":[]},{"id":1391,"url":"https:\/\/lahoradelcampo.com.uy\/site\/inia-presento-el-primer-robot-de-ordene\/","url_meta":{"origin":46479,"position":2},"title":"INIA present\u00f3 el primer robot de orde\u00f1e","author":"La Hora del Campo","date":"18 septiembre, 2017","format":false,"excerpt":"El domingo\u00a010 de setiembre\u00a0de 2017, en el predio de la Unidad de Lecher\u00eda de INIA Estanzuela, se logr\u00f3 por primera vez en\u00a0Uruguay orde\u00f1ar una vaca en un sistema robotizado. Se trata del proyecto de investigaci\u00f3n de INIA Uruguay sobre un Sistema Voluntario de Orde\u00f1e Robotizado. \u00bfPor qu\u00e9 trabajar en este\u2026","rel":"","context":"En \u00abLecher\u00eda\u00bb","block_context":{"text":"Lecher\u00eda","link":"https:\/\/lahoradelcampo.com.uy\/site\/category\/lecheria\/"},"img":{"alt_text":"","src":"https:\/\/i0.wp.com\/lahoradelcampo.com.uy\/site\/wp-content\/uploads\/2017\/09\/INIA-Tambo.jpg?fit=880%2C440&ssl=1&resize=350%2C200","width":350,"height":200,"srcset":"https:\/\/i0.wp.com\/lahoradelcampo.com.uy\/site\/wp-content\/uploads\/2017\/09\/INIA-Tambo.jpg?fit=880%2C440&ssl=1&resize=350%2C200 1x, https:\/\/i0.wp.com\/lahoradelcampo.com.uy\/site\/wp-content\/uploads\/2017\/09\/INIA-Tambo.jpg?fit=880%2C440&ssl=1&resize=525%2C300 1.5x, https:\/\/i0.wp.com\/lahoradelcampo.com.uy\/site\/wp-content\/uploads\/2017\/09\/INIA-Tambo.jpg?fit=880%2C440&ssl=1&resize=700%2C400 2x"},"classes":[]},{"id":54241,"url":"https:\/\/lahoradelcampo.com.uy\/site\/inia-desarrolla-una-bolsa-de-semillas-de-campo-natural\/","url_meta":{"origin":46479,"position":3},"title":"INIA desarrolla una \u00abbolsa de semillas de campo natural\u00bb","author":"La Hora del Campo","date":"20 agosto, 2024","format":false,"excerpt":"Programar la adquisici\u00f3n de semillas de lotus, tr\u00e9bol blanco y rojo, raigr\u00e1s, avena, es moneda corriente entre los productores, sin embargo, adquirir semillas de especies aut\u00f3ctonas del campo natural no es posible, por lo que el Instituto Nacional de Investigaci\u00f3n Agropecuaria (INIA) est\u00e1 trabajando en el desarrollo de \"una bolsa\u2026","rel":"","context":"En \u00abActualidad\u00bb","block_context":{"text":"Actualidad","link":"https:\/\/lahoradelcampo.com.uy\/site\/category\/actualidad\/"},"img":{"alt_text":"","src":"https:\/\/i0.wp.com\/lahoradelcampo.com.uy\/site\/wp-content\/uploads\/2023\/07\/INIA-MartinJaurena.jpg?fit=880%2C440&ssl=1&resize=350%2C200","width":350,"height":200,"srcset":"https:\/\/i0.wp.com\/lahoradelcampo.com.uy\/site\/wp-content\/uploads\/2023\/07\/INIA-MartinJaurena.jpg?fit=880%2C440&ssl=1&resize=350%2C200 1x, https:\/\/i0.wp.com\/lahoradelcampo.com.uy\/site\/wp-content\/uploads\/2023\/07\/INIA-MartinJaurena.jpg?fit=880%2C440&ssl=1&resize=525%2C300 1.5x, https:\/\/i0.wp.com\/lahoradelcampo.com.uy\/site\/wp-content\/uploads\/2023\/07\/INIA-MartinJaurena.jpg?fit=880%2C440&ssl=1&resize=700%2C400 2x"},"classes":[]},{"id":36957,"url":"https:\/\/lahoradelcampo.com.uy\/site\/queremos-que-los-jovenes-trabajen-en-el-tambo-porque-es-una-alternativa-atractiva\/","url_meta":{"origin":46479,"position":4},"title":"Queremos que los j\u00f3venes trabajen en el tambo porque es una alternativa atractiva","author":"La Hora del Campo","date":"26 noviembre, 2021","format":false,"excerpt":"La jornada laboral de los tamberos convencionales en Uruguay generalmente inicia muy temprano en la madrugada, cuando se dirigen al campo para realizar todos los quehaceres vinculados al orde\u00f1e. Esta rutina la realizan dos veces al d\u00eda, todos los d\u00edas del a\u00f1o, e implica un gran esfuerzo para los productores\u2026","rel":"","context":"En \u00abActualidad\u00bb","block_context":{"text":"Actualidad","link":"https:\/\/lahoradelcampo.com.uy\/site\/category\/actualidad\/"},"img":{"alt_text":"","src":"https:\/\/i0.wp.com\/lahoradelcampo.com.uy\/site\/wp-content\/uploads\/2017\/10\/Lecheria.jpg?fit=880%2C440&ssl=1&resize=350%2C200","width":350,"height":200,"srcset":"https:\/\/i0.wp.com\/lahoradelcampo.com.uy\/site\/wp-content\/uploads\/2017\/10\/Lecheria.jpg?fit=880%2C440&ssl=1&resize=350%2C200 1x, https:\/\/i0.wp.com\/lahoradelcampo.com.uy\/site\/wp-content\/uploads\/2017\/10\/Lecheria.jpg?fit=880%2C440&ssl=1&resize=525%2C300 1.5x, https:\/\/i0.wp.com\/lahoradelcampo.com.uy\/site\/wp-content\/uploads\/2017\/10\/Lecheria.jpg?fit=880%2C440&ssl=1&resize=700%2C400 2x"},"classes":[]},{"id":4431,"url":"https:\/\/lahoradelcampo.com.uy\/site\/inia-alerta-por-estres-calorico-en-vacas-lecheras\/","url_meta":{"origin":46479,"position":5},"title":"INIA alerta por estr\u00e9s cal\u00f3rico en vacas lecheras","author":"La Hora del Campo","date":"2 diciembre, 2017","format":false,"excerpt":"Del 5 al 12 de diciembre los diferentes informes meteorol\u00f3gicos que se han venido observando, desde diferentes empresas privadas, es una ausencia de precipitaciones y altos niveles de temperatura y h\u00famedad en todo el territorio nacional. La sede La Estanzuela del Instituto Nacional de Investigaci\u00f3n Agropecuaria (INIA), emiti\u00f3 un alerta\u2026","rel":"","context":"En \u00abLecher\u00eda\u00bb","block_context":{"text":"Lecher\u00eda","link":"https:\/\/lahoradelcampo.com.uy\/site\/category\/lecheria\/"},"img":{"alt_text":"","src":"https:\/\/i0.wp.com\/lahoradelcampo.com.uy\/site\/wp-content\/uploads\/2017\/12\/INIA.jpg?fit=880%2C440&ssl=1&resize=350%2C200","width":350,"height":200,"srcset":"https:\/\/i0.wp.com\/lahoradelcampo.com.uy\/site\/wp-content\/uploads\/2017\/12\/INIA.jpg?fit=880%2C440&ssl=1&resize=350%2C200 1x, https:\/\/i0.wp.com\/lahoradelcampo.com.uy\/site\/wp-content\/uploads\/2017\/12\/INIA.jpg?fit=880%2C440&ssl=1&resize=525%2C300 1.5x, https:\/\/i0.wp.com\/lahoradelcampo.com.uy\/site\/wp-content\/uploads\/2017\/12\/INIA.jpg?fit=880%2C440&ssl=1&resize=700%2C400 2x"},"classes":[]}],"jetpack_likes_enabled":true,"_links":{"self":[{"href":"https:\/\/lahoradelcampo.com.uy\/site\/wp-json\/wp\/v2\/posts\/46479","targetHints":{"allow":["GET"]}}],"collection":[{"href":"https:\/\/lahoradelcampo.com.uy\/site\/wp-json\/wp\/v2\/posts"}],"about":[{"href":"https:\/\/lahoradelcampo.com.uy\/site\/wp-json\/wp\/v2\/types\/post"}],"author":[{"embeddable":true,"href":"https:\/\/lahoradelcampo.com.uy\/site\/wp-json\/wp\/v2\/users\/5"}],"replies":[{"embeddable":true,"href":"https:\/\/lahoradelcampo.com.uy\/site\/wp-json\/wp\/v2\/comments?post=46479"}],"version-history":[{"count":1,"href":"https:\/\/lahoradelcampo.com.uy\/site\/wp-json\/wp\/v2\/posts\/46479\/revisions"}],"predecessor-version":[{"id":46481,"href":"https:\/\/lahoradelcampo.com.uy\/site\/wp-json\/wp\/v2\/posts\/46479\/revisions\/46481"}],"wp:featuredmedia":[{"embeddable":true,"href":"https:\/\/lahoradelcampo.com.uy\/site\/wp-json\/wp\/v2\/media\/4423"}],"wp:attachment":[{"href":"https:\/\/lahoradelcampo.com.uy\/site\/wp-json\/wp\/v2\/media?parent=46479"}],"wp:term":[{"taxonomy":"category","embeddable":true,"href":"https:\/\/lahoradelcampo.com.uy\/site\/wp-json\/wp\/v2\/categories?post=46479"},{"taxonomy":"post_tag","embeddable":true,"href":"https:\/\/lahoradelcampo.com.uy\/site\/wp-json\/wp\/v2\/tags?post=46479"}],"curies":[{"name":"wp","href":"https:\/\/api.w.org\/{rel}","templated":true}]}}