{"id":46471,"date":"2022-10-20T07:10:33","date_gmt":"2022-10-20T10:10:33","guid":{"rendered":"http:\/\/lahoradelcampo.com.uy\/site\/?p=46471"},"modified":"2022-10-20T07:10:37","modified_gmt":"2022-10-20T10:10:37","slug":"mgap-realizo-una-puesta-a-punto-sobre-brucelosis-bovina","status":"publish","type":"post","link":"https:\/\/lahoradelcampo.com.uy\/site\/mgap-realizo-una-puesta-a-punto-sobre-brucelosis-bovina\/","title":{"rendered":"MGAP realiz\u00f3 una puesta a punto sobre Brucelosis bovina"},"content":{"rendered":"\n<figure class=\"wp-block-image\"><img data-recalc-dims=\"1\" loading=\"lazy\" decoding=\"async\" width=\"810\" height=\"405\" data-attachment-id=\"46473\" data-permalink=\"https:\/\/lahoradelcampo.com.uy\/site\/mgap-realizo-una-puesta-a-punto-sobre-brucelosis-bovina\/mgap-brucelosis\/\" data-orig-file=\"https:\/\/i0.wp.com\/lahoradelcampo.com.uy\/site\/wp-content\/uploads\/2022\/10\/MGAP-brucelosis.jpg?fit=880%2C440&amp;ssl=1\" data-orig-size=\"880,440\" data-comments-opened=\"1\" data-image-meta=\"{&quot;aperture&quot;:&quot;0&quot;,&quot;credit&quot;:&quot;&quot;,&quot;camera&quot;:&quot;&quot;,&quot;caption&quot;:&quot;&quot;,&quot;created_timestamp&quot;:&quot;0&quot;,&quot;copyright&quot;:&quot;&quot;,&quot;focal_length&quot;:&quot;0&quot;,&quot;iso&quot;:&quot;0&quot;,&quot;shutter_speed&quot;:&quot;0&quot;,&quot;title&quot;:&quot;&quot;,&quot;orientation&quot;:&quot;1&quot;}\" data-image-title=\"MGAP-brucelosis\" data-image-description=\"\" data-image-caption=\"\" data-large-file=\"https:\/\/i0.wp.com\/lahoradelcampo.com.uy\/site\/wp-content\/uploads\/2022\/10\/MGAP-brucelosis.jpg?fit=810%2C405&amp;ssl=1\" src=\"https:\/\/i0.wp.com\/lahoradelcampo.com.uy\/site\/wp-content\/uploads\/2022\/10\/MGAP-brucelosis.jpg?resize=810%2C405\" alt=\"\" class=\"wp-image-46473\" srcset=\"https:\/\/i0.wp.com\/lahoradelcampo.com.uy\/site\/wp-content\/uploads\/2022\/10\/MGAP-brucelosis.jpg?w=880&amp;ssl=1 880w, https:\/\/i0.wp.com\/lahoradelcampo.com.uy\/site\/wp-content\/uploads\/2022\/10\/MGAP-brucelosis.jpg?resize=300%2C150&amp;ssl=1 300w, https:\/\/i0.wp.com\/lahoradelcampo.com.uy\/site\/wp-content\/uploads\/2022\/10\/MGAP-brucelosis.jpg?resize=768%2C384&amp;ssl=1 768w, https:\/\/i0.wp.com\/lahoradelcampo.com.uy\/site\/wp-content\/uploads\/2022\/10\/MGAP-brucelosis.jpg?resize=820%2C410&amp;ssl=1 820w\" sizes=\"auto, (max-width: 810px) 100vw, 810px\" \/><\/figure>\n\n\n\n<p>Debido a que en meses recientes la Brucelosis bovina present\u00f3 una mayor incidencia de casos, detectados a trav\u00e9s de la investigaci\u00f3n y monitoreo que realizan los servicios oficiales del MGAP, el ministro Fernando Mattos conjuntamente con autoridades de los Servicios Ganaderos llevaron adelante una conferencia de prensa para mostrar datos e informar las acciones desarrolladas. <br><\/p>\n\n\n\n<p>Este mi\u00e9rcoles 19 en la sala de conferencias del MGAP, integraron la mesa, adem\u00e1s del ministro, el director de los Servicios Ganaderos, Diego de Freitas, el director de Sanidad Animal, Mart\u00edn Altuna y el responsable de la campa\u00f1a contra la Brucelosis de la divisi\u00f3n Sanidad Animal, Pablo Charbonnier.<br><\/p>\n\n\n\n<p>El director de los Servicios Ganaderos explic\u00f3 que para combatir esta zoonosis, que afecta la reproducci\u00f3n de los bovinos y es cr\u00f3nica, se debe contar con la concientizaci\u00f3n y apoyo de los productores as\u00ed como de todos los involucrados. <br><\/p>\n\n\n\n<p>En este sentido, se realizan reuniones peri\u00f3dicas de la Comisi\u00f3n Nacional Honoraria de Salud Animal, que nuclea a representantes de los organismos p\u00fablicos, representantes de las gremiales de productores y delegados de la gremial de veterinarios, con el fin de monitorear y buscar soluciones en materia sanitaria.  Agreg\u00f3 que en cuanto a la Brucelosis se trata de una campa\u00f1a de control, con una prevalencia menor al 1% y no de una campa\u00f1a de erradicaci\u00f3n.<br><\/p>\n\n\n\n<p>Luego Charbonnier explic\u00f3 que cada 31 de diciembre se eval\u00faan la cantidad de focos activos a nivel nacional y una vez detectada la enfermedad la erradicaci\u00f3n se busca en el predio. <br><\/p>\n\n\n\n<p>\u201cCon la vigilancia que se hace actualmente a nivel predial estimamos que hay seis focos nuevos cada mil predios detectados, lo que significa un 0,6%. Al compararlo con a\u00f1os anteriores es un n\u00famero predial muy bajo y al compararlo a nivel individual es m\u00e1s bajo a\u00fan. Tenemos la ventaja de contar con todos los predios georeferenciados y trazados que permite un an\u00e1lisis m\u00e1s fino. En los focos aparecidos este a\u00f1o, r\u00e1pidamente se monitoreo a los predios linderos y se detectaron varios focos m\u00e1s, por lo cual sorprendi\u00f3 y gener\u00f3 un impacto. Sin embargo, cabe aclarar que la positividad en promedio es baja\u201d dijo el profesional.  <br><\/p>\n\n\n\n<p>Mattos invit\u00f3 a todos aquellos productores que sospechen de alg\u00fan caso a acercarse a las zonales del MGAP con el fin de aplicar las medidas definidas y controlar la situaci\u00f3n. \u201cCada vez que una camioneta del MGAP entra a un predio no debe significar un problema para quien produce, y si una soluci\u00f3n\u201d. <br><\/p>\n\n\n\n<p>El ministro record\u00f3 adem\u00e1s, que existe en nuestro pa\u00eds una vacuna de libre acceso contra la enfermedad (RB 51), que puede ser administrada por el veterinario particular y que tiene ciertas ventajas. Al respecto, Altuna explicit\u00f3 que dicha vacuna no interfiere en el diagn\u00f3stico, por lo tanto no deja dudas en cuanto a si se trata de un caso por enfermedad o por la propia vacunaci\u00f3n.<\/p>\n\n\n\n<p>El director de la divisi\u00f3n sanidad explic\u00f3 que: \u00abCuando se genera un aviso se hace el an\u00e1lisis de la unidad, cuando se detecta la enfermedad, se realiza la trazabilidad de aquellos que pueden continuar contagiando y los movimientos que tuvieron. Debemos ir adelant\u00e1ndonos a la enfermedad, estamos trabajando en las interdicciones especialmente en establecimientos de caba\u00f1a y cuando se hallan \u00e1reas bioseguras se intensifican a\u00fan m\u00e1s los controles a trav\u00e9s del modelo de compartimento gen\u00e9tico, concepto aplicado a nivel mundial\u00bb.<br><\/p>\n\n\n\n<p>Al cierre, el ministro expres\u00f3 que el gobierno nacional ha solicitado el m\u00e1ximo esfuerzo al MGAP para tratar este tema que es de riesgo tambi\u00e9n para la salud humana. \u201cCuanto antes se enfrente el problema sanitario antes se sale del mismo y menos costos tendr\u00e1. Seguiremos estudiando las mejores medidas para proporcionar la mejor asistencia\u201d, concluy\u00f3.<br><\/p>\n\n\n\n<figure class=\"wp-block-image\"><img data-recalc-dims=\"1\" loading=\"lazy\" decoding=\"async\" width=\"771\" height=\"1024\" data-attachment-id=\"46475\" data-permalink=\"https:\/\/lahoradelcampo.com.uy\/site\/mgap-realizo-una-puesta-a-punto-sobre-brucelosis-bovina\/presentacion-de-powerpoint-11\/\" data-orig-file=\"https:\/\/i0.wp.com\/lahoradelcampo.com.uy\/site\/wp-content\/uploads\/2022\/10\/Brucelosis.jpg?fit=794%2C1054&amp;ssl=1\" data-orig-size=\"794,1054\" data-comments-opened=\"1\" data-image-meta=\"{&quot;aperture&quot;:&quot;0&quot;,&quot;credit&quot;:&quot;Charbonnier Pablo&quot;,&quot;camera&quot;:&quot;&quot;,&quot;caption&quot;:&quot;&quot;,&quot;created_timestamp&quot;:&quot;0&quot;,&quot;copyright&quot;:&quot;&quot;,&quot;focal_length&quot;:&quot;0&quot;,&quot;iso&quot;:&quot;0&quot;,&quot;shutter_speed&quot;:&quot;0&quot;,&quot;title&quot;:&quot;Presentaci\\u00f3n de PowerPoint&quot;,&quot;orientation&quot;:&quot;1&quot;}\" data-image-title=\"Presentaci\u00f3n de PowerPoint\" data-image-description=\"\" data-image-caption=\"\" data-large-file=\"https:\/\/i0.wp.com\/lahoradelcampo.com.uy\/site\/wp-content\/uploads\/2022\/10\/Brucelosis.jpg?fit=771%2C1024&amp;ssl=1\" src=\"https:\/\/i0.wp.com\/lahoradelcampo.com.uy\/site\/wp-content\/uploads\/2022\/10\/Brucelosis.jpg?resize=771%2C1024\" alt=\"\" class=\"wp-image-46475\" srcset=\"https:\/\/i0.wp.com\/lahoradelcampo.com.uy\/site\/wp-content\/uploads\/2022\/10\/Brucelosis.jpg?resize=771%2C1024&amp;ssl=1 771w, https:\/\/i0.wp.com\/lahoradelcampo.com.uy\/site\/wp-content\/uploads\/2022\/10\/Brucelosis.jpg?resize=226%2C300&amp;ssl=1 226w, https:\/\/i0.wp.com\/lahoradelcampo.com.uy\/site\/wp-content\/uploads\/2022\/10\/Brucelosis.jpg?resize=768%2C1019&amp;ssl=1 768w, https:\/\/i0.wp.com\/lahoradelcampo.com.uy\/site\/wp-content\/uploads\/2022\/10\/Brucelosis.jpg?w=794&amp;ssl=1 794w\" sizes=\"auto, (max-width: 771px) 100vw, 771px\" \/><\/figure>\n\n\n\n<p><strong>Salto<\/strong><br><\/p>\n\n\n\n<p>A nivel del departamento de Salto, el Ministerio de Ganader\u00eda, Agricultura y Pesca, inform\u00f3 que al 18 de octubre de 2022, se tiene interdictos cuatro establecimientos rurales, incluyendo un total de 7 n\u00fameros de DICOSE.  Extraoficialmente, se confirm\u00f3 a La Hora del Campo que uno de los predios re\u00fane varios grupos de productores en una propiedad del Instituto Nacional de Colonizaci\u00f3n. Por lo que existe tal diferencia entre los establecimientos y los n\u00fameros de DICOSE; al mismo tiempo, se mencion\u00f3 que dentro del mismo predio, existe un DICOSE que est\u00e1 libre de la enfermedad. <br><\/p>\n\n\n\n<p>En la Seccional 15, donde se encuentra el mayor volumen de casos, comenz\u00f3 con un monitoreo a nivel de faena, lo que posteriormente gener\u00f3 la detecci\u00f3n a nivel de establecimientos linderos. En el caso de la Seccional 9, se realiz\u00f3 sangrados que dieron positivos ante un movimiento de reproductores. <\/p>\n\n\n\n<p>Salto, jueves 20 de octubre de 2022<\/p>\n","protected":false},"excerpt":{"rendered":"<p>Debido a que en meses recientes la Brucelosis bovina present\u00f3 una mayor incidencia de casos, detectados a trav\u00e9s de la investigaci\u00f3n y monitoreo que realizan los servicios oficiales del MGAP, [&hellip;]<\/p>\n","protected":false},"author":5,"featured_media":46473,"comment_status":"open","ping_status":"open","sticky":false,"template":"","format":"standard","meta":{"_price":"","_stock":"","_tribe_ticket_header":"","_tribe_default_ticket_provider":"","_tribe_ticket_capacity":"0","_ticket_start_date":"","_ticket_end_date":"","_tribe_ticket_show_description":"","_tribe_ticket_show_not_going":false,"_tribe_ticket_use_global_stock":"","_tribe_ticket_global_stock_level":"","_global_stock_mode":"","_global_stock_cap":"","_tribe_rsvp_for_event":"","_tribe_ticket_going_count":"","_tribe_ticket_not_going_count":"","_tribe_tickets_list":"[]","_tribe_ticket_has_attendee_info_fields":false,"h5ap_radio_sources":[],"_jetpack_newsletter_access":"","_jetpack_dont_email_post_to_subs":false,"_jetpack_newsletter_tier_id":0,"_jetpack_memberships_contains_paywalled_content":false,"_jetpack_memberships_contains_paid_content":false,"footnotes":""},"categories":[21,5],"tags":[],"class_list":["post-46471","post","type-post","status-publish","format-standard","has-post-thumbnail","hentry","category-actualidad","category-ganaderia"],"jetpack_featured_media_url":"https:\/\/i0.wp.com\/lahoradelcampo.com.uy\/site\/wp-content\/uploads\/2022\/10\/MGAP-brucelosis.jpg?fit=880%2C440&ssl=1","jetpack_sharing_enabled":true,"jetpack_shortlink":"https:\/\/wp.me\/p99IaT-c5x","jetpack-related-posts":[{"id":48313,"url":"https:\/\/lahoradelcampo.com.uy\/site\/mgap-re-categorizara-predios-interdictos-por-brucelosis-bovina\/","url_meta":{"origin":46471,"position":0},"title":"MGAP re categorizar\u00e1 predios interdictos por Brucelosis Bovina","author":"La Hora del Campo","date":"23 enero, 2023","format":false,"excerpt":"La situaci\u00f3n de la Brucelosis Bovina en el pa\u00eds, ha tenido vaivenes en los \u00faltimos a\u00f1os, que van de acuerdo a los resultados de los an\u00e1lisis en la industria frigor\u00edfica, o lechera, en los predios linderos a focos, que est\u00e1n obligados a sangrar, y en el \u00faltimo a\u00f1o en la\u2026","rel":"","context":"En \u00abActualidad\u00bb","block_context":{"text":"Actualidad","link":"https:\/\/lahoradelcampo.com.uy\/site\/category\/actualidad\/"},"img":{"alt_text":"","src":"https:\/\/i0.wp.com\/lahoradelcampo.com.uy\/site\/wp-content\/uploads\/2017\/12\/MGAP.jpg?fit=880%2C440&ssl=1&resize=350%2C200","width":350,"height":200,"srcset":"https:\/\/i0.wp.com\/lahoradelcampo.com.uy\/site\/wp-content\/uploads\/2017\/12\/MGAP.jpg?fit=880%2C440&ssl=1&resize=350%2C200 1x, https:\/\/i0.wp.com\/lahoradelcampo.com.uy\/site\/wp-content\/uploads\/2017\/12\/MGAP.jpg?fit=880%2C440&ssl=1&resize=525%2C300 1.5x, https:\/\/i0.wp.com\/lahoradelcampo.com.uy\/site\/wp-content\/uploads\/2017\/12\/MGAP.jpg?fit=880%2C440&ssl=1&resize=700%2C400 2x"},"classes":[]},{"id":4793,"url":"https:\/\/lahoradelcampo.com.uy\/site\/habran-importantes-anuncios-sobre-brucelosis-y-aftosa\/","url_meta":{"origin":46471,"position":1},"title":"Habr\u00e1n importantes anuncios sobre brucelosis y aftosa","author":"La Hora del Campo","date":"11 diciembre, 2017","format":false,"excerpt":"En la jornada de hoy, 11 de diciembre en Paysand\u00fa se reunir\u00e1 la Comisi\u00f3n Honoraria Nacional de Sanidad Animal (Cohnasa), conjuntamente con la Comisi\u00f3n Departamental de Sanidad Animal de Paysand\u00fa, donde se trataran dos temas de suma importancia dentro del temario general programado para hoy. Seg\u00fan explic\u00f3 el Dr. Eduardo\u2026","rel":"","context":"En \u00abActualidad\u00bb","block_context":{"text":"Actualidad","link":"https:\/\/lahoradelcampo.com.uy\/site\/category\/actualidad\/"},"img":{"alt_text":"","src":"https:\/\/i0.wp.com\/lahoradelcampo.com.uy\/site\/wp-content\/uploads\/2017\/10\/Barre.jpg?fit=880%2C440&ssl=1&resize=350%2C200","width":350,"height":200,"srcset":"https:\/\/i0.wp.com\/lahoradelcampo.com.uy\/site\/wp-content\/uploads\/2017\/10\/Barre.jpg?fit=880%2C440&ssl=1&resize=350%2C200 1x, https:\/\/i0.wp.com\/lahoradelcampo.com.uy\/site\/wp-content\/uploads\/2017\/10\/Barre.jpg?fit=880%2C440&ssl=1&resize=525%2C300 1.5x, https:\/\/i0.wp.com\/lahoradelcampo.com.uy\/site\/wp-content\/uploads\/2017\/10\/Barre.jpg?fit=880%2C440&ssl=1&resize=700%2C400 2x"},"classes":[]},{"id":4145,"url":"https:\/\/lahoradelcampo.com.uy\/site\/brucelosis-federacion-rural-solicito-la-vacunacion-obligatoria-en-paysandu\/","url_meta":{"origin":46471,"position":2},"title":"Brucelosis: Federaci\u00f3n Rural solicit\u00f3 la vacunaci\u00f3n obligatoria en Paysand\u00fa","author":"La Hora del Campo","date":"22 noviembre, 2017","format":false,"excerpt":"La Federaci\u00f3n Rural del Uruguay sostiene que la situaci\u00f3n de Brucelosis en Paysand\u00fa se encuentra muy complicada. El Ing. Agr. Jorge Riani, presidente de la gremial dijo que se solicit\u00f3 al Ministerio de Ganader\u00eda, Agricultura y Pesca que se aplicara la vacunaci\u00f3n obligatoria de todas las terneras y vaquillonas de\u2026","rel":"","context":"En \u00abActualidad\u00bb","block_context":{"text":"Actualidad","link":"https:\/\/lahoradelcampo.com.uy\/site\/category\/actualidad\/"},"img":{"alt_text":"","src":"https:\/\/i0.wp.com\/lahoradelcampo.com.uy\/site\/wp-content\/uploads\/2017\/11\/Jorge.jpg?fit=880%2C440&ssl=1&resize=350%2C200","width":350,"height":200,"srcset":"https:\/\/i0.wp.com\/lahoradelcampo.com.uy\/site\/wp-content\/uploads\/2017\/11\/Jorge.jpg?fit=880%2C440&ssl=1&resize=350%2C200 1x, https:\/\/i0.wp.com\/lahoradelcampo.com.uy\/site\/wp-content\/uploads\/2017\/11\/Jorge.jpg?fit=880%2C440&ssl=1&resize=525%2C300 1.5x, https:\/\/i0.wp.com\/lahoradelcampo.com.uy\/site\/wp-content\/uploads\/2017\/11\/Jorge.jpg?fit=880%2C440&ssl=1&resize=700%2C400 2x"},"classes":[]},{"id":36619,"url":"https:\/\/lahoradelcampo.com.uy\/site\/el-mgap-levanto-la-vacunacion-obligatoria-para-brucelosis-en-paysandu\/","url_meta":{"origin":46471,"position":3},"title":"El MGAP levant\u00f3 la vacunaci\u00f3n obligatoria para  Brucelosis en Paysand\u00fa","author":"La Hora del Campo","date":"16 noviembre, 2021","format":false,"excerpt":"La Direcci\u00f3n General de los Servicios Ganaderos del Ministerio de Ganader\u00eda, Agricultura y Pesca (MGAP), resolvi\u00f3 dejar sin efecto la vacunaci\u00f3n y revacunaci\u00f3n obligatorias contra la Brucelosis bovina con la vacuna Brucella abortus RB51, en el departamento de Paysand\u00fa. La medida era aplicada para todas las hembras bovinas mayores de\u2026","rel":"","context":"En \u00abActualidad\u00bb","block_context":{"text":"Actualidad","link":"https:\/\/lahoradelcampo.com.uy\/site\/category\/actualidad\/"},"img":{"alt_text":"","src":"https:\/\/i0.wp.com\/lahoradelcampo.com.uy\/site\/wp-content\/uploads\/2021\/11\/Defreitas.jpg?fit=880%2C440&ssl=1&resize=350%2C200","width":350,"height":200,"srcset":"https:\/\/i0.wp.com\/lahoradelcampo.com.uy\/site\/wp-content\/uploads\/2021\/11\/Defreitas.jpg?fit=880%2C440&ssl=1&resize=350%2C200 1x, https:\/\/i0.wp.com\/lahoradelcampo.com.uy\/site\/wp-content\/uploads\/2021\/11\/Defreitas.jpg?fit=880%2C440&ssl=1&resize=525%2C300 1.5x, https:\/\/i0.wp.com\/lahoradelcampo.com.uy\/site\/wp-content\/uploads\/2021\/11\/Defreitas.jpg?fit=880%2C440&ssl=1&resize=700%2C400 2x"},"classes":[]},{"id":37353,"url":"https:\/\/lahoradelcampo.com.uy\/site\/dgsg-suspendio-una-vacuna-para-el-control-de-brucelosis-bovina\/","url_meta":{"origin":46471,"position":4},"title":"DGSG suspendi\u00f3 una vacuna para el control de brucelosis bovina","author":"La Hora del Campo","date":"9 diciembre, 2021","format":false,"excerpt":"La Direcci\u00f3n General de Servicios Ganaderos (DGSG), en el marco de la vigilancia del Programa Sanitario para el control y erradicaci\u00f3n de la Brucelosis bovina que realiza, detect\u00f3 inconsistencias en resultados de algunas pruebas serol\u00f3gicas realizadas. En base a ello y a una prueba de campo realizada por el MGAP,\u2026","rel":"","context":"En \u00abActualidad\u00bb","block_context":{"text":"Actualidad","link":"https:\/\/lahoradelcampo.com.uy\/site\/category\/actualidad\/"},"img":{"alt_text":"","src":"https:\/\/i0.wp.com\/lahoradelcampo.com.uy\/site\/wp-content\/uploads\/2017\/12\/cria.jpg?fit=880%2C440&ssl=1&resize=350%2C200","width":350,"height":200,"srcset":"https:\/\/i0.wp.com\/lahoradelcampo.com.uy\/site\/wp-content\/uploads\/2017\/12\/cria.jpg?fit=880%2C440&ssl=1&resize=350%2C200 1x, https:\/\/i0.wp.com\/lahoradelcampo.com.uy\/site\/wp-content\/uploads\/2017\/12\/cria.jpg?fit=880%2C440&ssl=1&resize=525%2C300 1.5x, https:\/\/i0.wp.com\/lahoradelcampo.com.uy\/site\/wp-content\/uploads\/2017\/12\/cria.jpg?fit=880%2C440&ssl=1&resize=700%2C400 2x"},"classes":[]},{"id":4855,"url":"https:\/\/lahoradelcampo.com.uy\/site\/paysandu-en-2018-debera-vacunar-con-rb51\/","url_meta":{"origin":46471,"position":5},"title":"Paysand\u00fa en 2018 deber\u00e1 vacunar con RB51","author":"La Hora del Campo","date":"13 diciembre, 2017","format":false,"excerpt":"En la reuni\u00f3n de la Comisi\u00f3n Nacional Honoraria de Sanidad Animal (Conhasa) realizada en Paysand\u00fa este lunes, se defini\u00f3 la vacunaci\u00f3n obligatoria contra la brucelosis bovina en todo el departamento vecino y se incluy\u00f3 en esa decisi\u00f3n a las seccionales policiales linderas de los departamentos de Tacuaremb\u00f3, R\u00edo Negro y\u2026","rel":"","context":"En \u00abActualidad\u00bb","block_context":{"text":"Actualidad","link":"https:\/\/lahoradelcampo.com.uy\/site\/category\/actualidad\/"},"img":{"alt_text":"","src":"https:\/\/i0.wp.com\/lahoradelcampo.com.uy\/site\/wp-content\/uploads\/2017\/12\/Conhasa.jpg?fit=880%2C440&ssl=1&resize=350%2C200","width":350,"height":200,"srcset":"https:\/\/i0.wp.com\/lahoradelcampo.com.uy\/site\/wp-content\/uploads\/2017\/12\/Conhasa.jpg?fit=880%2C440&ssl=1&resize=350%2C200 1x, https:\/\/i0.wp.com\/lahoradelcampo.com.uy\/site\/wp-content\/uploads\/2017\/12\/Conhasa.jpg?fit=880%2C440&ssl=1&resize=525%2C300 1.5x, https:\/\/i0.wp.com\/lahoradelcampo.com.uy\/site\/wp-content\/uploads\/2017\/12\/Conhasa.jpg?fit=880%2C440&ssl=1&resize=700%2C400 2x"},"classes":[]}],"jetpack_likes_enabled":true,"_links":{"self":[{"href":"https:\/\/lahoradelcampo.com.uy\/site\/wp-json\/wp\/v2\/posts\/46471","targetHints":{"allow":["GET"]}}],"collection":[{"href":"https:\/\/lahoradelcampo.com.uy\/site\/wp-json\/wp\/v2\/posts"}],"about":[{"href":"https:\/\/lahoradelcampo.com.uy\/site\/wp-json\/wp\/v2\/types\/post"}],"author":[{"embeddable":true,"href":"https:\/\/lahoradelcampo.com.uy\/site\/wp-json\/wp\/v2\/users\/5"}],"replies":[{"embeddable":true,"href":"https:\/\/lahoradelcampo.com.uy\/site\/wp-json\/wp\/v2\/comments?post=46471"}],"version-history":[{"count":1,"href":"https:\/\/lahoradelcampo.com.uy\/site\/wp-json\/wp\/v2\/posts\/46471\/revisions"}],"predecessor-version":[{"id":46477,"href":"https:\/\/lahoradelcampo.com.uy\/site\/wp-json\/wp\/v2\/posts\/46471\/revisions\/46477"}],"wp:featuredmedia":[{"embeddable":true,"href":"https:\/\/lahoradelcampo.com.uy\/site\/wp-json\/wp\/v2\/media\/46473"}],"wp:attachment":[{"href":"https:\/\/lahoradelcampo.com.uy\/site\/wp-json\/wp\/v2\/media?parent=46471"}],"wp:term":[{"taxonomy":"category","embeddable":true,"href":"https:\/\/lahoradelcampo.com.uy\/site\/wp-json\/wp\/v2\/categories?post=46471"},{"taxonomy":"post_tag","embeddable":true,"href":"https:\/\/lahoradelcampo.com.uy\/site\/wp-json\/wp\/v2\/tags?post=46471"}],"curies":[{"name":"wp","href":"https:\/\/api.w.org\/{rel}","templated":true}]}}