{"id":46465,"date":"2022-10-20T06:43:41","date_gmt":"2022-10-20T09:43:41","guid":{"rendered":"http:\/\/lahoradelcampo.com.uy\/site\/?p=46465"},"modified":"2022-10-20T06:43:45","modified_gmt":"2022-10-20T09:43:45","slug":"40-toros-de-el-trebol-se-vendieron-a-us-2-669-en-guichon","status":"publish","type":"post","link":"https:\/\/lahoradelcampo.com.uy\/site\/40-toros-de-el-trebol-se-vendieron-a-us-2-669-en-guichon\/","title":{"rendered":"40 toros de \u00abEl Tr\u00e9bol\u00bb se vendieron a U$S 2.669 en Guich\u00f3n"},"content":{"rendered":"\n<figure class=\"wp-block-image\"><img data-recalc-dims=\"1\" loading=\"lazy\" decoding=\"async\" width=\"810\" height=\"405\" data-attachment-id=\"46467\" data-permalink=\"https:\/\/lahoradelcampo.com.uy\/site\/40-toros-de-el-trebol-se-vendieron-a-us-2-669-en-guichon\/eltrebol-canepa\/\" data-orig-file=\"https:\/\/i0.wp.com\/lahoradelcampo.com.uy\/site\/wp-content\/uploads\/2022\/10\/Eltrebol-canepa.jpg?fit=880%2C440&amp;ssl=1\" data-orig-size=\"880,440\" data-comments-opened=\"1\" data-image-meta=\"{&quot;aperture&quot;:&quot;0&quot;,&quot;credit&quot;:&quot;&quot;,&quot;camera&quot;:&quot;&quot;,&quot;caption&quot;:&quot;&quot;,&quot;created_timestamp&quot;:&quot;0&quot;,&quot;copyright&quot;:&quot;&quot;,&quot;focal_length&quot;:&quot;0&quot;,&quot;iso&quot;:&quot;0&quot;,&quot;shutter_speed&quot;:&quot;0&quot;,&quot;title&quot;:&quot;&quot;,&quot;orientation&quot;:&quot;1&quot;}\" data-image-title=\"Eltrebol-canepa\" data-image-description=\"\" data-image-caption=\"\" data-large-file=\"https:\/\/i0.wp.com\/lahoradelcampo.com.uy\/site\/wp-content\/uploads\/2022\/10\/Eltrebol-canepa.jpg?fit=810%2C405&amp;ssl=1\" src=\"https:\/\/i0.wp.com\/lahoradelcampo.com.uy\/site\/wp-content\/uploads\/2022\/10\/Eltrebol-canepa.jpg?resize=810%2C405\" alt=\"\" class=\"wp-image-46467\" srcset=\"https:\/\/i0.wp.com\/lahoradelcampo.com.uy\/site\/wp-content\/uploads\/2022\/10\/Eltrebol-canepa.jpg?w=880&amp;ssl=1 880w, https:\/\/i0.wp.com\/lahoradelcampo.com.uy\/site\/wp-content\/uploads\/2022\/10\/Eltrebol-canepa.jpg?resize=300%2C150&amp;ssl=1 300w, https:\/\/i0.wp.com\/lahoradelcampo.com.uy\/site\/wp-content\/uploads\/2022\/10\/Eltrebol-canepa.jpg?resize=768%2C384&amp;ssl=1 768w, https:\/\/i0.wp.com\/lahoradelcampo.com.uy\/site\/wp-content\/uploads\/2022\/10\/Eltrebol-canepa.jpg?resize=820%2C410&amp;ssl=1 820w\" sizes=\"auto, (max-width: 810px) 100vw, 810px\" \/><\/figure>\n\n\n\n<p>En la pista de la Liga de Trabajo de Guich\u00f3n, en Paysand\u00fa, se comercializ\u00f3 el Polled Hereford de caba\u00f1a \u00abEl Treb\u00f3l\u00bb de Mart\u00edn Salto Stefani, con el martillo del escritorio Rub\u00e9n F. C\u00e1nepa. Pasaron baj\u00f3 el martillo m\u00e1s toros de los anunciados para la venta, comercializ\u00e1ndose 40 reproductores en la pista a un promedio de US$ 2.669, sin embargo luego de finalizada la subasta dos compradores de lotes adquirieron los diez toros que no estaban previstos para este remate, pero que fueron colocados r\u00e1pidamente por el escritorio. <br><\/p>\n\n\n\n<p>El remate comenz\u00f3 muy bien, con los primeros lotes por encima de los 4.000 d\u00f3lares. La torada se presentaba en un muy buen estado, se vendi\u00f3 entre 4.800 y 3.600 esos primeros lotes, en tanto que al promediar el remate comenzaron a surgir los interesados por lotes, logr\u00e1ndose un piso de U$S 2.160.<br><\/p>\n\n\n\n<p>El martillero Francisco Anselmo C\u00e1nepa dijo que \u00abeste a\u00f1o hubo m\u00e1s gente que a\u00f1os anteriores, un nivel superior de los toros\u00bb. Aclar\u00f3 que el remate \u00abarranc\u00f3 muy bien, de forma selectiva, en los 12 primeros toros hab\u00eda reproductores muy destacados que no solo se mostraron muy bien en la pista, sino que ten\u00edan un nivel de datos muy buenos, que se pagaron muy bien\u00bb.<br><\/p>\n\n\n\n<p>El rematador salte\u00f1o indic\u00f3 que \u00abnuevamente tuvimos compradores de volumen a precios razonables de mercado\u00bb. Los toros se distribuyeron para \u00abArtigas, Salto, Tacuaremb\u00f3 y Paysand\u00fa, adem\u00e1s de dos clientes que adquirieron toros por internet desde Argentina, adem\u00e1s hubo compradores que est\u00e1n en el remate en los cincos a\u00f1os\u00bb. <br><\/p>\n\n\n\n<p>Por su parte Mart\u00edn Salto, dijo que \u00abno fue un remate tan f\u00e1cil. Estamos en un momento en donde la falta de lluvias se est\u00e1 sintiendo y los precios de mercados no son tan buenos como hace algunos meses atr\u00e1s y generan incertidumbre en la gente\u00bb.<br><\/p>\n\n\n\n<p>De todas maneras, precis\u00f3 que la subasta \u00absali\u00f3, con toros elegidos muy bien rematados, y lo importante es que el remate sali\u00f3 y se vendi\u00f3 la totalidad de la oferta, ya que los bretes sin venderse en pista se negociaron fuera de ella\u00bb.<\/p>\n\n\n\n<p>Salto, jueves 20 de octubre de 2022<\/p>\n","protected":false},"excerpt":{"rendered":"<p>En la pista de la Liga de Trabajo de Guich\u00f3n, en Paysand\u00fa, se comercializ\u00f3 el Polled Hereford de caba\u00f1a \u00abEl Treb\u00f3l\u00bb de Mart\u00edn Salto Stefani, con el martillo del escritorio [&hellip;]<\/p>\n","protected":false},"author":5,"featured_media":46467,"comment_status":"open","ping_status":"open","sticky":false,"template":"","format":"standard","meta":{"_price":"","_stock":"","_tribe_ticket_header":"","_tribe_default_ticket_provider":"","_tribe_ticket_capacity":"0","_ticket_start_date":"","_ticket_end_date":"","_tribe_ticket_show_description":"","_tribe_ticket_show_not_going":false,"_tribe_ticket_use_global_stock":"","_tribe_ticket_global_stock_level":"","_global_stock_mode":"","_global_stock_cap":"","_tribe_rsvp_for_event":"","_tribe_ticket_going_count":"","_tribe_ticket_not_going_count":"","_tribe_tickets_list":"[]","_tribe_ticket_has_attendee_info_fields":false,"h5ap_radio_sources":[],"_jetpack_newsletter_access":"","_jetpack_dont_email_post_to_subs":false,"_jetpack_newsletter_tier_id":0,"_jetpack_memberships_contains_paywalled_content":false,"_jetpack_memberships_contains_paid_content":false,"footnotes":""},"categories":[21,5],"tags":[],"class_list":["post-46465","post","type-post","status-publish","format-standard","has-post-thumbnail","hentry","category-actualidad","category-ganaderia"],"jetpack_featured_media_url":"https:\/\/i0.wp.com\/lahoradelcampo.com.uy\/site\/wp-content\/uploads\/2022\/10\/Eltrebol-canepa.jpg?fit=880%2C440&ssl=1","jetpack_sharing_enabled":true,"jetpack_shortlink":"https:\/\/wp.me\/p99IaT-c5r","jetpack-related-posts":[{"id":25020,"url":"https:\/\/lahoradelcampo.com.uy\/site\/canepa-remata-hoy-en-guichon-los-polled-hereford-de-el-trebol\/","url_meta":{"origin":46465,"position":0},"title":"C\u00e1nepa remata hoy en Guichon los Polled Hereford de \u00abEl Treb\u00f3l\u00bb","author":"La Hora del Campo","date":"27 octubre, 2020","format":false,"excerpt":"La caba\u00f1a sanducera \"El Tr\u00e9bol\" de Mart\u00edn Salto St\u00e9fani realiza en la tarde de hoy, a partir de las 15 horas, un nuevo remate anual en el local de la Liga de Trabajo de Guich\u00f3n, donde ofrecer\u00e1 40 toros Polled Hereford con la financiaci\u00f3n del Brou y las ventas a\u2026","rel":"","context":"En \u00abActualidad\u00bb","block_context":{"text":"Actualidad","link":"https:\/\/lahoradelcampo.com.uy\/site\/category\/actualidad\/"},"img":{"alt_text":"","src":"https:\/\/i0.wp.com\/lahoradelcampo.com.uy\/site\/wp-content\/uploads\/2020\/10\/eltrebol.jpg?fit=880%2C440&ssl=1&resize=350%2C200","width":350,"height":200,"srcset":"https:\/\/i0.wp.com\/lahoradelcampo.com.uy\/site\/wp-content\/uploads\/2020\/10\/eltrebol.jpg?fit=880%2C440&ssl=1&resize=350%2C200 1x, https:\/\/i0.wp.com\/lahoradelcampo.com.uy\/site\/wp-content\/uploads\/2020\/10\/eltrebol.jpg?fit=880%2C440&ssl=1&resize=525%2C300 1.5x, https:\/\/i0.wp.com\/lahoradelcampo.com.uy\/site\/wp-content\/uploads\/2020\/10\/eltrebol.jpg?fit=880%2C440&ssl=1&resize=700%2C400 2x"},"classes":[]},{"id":15524,"url":"https:\/\/lahoradelcampo.com.uy\/site\/canepa-coloco-el-100-de-los-toros-de-el-trebol-a-us-2-334\/","url_meta":{"origin":46465,"position":1},"title":"C\u00e1nepa coloc\u00f3 el 100% de los toros de El Tr\u00e9bol a U$S 2.334","author":"La Hora del Campo","date":"1 noviembre, 2019","format":false,"excerpt":"Caba\u00f1a El Tr\u00e9bol de Mart\u00edn Salto St\u00e9fani, comercializ\u00f3 ayer la totalidad de la oferta Polled Hereford en el local de la Liga del Trabajo de Guich\u00f3n, colocando 35 toros a U$S 2.334 de promedio. La subasta estuvo a cargo de la firma Ruben F. C\u00e1nepa y administrada por Banco de\u2026","rel":"","context":"En \u00abActualidad\u00bb","block_context":{"text":"Actualidad","link":"https:\/\/lahoradelcampo.com.uy\/site\/category\/actualidad\/"},"img":{"alt_text":"","src":"https:\/\/i0.wp.com\/lahoradelcampo.com.uy\/site\/wp-content\/uploads\/2019\/11\/Eltrebol.jpg?fit=880%2C440&ssl=1&resize=350%2C200","width":350,"height":200,"srcset":"https:\/\/i0.wp.com\/lahoradelcampo.com.uy\/site\/wp-content\/uploads\/2019\/11\/Eltrebol.jpg?fit=880%2C440&ssl=1&resize=350%2C200 1x, https:\/\/i0.wp.com\/lahoradelcampo.com.uy\/site\/wp-content\/uploads\/2019\/11\/Eltrebol.jpg?fit=880%2C440&ssl=1&resize=525%2C300 1.5x, https:\/\/i0.wp.com\/lahoradelcampo.com.uy\/site\/wp-content\/uploads\/2019\/11\/Eltrebol.jpg?fit=880%2C440&ssl=1&resize=700%2C400 2x"},"classes":[]},{"id":35673,"url":"https:\/\/lahoradelcampo.com.uy\/site\/polled-hereford-de-el-trebol-se-vendio-en-su-totalidad\/","url_meta":{"origin":46465,"position":2},"title":"Polled Hereford de \u00abEl Tr\u00e9bol\u00bb  se vendi\u00f3 en su totalidad","author":"La Hora del Campo","date":"20 octubre, 2021","format":false,"excerpt":"En el local de la Liga de Trabajo de Guich\u00f3n, en la jornada de ayer, se realiz\u00f3 la venta anual de \"El Tr\u00e9bol\" de Mart\u00edn Salto, colocando el 100% de la oferta Polled Hereford de la caba\u00f1a baj\u00f3 el martillo de la firma Rub\u00e9n F. C\u00e1nepa. En los valores, para\u2026","rel":"","context":"En \u00abActualidad\u00bb","block_context":{"text":"Actualidad","link":"https:\/\/lahoradelcampo.com.uy\/site\/category\/actualidad\/"},"img":{"alt_text":"","src":"https:\/\/i0.wp.com\/lahoradelcampo.com.uy\/site\/wp-content\/uploads\/2021\/10\/Zafra-eltrebol.jpg?fit=880%2C440&ssl=1&resize=350%2C200","width":350,"height":200,"srcset":"https:\/\/i0.wp.com\/lahoradelcampo.com.uy\/site\/wp-content\/uploads\/2021\/10\/Zafra-eltrebol.jpg?fit=880%2C440&ssl=1&resize=350%2C200 1x, https:\/\/i0.wp.com\/lahoradelcampo.com.uy\/site\/wp-content\/uploads\/2021\/10\/Zafra-eltrebol.jpg?fit=880%2C440&ssl=1&resize=525%2C300 1.5x, https:\/\/i0.wp.com\/lahoradelcampo.com.uy\/site\/wp-content\/uploads\/2021\/10\/Zafra-eltrebol.jpg?fit=880%2C440&ssl=1&resize=700%2C400 2x"},"classes":[]},{"id":2585,"url":"https:\/\/lahoradelcampo.com.uy\/site\/rincon-de-francia-vendio-a-2-810-dolares\/","url_meta":{"origin":46465,"position":3},"title":"Rinc\u00f3n de Francia vendi\u00f3 a 2.810 d\u00f3lares","author":"La Hora del Campo","date":"12 octubre, 2017","format":false,"excerpt":"Bastaron 40 minutos para que los 53 toros Polled Hereford de caba\u00f1as \u201cRinc\u00f3n de Francia\u201d y \u201cManguera Azul\u201d se dispersaran en su totalidad y a un promedio de U$S 2.810, en un remate que sorprendi\u00f3 por la agilidad y la presencia de interesados por lotes llev\u00e1ndose de a 3 en\u2026","rel":"","context":"En \u00abGanader\u00eda\u00bb","block_context":{"text":"Ganader\u00eda","link":"https:\/\/lahoradelcampo.com.uy\/site\/category\/ganaderia\/"},"img":{"alt_text":"","src":"https:\/\/i0.wp.com\/lahoradelcampo.com.uy\/site\/wp-content\/uploads\/2017\/10\/Rincon-de-Francia.jpg?fit=880%2C440&ssl=1&resize=350%2C200","width":350,"height":200,"srcset":"https:\/\/i0.wp.com\/lahoradelcampo.com.uy\/site\/wp-content\/uploads\/2017\/10\/Rincon-de-Francia.jpg?fit=880%2C440&ssl=1&resize=350%2C200 1x, https:\/\/i0.wp.com\/lahoradelcampo.com.uy\/site\/wp-content\/uploads\/2017\/10\/Rincon-de-Francia.jpg?fit=880%2C440&ssl=1&resize=525%2C300 1.5x, https:\/\/i0.wp.com\/lahoradelcampo.com.uy\/site\/wp-content\/uploads\/2017\/10\/Rincon-de-Francia.jpg?fit=880%2C440&ssl=1&resize=700%2C400 2x"},"classes":[]},{"id":54937,"url":"https:\/\/lahoradelcampo.com.uy\/site\/hoy-se-venden-los-polled-hereford-de-el-trebol-en-guichon\/","url_meta":{"origin":46465,"position":4},"title":"Hoy se venden los Polled Hereford de \u00abEl Tr\u00e9bol\u00bb en Guich\u00f3n","author":"La Hora del Campo","date":"22 octubre, 2024","format":false,"excerpt":"Hoy, a partir de las 15:00 horas, la caba\u00f1a \"El Tr\u00e9bol\" de Mart\u00edn Salto llevar\u00e1 a cabo su tradicional remate anual en el local de la Liga del Trabajo de Guich\u00f3n, en Paysand\u00fa. La oferta incluir\u00e1 40 toros Polled Hereford PI y MH, con datos de EPD, bajo el martillo\u2026","rel":"","context":"En \u00abActualidad\u00bb","block_context":{"text":"Actualidad","link":"https:\/\/lahoradelcampo.com.uy\/site\/category\/actualidad\/"},"img":{"alt_text":"","src":"https:\/\/i0.wp.com\/lahoradelcampo.com.uy\/site\/wp-content\/uploads\/2024\/10\/Eltrebol-guichon.jpg?fit=880%2C440&ssl=1&resize=350%2C200","width":350,"height":200,"srcset":"https:\/\/i0.wp.com\/lahoradelcampo.com.uy\/site\/wp-content\/uploads\/2024\/10\/Eltrebol-guichon.jpg?fit=880%2C440&ssl=1&resize=350%2C200 1x, https:\/\/i0.wp.com\/lahoradelcampo.com.uy\/site\/wp-content\/uploads\/2024\/10\/Eltrebol-guichon.jpg?fit=880%2C440&ssl=1&resize=525%2C300 1.5x, https:\/\/i0.wp.com\/lahoradelcampo.com.uy\/site\/wp-content\/uploads\/2024\/10\/Eltrebol-guichon.jpg?fit=880%2C440&ssl=1&resize=700%2C400 2x"},"classes":[]},{"id":54950,"url":"https:\/\/lahoradelcampo.com.uy\/site\/el-trebol-vendio-sus-toros-polled-hereford-a-us-2-565\/","url_meta":{"origin":46465,"position":5},"title":"\u00abEl Tr\u00e9bol\u00bb vendi\u00f3 sus toros Polled Hereford a US$ 2.565","author":"La Hora del Campo","date":"23 octubre, 2024","format":false,"excerpt":"La caba\u00f1a \"El Tr\u00e9bol\" de Mart\u00edn Salto Stefani, coloc\u00f3 el 100% de su oferta en el local de la Liga de Trabajo de Guich\u00f3n, en Paysand\u00fa. En un remate \u00e1gil, con la disposici\u00f3n vendedora de la caba\u00f1a, el martillo de Francisco C\u00e1nepa distribuy\u00f3 toros para Artigas, Cerro Largo, R\u00edo Negro,\u2026","rel":"","context":"En \u00abActualidad\u00bb","block_context":{"text":"Actualidad","link":"https:\/\/lahoradelcampo.com.uy\/site\/category\/actualidad\/"},"img":{"alt_text":"","src":"https:\/\/i0.wp.com\/lahoradelcampo.com.uy\/site\/wp-content\/uploads\/2024\/10\/El-trebol-remate.jpg?fit=880%2C440&ssl=1&resize=350%2C200","width":350,"height":200,"srcset":"https:\/\/i0.wp.com\/lahoradelcampo.com.uy\/site\/wp-content\/uploads\/2024\/10\/El-trebol-remate.jpg?fit=880%2C440&ssl=1&resize=350%2C200 1x, https:\/\/i0.wp.com\/lahoradelcampo.com.uy\/site\/wp-content\/uploads\/2024\/10\/El-trebol-remate.jpg?fit=880%2C440&ssl=1&resize=525%2C300 1.5x, https:\/\/i0.wp.com\/lahoradelcampo.com.uy\/site\/wp-content\/uploads\/2024\/10\/El-trebol-remate.jpg?fit=880%2C440&ssl=1&resize=700%2C400 2x"},"classes":[]}],"jetpack_likes_enabled":true,"_links":{"self":[{"href":"https:\/\/lahoradelcampo.com.uy\/site\/wp-json\/wp\/v2\/posts\/46465","targetHints":{"allow":["GET"]}}],"collection":[{"href":"https:\/\/lahoradelcampo.com.uy\/site\/wp-json\/wp\/v2\/posts"}],"about":[{"href":"https:\/\/lahoradelcampo.com.uy\/site\/wp-json\/wp\/v2\/types\/post"}],"author":[{"embeddable":true,"href":"https:\/\/lahoradelcampo.com.uy\/site\/wp-json\/wp\/v2\/users\/5"}],"replies":[{"embeddable":true,"href":"https:\/\/lahoradelcampo.com.uy\/site\/wp-json\/wp\/v2\/comments?post=46465"}],"version-history":[{"count":1,"href":"https:\/\/lahoradelcampo.com.uy\/site\/wp-json\/wp\/v2\/posts\/46465\/revisions"}],"predecessor-version":[{"id":46469,"href":"https:\/\/lahoradelcampo.com.uy\/site\/wp-json\/wp\/v2\/posts\/46465\/revisions\/46469"}],"wp:featuredmedia":[{"embeddable":true,"href":"https:\/\/lahoradelcampo.com.uy\/site\/wp-json\/wp\/v2\/media\/46467"}],"wp:attachment":[{"href":"https:\/\/lahoradelcampo.com.uy\/site\/wp-json\/wp\/v2\/media?parent=46465"}],"wp:term":[{"taxonomy":"category","embeddable":true,"href":"https:\/\/lahoradelcampo.com.uy\/site\/wp-json\/wp\/v2\/categories?post=46465"},{"taxonomy":"post_tag","embeddable":true,"href":"https:\/\/lahoradelcampo.com.uy\/site\/wp-json\/wp\/v2\/tags?post=46465"}],"curies":[{"name":"wp","href":"https:\/\/api.w.org\/{rel}","templated":true}]}}