{"id":46459,"date":"2022-10-19T16:05:21","date_gmt":"2022-10-19T19:05:21","guid":{"rendered":"http:\/\/lahoradelcampo.com.uy\/site\/?p=46459"},"modified":"2022-10-19T16:05:26","modified_gmt":"2022-10-19T19:05:26","slug":"la-acacia-coloco-los-36-toros-aberdeen-angus-en-30-minutos","status":"publish","type":"post","link":"https:\/\/lahoradelcampo.com.uy\/site\/la-acacia-coloco-los-36-toros-aberdeen-angus-en-30-minutos\/","title":{"rendered":"\u00abLa Acacia\u00bb coloc\u00f3 los 36 toros Aberdeen Angus en 30 minutos"},"content":{"rendered":"\n<figure class=\"wp-block-image\"><img data-recalc-dims=\"1\" loading=\"lazy\" decoding=\"async\" width=\"810\" height=\"405\" data-attachment-id=\"46461\" data-permalink=\"https:\/\/lahoradelcampo.com.uy\/site\/la-acacia-coloco-los-36-toros-aberdeen-angus-en-30-minutos\/laacacia-indartes\/\" data-orig-file=\"https:\/\/i0.wp.com\/lahoradelcampo.com.uy\/site\/wp-content\/uploads\/2022\/10\/LaACACIA-Indartes.jpg?fit=880%2C440&amp;ssl=1\" data-orig-size=\"880,440\" data-comments-opened=\"1\" data-image-meta=\"{&quot;aperture&quot;:&quot;0&quot;,&quot;credit&quot;:&quot;&quot;,&quot;camera&quot;:&quot;&quot;,&quot;caption&quot;:&quot;&quot;,&quot;created_timestamp&quot;:&quot;0&quot;,&quot;copyright&quot;:&quot;&quot;,&quot;focal_length&quot;:&quot;0&quot;,&quot;iso&quot;:&quot;0&quot;,&quot;shutter_speed&quot;:&quot;0&quot;,&quot;title&quot;:&quot;&quot;,&quot;orientation&quot;:&quot;1&quot;}\" data-image-title=\"LaACACIA-Indartes\" data-image-description=\"\" data-image-caption=\"\" data-large-file=\"https:\/\/i0.wp.com\/lahoradelcampo.com.uy\/site\/wp-content\/uploads\/2022\/10\/LaACACIA-Indartes.jpg?fit=810%2C405&amp;ssl=1\" src=\"https:\/\/i0.wp.com\/lahoradelcampo.com.uy\/site\/wp-content\/uploads\/2022\/10\/LaACACIA-Indartes.jpg?resize=810%2C405\" alt=\"\" class=\"wp-image-46461\" srcset=\"https:\/\/i0.wp.com\/lahoradelcampo.com.uy\/site\/wp-content\/uploads\/2022\/10\/LaACACIA-Indartes.jpg?w=880&amp;ssl=1 880w, https:\/\/i0.wp.com\/lahoradelcampo.com.uy\/site\/wp-content\/uploads\/2022\/10\/LaACACIA-Indartes.jpg?resize=300%2C150&amp;ssl=1 300w, https:\/\/i0.wp.com\/lahoradelcampo.com.uy\/site\/wp-content\/uploads\/2022\/10\/LaACACIA-Indartes.jpg?resize=768%2C384&amp;ssl=1 768w, https:\/\/i0.wp.com\/lahoradelcampo.com.uy\/site\/wp-content\/uploads\/2022\/10\/LaACACIA-Indartes.jpg?resize=820%2C410&amp;ssl=1 820w\" sizes=\"auto, (max-width: 810px) 100vw, 810px\" \/><\/figure>\n\n\n\n<p>En la jornada de ayer se realiz\u00f3 el remate anual de caba\u00f1a \u00abLa Acacia\u00bb de Octavio Martigani y familia, en la propia estancia en la zona de Guich\u00f3n en el departamento de Paysand\u00fa. En un mercado muy \u00e1gil y con puja de distintos puntos del pa\u00eds por la oferta presentada por la caba\u00f1a, se coloc\u00f3 el 100% de la oferta a cargo del escritorio Indarte &amp; C\u00eda. <br><\/p>\n\n\n\n<p>Como es tradicional, con todo el equipo de Indarte &amp; C\u00eda en la pista y el martillo de Walter H, Abelenda, la subasta dio inicio con los vientres. Primero fueron 41 vacas y vaquillonas pre\u00f1adas, PI y SA, que se pagaron entre 1.200 y 840, promedio U$S 953; 10 piezas de cr\u00eda hicieron U$S 720, cada una; 7 vientres con servicio entre 864 y 840, promedio U$S 857; y los 11 vientres entorados entre 1.020 y 864, promedio U$S 927.<br><\/p>\n\n\n\n<p>Y en los toros el mercado mantuvo la firmeza. Primero tres de los planteleros entre 4.200 y 3.900, promedio U$S 4.020.  Luego 33 toros PI y SA de 2 a\u00f1os, cotizaron entre 3.360 y 2.400, e hicieron un promedio U$S 2.860. Por lo que los 36 toros promediaron U$S 2.955.<br><\/p>\n\n\n\n<p>Gonzalo y Fernando Indarte, al cierre del remate, se mostraron conformes con las ventas de este remate. \u00abEn momentos que el mercado est\u00e1 un poco trabado y no tiene la agilidad del a\u00f1o pasado, sobre todo por el aspecto clim\u00e1tico, ac\u00e1 no hubo en ning\u00fan momento que pedir varias veces para arrancar un lote, hab\u00eda oferta para todos los vientres y toros\u00bb, explicaron. <br><\/p>\n\n\n\n<p>Y los 36 toros \u00abse colocaron en poco m\u00e1s de 30 minutos, por lo que podr\u00edamos decir que se vendi\u00f3 a raz\u00f3n de un toro por minuto\u00bb.<br><\/p>\n\n\n\n<p>Por su parte, Octavio Martigani (h), qui\u00e9n fue el encargado de jurar la raza Aberdeen Angus en la \u00faltima edici\u00f3n de la Expo Salto, tambi\u00e9n se mostr\u00f3 \u00abmuy contento\u00bb. \u00abCoincidimos con algunos colegas que fue un rematazo, con un mercado muy fluido para los vientres y toros, lo que mucho reconforta\u00bb agreg\u00f3.<\/p>\n\n\n\n<p>Salto, mi\u00e9rcoles 19 de octubre de 2022<\/p>\n","protected":false},"excerpt":{"rendered":"<p>En la jornada de ayer se realiz\u00f3 el remate anual de caba\u00f1a \u00abLa Acacia\u00bb de Octavio Martigani y familia, en la propia estancia en la zona de Guich\u00f3n en el [&hellip;]<\/p>\n","protected":false},"author":5,"featured_media":46461,"comment_status":"open","ping_status":"open","sticky":false,"template":"","format":"standard","meta":{"_price":"","_stock":"","_tribe_ticket_header":"","_tribe_default_ticket_provider":"","_tribe_ticket_capacity":"0","_ticket_start_date":"","_ticket_end_date":"","_tribe_ticket_show_description":"","_tribe_ticket_show_not_going":false,"_tribe_ticket_use_global_stock":"","_tribe_ticket_global_stock_level":"","_global_stock_mode":"","_global_stock_cap":"","_tribe_rsvp_for_event":"","_tribe_ticket_going_count":"","_tribe_ticket_not_going_count":"","_tribe_tickets_list":"[]","_tribe_ticket_has_attendee_info_fields":false,"h5ap_radio_sources":[],"_jetpack_newsletter_access":"","_jetpack_dont_email_post_to_subs":false,"_jetpack_newsletter_tier_id":0,"_jetpack_memberships_contains_paywalled_content":false,"_jetpack_memberships_contains_paid_content":false,"footnotes":""},"categories":[21,5],"tags":[],"class_list":["post-46459","post","type-post","status-publish","format-standard","has-post-thumbnail","hentry","category-actualidad","category-ganaderia"],"jetpack_featured_media_url":"https:\/\/i0.wp.com\/lahoradelcampo.com.uy\/site\/wp-content\/uploads\/2022\/10\/LaACACIA-Indartes.jpg?fit=880%2C440&ssl=1","jetpack_sharing_enabled":true,"jetpack_shortlink":"https:\/\/wp.me\/p99IaT-c5l","jetpack-related-posts":[{"id":54953,"url":"https:\/\/lahoradelcampo.com.uy\/site\/la-acacia-vendio-el-100-de-los-toros-y-vientres-con-gran-agilidad\/","url_meta":{"origin":46459,"position":0},"title":"La Acacia\u201d vendi\u00f3 el 100% de los toros y vientres con gran agilidad","author":"La Hora del Campo","date":"23 octubre, 2024","format":false,"excerpt":"En un remate todo preofertado, que evidenciaba el inter\u00e9s por la oferta, \u201cLa Acacia\u201d de Octavio Martigani y familia, realiz\u00f3 un muy buen remate en la propia estancia de la zona de Santana (a unos 15 kil\u00f3metros de Guich\u00f3n, departamento de Paysand\u00ed), vendiendo los 37 toros Angus con un promedio\u2026","rel":"","context":"En \u00abActualidad\u00bb","block_context":{"text":"Actualidad","link":"https:\/\/lahoradelcampo.com.uy\/site\/category\/actualidad\/"},"img":{"alt_text":"","src":"https:\/\/i0.wp.com\/lahoradelcampo.com.uy\/site\/wp-content\/uploads\/2024\/10\/LaAcacia-remate.jpg?fit=880%2C440&ssl=1&resize=350%2C200","width":350,"height":200,"srcset":"https:\/\/i0.wp.com\/lahoradelcampo.com.uy\/site\/wp-content\/uploads\/2024\/10\/LaAcacia-remate.jpg?fit=880%2C440&ssl=1&resize=350%2C200 1x, https:\/\/i0.wp.com\/lahoradelcampo.com.uy\/site\/wp-content\/uploads\/2024\/10\/LaAcacia-remate.jpg?fit=880%2C440&ssl=1&resize=525%2C300 1.5x, https:\/\/i0.wp.com\/lahoradelcampo.com.uy\/site\/wp-content\/uploads\/2024\/10\/LaAcacia-remate.jpg?fit=880%2C440&ssl=1&resize=700%2C400 2x"},"classes":[]},{"id":35679,"url":"https:\/\/lahoradelcampo.com.uy\/site\/la-acacia-coloco-el-100-de-sus-toros-a-us-3-109\/","url_meta":{"origin":46459,"position":1},"title":"\u00abLa Acacia\u00bb coloc\u00f3 el 100% de sus toros a US$ 3.109","author":"La Hora del Campo","date":"20 octubre, 2021","format":false,"excerpt":"La caba\u00f1a \"La Acacia\" de Octavio Martigani y familia festej\u00f3 sus 10 a\u00f1os de remates, en una fiesta que cont\u00f3 con artistas en vivo y adem\u00e1s la celebraci\u00f3n de los 25 a\u00f1os de Indarte & C\u00eda. En lo productivo, los clientes y amigos de la caba\u00f1a ratificaron el potencial gen\u00e9tico\u2026","rel":"","context":"En \u00abActualidad\u00bb","block_context":{"text":"Actualidad","link":"https:\/\/lahoradelcampo.com.uy\/site\/category\/actualidad\/"},"img":{"alt_text":"","src":"https:\/\/i0.wp.com\/lahoradelcampo.com.uy\/site\/wp-content\/uploads\/2021\/10\/zafra-laacacia.jpg?fit=880%2C440&ssl=1&resize=350%2C200","width":350,"height":200,"srcset":"https:\/\/i0.wp.com\/lahoradelcampo.com.uy\/site\/wp-content\/uploads\/2021\/10\/zafra-laacacia.jpg?fit=880%2C440&ssl=1&resize=350%2C200 1x, https:\/\/i0.wp.com\/lahoradelcampo.com.uy\/site\/wp-content\/uploads\/2021\/10\/zafra-laacacia.jpg?fit=880%2C440&ssl=1&resize=525%2C300 1.5x, https:\/\/i0.wp.com\/lahoradelcampo.com.uy\/site\/wp-content\/uploads\/2021\/10\/zafra-laacacia.jpg?fit=880%2C440&ssl=1&resize=700%2C400 2x"},"classes":[]},{"id":54872,"url":"https:\/\/lahoradelcampo.com.uy\/site\/indarte-cia-coloco-el-100-de-la-oferta-de-los-tapiales-en-una-hora\/","url_meta":{"origin":46459,"position":2},"title":"Indarte &amp; C\u00eda, coloc\u00f3 el 100% de la oferta de Los Tapiales en una hora","author":"La Hora del Campo","date":"12 octubre, 2024","format":false,"excerpt":"En la estancia Don Alberto, ubicada en el departamento de R\u00edo Negro, se llev\u00f3 a cabo la subasta de \"Los Tapiales\", logrando la venta del 100% de la oferta de toros y vientres, con precios destacados y una din\u00e1mica r\u00e1pida y eficaz. Organizado por Indarte y C\u00eda., junto a Coco\u2026","rel":"","context":"En \u00abActualidad\u00bb","block_context":{"text":"Actualidad","link":"https:\/\/lahoradelcampo.com.uy\/site\/category\/actualidad\/"},"img":{"alt_text":"","src":"https:\/\/i0.wp.com\/lahoradelcampo.com.uy\/site\/wp-content\/uploads\/2024\/10\/Lostapiales-indarte.jpg?fit=880%2C440&ssl=1&resize=350%2C200","width":350,"height":200,"srcset":"https:\/\/i0.wp.com\/lahoradelcampo.com.uy\/site\/wp-content\/uploads\/2024\/10\/Lostapiales-indarte.jpg?fit=880%2C440&ssl=1&resize=350%2C200 1x, https:\/\/i0.wp.com\/lahoradelcampo.com.uy\/site\/wp-content\/uploads\/2024\/10\/Lostapiales-indarte.jpg?fit=880%2C440&ssl=1&resize=525%2C300 1.5x, https:\/\/i0.wp.com\/lahoradelcampo.com.uy\/site\/wp-content\/uploads\/2024\/10\/Lostapiales-indarte.jpg?fit=880%2C440&ssl=1&resize=700%2C400 2x"},"classes":[]},{"id":54970,"url":"https:\/\/lahoradelcampo.com.uy\/site\/el-cerro-y-san-rafael-vendieron-el-100-de-la-oferta-en-artigas\/","url_meta":{"origin":46459,"position":3},"title":"El Cerro y San Rafael vendieron el 100% de la oferta en Artigas","author":"La Hora del Campo","date":"26 octubre, 2024","format":false,"excerpt":"Luego de un d\u00eda de sol y calor en el norte del pa\u00eds, el tiempo cambio en la noche, pero con preofertas en todos los lotes y con productores de distintos puntos del pa\u00eds, presentes y v\u00eda telef\u00f3nica, demandando la gen\u00e9tica propuesta por El Cerro y San Rafael, el remate\u2026","rel":"","context":"En \u00abActualidad\u00bb","block_context":{"text":"Actualidad","link":"https:\/\/lahoradelcampo.com.uy\/site\/category\/actualidad\/"},"img":{"alt_text":"","src":"https:\/\/i0.wp.com\/lahoradelcampo.com.uy\/site\/wp-content\/uploads\/2024\/10\/indarte-elcerro-copia.jpg?fit=1200%2C600&ssl=1&resize=350%2C200","width":350,"height":200,"srcset":"https:\/\/i0.wp.com\/lahoradelcampo.com.uy\/site\/wp-content\/uploads\/2024\/10\/indarte-elcerro-copia.jpg?fit=1200%2C600&ssl=1&resize=350%2C200 1x, https:\/\/i0.wp.com\/lahoradelcampo.com.uy\/site\/wp-content\/uploads\/2024\/10\/indarte-elcerro-copia.jpg?fit=1200%2C600&ssl=1&resize=525%2C300 1.5x, https:\/\/i0.wp.com\/lahoradelcampo.com.uy\/site\/wp-content\/uploads\/2024\/10\/indarte-elcerro-copia.jpg?fit=1200%2C600&ssl=1&resize=700%2C400 2x, https:\/\/i0.wp.com\/lahoradelcampo.com.uy\/site\/wp-content\/uploads\/2024\/10\/indarte-elcerro-copia.jpg?fit=1200%2C600&ssl=1&resize=1050%2C600 3x"},"classes":[]},{"id":2205,"url":"https:\/\/lahoradelcampo.com.uy\/site\/el-hereford-de-iguaran-promedio-us-2-848\/","url_meta":{"origin":46459,"position":4},"title":"El Hereford de Iguar\u00e1n promedio U$S 2.848","author":"La Hora del Campo","date":"5 octubre, 2017","format":false,"excerpt":"En la jornada de ayer se realiz\u00f3 en la rural de Flores, las ventas de las caba\u00f1as \"La Palma\" de Pepe Iguar\u00e1n y \"San Jos\u00e9\" de P\u00e9rez Frontini, a cargo de los escritorios Dutra Ltda y Alejandro Illundain. En la pista se comercializaron 11 toros Hereford a un m\u00e1ximo de\u2026","rel":"","context":"En \u00abActualidad\u00bb","block_context":{"text":"Actualidad","link":"https:\/\/lahoradelcampo.com.uy\/site\/category\/actualidad\/"},"img":{"alt_text":"","src":"https:\/\/i0.wp.com\/lahoradelcampo.com.uy\/site\/wp-content\/uploads\/2017\/10\/Iguaran-Hereford.jpg?fit=880%2C440&ssl=1&resize=350%2C200","width":350,"height":200,"srcset":"https:\/\/i0.wp.com\/lahoradelcampo.com.uy\/site\/wp-content\/uploads\/2017\/10\/Iguaran-Hereford.jpg?fit=880%2C440&ssl=1&resize=350%2C200 1x, https:\/\/i0.wp.com\/lahoradelcampo.com.uy\/site\/wp-content\/uploads\/2017\/10\/Iguaran-Hereford.jpg?fit=880%2C440&ssl=1&resize=525%2C300 1.5x, https:\/\/i0.wp.com\/lahoradelcampo.com.uy\/site\/wp-content\/uploads\/2017\/10\/Iguaran-Hereford.jpg?fit=880%2C440&ssl=1&resize=700%2C400 2x"},"classes":[]},{"id":2591,"url":"https:\/\/lahoradelcampo.com.uy\/site\/el-yunque-coloco-92-toros-a-us-3-638\/","url_meta":{"origin":46459,"position":5},"title":"El Yunque coloc\u00f3 92 toros a U$S 3.638","author":"La Hora del Campo","date":"12 octubre, 2017","format":false,"excerpt":"Caba\u00f1a \u201cLos Macachines\u201d, de Sociedad Ganadera El Yunque, concret\u00f3 un muy destacado remate en su nuevo local construido en Fraile Muerto, departamento de Cerro Largo. Se coloc\u00f3 en el remate realizado por la firma MegaAgro y el martillo de Jose Icardi, la totalidad de la voluminosa oferta Aberdeen\u00a0 Angus, con\u2026","rel":"","context":"En \u00abActualidad\u00bb","block_context":{"text":"Actualidad","link":"https:\/\/lahoradelcampo.com.uy\/site\/category\/actualidad\/"},"img":{"alt_text":"","src":"https:\/\/i0.wp.com\/lahoradelcampo.com.uy\/site\/wp-content\/uploads\/2017\/10\/Los-Macachines.jpg?fit=880%2C440&ssl=1&resize=350%2C200","width":350,"height":200,"srcset":"https:\/\/i0.wp.com\/lahoradelcampo.com.uy\/site\/wp-content\/uploads\/2017\/10\/Los-Macachines.jpg?fit=880%2C440&ssl=1&resize=350%2C200 1x, https:\/\/i0.wp.com\/lahoradelcampo.com.uy\/site\/wp-content\/uploads\/2017\/10\/Los-Macachines.jpg?fit=880%2C440&ssl=1&resize=525%2C300 1.5x, https:\/\/i0.wp.com\/lahoradelcampo.com.uy\/site\/wp-content\/uploads\/2017\/10\/Los-Macachines.jpg?fit=880%2C440&ssl=1&resize=700%2C400 2x"},"classes":[]}],"jetpack_likes_enabled":true,"_links":{"self":[{"href":"https:\/\/lahoradelcampo.com.uy\/site\/wp-json\/wp\/v2\/posts\/46459","targetHints":{"allow":["GET"]}}],"collection":[{"href":"https:\/\/lahoradelcampo.com.uy\/site\/wp-json\/wp\/v2\/posts"}],"about":[{"href":"https:\/\/lahoradelcampo.com.uy\/site\/wp-json\/wp\/v2\/types\/post"}],"author":[{"embeddable":true,"href":"https:\/\/lahoradelcampo.com.uy\/site\/wp-json\/wp\/v2\/users\/5"}],"replies":[{"embeddable":true,"href":"https:\/\/lahoradelcampo.com.uy\/site\/wp-json\/wp\/v2\/comments?post=46459"}],"version-history":[{"count":1,"href":"https:\/\/lahoradelcampo.com.uy\/site\/wp-json\/wp\/v2\/posts\/46459\/revisions"}],"predecessor-version":[{"id":46463,"href":"https:\/\/lahoradelcampo.com.uy\/site\/wp-json\/wp\/v2\/posts\/46459\/revisions\/46463"}],"wp:featuredmedia":[{"embeddable":true,"href":"https:\/\/lahoradelcampo.com.uy\/site\/wp-json\/wp\/v2\/media\/46461"}],"wp:attachment":[{"href":"https:\/\/lahoradelcampo.com.uy\/site\/wp-json\/wp\/v2\/media?parent=46459"}],"wp:term":[{"taxonomy":"category","embeddable":true,"href":"https:\/\/lahoradelcampo.com.uy\/site\/wp-json\/wp\/v2\/categories?post=46459"},{"taxonomy":"post_tag","embeddable":true,"href":"https:\/\/lahoradelcampo.com.uy\/site\/wp-json\/wp\/v2\/tags?post=46459"}],"curies":[{"name":"wp","href":"https:\/\/api.w.org\/{rel}","templated":true}]}}