{"id":46453,"date":"2022-10-19T15:59:28","date_gmt":"2022-10-19T18:59:28","guid":{"rendered":"http:\/\/lahoradelcampo.com.uy\/site\/?p=46453"},"modified":"2022-10-19T15:59:32","modified_gmt":"2022-10-19T18:59:32","slug":"licitacion-de-lacteos-baja-83-en-el-mes-de-octubre","status":"publish","type":"post","link":"https:\/\/lahoradelcampo.com.uy\/site\/licitacion-de-lacteos-baja-83-en-el-mes-de-octubre\/","title":{"rendered":"Licitaci\u00f3n de l\u00e1cteos baja 8,3% en el mes de octubre"},"content":{"rendered":"\n<figure class=\"wp-block-image\"><img data-recalc-dims=\"1\" loading=\"lazy\" decoding=\"async\" width=\"810\" height=\"405\" data-attachment-id=\"10481\" data-permalink=\"https:\/\/lahoradelcampo.com.uy\/site\/fonterra-va-por-la-11-licitacion-consecutiva-al-alza\/fonterra-1-2\/\" data-orig-file=\"https:\/\/i0.wp.com\/lahoradelcampo.com.uy\/site\/wp-content\/uploads\/2019\/05\/Fonterra-1.jpg?fit=880%2C440&amp;ssl=1\" data-orig-size=\"880,440\" data-comments-opened=\"1\" data-image-meta=\"{&quot;aperture&quot;:&quot;0&quot;,&quot;credit&quot;:&quot;&quot;,&quot;camera&quot;:&quot;&quot;,&quot;caption&quot;:&quot;&quot;,&quot;created_timestamp&quot;:&quot;0&quot;,&quot;copyright&quot;:&quot;&quot;,&quot;focal_length&quot;:&quot;0&quot;,&quot;iso&quot;:&quot;0&quot;,&quot;shutter_speed&quot;:&quot;0&quot;,&quot;title&quot;:&quot;&quot;,&quot;orientation&quot;:&quot;1&quot;}\" data-image-title=\"Fonterra 1\" data-image-description=\"\" data-image-caption=\"\" data-large-file=\"https:\/\/i0.wp.com\/lahoradelcampo.com.uy\/site\/wp-content\/uploads\/2019\/05\/Fonterra-1.jpg?fit=810%2C405&amp;ssl=1\" src=\"https:\/\/i0.wp.com\/lahoradelcampo.com.uy\/site\/wp-content\/uploads\/2019\/05\/Fonterra-1.jpg?resize=810%2C405\" alt=\"\" class=\"wp-image-10481\" srcset=\"https:\/\/i0.wp.com\/lahoradelcampo.com.uy\/site\/wp-content\/uploads\/2019\/05\/Fonterra-1.jpg?w=880&amp;ssl=1 880w, https:\/\/i0.wp.com\/lahoradelcampo.com.uy\/site\/wp-content\/uploads\/2019\/05\/Fonterra-1.jpg?resize=300%2C150&amp;ssl=1 300w, https:\/\/i0.wp.com\/lahoradelcampo.com.uy\/site\/wp-content\/uploads\/2019\/05\/Fonterra-1.jpg?resize=768%2C384&amp;ssl=1 768w, https:\/\/i0.wp.com\/lahoradelcampo.com.uy\/site\/wp-content\/uploads\/2019\/05\/Fonterra-1.jpg?resize=820%2C410&amp;ssl=1 820w\" sizes=\"auto, (max-width: 810px) 100vw, 810px\" \/><\/figure>\n\n\n\n<p>Este martes 18 de octubre se realiz\u00f3 la segunda licitaci\u00f3n del mes de octubre de la plataforma Global Dairy Trade, con un nuevo descenso en el valor promedio de los l\u00e1cteos comercializados, respecto a la primera venta del mes, como as\u00ed tambi\u00e9n frente al cierre del mismo mes del a\u00f1o pasado. <\/p>\n\n\n\n<p>El promedio cerr\u00f3 en US$ 3.723 por tonelada, un 4,6% por debajo de la primera venta del mes, el pasado martes 4 de octubre. En tanto que se posiciona un 8,32% por debajo de igual venta del a\u00f1o 2021. El volumen comercializado en la jornada de ayer se posicion\u00f3 en las 29.402 toneladas, un 4,7% menos que a inicios del mes. <br><\/p>\n\n\n\n<figure class=\"wp-block-image\"><img data-recalc-dims=\"1\" loading=\"lazy\" decoding=\"async\" width=\"810\" height=\"648\" data-attachment-id=\"46455\" data-permalink=\"https:\/\/lahoradelcampo.com.uy\/site\/licitacion-de-lacteos-baja-83-en-el-mes-de-octubre\/318-fonterra\/\" data-orig-file=\"https:\/\/i0.wp.com\/lahoradelcampo.com.uy\/site\/wp-content\/uploads\/2022\/10\/318-Fonterra.jpg?fit=1181%2C945&amp;ssl=1\" data-orig-size=\"1181,945\" data-comments-opened=\"1\" data-image-meta=\"{&quot;aperture&quot;:&quot;0&quot;,&quot;credit&quot;:&quot;&quot;,&quot;camera&quot;:&quot;&quot;,&quot;caption&quot;:&quot;&quot;,&quot;created_timestamp&quot;:&quot;0&quot;,&quot;copyright&quot;:&quot;&quot;,&quot;focal_length&quot;:&quot;0&quot;,&quot;iso&quot;:&quot;0&quot;,&quot;shutter_speed&quot;:&quot;0&quot;,&quot;title&quot;:&quot;&quot;,&quot;orientation&quot;:&quot;1&quot;}\" data-image-title=\"318 Fonterra\" data-image-description=\"\" data-image-caption=\"\" data-large-file=\"https:\/\/i0.wp.com\/lahoradelcampo.com.uy\/site\/wp-content\/uploads\/2022\/10\/318-Fonterra.jpg?fit=810%2C648&amp;ssl=1\" src=\"https:\/\/i0.wp.com\/lahoradelcampo.com.uy\/site\/wp-content\/uploads\/2022\/10\/318-Fonterra.jpg?resize=810%2C648\" alt=\"\" class=\"wp-image-46455\" srcset=\"https:\/\/i0.wp.com\/lahoradelcampo.com.uy\/site\/wp-content\/uploads\/2022\/10\/318-Fonterra.jpg?resize=1024%2C819&amp;ssl=1 1024w, https:\/\/i0.wp.com\/lahoradelcampo.com.uy\/site\/wp-content\/uploads\/2022\/10\/318-Fonterra.jpg?resize=300%2C240&amp;ssl=1 300w, https:\/\/i0.wp.com\/lahoradelcampo.com.uy\/site\/wp-content\/uploads\/2022\/10\/318-Fonterra.jpg?resize=768%2C615&amp;ssl=1 768w, https:\/\/i0.wp.com\/lahoradelcampo.com.uy\/site\/wp-content\/uploads\/2022\/10\/318-Fonterra.jpg?w=1181&amp;ssl=1 1181w\" sizes=\"auto, (max-width: 810px) 100vw, 810px\" \/><\/figure>\n\n\n\n<p>La leche en polvo entera cotiz\u00f3 a US$ 3.421 por tonelada, registrando una ca\u00edda del 4,3% respecto a la subasta anterior y un 10% por debajo de hace un a\u00f1o atr\u00e1s. El volumen comercializado de este producto fue de 14.144 toneladas, un 5,1% menos que a inicios del mes y 7,1% menos respecto a la segunda licitaci\u00f3n de octubre de 2021. <br><\/p>\n\n\n\n<p>La leche en polvo descremada, represent\u00f3 el 30,7% de la oferta de ayer, con un valor promedio de US$ 3.250 por tonelada. En este sentido registr\u00f3 una ca\u00edda del 6,9% frente a la primera venta del mes y 4,4% respecto a los valores de hace un a\u00f1o atr\u00e1s. <br><\/p>\n\n\n\n<p>La manteca cay\u00f3 un 2,6% y cotiz\u00f3 en US$ 4.851 por tonelada, mientras que el queso Cheddar retrocedi\u00f3 un 3,9% y cerr\u00f3 a US$ 4.769 por tonelada. <br><\/p>\n\n\n\n<p>Dentro de los destinos para los productos comercializados ayer, el norte de Asia (principalmente China) represent\u00f3 el 46,2% del total comercializado. Si bien este porcentaje muestra una participaci\u00f3n en recuperaci\u00f3n de este mercado, a\u00fan se posiciona por debajo del 52,3% que ha representado en los \u00faltimos cuatro a\u00f1os. <\/p>\n\n\n\n<p>Salto, mi\u00e9rcoles 19 de octubre de 2022<\/p>\n","protected":false},"excerpt":{"rendered":"<p>Este martes 18 de octubre se realiz\u00f3 la segunda licitaci\u00f3n del mes de octubre de la plataforma Global Dairy Trade, con un nuevo descenso en el valor promedio de los [&hellip;]<\/p>\n","protected":false},"author":5,"featured_media":10481,"comment_status":"open","ping_status":"open","sticky":false,"template":"","format":"standard","meta":{"_price":"","_stock":"","_tribe_ticket_header":"","_tribe_default_ticket_provider":"","_tribe_ticket_capacity":"0","_ticket_start_date":"","_ticket_end_date":"","_tribe_ticket_show_description":"","_tribe_ticket_show_not_going":false,"_tribe_ticket_use_global_stock":"","_tribe_ticket_global_stock_level":"","_global_stock_mode":"","_global_stock_cap":"","_tribe_rsvp_for_event":"","_tribe_ticket_going_count":"","_tribe_ticket_not_going_count":"","_tribe_tickets_list":"[]","_tribe_ticket_has_attendee_info_fields":false,"h5ap_radio_sources":[],"_jetpack_newsletter_access":"","_jetpack_dont_email_post_to_subs":false,"_jetpack_newsletter_tier_id":0,"_jetpack_memberships_contains_paywalled_content":false,"_jetpack_memberships_contains_paid_content":false,"footnotes":""},"categories":[21,11],"tags":[],"class_list":["post-46453","post","type-post","status-publish","format-standard","has-post-thumbnail","hentry","category-actualidad","category-lecheria"],"jetpack_featured_media_url":"https:\/\/i0.wp.com\/lahoradelcampo.com.uy\/site\/wp-content\/uploads\/2019\/05\/Fonterra-1.jpg?fit=880%2C440&ssl=1","jetpack_sharing_enabled":true,"jetpack_shortlink":"https:\/\/wp.me\/p99IaT-c5f","jetpack-related-posts":[{"id":53236,"url":"https:\/\/lahoradelcampo.com.uy\/site\/lacteos-vuelven-a-ajustar-a-la-baja-en-gdt-pulse\/","url_meta":{"origin":46453,"position":0},"title":"L\u00e1cteos vuelven a ajustar a la baja en GDT Pulse","author":"La Hora del Campo","date":"30 noviembre, 2023","format":false,"excerpt":"La subasta n\u00famero 38 de GlobalDairyTrade Pulse, donde comercializa Fonterra leche en polvo entera y descremada, el mercado ajust\u00f3 a la baja en ambas referencias respecto a la venta anterior del sistema. Con una mayor ca\u00edda en la descremada. En la venta de ayer, el precio promedio obtenido para la\u2026","rel":"","context":"En \u00abActualidad\u00bb","block_context":{"text":"Actualidad","link":"https:\/\/lahoradelcampo.com.uy\/site\/category\/actualidad\/"},"img":{"alt_text":"","src":"https:\/\/i0.wp.com\/lahoradelcampo.com.uy\/site\/wp-content\/uploads\/2023\/11\/GDTPulse38.jpg?fit=880%2C440&ssl=1&resize=350%2C200","width":350,"height":200,"srcset":"https:\/\/i0.wp.com\/lahoradelcampo.com.uy\/site\/wp-content\/uploads\/2023\/11\/GDTPulse38.jpg?fit=880%2C440&ssl=1&resize=350%2C200 1x, https:\/\/i0.wp.com\/lahoradelcampo.com.uy\/site\/wp-content\/uploads\/2023\/11\/GDTPulse38.jpg?fit=880%2C440&ssl=1&resize=525%2C300 1.5x, https:\/\/i0.wp.com\/lahoradelcampo.com.uy\/site\/wp-content\/uploads\/2023\/11\/GDTPulse38.jpg?fit=880%2C440&ssl=1&resize=700%2C400 2x"},"classes":[]},{"id":45709,"url":"https:\/\/lahoradelcampo.com.uy\/site\/lacteos-subieron-un-2-en-la-segunda-licitacion-de-setiembre\/","url_meta":{"origin":46453,"position":1},"title":"L\u00e1cteos subieron un 2% en la segunda licitaci\u00f3n de setiembre","author":"La Hora del Campo","date":"21 septiembre, 2022","format":false,"excerpt":"Este martes 20 de setiembre de 2022, se realiz\u00f3 la licitaci\u00f3n n\u00famero 316 de la plataforma electr\u00f3nica GlobalDairyTrade (GDT), registr\u00e1ndose un nuevo incremento en el promedio general de los productos l\u00e1cteos comercializados. Luego de cinco ca\u00eddas consecutivas, setiembre quebr\u00f3 la tendencia bajista que tra\u00edan los l\u00e1cteos con una suba del\u2026","rel":"","context":"En \u00abActualidad\u00bb","block_context":{"text":"Actualidad","link":"https:\/\/lahoradelcampo.com.uy\/site\/category\/actualidad\/"},"img":{"alt_text":"","src":"https:\/\/i0.wp.com\/lahoradelcampo.com.uy\/site\/wp-content\/uploads\/2019\/06\/fonterra-2.jpg?fit=880%2C440&ssl=1&resize=350%2C200","width":350,"height":200,"srcset":"https:\/\/i0.wp.com\/lahoradelcampo.com.uy\/site\/wp-content\/uploads\/2019\/06\/fonterra-2.jpg?fit=880%2C440&ssl=1&resize=350%2C200 1x, https:\/\/i0.wp.com\/lahoradelcampo.com.uy\/site\/wp-content\/uploads\/2019\/06\/fonterra-2.jpg?fit=880%2C440&ssl=1&resize=525%2C300 1.5x, https:\/\/i0.wp.com\/lahoradelcampo.com.uy\/site\/wp-content\/uploads\/2019\/06\/fonterra-2.jpg?fit=880%2C440&ssl=1&resize=700%2C400 2x"},"classes":[]},{"id":52992,"url":"https:\/\/lahoradelcampo.com.uy\/site\/lacteos-cerraron-en-baja-en-la-ultima-del-mes-en-gdt-pulse\/","url_meta":{"origin":46453,"position":2},"title":"L\u00e1cteos cerraron en baja en la \u00faltima del mes en GDT Pulse","author":"La Hora del Campo","date":"1 noviembre, 2023","format":false,"excerpt":"La subasta n\u00famero 36 de GlobalDairyTrade Pulse, donde comercializa Fonterra leche en polvo entera y descremada, el mercado ajust\u00f3 a la baja en ambas referencias, respecto a la venta anterior. En la venta de ayer, el precio promedio obtenido para la leche en polvo entera (LPE) fue de US$ 2.946\u2026","rel":"","context":"En \u00abActualidad\u00bb","block_context":{"text":"Actualidad","link":"https:\/\/lahoradelcampo.com.uy\/site\/category\/actualidad\/"},"img":{"alt_text":"","src":"https:\/\/i0.wp.com\/lahoradelcampo.com.uy\/site\/wp-content\/uploads\/2023\/11\/GDT-Pulse-36-scaled.jpg?fit=1200%2C829&ssl=1&resize=350%2C200","width":350,"height":200,"srcset":"https:\/\/i0.wp.com\/lahoradelcampo.com.uy\/site\/wp-content\/uploads\/2023\/11\/GDT-Pulse-36-scaled.jpg?fit=1200%2C829&ssl=1&resize=350%2C200 1x, https:\/\/i0.wp.com\/lahoradelcampo.com.uy\/site\/wp-content\/uploads\/2023\/11\/GDT-Pulse-36-scaled.jpg?fit=1200%2C829&ssl=1&resize=525%2C300 1.5x, https:\/\/i0.wp.com\/lahoradelcampo.com.uy\/site\/wp-content\/uploads\/2023\/11\/GDT-Pulse-36-scaled.jpg?fit=1200%2C829&ssl=1&resize=700%2C400 2x, https:\/\/i0.wp.com\/lahoradelcampo.com.uy\/site\/wp-content\/uploads\/2023\/11\/GDT-Pulse-36-scaled.jpg?fit=1200%2C829&ssl=1&resize=1050%2C600 3x"},"classes":[]},{"id":51880,"url":"https:\/\/lahoradelcampo.com.uy\/site\/lacteos-con-nueva-baja-en-la-segunda-licitacion-de-julio\/","url_meta":{"origin":46453,"position":3},"title":"L\u00e1cteos con nueva baja en la segunda licitaci\u00f3n de julio","author":"La Hora del Campo","date":"19 julio, 2023","format":false,"excerpt":"Ayer se realiz\u00f3 la licitaci\u00f3n 336 en la plataforma electr\u00f3nica GlobalDairyTrade (GDT) donde comercializa principalmente la empresa neozelandesa Fonterra. Tras el cierre de la subasta, se marc\u00f3 la quinta baja consecutiva en el valor promedio de los productos l\u00e1cteos comercializados. El promedio general de todos los productos fue de US$\u2026","rel":"","context":"En \u00abActualidad\u00bb","block_context":{"text":"Actualidad","link":"https:\/\/lahoradelcampo.com.uy\/site\/category\/actualidad\/"},"img":{"alt_text":"","src":"https:\/\/i0.wp.com\/lahoradelcampo.com.uy\/site\/wp-content\/uploads\/2018\/03\/fonterra-web.jpg?fit=880%2C440&ssl=1&resize=350%2C200","width":350,"height":200,"srcset":"https:\/\/i0.wp.com\/lahoradelcampo.com.uy\/site\/wp-content\/uploads\/2018\/03\/fonterra-web.jpg?fit=880%2C440&ssl=1&resize=350%2C200 1x, https:\/\/i0.wp.com\/lahoradelcampo.com.uy\/site\/wp-content\/uploads\/2018\/03\/fonterra-web.jpg?fit=880%2C440&ssl=1&resize=525%2C300 1.5x, https:\/\/i0.wp.com\/lahoradelcampo.com.uy\/site\/wp-content\/uploads\/2018\/03\/fonterra-web.jpg?fit=880%2C440&ssl=1&resize=700%2C400 2x"},"classes":[]},{"id":47869,"url":"https:\/\/lahoradelcampo.com.uy\/site\/primera-licitacion-de-lacteos-del-2023-cerro-con-una-baja-del-28\/","url_meta":{"origin":46453,"position":4},"title":"Primera licitaci\u00f3n de l\u00e1cteos del 2023 cerr\u00f3 con una baja del 2,8%","author":"La Hora del Campo","date":"4 enero, 2023","format":false,"excerpt":"La plataforma electr\u00f3nica Global Dairy Trade (GDT) realiz\u00f3 este martes su primera licitaci\u00f3n de productos l\u00e1cteos del mes de enero, la n\u00famero 323, es decir la primer venta del a\u00f1o. El promedio de los productos l\u00e1cteos descendi\u00f3 un 2,8%, frente a una mayor oferta y una demanda m\u00e1s retra\u00edda. En\u2026","rel":"","context":"En \u00abActualidad\u00bb","block_context":{"text":"Actualidad","link":"https:\/\/lahoradelcampo.com.uy\/site\/category\/actualidad\/"},"img":{"alt_text":"","src":"https:\/\/i0.wp.com\/lahoradelcampo.com.uy\/site\/wp-content\/uploads\/2019\/07\/Fonterra-1.jpg?fit=880%2C440&ssl=1&resize=350%2C200","width":350,"height":200,"srcset":"https:\/\/i0.wp.com\/lahoradelcampo.com.uy\/site\/wp-content\/uploads\/2019\/07\/Fonterra-1.jpg?fit=880%2C440&ssl=1&resize=350%2C200 1x, https:\/\/i0.wp.com\/lahoradelcampo.com.uy\/site\/wp-content\/uploads\/2019\/07\/Fonterra-1.jpg?fit=880%2C440&ssl=1&resize=525%2C300 1.5x, https:\/\/i0.wp.com\/lahoradelcampo.com.uy\/site\/wp-content\/uploads\/2019\/07\/Fonterra-1.jpg?fit=880%2C440&ssl=1&resize=700%2C400 2x"},"classes":[]},{"id":48219,"url":"https:\/\/lahoradelcampo.com.uy\/site\/segunda-licitacion-de-lacteos-con-subas-y-bajas-en-enero\/","url_meta":{"origin":46453,"position":5},"title":"Segunda licitaci\u00f3n de l\u00e1cteos con subas y bajas en enero","author":"La Hora del Campo","date":"18 enero, 2023","format":false,"excerpt":"En la jornada de ayer se realiz\u00f3 la segunda licitaci\u00f3n del mes de enero de la plataforma electr\u00f3nica Global Dairy Trade, donde se observ\u00f3 una leve baja en el promedio general, con cierre dispar para las leches en polvo. El promedio del evento 324, fue de US$ 3.393 por tonelada\u2026","rel":"","context":"En \u00abActualidad\u00bb","block_context":{"text":"Actualidad","link":"https:\/\/lahoradelcampo.com.uy\/site\/category\/actualidad\/"},"img":{"alt_text":"","src":"https:\/\/i0.wp.com\/lahoradelcampo.com.uy\/site\/wp-content\/uploads\/2017\/10\/Fonterra-1.jpg?fit=880%2C440&ssl=1&resize=350%2C200","width":350,"height":200,"srcset":"https:\/\/i0.wp.com\/lahoradelcampo.com.uy\/site\/wp-content\/uploads\/2017\/10\/Fonterra-1.jpg?fit=880%2C440&ssl=1&resize=350%2C200 1x, https:\/\/i0.wp.com\/lahoradelcampo.com.uy\/site\/wp-content\/uploads\/2017\/10\/Fonterra-1.jpg?fit=880%2C440&ssl=1&resize=525%2C300 1.5x, https:\/\/i0.wp.com\/lahoradelcampo.com.uy\/site\/wp-content\/uploads\/2017\/10\/Fonterra-1.jpg?fit=880%2C440&ssl=1&resize=700%2C400 2x"},"classes":[]}],"jetpack_likes_enabled":true,"_links":{"self":[{"href":"https:\/\/lahoradelcampo.com.uy\/site\/wp-json\/wp\/v2\/posts\/46453","targetHints":{"allow":["GET"]}}],"collection":[{"href":"https:\/\/lahoradelcampo.com.uy\/site\/wp-json\/wp\/v2\/posts"}],"about":[{"href":"https:\/\/lahoradelcampo.com.uy\/site\/wp-json\/wp\/v2\/types\/post"}],"author":[{"embeddable":true,"href":"https:\/\/lahoradelcampo.com.uy\/site\/wp-json\/wp\/v2\/users\/5"}],"replies":[{"embeddable":true,"href":"https:\/\/lahoradelcampo.com.uy\/site\/wp-json\/wp\/v2\/comments?post=46453"}],"version-history":[{"count":1,"href":"https:\/\/lahoradelcampo.com.uy\/site\/wp-json\/wp\/v2\/posts\/46453\/revisions"}],"predecessor-version":[{"id":46457,"href":"https:\/\/lahoradelcampo.com.uy\/site\/wp-json\/wp\/v2\/posts\/46453\/revisions\/46457"}],"wp:featuredmedia":[{"embeddable":true,"href":"https:\/\/lahoradelcampo.com.uy\/site\/wp-json\/wp\/v2\/media\/10481"}],"wp:attachment":[{"href":"https:\/\/lahoradelcampo.com.uy\/site\/wp-json\/wp\/v2\/media?parent=46453"}],"wp:term":[{"taxonomy":"category","embeddable":true,"href":"https:\/\/lahoradelcampo.com.uy\/site\/wp-json\/wp\/v2\/categories?post=46453"},{"taxonomy":"post_tag","embeddable":true,"href":"https:\/\/lahoradelcampo.com.uy\/site\/wp-json\/wp\/v2\/tags?post=46453"}],"curies":[{"name":"wp","href":"https:\/\/api.w.org\/{rel}","templated":true}]}}