{"id":46413,"date":"2022-10-18T07:24:01","date_gmt":"2022-10-18T10:24:01","guid":{"rendered":"http:\/\/lahoradelcampo.com.uy\/site\/?p=46413"},"modified":"2022-10-18T07:24:05","modified_gmt":"2022-10-18T10:24:05","slug":"cabana-salto-y-la-plazoleta-vendieron-el-100-de-la-oferta","status":"publish","type":"post","link":"https:\/\/lahoradelcampo.com.uy\/site\/cabana-salto-y-la-plazoleta-vendieron-el-100-de-la-oferta\/","title":{"rendered":"Caba\u00f1a Salto y La Plazoleta vendieron el 100% de la oferta"},"content":{"rendered":"\n<figure class=\"wp-block-image\"><img data-recalc-dims=\"1\" loading=\"lazy\" decoding=\"async\" width=\"810\" height=\"405\" data-attachment-id=\"46415\" data-permalink=\"https:\/\/lahoradelcampo.com.uy\/site\/cabana-salto-y-la-plazoleta-vendieron-el-100-de-la-oferta\/cabanasalto-limitour\/\" data-orig-file=\"https:\/\/i0.wp.com\/lahoradelcampo.com.uy\/site\/wp-content\/uploads\/2022\/10\/Caba%C3%B1aSalto-Limitour.jpg?fit=880%2C440&amp;ssl=1\" data-orig-size=\"880,440\" data-comments-opened=\"1\" data-image-meta=\"{&quot;aperture&quot;:&quot;0&quot;,&quot;credit&quot;:&quot;&quot;,&quot;camera&quot;:&quot;&quot;,&quot;caption&quot;:&quot;&quot;,&quot;created_timestamp&quot;:&quot;0&quot;,&quot;copyright&quot;:&quot;&quot;,&quot;focal_length&quot;:&quot;0&quot;,&quot;iso&quot;:&quot;0&quot;,&quot;shutter_speed&quot;:&quot;0&quot;,&quot;title&quot;:&quot;&quot;,&quot;orientation&quot;:&quot;1&quot;}\" data-image-title=\"Caba\u00f1aSalto-Limitour\" data-image-description=\"\" data-image-caption=\"\" data-large-file=\"https:\/\/i0.wp.com\/lahoradelcampo.com.uy\/site\/wp-content\/uploads\/2022\/10\/Caba%C3%B1aSalto-Limitour.jpg?fit=810%2C405&amp;ssl=1\" src=\"https:\/\/i0.wp.com\/lahoradelcampo.com.uy\/site\/wp-content\/uploads\/2022\/10\/Caba%C3%B1aSalto-Limitour.jpg?resize=810%2C405\" alt=\"\" class=\"wp-image-46415\" srcset=\"https:\/\/i0.wp.com\/lahoradelcampo.com.uy\/site\/wp-content\/uploads\/2022\/10\/Caba%C3%B1aSalto-Limitour.jpg?w=880&amp;ssl=1 880w, https:\/\/i0.wp.com\/lahoradelcampo.com.uy\/site\/wp-content\/uploads\/2022\/10\/Caba%C3%B1aSalto-Limitour.jpg?resize=300%2C150&amp;ssl=1 300w, https:\/\/i0.wp.com\/lahoradelcampo.com.uy\/site\/wp-content\/uploads\/2022\/10\/Caba%C3%B1aSalto-Limitour.jpg?resize=768%2C384&amp;ssl=1 768w, https:\/\/i0.wp.com\/lahoradelcampo.com.uy\/site\/wp-content\/uploads\/2022\/10\/Caba%C3%B1aSalto-Limitour.jpg?resize=820%2C410&amp;ssl=1 820w\" sizes=\"auto, (max-width: 810px) 100vw, 810px\" \/><\/figure>\n\n\n\n<p>En el predio de la Asociaci\u00f3n Agropecuaria de\nSalto, se realiz\u00f3 el remate anual de \u201cCaba\u00f1a Salto\u201d del Joint Venture Limitour,\ncon el martillo de la firma Zambrano &amp; C\u00eda. Como caba\u00f1a invitada particip\u00f3\nla caba\u00f1a \u201cLa Plazoleta\u201d de Daniel Constant\u00edn. <\/p>\n\n\n\n<p>Los negocios iniciaron con la venta vertical\nde una de las tres mejores terneras de pedigree de la generaci\u00f3n de caba\u00f1a La\nPlazoleta, la que cotiz\u00f3 a US$ 1.500. Posteriormente se comercializaron\nvaquillonas para entorar de la misma caba\u00f1a en US$ 600 y vaquillonas pre\u00f1adas y\npara entorar de Caba\u00f1a Salto en US$ 770 de promedio. <\/p>\n\n\n\n<p>En los toros, el primer martillazo fue para un\ntoro plantelero de \u201cCaba\u00f1a Salto\u201d, que se comercializ\u00f3 en US$ 9.600 el 50% del\nejemplar, adquirido por Los \u00c1lamos. El ejemplar adquiere as\u00ed un valor de US$\n17.200 por el 100% del mismo, siendo este el precio m\u00e1ximo de la venta. El piso\nde los valores fue de US$ 2.400, y el promedio general para los 26 toros fue de\nUS$ 3.457. <\/p>\n\n\n\n<p>En el detalle, los pedigree hicieron US$\n4.428, los SA en US$ 2.784 y el \u00fanico PC en US$ 3.840. <\/p>\n\n\n\n<p>Al cierre del remate se ofrecieron cinco toros\nde \u201cLa Plazoleta\u201d, que cotizaron a US$ 2.400. <\/p>\n\n\n\n<p>Gerardo Zambrano dijo \u201cvendimos todo, vendimos r\u00e1pido, con valores de mercado, con un promedio cercano a los 3.400 d\u00f3lares para los de Limitour, los otros toros sabemos que son m\u00e1s de campo, pero te dir\u00eda que vender todo en machos como en hembras y r\u00e1pido, es el objetivo\u201d. <\/p>\n\n\n\n<p>Salto, martes 18 de octubre de 2022<\/p>\n","protected":false},"excerpt":{"rendered":"<p>En el predio de la Asociaci\u00f3n Agropecuaria de Salto, se realiz\u00f3 el remate anual de \u201cCaba\u00f1a Salto\u201d del Joint Venture Limitour, con el martillo de la firma Zambrano &amp; C\u00eda. [&hellip;]<\/p>\n","protected":false},"author":5,"featured_media":46415,"comment_status":"open","ping_status":"open","sticky":false,"template":"","format":"standard","meta":{"_price":"","_stock":"","_tribe_ticket_header":"","_tribe_default_ticket_provider":"","_tribe_ticket_capacity":"0","_ticket_start_date":"","_ticket_end_date":"","_tribe_ticket_show_description":"","_tribe_ticket_show_not_going":false,"_tribe_ticket_use_global_stock":"","_tribe_ticket_global_stock_level":"","_global_stock_mode":"","_global_stock_cap":"","_tribe_rsvp_for_event":"","_tribe_ticket_going_count":"","_tribe_ticket_not_going_count":"","_tribe_tickets_list":"[]","_tribe_ticket_has_attendee_info_fields":false,"h5ap_radio_sources":[],"_jetpack_newsletter_access":"","_jetpack_dont_email_post_to_subs":false,"_jetpack_newsletter_tier_id":0,"_jetpack_memberships_contains_paywalled_content":false,"_jetpack_memberships_contains_paid_content":false,"footnotes":""},"categories":[21,5],"tags":[],"class_list":["post-46413","post","type-post","status-publish","format-standard","has-post-thumbnail","hentry","category-actualidad","category-ganaderia"],"jetpack_featured_media_url":"https:\/\/i0.wp.com\/lahoradelcampo.com.uy\/site\/wp-content\/uploads\/2022\/10\/Caba%C3%B1aSalto-Limitour.jpg?fit=880%2C440&ssl=1","jetpack_sharing_enabled":true,"jetpack_shortlink":"https:\/\/wp.me\/p99IaT-c4B","jetpack-related-posts":[{"id":35643,"url":"https:\/\/lahoradelcampo.com.uy\/site\/limitour-coloco-su-oferta-de-toros-en-us-3-916\/","url_meta":{"origin":46413,"position":0},"title":"Limitour coloc\u00f3 su oferta de toros en US$ 3.916","author":"La Hora del Campo","date":"19 octubre, 2021","format":false,"excerpt":"R\u00e1pida, \u00e1gil y total la comercializaci\u00f3n de los vientres y reproductores de Caba\u00f1a Salto, Limitour, junto a sus caba\u00f1as amigas, en el remate anual de gen\u00e9tica que realiz\u00f3 en la jornada de ayer en el local de la Asociaci\u00f3n Agropecuaria de Salto, con la firma Zambrano & C\u00eda. Las ventas\u2026","rel":"","context":"En \u00abActualidad\u00bb","block_context":{"text":"Actualidad","link":"https:\/\/lahoradelcampo.com.uy\/site\/category\/actualidad\/"},"img":{"alt_text":"","src":"https:\/\/i0.wp.com\/lahoradelcampo.com.uy\/site\/wp-content\/uploads\/2021\/10\/Zafra-limitour.jpg?fit=880%2C440&ssl=1&resize=350%2C200","width":350,"height":200,"srcset":"https:\/\/i0.wp.com\/lahoradelcampo.com.uy\/site\/wp-content\/uploads\/2021\/10\/Zafra-limitour.jpg?fit=880%2C440&ssl=1&resize=350%2C200 1x, https:\/\/i0.wp.com\/lahoradelcampo.com.uy\/site\/wp-content\/uploads\/2021\/10\/Zafra-limitour.jpg?fit=880%2C440&ssl=1&resize=525%2C300 1.5x, https:\/\/i0.wp.com\/lahoradelcampo.com.uy\/site\/wp-content\/uploads\/2021\/10\/Zafra-limitour.jpg?fit=880%2C440&ssl=1&resize=700%2C400 2x"},"classes":[]},{"id":24160,"url":"https:\/\/lahoradelcampo.com.uy\/site\/cuarto-remate-de-vientres-calificados-en-la-expo-salto\/","url_meta":{"origin":46413,"position":1},"title":"Cuarto remate de vientres calificados en la Expo Salto","author":"La Hora del Campo","date":"30 septiembre, 2020","format":false,"excerpt":"El s\u00e1bado 3 de octubre en el marco de la Expo Salto 2020, el escritorio Daniel Medina, realizar\u00e1 el cuarto remate de vientres calificados, sumando este a\u00f1o una oferta de 13 reproductores. Las ventas comenzar\u00e1n a las 19:30 horas. En la conferencia de lanzamiento de la exposici\u00f3n, el consignatario Daniel\u2026","rel":"","context":"En \u00abActualidad\u00bb","block_context":{"text":"Actualidad","link":"https:\/\/lahoradelcampo.com.uy\/site\/category\/actualidad\/"},"img":{"alt_text":"","src":"https:\/\/i0.wp.com\/lahoradelcampo.com.uy\/site\/wp-content\/uploads\/2020\/09\/daniel-medina-remate.jpg?fit=1200%2C900&ssl=1&resize=350%2C200","width":350,"height":200,"srcset":"https:\/\/i0.wp.com\/lahoradelcampo.com.uy\/site\/wp-content\/uploads\/2020\/09\/daniel-medina-remate.jpg?fit=1200%2C900&ssl=1&resize=350%2C200 1x, https:\/\/i0.wp.com\/lahoradelcampo.com.uy\/site\/wp-content\/uploads\/2020\/09\/daniel-medina-remate.jpg?fit=1200%2C900&ssl=1&resize=525%2C300 1.5x, https:\/\/i0.wp.com\/lahoradelcampo.com.uy\/site\/wp-content\/uploads\/2020\/09\/daniel-medina-remate.jpg?fit=1200%2C900&ssl=1&resize=700%2C400 2x, https:\/\/i0.wp.com\/lahoradelcampo.com.uy\/site\/wp-content\/uploads\/2020\/09\/daniel-medina-remate.jpg?fit=1200%2C900&ssl=1&resize=1050%2C600 3x"},"classes":[]},{"id":4187,"url":"https:\/\/lahoradelcampo.com.uy\/site\/este-viernes-otto-fernandez-vende-los-toros-de-maria-isabel\/","url_meta":{"origin":46413,"position":2},"title":"Este viernes Otto Fern\u00e1ndez vende los toros de Mar\u00eda Isabel","author":"La Hora del Campo","date":"24 noviembre, 2017","format":false,"excerpt":"Hoy viernes 24 de noviembre, en la \u00faltima actividad de la presente zafra de toros, el escritorio Otto Fern\u00e1ndez realizar\u00e1 la venta de la caba\u00f1a Mar\u00eda Isabel, de Luis Mar\u00eda Dos Santos. \u201cSe trata de una caba\u00f1a nueva pero con muchos logros, tanto en el prado, logrando el Reservado Campe\u00f3n\u2026","rel":"","context":"En \u00abActualidad\u00bb","block_context":{"text":"Actualidad","link":"https:\/\/lahoradelcampo.com.uy\/site\/category\/actualidad\/"},"img":{"alt_text":"","src":"https:\/\/i0.wp.com\/lahoradelcampo.com.uy\/site\/wp-content\/uploads\/2017\/11\/MariaIsabel.jpg?fit=880%2C440&ssl=1&resize=350%2C200","width":350,"height":200,"srcset":"https:\/\/i0.wp.com\/lahoradelcampo.com.uy\/site\/wp-content\/uploads\/2017\/11\/MariaIsabel.jpg?fit=880%2C440&ssl=1&resize=350%2C200 1x, https:\/\/i0.wp.com\/lahoradelcampo.com.uy\/site\/wp-content\/uploads\/2017\/11\/MariaIsabel.jpg?fit=880%2C440&ssl=1&resize=525%2C300 1.5x, https:\/\/i0.wp.com\/lahoradelcampo.com.uy\/site\/wp-content\/uploads\/2017\/11\/MariaIsabel.jpg?fit=880%2C440&ssl=1&resize=700%2C400 2x"},"classes":[]},{"id":24546,"url":"https:\/\/lahoradelcampo.com.uy\/site\/san-rafael-remata-hoy-en-la-asociacion-agropecuaria-de-salto\/","url_meta":{"origin":46413,"position":3},"title":"San Rafael remata hoy en la Asociaci\u00f3n Agropecuaria de Salto","author":"La Hora del Campo","date":"12 octubre, 2020","format":false,"excerpt":"Luego de la excelente participaci\u00f3n en las pistas de la Expo Prado, tanto a nivel de las calificaciones como en las ventas, la caba\u00f1a San Rafael vuelve hoy lunes 12 de octubre, a las 17 horas, a la p\u00ecsta de la Asociaci\u00f3n Agropecuaria de Salto, para un nuevo remate anual,\u2026","rel":"","context":"En \u00abActualidad\u00bb","block_context":{"text":"Actualidad","link":"https:\/\/lahoradelcampo.com.uy\/site\/category\/actualidad\/"},"img":{"alt_text":"","src":"https:\/\/i0.wp.com\/lahoradelcampo.com.uy\/site\/wp-content\/uploads\/2020\/10\/sanrafael111.jpg?fit=880%2C440&ssl=1&resize=350%2C200","width":350,"height":200,"srcset":"https:\/\/i0.wp.com\/lahoradelcampo.com.uy\/site\/wp-content\/uploads\/2020\/10\/sanrafael111.jpg?fit=880%2C440&ssl=1&resize=350%2C200 1x, https:\/\/i0.wp.com\/lahoradelcampo.com.uy\/site\/wp-content\/uploads\/2020\/10\/sanrafael111.jpg?fit=880%2C440&ssl=1&resize=525%2C300 1.5x, https:\/\/i0.wp.com\/lahoradelcampo.com.uy\/site\/wp-content\/uploads\/2020\/10\/sanrafael111.jpg?fit=880%2C440&ssl=1&resize=700%2C400 2x"},"classes":[]},{"id":24810,"url":"https:\/\/lahoradelcampo.com.uy\/site\/us-2-325-para-el-aberdeen-angus-de-limitour-en-la-agropecuaria-de-salto\/","url_meta":{"origin":46413,"position":4},"title":"US$ 2.325 para el Aberdeen Angus de Limitour en la Agropecuaria de Salto","author":"La Hora del Campo","date":"20 octubre, 2020","format":false,"excerpt":"En una venta con un poco menos de piques que en remates anteriores, pero con colocaci\u00f3n total, Limitour coloc\u00f3 el 100% de su oferta en la pista de la Asociaci\u00f3n Agropecuaria de Salto en la jornada de ayer, y la caba\u00f1a invitada La Plazoleta de Constat\u00edn tambi\u00e9n vendi\u00f3 sus toros\u2026","rel":"","context":"En \u00abActualidad\u00bb","block_context":{"text":"Actualidad","link":"https:\/\/lahoradelcampo.com.uy\/site\/category\/actualidad\/"},"img":{"alt_text":"","src":"https:\/\/i0.wp.com\/lahoradelcampo.com.uy\/site\/wp-content\/uploads\/2020\/10\/Rematelimitour.jpg?fit=880%2C440&ssl=1&resize=350%2C200","width":350,"height":200,"srcset":"https:\/\/i0.wp.com\/lahoradelcampo.com.uy\/site\/wp-content\/uploads\/2020\/10\/Rematelimitour.jpg?fit=880%2C440&ssl=1&resize=350%2C200 1x, https:\/\/i0.wp.com\/lahoradelcampo.com.uy\/site\/wp-content\/uploads\/2020\/10\/Rematelimitour.jpg?fit=880%2C440&ssl=1&resize=525%2C300 1.5x, https:\/\/i0.wp.com\/lahoradelcampo.com.uy\/site\/wp-content\/uploads\/2020\/10\/Rematelimitour.jpg?fit=880%2C440&ssl=1&resize=700%2C400 2x"},"classes":[]},{"id":23450,"url":"https:\/\/lahoradelcampo.com.uy\/site\/poll-dorset-san-rafael-gano-en-po-y-cabana-salto-en-el-pedigree\/","url_meta":{"origin":46413,"position":5},"title":"Poll Dorset: San Rafael gan\u00f3 en PO  y Caba\u00f1a Salto en el Pedigree","author":"La Hora del Campo","date":"13 septiembre, 2020","format":false,"excerpt":"El viernes comenzaron las calificaciones de las razas ovinas en el marco de la Expo Prado 2020. En esta oportunidad el primer turno de calificaci\u00f3n fue en las razas carniceras, donde participaron las caba\u00f1as salte\u00f1as, San Rafael y Caba\u00f1a Salto alcanzando Grandes Campeonatos. El productor sanducero, Eduardo Filliiol fue el\u2026","rel":"","context":"En \u00abActualidad\u00bb","block_context":{"text":"Actualidad","link":"https:\/\/lahoradelcampo.com.uy\/site\/category\/actualidad\/"},"img":{"alt_text":"","src":"https:\/\/i0.wp.com\/lahoradelcampo.com.uy\/site\/wp-content\/uploads\/2020\/09\/SanRafaelPollDorset.jpg?fit=880%2C440&ssl=1&resize=350%2C200","width":350,"height":200,"srcset":"https:\/\/i0.wp.com\/lahoradelcampo.com.uy\/site\/wp-content\/uploads\/2020\/09\/SanRafaelPollDorset.jpg?fit=880%2C440&ssl=1&resize=350%2C200 1x, https:\/\/i0.wp.com\/lahoradelcampo.com.uy\/site\/wp-content\/uploads\/2020\/09\/SanRafaelPollDorset.jpg?fit=880%2C440&ssl=1&resize=525%2C300 1.5x, https:\/\/i0.wp.com\/lahoradelcampo.com.uy\/site\/wp-content\/uploads\/2020\/09\/SanRafaelPollDorset.jpg?fit=880%2C440&ssl=1&resize=700%2C400 2x"},"classes":[]}],"jetpack_likes_enabled":true,"_links":{"self":[{"href":"https:\/\/lahoradelcampo.com.uy\/site\/wp-json\/wp\/v2\/posts\/46413","targetHints":{"allow":["GET"]}}],"collection":[{"href":"https:\/\/lahoradelcampo.com.uy\/site\/wp-json\/wp\/v2\/posts"}],"about":[{"href":"https:\/\/lahoradelcampo.com.uy\/site\/wp-json\/wp\/v2\/types\/post"}],"author":[{"embeddable":true,"href":"https:\/\/lahoradelcampo.com.uy\/site\/wp-json\/wp\/v2\/users\/5"}],"replies":[{"embeddable":true,"href":"https:\/\/lahoradelcampo.com.uy\/site\/wp-json\/wp\/v2\/comments?post=46413"}],"version-history":[{"count":1,"href":"https:\/\/lahoradelcampo.com.uy\/site\/wp-json\/wp\/v2\/posts\/46413\/revisions"}],"predecessor-version":[{"id":46417,"href":"https:\/\/lahoradelcampo.com.uy\/site\/wp-json\/wp\/v2\/posts\/46413\/revisions\/46417"}],"wp:featuredmedia":[{"embeddable":true,"href":"https:\/\/lahoradelcampo.com.uy\/site\/wp-json\/wp\/v2\/media\/46415"}],"wp:attachment":[{"href":"https:\/\/lahoradelcampo.com.uy\/site\/wp-json\/wp\/v2\/media?parent=46413"}],"wp:term":[{"taxonomy":"category","embeddable":true,"href":"https:\/\/lahoradelcampo.com.uy\/site\/wp-json\/wp\/v2\/categories?post=46413"},{"taxonomy":"post_tag","embeddable":true,"href":"https:\/\/lahoradelcampo.com.uy\/site\/wp-json\/wp\/v2\/tags?post=46413"}],"curies":[{"name":"wp","href":"https:\/\/api.w.org\/{rel}","templated":true}]}}