{"id":46401,"date":"2022-10-17T08:46:07","date_gmt":"2022-10-17T11:46:07","guid":{"rendered":"http:\/\/lahoradelcampo.com.uy\/site\/?p=46401"},"modified":"2022-10-17T08:46:11","modified_gmt":"2022-10-17T11:46:11","slug":"se-registran-7-casos-de-brucelosis-en-salto-con-alta-incidencia","status":"publish","type":"post","link":"https:\/\/lahoradelcampo.com.uy\/site\/se-registran-7-casos-de-brucelosis-en-salto-con-alta-incidencia\/","title":{"rendered":"Se registran 7 casos de Brucelosis en Salto, con alta incidencia"},"content":{"rendered":"\n<figure class=\"wp-block-image\"><img data-recalc-dims=\"1\" loading=\"lazy\" decoding=\"async\" width=\"810\" height=\"405\" data-attachment-id=\"46403\" data-permalink=\"https:\/\/lahoradelcampo.com.uy\/site\/se-registran-7-casos-de-brucelosis-en-salto-con-alta-incidencia\/mgap-salto\/\" data-orig-file=\"https:\/\/i0.wp.com\/lahoradelcampo.com.uy\/site\/wp-content\/uploads\/2022\/10\/MGAP-Salto.jpg?fit=880%2C440&amp;ssl=1\" data-orig-size=\"880,440\" data-comments-opened=\"1\" data-image-meta=\"{&quot;aperture&quot;:&quot;0&quot;,&quot;credit&quot;:&quot;&quot;,&quot;camera&quot;:&quot;&quot;,&quot;caption&quot;:&quot;&quot;,&quot;created_timestamp&quot;:&quot;0&quot;,&quot;copyright&quot;:&quot;&quot;,&quot;focal_length&quot;:&quot;0&quot;,&quot;iso&quot;:&quot;0&quot;,&quot;shutter_speed&quot;:&quot;0&quot;,&quot;title&quot;:&quot;&quot;,&quot;orientation&quot;:&quot;1&quot;}\" data-image-title=\"MGAP Salto\" data-image-description=\"\" data-image-caption=\"\" data-large-file=\"https:\/\/i0.wp.com\/lahoradelcampo.com.uy\/site\/wp-content\/uploads\/2022\/10\/MGAP-Salto.jpg?fit=810%2C405&amp;ssl=1\" src=\"https:\/\/i0.wp.com\/lahoradelcampo.com.uy\/site\/wp-content\/uploads\/2022\/10\/MGAP-Salto.jpg?resize=810%2C405\" alt=\"\" class=\"wp-image-46403\" srcset=\"https:\/\/i0.wp.com\/lahoradelcampo.com.uy\/site\/wp-content\/uploads\/2022\/10\/MGAP-Salto.jpg?w=880&amp;ssl=1 880w, https:\/\/i0.wp.com\/lahoradelcampo.com.uy\/site\/wp-content\/uploads\/2022\/10\/MGAP-Salto.jpg?resize=300%2C150&amp;ssl=1 300w, https:\/\/i0.wp.com\/lahoradelcampo.com.uy\/site\/wp-content\/uploads\/2022\/10\/MGAP-Salto.jpg?resize=768%2C384&amp;ssl=1 768w, https:\/\/i0.wp.com\/lahoradelcampo.com.uy\/site\/wp-content\/uploads\/2022\/10\/MGAP-Salto.jpg?resize=820%2C410&amp;ssl=1 820w\" sizes=\"auto, (max-width: 810px) 100vw, 810px\" \/><\/figure>\n\n\n\n<p>El servicio veterinario oficial de Salto, del Ministerio de\nGanader\u00eda, Agricultura y Pesca (MGAP), ha declarado siete focos de Brucelosis,\ncon una importante incidencia en la zona de Puntas de Valent\u00edn, donde hay seis\ncasos, seg\u00fan confirm\u00f3 a La Hora del Campo, la Dra. Silvia Fern\u00e1ndez.&nbsp; <\/p>\n\n\n\n<p>\u201cEn este momento tenemos focos en la Seccional 15, m\u00e1s\nespec\u00edficamente en la zona de Puntas de Valent\u00edn. Al d\u00eda de hoy tenemos seis\nfocos y despu\u00e9s uno en Colonia Itapeb\u00ed\u201d dijo la responsable del servicio\nveterinario en Salto. En este sentido indic\u00f3 que \u201cse viene trabajando con los\nlinderos, notificando, haciendo el estudio epidemiol\u00f3gico de la enfermedad y se\nest\u00e1n identificando y marcando los animales positivos que van dando y previendo\nenviarlos a matadero\u201d.<\/p>\n\n\n\n<p>Fern\u00e1ndez indic\u00f3 que una vez declarado foco, no se pueden\nrealizar \u201cmovimientos de venta de campo a campo de animales susceptibles, de\nhembra o de machos enteros. Solamente se puede enviar a faena con la serolog\u00eda\nnegativa, despu\u00e9s que sacas los animales positivos del predio\u201d. Adem\u00e1s indic\u00f3\nque se puede \u201cvender los terneros castrados, novillos\u201d.<\/p>\n\n\n\n<p>En el caso de los establecimientos linderos, \u201cse les pide\nuna serolog\u00eda negativa de todos los animales susceptibles del campo, que son\nlas hembras mayor de un a\u00f1o y los machos enteros; y se le pide vacunar para\npoder continuar y vender a frigor\u00edfico, movimiento de campo a campo, sin ning\u00fan\nproblema\u201d. En tanto que \u201clos que van a tener menos problemas son los\ntraslinderos, porque no les exigimos una ronda de sangrado del total de los\nanimales, sino solamente se le exige el sangrar cuando va a mover\u201d.<\/p>\n\n\n\n<p>La profesional tambi\u00e9n indic\u00f3 que las vacas pueden ser\ncastradas y \u201ca partir de los 60 d\u00edas aproximadamente de castrar, se pueden\nvender porque se comportan como novillos, o sea, de esos animales ya no se\nsangra m\u00e1s, entonces pueden si pueden comercializarse bien\u201d de campo a campo.<\/p>\n\n\n\n<p><strong>Incidencia<\/strong><\/p>\n\n\n\n<p>La Dra. Silvia Fern\u00e1ndez dijo que se viene expandiendo la enfermedad\nen el departamento. \u201cSe comenz\u00f3 con un foco que mand\u00f3 a faena y surgieron\nanimales positivos en el muestreo, y de ah\u00ed comenzaron a salir al sangrar a los\nlinderos. Todos son linderos y con mucha cantidad de animales positivos\u201d.<\/p>\n\n\n\n<p>Si bien en el momento de la entrevista, la profesional no\nten\u00eda los porcentajes exactos de la incidencia en cada predio, dijo que \u201ces\ngrande, al menos en la zona de Puntas de Valent\u00edn\u201d. Ante esta situaci\u00f3n la profesional\nadelant\u00f3 que en la zona de la Seccional 15\u00aa, afectada por esta enfermedad, no\nse estar\u00eda autorizando el pastoreo en la v\u00eda p\u00fablica, \u201cpedimos a la gente por\nfavor que tome conciencia y que no saque los animales a la calle\u201d, la misma\nsituaci\u00f3n en la seccional 9\u00aa. <\/p>\n\n\n\n<p>La m\u00e9dica veterinaria record\u00f3 que el MGAP no le puede exigir\nal resto de los productores realizar un sangrado para conocer cu\u00e1l es su\nsituaci\u00f3n en particular frente a la enfermedad, por lo que mencion\u00f3 que esto es\n\u201ca conciencia\u201d de cada productor. \u201cSi quieren sangrar pueden realizar un\nsangrado\u201d acot\u00f3. <\/p>\n\n\n\n<p>Como sugerencia, desde el servicio oficial se propone que los productores \u201crealicen la vacunaci\u00f3n de todas las terneras mayores de cuatro meses con su veterinario particular\u201d para crear cierta inmunidad en el rodeo. \u201cNo es 100% porque la vacuna no cura, sino que protege. Y con una dosis al menos va a tener una cobertura de un 60% aproximadamente\u201d dijo la Dra. Silvia Fern\u00e1ndez. <\/p>\n\n\n\n<p>Salto, lunes 17 de octubre de 2022<\/p>\n","protected":false},"excerpt":{"rendered":"<p>El servicio veterinario oficial de Salto, del Ministerio de Ganader\u00eda, Agricultura y Pesca (MGAP), ha declarado siete focos de Brucelosis, con una importante incidencia en la zona de Puntas de [&hellip;]<\/p>\n","protected":false},"author":5,"featured_media":46403,"comment_status":"open","ping_status":"open","sticky":false,"template":"","format":"standard","meta":{"_price":"","_stock":"","_tribe_ticket_header":"","_tribe_default_ticket_provider":"","_tribe_ticket_capacity":"0","_ticket_start_date":"","_ticket_end_date":"","_tribe_ticket_show_description":"","_tribe_ticket_show_not_going":false,"_tribe_ticket_use_global_stock":"","_tribe_ticket_global_stock_level":"","_global_stock_mode":"","_global_stock_cap":"","_tribe_rsvp_for_event":"","_tribe_ticket_going_count":"","_tribe_ticket_not_going_count":"","_tribe_tickets_list":"[]","_tribe_ticket_has_attendee_info_fields":false,"h5ap_radio_sources":[],"_jetpack_newsletter_access":"","_jetpack_dont_email_post_to_subs":false,"_jetpack_newsletter_tier_id":0,"_jetpack_memberships_contains_paywalled_content":false,"_jetpack_memberships_contains_paid_content":false,"footnotes":""},"categories":[21,5],"tags":[],"class_list":["post-46401","post","type-post","status-publish","format-standard","has-post-thumbnail","hentry","category-actualidad","category-ganaderia"],"jetpack_featured_media_url":"https:\/\/i0.wp.com\/lahoradelcampo.com.uy\/site\/wp-content\/uploads\/2022\/10\/MGAP-Salto.jpg?fit=880%2C440&ssl=1","jetpack_sharing_enabled":true,"jetpack_shortlink":"https:\/\/wp.me\/p99IaT-c4p","jetpack-related-posts":[{"id":46255,"url":"https:\/\/lahoradelcampo.com.uy\/site\/predios-con-vacunacion-dieron-positivos-a-brucelosis-en-salto\/","url_meta":{"origin":46401,"position":0},"title":"Predios con vacunaci\u00f3n,  dieron positivos a Brucelosis en Salto","author":"La Hora del Campo","date":"13 octubre, 2022","format":false,"excerpt":"El Dr. Elbio Roig, representante de los productores en la Comisi\u00f3n Departamental de Sanidad Animal de Salto, dijo que en el departamento \"estamos siguiendo el tema con preocupaci\u00f3n, porque pasamos de no tener focos activos, a tener seis casos. No est\u00e1n concentrados pero tienen una relaci\u00f3n de donde est\u00e1n, y\u2026","rel":"","context":"En \u00abActualidad\u00bb","block_context":{"text":"Actualidad","link":"https:\/\/lahoradelcampo.com.uy\/site\/category\/actualidad\/"},"img":{"alt_text":"","src":"https:\/\/i0.wp.com\/lahoradelcampo.com.uy\/site\/wp-content\/uploads\/2022\/10\/Brucelosispositiva.jpg?fit=880%2C440&ssl=1&resize=350%2C200","width":350,"height":200,"srcset":"https:\/\/i0.wp.com\/lahoradelcampo.com.uy\/site\/wp-content\/uploads\/2022\/10\/Brucelosispositiva.jpg?fit=880%2C440&ssl=1&resize=350%2C200 1x, https:\/\/i0.wp.com\/lahoradelcampo.com.uy\/site\/wp-content\/uploads\/2022\/10\/Brucelosispositiva.jpg?fit=880%2C440&ssl=1&resize=525%2C300 1.5x, https:\/\/i0.wp.com\/lahoradelcampo.com.uy\/site\/wp-content\/uploads\/2022\/10\/Brucelosispositiva.jpg?fit=880%2C440&ssl=1&resize=700%2C400 2x"},"classes":[]},{"id":46767,"url":"https:\/\/lahoradelcampo.com.uy\/site\/de-no-tener-brucelosis-salto-registra-con-19-focos-esta-semana\/","url_meta":{"origin":46401,"position":1},"title":"De no tener Brucelosis, Salto registra con 19 focos esta semana","author":"La Hora del Campo","date":"4 noviembre, 2022","format":false,"excerpt":"La brucelosis es un problema que se expande cada vez m\u00e1s, a medida que el Ministerio de Ganader\u00eda, Agricultura y Pesca (MGAP) comienza a buscar en los linderos a los focos que se vienen registrando, por lo que es claro que la estrategia llevada a cabo hasta el momento contin\u00faa\u2026","rel":"","context":"En \u00abActualidad\u00bb","block_context":{"text":"Actualidad","link":"https:\/\/lahoradelcampo.com.uy\/site\/category\/actualidad\/"},"img":{"alt_text":"","src":"https:\/\/i0.wp.com\/lahoradelcampo.com.uy\/site\/wp-content\/uploads\/2022\/10\/Brucelosispositiva.jpg?fit=880%2C440&ssl=1&resize=350%2C200","width":350,"height":200,"srcset":"https:\/\/i0.wp.com\/lahoradelcampo.com.uy\/site\/wp-content\/uploads\/2022\/10\/Brucelosispositiva.jpg?fit=880%2C440&ssl=1&resize=350%2C200 1x, https:\/\/i0.wp.com\/lahoradelcampo.com.uy\/site\/wp-content\/uploads\/2022\/10\/Brucelosispositiva.jpg?fit=880%2C440&ssl=1&resize=525%2C300 1.5x, https:\/\/i0.wp.com\/lahoradelcampo.com.uy\/site\/wp-content\/uploads\/2022\/10\/Brucelosispositiva.jpg?fit=880%2C440&ssl=1&resize=700%2C400 2x"},"classes":[]},{"id":46471,"url":"https:\/\/lahoradelcampo.com.uy\/site\/mgap-realizo-una-puesta-a-punto-sobre-brucelosis-bovina\/","url_meta":{"origin":46401,"position":2},"title":"MGAP realiz\u00f3 una puesta a punto sobre Brucelosis bovina","author":"La Hora del Campo","date":"20 octubre, 2022","format":false,"excerpt":"Debido a que en meses recientes la Brucelosis bovina present\u00f3 una mayor incidencia de casos, detectados a trav\u00e9s de la investigaci\u00f3n y monitoreo que realizan los servicios oficiales del MGAP, el ministro Fernando Mattos conjuntamente con autoridades de los Servicios Ganaderos llevaron adelante una conferencia de prensa para mostrar datos\u2026","rel":"","context":"En \u00abActualidad\u00bb","block_context":{"text":"Actualidad","link":"https:\/\/lahoradelcampo.com.uy\/site\/category\/actualidad\/"},"img":{"alt_text":"","src":"https:\/\/i0.wp.com\/lahoradelcampo.com.uy\/site\/wp-content\/uploads\/2022\/10\/MGAP-brucelosis.jpg?fit=880%2C440&ssl=1&resize=350%2C200","width":350,"height":200,"srcset":"https:\/\/i0.wp.com\/lahoradelcampo.com.uy\/site\/wp-content\/uploads\/2022\/10\/MGAP-brucelosis.jpg?fit=880%2C440&ssl=1&resize=350%2C200 1x, https:\/\/i0.wp.com\/lahoradelcampo.com.uy\/site\/wp-content\/uploads\/2022\/10\/MGAP-brucelosis.jpg?fit=880%2C440&ssl=1&resize=525%2C300 1.5x, https:\/\/i0.wp.com\/lahoradelcampo.com.uy\/site\/wp-content\/uploads\/2022\/10\/MGAP-brucelosis.jpg?fit=880%2C440&ssl=1&resize=700%2C400 2x"},"classes":[]},{"id":9897,"url":"https:\/\/lahoradelcampo.com.uy\/site\/nuevos-focos-de-brucelosis-impacto-en-la-oferta-de-parada-herreria\/","url_meta":{"origin":46401,"position":3},"title":"Nuevos focos de brucelosis impact\u00f3 en la oferta de Parada Herrer\u00eda","author":"La Hora del Campo","date":"16 abril, 2019","format":false,"excerpt":"En la jornada de ayer el escritorio Gaud\u00edn Hnos. realiz\u00f3 su segundo remate quincenal del mes de abril, con ventas totales de lo que pas\u00f3 por pista, luego que una importante oferta no llegar\u00e1 al local del remate por problemas de garrapata e interdicciones de predios linderos a nuevos focos\u2026","rel":"","context":"En \u00abActualidad\u00bb","block_context":{"text":"Actualidad","link":"https:\/\/lahoradelcampo.com.uy\/site\/category\/actualidad\/"},"img":{"alt_text":"","src":"https:\/\/i0.wp.com\/lahoradelcampo.com.uy\/site\/wp-content\/uploads\/2019\/04\/Parada-Herreria.jpg?fit=880%2C440&ssl=1&resize=350%2C200","width":350,"height":200,"srcset":"https:\/\/i0.wp.com\/lahoradelcampo.com.uy\/site\/wp-content\/uploads\/2019\/04\/Parada-Herreria.jpg?fit=880%2C440&ssl=1&resize=350%2C200 1x, https:\/\/i0.wp.com\/lahoradelcampo.com.uy\/site\/wp-content\/uploads\/2019\/04\/Parada-Herreria.jpg?fit=880%2C440&ssl=1&resize=525%2C300 1.5x, https:\/\/i0.wp.com\/lahoradelcampo.com.uy\/site\/wp-content\/uploads\/2019\/04\/Parada-Herreria.jpg?fit=880%2C440&ssl=1&resize=700%2C400 2x"},"classes":[]},{"id":4145,"url":"https:\/\/lahoradelcampo.com.uy\/site\/brucelosis-federacion-rural-solicito-la-vacunacion-obligatoria-en-paysandu\/","url_meta":{"origin":46401,"position":4},"title":"Brucelosis: Federaci\u00f3n Rural solicit\u00f3 la vacunaci\u00f3n obligatoria en Paysand\u00fa","author":"La Hora del Campo","date":"22 noviembre, 2017","format":false,"excerpt":"La Federaci\u00f3n Rural del Uruguay sostiene que la situaci\u00f3n de Brucelosis en Paysand\u00fa se encuentra muy complicada. El Ing. Agr. Jorge Riani, presidente de la gremial dijo que se solicit\u00f3 al Ministerio de Ganader\u00eda, Agricultura y Pesca que se aplicara la vacunaci\u00f3n obligatoria de todas las terneras y vaquillonas de\u2026","rel":"","context":"En \u00abActualidad\u00bb","block_context":{"text":"Actualidad","link":"https:\/\/lahoradelcampo.com.uy\/site\/category\/actualidad\/"},"img":{"alt_text":"","src":"https:\/\/i0.wp.com\/lahoradelcampo.com.uy\/site\/wp-content\/uploads\/2017\/11\/Jorge.jpg?fit=880%2C440&ssl=1&resize=350%2C200","width":350,"height":200,"srcset":"https:\/\/i0.wp.com\/lahoradelcampo.com.uy\/site\/wp-content\/uploads\/2017\/11\/Jorge.jpg?fit=880%2C440&ssl=1&resize=350%2C200 1x, https:\/\/i0.wp.com\/lahoradelcampo.com.uy\/site\/wp-content\/uploads\/2017\/11\/Jorge.jpg?fit=880%2C440&ssl=1&resize=525%2C300 1.5x, https:\/\/i0.wp.com\/lahoradelcampo.com.uy\/site\/wp-content\/uploads\/2017\/11\/Jorge.jpg?fit=880%2C440&ssl=1&resize=700%2C400 2x"},"classes":[]},{"id":22768,"url":"https:\/\/lahoradelcampo.com.uy\/site\/conhasa-estudian-protocolo-para-autorizar-movimiento-de-predios-interdictos-con-tuberculosis-y-brucelosis\/","url_meta":{"origin":46401,"position":5},"title":"Conhasa: Estudian protocolo para autorizar movimiento de predios interdictos con tuberculosis y brucelosis","author":"La Hora del Campo","date":"18 agosto, 2020","format":false,"excerpt":"En la \u00faltima reuni\u00f3n de la Comisi\u00f3n Nacional Honoraria de Sanidad Animal (Conhasa) se comenz\u00f3 a trabajar en un protocolo que habilite el movimiento de ganados de predios que actualmente se encuentran interdictos por Brucelosis y\/o tuberculosis en el pa\u00eds. En este sentido el Dr. Leopoldo Amor\u00edn, directivo de la\u2026","rel":"","context":"En \u00abActualidad\u00bb","block_context":{"text":"Actualidad","link":"https:\/\/lahoradelcampo.com.uy\/site\/category\/actualidad\/"},"img":{"alt_text":"","src":"https:\/\/i0.wp.com\/lahoradelcampo.com.uy\/site\/wp-content\/uploads\/2020\/08\/Leopoldoamor%C3%ADnweb.jpg?fit=880%2C440&ssl=1&resize=350%2C200","width":350,"height":200,"srcset":"https:\/\/i0.wp.com\/lahoradelcampo.com.uy\/site\/wp-content\/uploads\/2020\/08\/Leopoldoamor%C3%ADnweb.jpg?fit=880%2C440&ssl=1&resize=350%2C200 1x, https:\/\/i0.wp.com\/lahoradelcampo.com.uy\/site\/wp-content\/uploads\/2020\/08\/Leopoldoamor%C3%ADnweb.jpg?fit=880%2C440&ssl=1&resize=525%2C300 1.5x, https:\/\/i0.wp.com\/lahoradelcampo.com.uy\/site\/wp-content\/uploads\/2020\/08\/Leopoldoamor%C3%ADnweb.jpg?fit=880%2C440&ssl=1&resize=700%2C400 2x"},"classes":[]}],"jetpack_likes_enabled":true,"_links":{"self":[{"href":"https:\/\/lahoradelcampo.com.uy\/site\/wp-json\/wp\/v2\/posts\/46401","targetHints":{"allow":["GET"]}}],"collection":[{"href":"https:\/\/lahoradelcampo.com.uy\/site\/wp-json\/wp\/v2\/posts"}],"about":[{"href":"https:\/\/lahoradelcampo.com.uy\/site\/wp-json\/wp\/v2\/types\/post"}],"author":[{"embeddable":true,"href":"https:\/\/lahoradelcampo.com.uy\/site\/wp-json\/wp\/v2\/users\/5"}],"replies":[{"embeddable":true,"href":"https:\/\/lahoradelcampo.com.uy\/site\/wp-json\/wp\/v2\/comments?post=46401"}],"version-history":[{"count":1,"href":"https:\/\/lahoradelcampo.com.uy\/site\/wp-json\/wp\/v2\/posts\/46401\/revisions"}],"predecessor-version":[{"id":46405,"href":"https:\/\/lahoradelcampo.com.uy\/site\/wp-json\/wp\/v2\/posts\/46401\/revisions\/46405"}],"wp:featuredmedia":[{"embeddable":true,"href":"https:\/\/lahoradelcampo.com.uy\/site\/wp-json\/wp\/v2\/media\/46403"}],"wp:attachment":[{"href":"https:\/\/lahoradelcampo.com.uy\/site\/wp-json\/wp\/v2\/media?parent=46401"}],"wp:term":[{"taxonomy":"category","embeddable":true,"href":"https:\/\/lahoradelcampo.com.uy\/site\/wp-json\/wp\/v2\/categories?post=46401"},{"taxonomy":"post_tag","embeddable":true,"href":"https:\/\/lahoradelcampo.com.uy\/site\/wp-json\/wp\/v2\/tags?post=46401"}],"curies":[{"name":"wp","href":"https:\/\/api.w.org\/{rel}","templated":true}]}}