{"id":46393,"date":"2022-10-17T06:42:40","date_gmt":"2022-10-17T09:42:40","guid":{"rendered":"http:\/\/lahoradelcampo.com.uy\/site\/?p=46393"},"modified":"2022-10-17T06:42:45","modified_gmt":"2022-10-17T09:42:45","slug":"caf-advierte-que-pueden-cuadruplicarse-los-aportes-a-la-seguridad-rural","status":"publish","type":"post","link":"https:\/\/lahoradelcampo.com.uy\/site\/caf-advierte-que-pueden-cuadruplicarse-los-aportes-a-la-seguridad-rural\/","title":{"rendered":"CAF advierte que pueden cuadruplicarse los aportes a la seguridad rural"},"content":{"rendered":"\n<figure class=\"wp-block-image\"><img data-recalc-dims=\"1\" loading=\"lazy\" decoding=\"async\" width=\"810\" height=\"405\" data-attachment-id=\"46387\" data-permalink=\"https:\/\/lahoradelcampo.com.uy\/site\/falta-de-lluvias-al-final-golpeara-los-rendimientos-del-litoral-norte\/caf-pabloperdomo1\/\" data-orig-file=\"https:\/\/i0.wp.com\/lahoradelcampo.com.uy\/site\/wp-content\/uploads\/2022\/10\/CAF-PabloPerdomo1.jpg?fit=880%2C440&amp;ssl=1\" data-orig-size=\"880,440\" data-comments-opened=\"1\" data-image-meta=\"{&quot;aperture&quot;:&quot;0&quot;,&quot;credit&quot;:&quot;&quot;,&quot;camera&quot;:&quot;&quot;,&quot;caption&quot;:&quot;&quot;,&quot;created_timestamp&quot;:&quot;0&quot;,&quot;copyright&quot;:&quot;&quot;,&quot;focal_length&quot;:&quot;0&quot;,&quot;iso&quot;:&quot;0&quot;,&quot;shutter_speed&quot;:&quot;0&quot;,&quot;title&quot;:&quot;&quot;,&quot;orientation&quot;:&quot;1&quot;}\" data-image-title=\"CAF-PabloPerdomo1\" data-image-description=\"\" data-image-caption=\"\" data-large-file=\"https:\/\/i0.wp.com\/lahoradelcampo.com.uy\/site\/wp-content\/uploads\/2022\/10\/CAF-PabloPerdomo1.jpg?fit=810%2C405&amp;ssl=1\" src=\"https:\/\/i0.wp.com\/lahoradelcampo.com.uy\/site\/wp-content\/uploads\/2022\/10\/CAF-PabloPerdomo1.jpg?resize=810%2C405\" alt=\"\" class=\"wp-image-46387\" srcset=\"https:\/\/i0.wp.com\/lahoradelcampo.com.uy\/site\/wp-content\/uploads\/2022\/10\/CAF-PabloPerdomo1.jpg?w=880&amp;ssl=1 880w, https:\/\/i0.wp.com\/lahoradelcampo.com.uy\/site\/wp-content\/uploads\/2022\/10\/CAF-PabloPerdomo1.jpg?resize=300%2C150&amp;ssl=1 300w, https:\/\/i0.wp.com\/lahoradelcampo.com.uy\/site\/wp-content\/uploads\/2022\/10\/CAF-PabloPerdomo1.jpg?resize=768%2C384&amp;ssl=1 768w, https:\/\/i0.wp.com\/lahoradelcampo.com.uy\/site\/wp-content\/uploads\/2022\/10\/CAF-PabloPerdomo1.jpg?resize=820%2C410&amp;ssl=1 820w\" sizes=\"auto, (max-width: 810px) 100vw, 810px\" \/><\/figure>\n\n\n\n<p>El presidente de Cooperativas Agrarias\nFederadas (CAF), Ing. Agr. Pablo Perdomo, dijo que se vienen cambios\nimportantes en los aportes por parte del sector agropecuario, que puede dejar\npor el camino a muchos productores chicos y medianos, o llevarlos a la\ninformalidad. <\/p>\n\n\n\n<p>Perdomo explic\u00f3 que CAF ha estado trabajando\nconjuntamente con otras gremiales y la Comisi\u00f3n de Especialistas de la\nSeguridad Social, sobre el \u201cdocumento borrador que ellos ten\u00edan donde marcamos algunas\ndiferencias que a nosotros nos parec\u00edan importantes, sobre todo porque afectan\nal sector productor, a los chicos y medianos productores\u201d. <\/p>\n\n\n\n<p>Indic\u00f3 que tras las reuniones con dicha\ncomisi\u00f3n, se hizo llegar al Presidente de la Rep\u00fablica, Dr. Luis Lacalle Pou,\nlas inquietudes del sector, lo cual ha sido de recibo, pero no se han generado\ncambios en el documento. <\/p>\n\n\n\n<p>Perdomo explic\u00f3 que \u201clos productores tienen un\nsubsidio. Por cada peso que se pone, el sector recibe cuatro y eso est\u00e1 bien\u201d. Argumento\nque en la comisi\u00f3n mencionada anteriormente todos los partidos pol\u00edticos,\n\u201ctanto de la oposici\u00f3n como del oficialismo\u201d entienden que este subsidio est\u00e1\nbien, principalmente porque \u201cel perfil del ochenta y pico por ciento de los\nproductores en Uruguay es mediano y chico\u201d. <\/p>\n\n\n\n<p>El presidente CAF indic\u00f3 que las negociaciones\nser\u00e1n \u201cduras\u201d para adelante, pero advirti\u00f3 que \u201cnosotros vemos el riesgo de que\nel aporte patronal que se hace, se puede cuadruplicar si igualamos a Industria\ny Comercio\u201d. Tambi\u00e9n indic\u00f3 la suba en el \u201caporte del 10% al o la conyugu\u00e9\ncolaborador o colaboradora, por el cual puede recibir los beneficios sociales\ncuando se envi\u00fadese o por un tema de la jubilaci\u00f3n o la pensi\u00f3n, por ejemplo\u201d.<\/p>\n\n\n\n<p>Pablo Perdomo se\u00f1al\u00f3 que desde la gremial se entiende que \u201cesto puede llevar a que, como ya ha pasado anteriormente, muchas empresas terminen en negro o no estando inscriptas en el BPS, con todo lo que conlleva a la Seguridad Social y en definitiva a la formalizaci\u00f3n de todas las empresas familiares\u201d.<\/p>\n\n\n\n<p>Salto, lunes 17 de octubre de 2022<\/p>\n","protected":false},"excerpt":{"rendered":"<p>El presidente de Cooperativas Agrarias Federadas (CAF), Ing. Agr. Pablo Perdomo, dijo que se vienen cambios importantes en los aportes por parte del sector agropecuario, que puede dejar por el [&hellip;]<\/p>\n","protected":false},"author":5,"featured_media":46387,"comment_status":"open","ping_status":"open","sticky":false,"template":"","format":"standard","meta":{"_price":"","_stock":"","_tribe_ticket_header":"","_tribe_default_ticket_provider":"","_tribe_ticket_capacity":"0","_ticket_start_date":"","_ticket_end_date":"","_tribe_ticket_show_description":"","_tribe_ticket_show_not_going":false,"_tribe_ticket_use_global_stock":"","_tribe_ticket_global_stock_level":"","_global_stock_mode":"","_global_stock_cap":"","_tribe_rsvp_for_event":"","_tribe_ticket_going_count":"","_tribe_ticket_not_going_count":"","_tribe_tickets_list":"[]","_tribe_ticket_has_attendee_info_fields":false,"h5ap_radio_sources":[],"_jetpack_newsletter_access":"","_jetpack_dont_email_post_to_subs":false,"_jetpack_newsletter_tier_id":0,"_jetpack_memberships_contains_paywalled_content":false,"_jetpack_memberships_contains_paid_content":false,"footnotes":""},"categories":[21,5],"tags":[],"class_list":["post-46393","post","type-post","status-publish","format-standard","has-post-thumbnail","hentry","category-actualidad","category-ganaderia"],"jetpack_featured_media_url":"https:\/\/i0.wp.com\/lahoradelcampo.com.uy\/site\/wp-content\/uploads\/2022\/10\/CAF-PabloPerdomo1.jpg?fit=880%2C440&ssl=1","jetpack_sharing_enabled":true,"jetpack_shortlink":"https:\/\/wp.me\/p99IaT-c4h","jetpack-related-posts":[{"id":53743,"url":"https:\/\/lahoradelcampo.com.uy\/site\/caf-festejo-40-anos-y-planteo-el-riesgo-del-atraso-cambiario\/","url_meta":{"origin":46393,"position":0},"title":"CAF festej\u00f3 40 a\u00f1os y plante\u00f3 el riesgo del atraso cambiario","author":"La Hora del Campo","date":"11 abril, 2024","format":false,"excerpt":"En un emotivo acto celebrado en el Palacio Legislativo, las Cooperativas Agrarias Federadas (CAF) conmemoraron sus 40 a\u00f1os de existencia, en presencia de destacadas figuras pol\u00edticas y del sector agropecuario uruguayo. El evento, declarado de inter\u00e9s ministerial por los ministerios de Ganader\u00eda, Agricultura y Pesca (MGAP) y de Educaci\u00f3n y\u2026","rel":"","context":"En \u00abActualidad\u00bb","block_context":{"text":"Actualidad","link":"https:\/\/lahoradelcampo.com.uy\/site\/category\/actualidad\/"},"img":{"alt_text":"","src":"https:\/\/i0.wp.com\/lahoradelcampo.com.uy\/site\/wp-content\/uploads\/2024\/04\/lacalle-CAF.jpg?fit=880%2C440&ssl=1&resize=350%2C200","width":350,"height":200,"srcset":"https:\/\/i0.wp.com\/lahoradelcampo.com.uy\/site\/wp-content\/uploads\/2024\/04\/lacalle-CAF.jpg?fit=880%2C440&ssl=1&resize=350%2C200 1x, https:\/\/i0.wp.com\/lahoradelcampo.com.uy\/site\/wp-content\/uploads\/2024\/04\/lacalle-CAF.jpg?fit=880%2C440&ssl=1&resize=525%2C300 1.5x, https:\/\/i0.wp.com\/lahoradelcampo.com.uy\/site\/wp-content\/uploads\/2024\/04\/lacalle-CAF.jpg?fit=880%2C440&ssl=1&resize=700%2C400 2x"},"classes":[]},{"id":54049,"url":"https:\/\/lahoradelcampo.com.uy\/site\/caf-presento-85-propuestas-a-los-candidatos-presidenciales-con-representacion-parlamentar\/","url_meta":{"origin":46393,"position":1},"title":"CAF present\u00f3 85 propuestas a los candidatos presidenciales","author":"La Hora del Campo","date":"26 julio, 2024","format":false,"excerpt":"En un evento celebrado en la Torre de las Comunicaciones de Antel, las Cooperativas Agrarias Federadas (CAF) entregaron un documento con 85 propuestas a los candidatos a la presidencia de la Rep\u00fablica, que cuentan con representaci\u00f3n parlamentar en la actualidad. La actividad cont\u00f3 con la participaci\u00f3n de figuras pol\u00edticas destacadas,\u2026","rel":"","context":"En \u00abActualidad\u00bb","block_context":{"text":"Actualidad","link":"https:\/\/lahoradelcampo.com.uy\/site\/category\/actualidad\/"},"img":{"alt_text":"","src":"https:\/\/i0.wp.com\/lahoradelcampo.com.uy\/site\/wp-content\/uploads\/2024\/07\/CAF-Presidenciables.jpg?fit=880%2C440&ssl=1&resize=350%2C200","width":350,"height":200,"srcset":"https:\/\/i0.wp.com\/lahoradelcampo.com.uy\/site\/wp-content\/uploads\/2024\/07\/CAF-Presidenciables.jpg?fit=880%2C440&ssl=1&resize=350%2C200 1x, https:\/\/i0.wp.com\/lahoradelcampo.com.uy\/site\/wp-content\/uploads\/2024\/07\/CAF-Presidenciables.jpg?fit=880%2C440&ssl=1&resize=525%2C300 1.5x, https:\/\/i0.wp.com\/lahoradelcampo.com.uy\/site\/wp-content\/uploads\/2024\/07\/CAF-Presidenciables.jpg?fit=880%2C440&ssl=1&resize=700%2C400 2x"},"classes":[]},{"id":38695,"url":"https:\/\/lahoradelcampo.com.uy\/site\/gremiales-solicitan-informacion-sobre-la-erradicacion-de-la-mosca-de-la-bichera\/","url_meta":{"origin":46393,"position":2},"title":"Gremiales solicitan informaci\u00f3n sobre la Erradicaci\u00f3n de la Mosca de la Bichera","author":"La Hora del Campo","date":"31 enero, 2022","format":false,"excerpt":"En la presente semana se reuni\u00f3 \"Campo Unido\", integrado por los presidentes de las principales gremiales agropecuarias del pa\u00eds, donde se analiz\u00f3 y planific\u00f3 las l\u00edneas de trabajo para este a\u00f1o 2022. Dentro de dicha reuni\u00f3n se marcaron temas como la posici\u00f3n del grupo frente al Referend\u00fam por la Ley\u2026","rel":"","context":"En \u00abActualidad\u00bb","block_context":{"text":"Actualidad","link":"https:\/\/lahoradelcampo.com.uy\/site\/category\/actualidad\/"},"img":{"alt_text":"","src":"https:\/\/i0.wp.com\/lahoradelcampo.com.uy\/site\/wp-content\/uploads\/2019\/05\/Bichera.jpg?fit=880%2C440&ssl=1&resize=350%2C200","width":350,"height":200,"srcset":"https:\/\/i0.wp.com\/lahoradelcampo.com.uy\/site\/wp-content\/uploads\/2019\/05\/Bichera.jpg?fit=880%2C440&ssl=1&resize=350%2C200 1x, https:\/\/i0.wp.com\/lahoradelcampo.com.uy\/site\/wp-content\/uploads\/2019\/05\/Bichera.jpg?fit=880%2C440&ssl=1&resize=525%2C300 1.5x, https:\/\/i0.wp.com\/lahoradelcampo.com.uy\/site\/wp-content\/uploads\/2019\/05\/Bichera.jpg?fit=880%2C440&ssl=1&resize=700%2C400 2x"},"classes":[]},{"id":42815,"url":"https:\/\/lahoradelcampo.com.uy\/site\/cooperativas-ven-luces-amarillas-en-los-altos-costos-y-la-caida-del-dolar\/","url_meta":{"origin":46393,"position":3},"title":"Cooperativas ven luces amarillas en los altos costos y la ca\u00edda del d\u00f3lar","author":"La Hora del Campo","date":"15 junio, 2022","format":false,"excerpt":"Nadie puede desconocer que el a\u00f1o agr\u00edcola ganadero 2021-22 ha venido desarroll\u00e1ndose de forma excepcional en cuanto a los valores que ha alcanzado los productos generados en el sector agropecuario, principalmente en el segundo semestre. Sin embargo la suba de los costos y la baja del d\u00f3lar son dos factores\u2026","rel":"","context":"En \u00abActualidad\u00bb","block_context":{"text":"Actualidad","link":"https:\/\/lahoradelcampo.com.uy\/site\/category\/actualidad\/"},"img":{"alt_text":"","src":"https:\/\/i0.wp.com\/lahoradelcampo.com.uy\/site\/wp-content\/uploads\/2022\/06\/CAF-PabloPerdomo.jpg?fit=880%2C440&ssl=1&resize=350%2C200","width":350,"height":200,"srcset":"https:\/\/i0.wp.com\/lahoradelcampo.com.uy\/site\/wp-content\/uploads\/2022\/06\/CAF-PabloPerdomo.jpg?fit=880%2C440&ssl=1&resize=350%2C200 1x, https:\/\/i0.wp.com\/lahoradelcampo.com.uy\/site\/wp-content\/uploads\/2022\/06\/CAF-PabloPerdomo.jpg?fit=880%2C440&ssl=1&resize=525%2C300 1.5x, https:\/\/i0.wp.com\/lahoradelcampo.com.uy\/site\/wp-content\/uploads\/2022\/06\/CAF-PabloPerdomo.jpg?fit=880%2C440&ssl=1&resize=700%2C400 2x"},"classes":[]},{"id":31710,"url":"https:\/\/lahoradelcampo.com.uy\/site\/nueva-donacion-de-caf-al-fondo-covid-19\/","url_meta":{"origin":46393,"position":4},"title":"Nueva donaci\u00f3n de CAF al fondo Covid-19","author":"La Hora del Campo","date":"1 julio, 2021","format":false,"excerpt":"Cuatro cooperativas agr\u00edcolas socias de Cooperativas Agrarias Federadas efectivizar\u00e1n una nueva donaci\u00f3n de 90.000 kilos de trigo al Sistema Nacional de Emergencias (Sinae), para contribuir a atender a la poblaci\u00f3n m\u00e1s vulnerable en el marco de la pandemia que estamos atravesando. \u201cTrigo es lo que da la tierra y lo\u2026","rel":"","context":"En \u00abActualidad\u00bb","block_context":{"text":"Actualidad","link":"https:\/\/lahoradelcampo.com.uy\/site\/category\/actualidad\/"},"img":{"alt_text":"","src":"https:\/\/i0.wp.com\/lahoradelcampo.com.uy\/site\/wp-content\/uploads\/2018\/05\/trigo-2.jpg?fit=880%2C440&ssl=1&resize=350%2C200","width":350,"height":200,"srcset":"https:\/\/i0.wp.com\/lahoradelcampo.com.uy\/site\/wp-content\/uploads\/2018\/05\/trigo-2.jpg?fit=880%2C440&ssl=1&resize=350%2C200 1x, https:\/\/i0.wp.com\/lahoradelcampo.com.uy\/site\/wp-content\/uploads\/2018\/05\/trigo-2.jpg?fit=880%2C440&ssl=1&resize=525%2C300 1.5x, https:\/\/i0.wp.com\/lahoradelcampo.com.uy\/site\/wp-content\/uploads\/2018\/05\/trigo-2.jpg?fit=880%2C440&ssl=1&resize=700%2C400 2x"},"classes":[]},{"id":6707,"url":"https:\/\/lahoradelcampo.com.uy\/site\/gobierno-anuncio-el-estudio-de-un-fondo-sojero\/","url_meta":{"origin":46393,"position":5},"title":"Gobierno anunci\u00f3 el estudio de un fondo sojero","author":"La Hora del Campo","date":"26 abril, 2018","format":false,"excerpt":"Las gremiales agropecuarias solicitaron al gobierno la posibilidad de crear un fondo de financiamiento para la producci\u00f3n de soja, una herramienta con caracter\u00edsticas similares a las utilizadas en el arroz y la lecher\u00eda. \u201cFue una idea que se plante\u00f3 en la reuni\u00f3n y la tenemos que estudiar\u201d, asegur\u00f3 el ministro\u2026","rel":"","context":"En \u00abActualidad\u00bb","block_context":{"text":"Actualidad","link":"https:\/\/lahoradelcampo.com.uy\/site\/category\/actualidad\/"},"img":{"alt_text":"","src":"https:\/\/i0.wp.com\/lahoradelcampo.com.uy\/site\/wp-content\/uploads\/2018\/05\/reunion.jpg?fit=880%2C440&ssl=1&resize=350%2C200","width":350,"height":200,"srcset":"https:\/\/i0.wp.com\/lahoradelcampo.com.uy\/site\/wp-content\/uploads\/2018\/05\/reunion.jpg?fit=880%2C440&ssl=1&resize=350%2C200 1x, https:\/\/i0.wp.com\/lahoradelcampo.com.uy\/site\/wp-content\/uploads\/2018\/05\/reunion.jpg?fit=880%2C440&ssl=1&resize=525%2C300 1.5x, https:\/\/i0.wp.com\/lahoradelcampo.com.uy\/site\/wp-content\/uploads\/2018\/05\/reunion.jpg?fit=880%2C440&ssl=1&resize=700%2C400 2x"},"classes":[]}],"jetpack_likes_enabled":true,"_links":{"self":[{"href":"https:\/\/lahoradelcampo.com.uy\/site\/wp-json\/wp\/v2\/posts\/46393","targetHints":{"allow":["GET"]}}],"collection":[{"href":"https:\/\/lahoradelcampo.com.uy\/site\/wp-json\/wp\/v2\/posts"}],"about":[{"href":"https:\/\/lahoradelcampo.com.uy\/site\/wp-json\/wp\/v2\/types\/post"}],"author":[{"embeddable":true,"href":"https:\/\/lahoradelcampo.com.uy\/site\/wp-json\/wp\/v2\/users\/5"}],"replies":[{"embeddable":true,"href":"https:\/\/lahoradelcampo.com.uy\/site\/wp-json\/wp\/v2\/comments?post=46393"}],"version-history":[{"count":1,"href":"https:\/\/lahoradelcampo.com.uy\/site\/wp-json\/wp\/v2\/posts\/46393\/revisions"}],"predecessor-version":[{"id":46395,"href":"https:\/\/lahoradelcampo.com.uy\/site\/wp-json\/wp\/v2\/posts\/46393\/revisions\/46395"}],"wp:featuredmedia":[{"embeddable":true,"href":"https:\/\/lahoradelcampo.com.uy\/site\/wp-json\/wp\/v2\/media\/46387"}],"wp:attachment":[{"href":"https:\/\/lahoradelcampo.com.uy\/site\/wp-json\/wp\/v2\/media?parent=46393"}],"wp:term":[{"taxonomy":"category","embeddable":true,"href":"https:\/\/lahoradelcampo.com.uy\/site\/wp-json\/wp\/v2\/categories?post=46393"},{"taxonomy":"post_tag","embeddable":true,"href":"https:\/\/lahoradelcampo.com.uy\/site\/wp-json\/wp\/v2\/tags?post=46393"}],"curies":[{"name":"wp","href":"https:\/\/api.w.org\/{rel}","templated":true}]}}