{"id":46385,"date":"2022-10-17T06:38:21","date_gmt":"2022-10-17T09:38:21","guid":{"rendered":"http:\/\/lahoradelcampo.com.uy\/site\/?p=46385"},"modified":"2022-10-17T06:38:26","modified_gmt":"2022-10-17T09:38:26","slug":"falta-de-lluvias-al-final-golpeara-los-rendimientos-del-litoral-norte","status":"publish","type":"post","link":"https:\/\/lahoradelcampo.com.uy\/site\/falta-de-lluvias-al-final-golpeara-los-rendimientos-del-litoral-norte\/","title":{"rendered":"Falta de lluvias al final, golpear\u00e1 los rendimientos del litoral norte"},"content":{"rendered":"\n<figure class=\"wp-block-image\"><img data-recalc-dims=\"1\" loading=\"lazy\" decoding=\"async\" width=\"810\" height=\"405\" data-attachment-id=\"46389\" data-permalink=\"https:\/\/lahoradelcampo.com.uy\/site\/falta-de-lluvias-al-final-golpeara-los-rendimientos-del-litoral-norte\/martincordobagraso\/\" data-orig-file=\"https:\/\/i0.wp.com\/lahoradelcampo.com.uy\/site\/wp-content\/uploads\/2022\/10\/MartinCordobaGraso.jpg?fit=880%2C440&amp;ssl=1\" data-orig-size=\"880,440\" data-comments-opened=\"1\" data-image-meta=\"{&quot;aperture&quot;:&quot;0&quot;,&quot;credit&quot;:&quot;&quot;,&quot;camera&quot;:&quot;&quot;,&quot;caption&quot;:&quot;&quot;,&quot;created_timestamp&quot;:&quot;0&quot;,&quot;copyright&quot;:&quot;&quot;,&quot;focal_length&quot;:&quot;0&quot;,&quot;iso&quot;:&quot;0&quot;,&quot;shutter_speed&quot;:&quot;0&quot;,&quot;title&quot;:&quot;&quot;,&quot;orientation&quot;:&quot;1&quot;}\" data-image-title=\"MartinCordobaGraso\" data-image-description=\"\" data-image-caption=\"\" data-large-file=\"https:\/\/i0.wp.com\/lahoradelcampo.com.uy\/site\/wp-content\/uploads\/2022\/10\/MartinCordobaGraso.jpg?fit=810%2C405&amp;ssl=1\" src=\"https:\/\/i0.wp.com\/lahoradelcampo.com.uy\/site\/wp-content\/uploads\/2022\/10\/MartinCordobaGraso.jpg?resize=810%2C405\" alt=\"\" class=\"wp-image-46389\" srcset=\"https:\/\/i0.wp.com\/lahoradelcampo.com.uy\/site\/wp-content\/uploads\/2022\/10\/MartinCordobaGraso.jpg?w=880&amp;ssl=1 880w, https:\/\/i0.wp.com\/lahoradelcampo.com.uy\/site\/wp-content\/uploads\/2022\/10\/MartinCordobaGraso.jpg?resize=300%2C150&amp;ssl=1 300w, https:\/\/i0.wp.com\/lahoradelcampo.com.uy\/site\/wp-content\/uploads\/2022\/10\/MartinCordobaGraso.jpg?resize=768%2C384&amp;ssl=1 768w, https:\/\/i0.wp.com\/lahoradelcampo.com.uy\/site\/wp-content\/uploads\/2022\/10\/MartinCordobaGraso.jpg?resize=820%2C410&amp;ssl=1 820w\" sizes=\"auto, (max-width: 810px) 100vw, 810px\" \/><\/figure>\n\n\n\n<p>El litoral norte del pa\u00eds ha atravesado un\ninvierno beneficioso para los cultivos, salvo en el \u00faltimo mes donde las\nprecipitaciones han sido escasas. Sin embargo las expectativas son de\nrendimientos de 3.000 a 3.500 kilos, tanto en trigo como cebada, en esta zona\ndel pa\u00eds, seg\u00fan estim\u00f3 el Ing. Agr. Mart\u00edn C\u00f3rdoba Graso de Cooperativa Calsal.\n<\/p>\n\n\n\n<p>El profesional dijo que en esta recta final de\nla zafra de invierno \u201ctenemos los cultivos en muy buen estado sanitario y de\ndesarrollo general, con buenos potenciales de rendimiento\u201d. Al mismo tiempo\nindic\u00f3 que \u201cen este \u00faltimo mes empez\u00f3 a cortarse un poco el del agua y a\nnotarse el d\u00e9ficit h\u00eddrico en las chacras, que va a impactar algo, pero\npensamos que igual el resultado va a ser bastante bueno\u201d.<\/p>\n\n\n\n<p>C\u00f3rdoba se\u00f1al\u00f3 que la situaci\u00f3n del litoral\nnorte del pa\u00eds \u201ces un poco mejor de lo que es el sur, desde donde recibimos\nnoticias de chacras que realmente est\u00e1n seriamente comprometidas\u201d. Si bien el\nper\u00edodo que atraviesa el cultivo en la actualidad es el tramo final del llenado\nde grano, el t\u00e9cnico dijo que \u201calgo nos va a afectar, pero ya se jug\u00f3 el\npartido como quien dice\u201d. <\/p>\n\n\n\n<p>Respecto a los rendimientos esperados en la\ncooperativa, indic\u00f3 que \u201crespecto a trigo pens\u00e1bamos superar los 3.000 o 3.500\nkilos, tanto en trigo como cebada. Indudablemente que el impacto de la falta de\nlluvias lo vemos despu\u00e9s de que cosechamos, es dif\u00edcil evaluarlo ahora en el\nmomento\u201d.<\/p>\n\n\n\n<p>C\u00f3rdoba record\u00f3 que los costos en \u201cfertilizantes,\ncombustibles y herbicidas est\u00e1n muy altos\u201d, por lo que entiende que estos\nvalores \u201cponen la vara alta, en cuanto a la eficiencia del productor, digamos,\nque con esos costos elevados hay que si o s\u00ed, tener buenos rendimientos\u201d. Ante\nesto dijo que \u201csuperando los 3.000 kilos ya queda un resultado positivo\u201d. <\/p>\n\n\n\n<p>Sobre las \u00e1reas de semilleros de ra\u00edgras y avena, el profesional dijo que \u201ces m\u00e1s dif\u00edcil de estimar un rendimiento. Pero estamos presupuestando para el recibo, en el entorno de 1.000 a 1.200 kilos ra\u00edgras y 2.000 de avena.<\/p>\n\n\n\n<p>Salto, lunes 17 de octubre de 2022<\/p>\n","protected":false},"excerpt":{"rendered":"<p>El litoral norte del pa\u00eds ha atravesado un invierno beneficioso para los cultivos, salvo en el \u00faltimo mes donde las precipitaciones han sido escasas. Sin embargo las expectativas son de [&hellip;]<\/p>\n","protected":false},"author":5,"featured_media":46389,"comment_status":"open","ping_status":"open","sticky":false,"template":"","format":"standard","meta":{"_price":"","_stock":"","_tribe_ticket_header":"","_tribe_default_ticket_provider":"","_tribe_ticket_capacity":"0","_ticket_start_date":"","_ticket_end_date":"","_tribe_ticket_show_description":"","_tribe_ticket_show_not_going":false,"_tribe_ticket_use_global_stock":"","_tribe_ticket_global_stock_level":"","_global_stock_mode":"","_global_stock_cap":"","_tribe_rsvp_for_event":"","_tribe_ticket_going_count":"","_tribe_ticket_not_going_count":"","_tribe_tickets_list":"[]","_tribe_ticket_has_attendee_info_fields":false,"h5ap_radio_sources":[],"_jetpack_newsletter_access":"","_jetpack_dont_email_post_to_subs":false,"_jetpack_newsletter_tier_id":0,"_jetpack_memberships_contains_paywalled_content":false,"_jetpack_memberships_contains_paid_content":false,"footnotes":""},"categories":[21,7],"tags":[],"class_list":["post-46385","post","type-post","status-publish","format-standard","has-post-thumbnail","hentry","category-actualidad","category-agricultura"],"jetpack_featured_media_url":"https:\/\/i0.wp.com\/lahoradelcampo.com.uy\/site\/wp-content\/uploads\/2022\/10\/MartinCordobaGraso.jpg?fit=880%2C440&ssl=1","jetpack_sharing_enabled":true,"jetpack_shortlink":"https:\/\/wp.me\/p99IaT-c49","jetpack-related-posts":[{"id":47511,"url":"https:\/\/lahoradelcampo.com.uy\/site\/sorprenden-los-rendimientos-de-los-cultivos-de-invierno\/","url_meta":{"origin":46385,"position":0},"title":"Sorprenden los rendimientos de los cultivos de invierno","author":"La Hora del Campo","date":"7 diciembre, 2022","format":false,"excerpt":"Los rendimientos de los cultivos de invierno han superado las expectativas de rendimientos tanto en el sur, como en el norte del pa\u00eds, debido a un claro efecto a\u00f1o. El Ing. Agr. Federico Nolla de PGG Wrightson Seeds en Uruguay, dijo que \"a pesar de la seca que sufrimos, nos\u2026","rel":"","context":"En \u00abActualidad\u00bb","block_context":{"text":"Actualidad","link":"https:\/\/lahoradelcampo.com.uy\/site\/category\/actualidad\/"},"img":{"alt_text":"","src":"https:\/\/i0.wp.com\/lahoradelcampo.com.uy\/site\/wp-content\/uploads\/2022\/12\/FedericoNolla.jpg?fit=880%2C440&ssl=1&resize=350%2C200","width":350,"height":200,"srcset":"https:\/\/i0.wp.com\/lahoradelcampo.com.uy\/site\/wp-content\/uploads\/2022\/12\/FedericoNolla.jpg?fit=880%2C440&ssl=1&resize=350%2C200 1x, https:\/\/i0.wp.com\/lahoradelcampo.com.uy\/site\/wp-content\/uploads\/2022\/12\/FedericoNolla.jpg?fit=880%2C440&ssl=1&resize=525%2C300 1.5x, https:\/\/i0.wp.com\/lahoradelcampo.com.uy\/site\/wp-content\/uploads\/2022\/12\/FedericoNolla.jpg?fit=880%2C440&ssl=1&resize=700%2C400 2x"},"classes":[]},{"id":46855,"url":"https:\/\/lahoradelcampo.com.uy\/site\/cosecha-de-colza-viene-con-rendimientos-dispares\/","url_meta":{"origin":46385,"position":1},"title":"Cosecha de colza viene con rendimientos dispares","author":"La Hora del Campo","date":"7 noviembre, 2022","format":false,"excerpt":"La cosecha de los cultivos de invierno ha comenzado en el litoral norte del pa\u00eds, con resultados variables en las chacras de colza, principalmente por eventos clim\u00e1ticos desfavorables al inicio del cultivo. Recordemos que en momentos de la siembra en el litoral, se registraron varios eventos de excesos de precipitaciones\u2026","rel":"","context":"En \u00abActualidad\u00bb","block_context":{"text":"Actualidad","link":"https:\/\/lahoradelcampo.com.uy\/site\/category\/actualidad\/"},"img":{"alt_text":"","src":"https:\/\/i0.wp.com\/lahoradelcampo.com.uy\/site\/wp-content\/uploads\/2021\/06\/colza.jpg?fit=880%2C440&ssl=1&resize=350%2C200","width":350,"height":200,"srcset":"https:\/\/i0.wp.com\/lahoradelcampo.com.uy\/site\/wp-content\/uploads\/2021\/06\/colza.jpg?fit=880%2C440&ssl=1&resize=350%2C200 1x, https:\/\/i0.wp.com\/lahoradelcampo.com.uy\/site\/wp-content\/uploads\/2021\/06\/colza.jpg?fit=880%2C440&ssl=1&resize=525%2C300 1.5x, https:\/\/i0.wp.com\/lahoradelcampo.com.uy\/site\/wp-content\/uploads\/2021\/06\/colza.jpg?fit=880%2C440&ssl=1&resize=700%2C400 2x"},"classes":[]},{"id":29940,"url":"https:\/\/lahoradelcampo.com.uy\/site\/agricultores-apuntan-a-recuperar-terreno-con-los-cultivos-de-invierno\/","url_meta":{"origin":46385,"position":2},"title":"Agricultores apuntan a recuperar terreno con los cultivos de invierno","author":"La Hora del Campo","date":"12 mayo, 2021","format":false,"excerpt":"El profesor de Facultad de Agronom\u00eda y Director de Unicampo, Ing. Esteban Hoffman, indic\u00f3 que \"gran parte de la soja\" ha faltado mucho el agua durante todo el proceso y los rendimientos son menores a los 2.000 kilos por hect\u00e1rea. A\u00fan resta por cosecha la soja de segunda, donde algunos\u2026","rel":"","context":"En \u00abActualidad\u00bb","block_context":{"text":"Actualidad","link":"https:\/\/lahoradelcampo.com.uy\/site\/category\/actualidad\/"},"img":{"alt_text":"","src":"https:\/\/i0.wp.com\/lahoradelcampo.com.uy\/site\/wp-content\/uploads\/2021\/05\/EstebanHoffman.jpg?fit=880%2C440&ssl=1&resize=350%2C200","width":350,"height":200,"srcset":"https:\/\/i0.wp.com\/lahoradelcampo.com.uy\/site\/wp-content\/uploads\/2021\/05\/EstebanHoffman.jpg?fit=880%2C440&ssl=1&resize=350%2C200 1x, https:\/\/i0.wp.com\/lahoradelcampo.com.uy\/site\/wp-content\/uploads\/2021\/05\/EstebanHoffman.jpg?fit=880%2C440&ssl=1&resize=525%2C300 1.5x, https:\/\/i0.wp.com\/lahoradelcampo.com.uy\/site\/wp-content\/uploads\/2021\/05\/EstebanHoffman.jpg?fit=880%2C440&ssl=1&resize=700%2C400 2x"},"classes":[]},{"id":55955,"url":"https:\/\/lahoradelcampo.com.uy\/site\/cosecha-de-soja-en-el-litoral-con-rendimientos-entre-3-500-y-1-500-kilos\/","url_meta":{"origin":46385,"position":3},"title":"Cosecha de soja en el litoral con rendimientos entre 3.500 y 1.500 kilos","author":"La Hora del Campo","date":"22 abril, 2025","format":false,"excerpt":"La cosecha de soja ha iniciado en Paysand\u00fa con buena calidad del grano y bajos niveles de humedad, seg\u00fan el ingeniero agr\u00f3nomo Luis Simean, gerente de Copagran, filial Paysand\u00fa. Los primeros avances de la cosecha, que se intensificaron durante la presente semana, confirman un grano inicial con bajos niveles de\u2026","rel":"","context":"En \u00abActualidad\u00bb","block_context":{"text":"Actualidad","link":"https:\/\/lahoradelcampo.com.uy\/site\/category\/actualidad\/"},"img":{"alt_text":"","src":"https:\/\/i0.wp.com\/lahoradelcampo.com.uy\/site\/wp-content\/uploads\/2025\/04\/Luis-Simean-Copagran.jpg?fit=880%2C440&ssl=1&resize=350%2C200","width":350,"height":200,"srcset":"https:\/\/i0.wp.com\/lahoradelcampo.com.uy\/site\/wp-content\/uploads\/2025\/04\/Luis-Simean-Copagran.jpg?fit=880%2C440&ssl=1&resize=350%2C200 1x, https:\/\/i0.wp.com\/lahoradelcampo.com.uy\/site\/wp-content\/uploads\/2025\/04\/Luis-Simean-Copagran.jpg?fit=880%2C440&ssl=1&resize=525%2C300 1.5x, https:\/\/i0.wp.com\/lahoradelcampo.com.uy\/site\/wp-content\/uploads\/2025\/04\/Luis-Simean-Copagran.jpg?fit=880%2C440&ssl=1&resize=700%2C400 2x"},"classes":[]},{"id":55403,"url":"https:\/\/lahoradelcampo.com.uy\/site\/los-maices-de-primera-vienen-bien-y-el-area-de-segunda-cayo-en-el-litoral-norte\/","url_meta":{"origin":46385,"position":4},"title":"Los ma\u00edces de primera vienen bien y el \u00e1rea de segunda cay\u00f3 en el litoral norte","author":"La Hora del Campo","date":"7 enero, 2025","format":false,"excerpt":"Luego del resultado de los ma\u00edces en la zafra pasada, debido a la problem\u00e1tica causada por la chicharrita, este a\u00f1o el cultivo de primera viene con un potencial de desarrollo muy importante en el litoral norte del pa\u00eds y perspectivas de rendimientos altos. Sin embargo, el \u00e1rea de segunda se\u2026","rel":"","context":"En \u00abActualidad\u00bb","block_context":{"text":"Actualidad","link":"https:\/\/lahoradelcampo.com.uy\/site\/category\/actualidad\/"},"img":{"alt_text":"","src":"https:\/\/i0.wp.com\/lahoradelcampo.com.uy\/site\/wp-content\/uploads\/2020\/07\/Maizweb.jpg?fit=880%2C440&ssl=1&resize=350%2C200","width":350,"height":200,"srcset":"https:\/\/i0.wp.com\/lahoradelcampo.com.uy\/site\/wp-content\/uploads\/2020\/07\/Maizweb.jpg?fit=880%2C440&ssl=1&resize=350%2C200 1x, https:\/\/i0.wp.com\/lahoradelcampo.com.uy\/site\/wp-content\/uploads\/2020\/07\/Maizweb.jpg?fit=880%2C440&ssl=1&resize=525%2C300 1.5x, https:\/\/i0.wp.com\/lahoradelcampo.com.uy\/site\/wp-content\/uploads\/2020\/07\/Maizweb.jpg?fit=880%2C440&ssl=1&resize=700%2C400 2x"},"classes":[]},{"id":17964,"url":"https:\/\/lahoradelcampo.com.uy\/site\/pasturas-el-invierno-es-una-crisis-segura-que-si-o-si-va-a-venir\/","url_meta":{"origin":46385,"position":5},"title":"Pasturas: \u00abEl invierno es una crisis segura que s\u00ed o s\u00ed, va a venir\u00bb","author":"La Hora del Campo","date":"12 marzo, 2020","format":false,"excerpt":"El norte del pa\u00eds, en esta oportunidad, goza de un mejor posicionamiento sobre la situaci\u00f3n de emergencia agropecuaria declarada en el sur del pa\u00eds, sin embargo el productor debe comenzar a tomar medidas de bajo costo pensando que \"el invierno es una crisis segura que s\u00ed o s\u00ed, va a\u2026","rel":"","context":"En \u00abActualidad\u00bb","block_context":{"text":"Actualidad","link":"https:\/\/lahoradelcampo.com.uy\/site\/category\/actualidad\/"},"img":{"alt_text":"","src":"https:\/\/i0.wp.com\/lahoradelcampo.com.uy\/site\/wp-content\/uploads\/2020\/03\/Marcelo-Pereira.jpg?fit=880%2C440&ssl=1&resize=350%2C200","width":350,"height":200,"srcset":"https:\/\/i0.wp.com\/lahoradelcampo.com.uy\/site\/wp-content\/uploads\/2020\/03\/Marcelo-Pereira.jpg?fit=880%2C440&ssl=1&resize=350%2C200 1x, https:\/\/i0.wp.com\/lahoradelcampo.com.uy\/site\/wp-content\/uploads\/2020\/03\/Marcelo-Pereira.jpg?fit=880%2C440&ssl=1&resize=525%2C300 1.5x, https:\/\/i0.wp.com\/lahoradelcampo.com.uy\/site\/wp-content\/uploads\/2020\/03\/Marcelo-Pereira.jpg?fit=880%2C440&ssl=1&resize=700%2C400 2x"},"classes":[]}],"jetpack_likes_enabled":true,"_links":{"self":[{"href":"https:\/\/lahoradelcampo.com.uy\/site\/wp-json\/wp\/v2\/posts\/46385","targetHints":{"allow":["GET"]}}],"collection":[{"href":"https:\/\/lahoradelcampo.com.uy\/site\/wp-json\/wp\/v2\/posts"}],"about":[{"href":"https:\/\/lahoradelcampo.com.uy\/site\/wp-json\/wp\/v2\/types\/post"}],"author":[{"embeddable":true,"href":"https:\/\/lahoradelcampo.com.uy\/site\/wp-json\/wp\/v2\/users\/5"}],"replies":[{"embeddable":true,"href":"https:\/\/lahoradelcampo.com.uy\/site\/wp-json\/wp\/v2\/comments?post=46385"}],"version-history":[{"count":1,"href":"https:\/\/lahoradelcampo.com.uy\/site\/wp-json\/wp\/v2\/posts\/46385\/revisions"}],"predecessor-version":[{"id":46391,"href":"https:\/\/lahoradelcampo.com.uy\/site\/wp-json\/wp\/v2\/posts\/46385\/revisions\/46391"}],"wp:featuredmedia":[{"embeddable":true,"href":"https:\/\/lahoradelcampo.com.uy\/site\/wp-json\/wp\/v2\/media\/46389"}],"wp:attachment":[{"href":"https:\/\/lahoradelcampo.com.uy\/site\/wp-json\/wp\/v2\/media?parent=46385"}],"wp:term":[{"taxonomy":"category","embeddable":true,"href":"https:\/\/lahoradelcampo.com.uy\/site\/wp-json\/wp\/v2\/categories?post=46385"},{"taxonomy":"post_tag","embeddable":true,"href":"https:\/\/lahoradelcampo.com.uy\/site\/wp-json\/wp\/v2\/tags?post=46385"}],"curies":[{"name":"wp","href":"https:\/\/api.w.org\/{rel}","templated":true}]}}