{"id":46369,"date":"2022-10-16T09:39:26","date_gmt":"2022-10-16T12:39:26","guid":{"rendered":"http:\/\/lahoradelcampo.com.uy\/site\/?p=46369"},"modified":"2022-10-16T09:39:30","modified_gmt":"2022-10-16T12:39:30","slug":"don-roberto-vendio-sus-angus-y-polled-hereford-a-us-4-289","status":"publish","type":"post","link":"https:\/\/lahoradelcampo.com.uy\/site\/don-roberto-vendio-sus-angus-y-polled-hereford-a-us-4-289\/","title":{"rendered":"Don Roberto vendi\u00f3 sus Angus y Polled Hereford a US$ 4.289"},"content":{"rendered":"\n<figure class=\"wp-block-image\"><img data-recalc-dims=\"1\" loading=\"lazy\" decoding=\"async\" width=\"810\" height=\"405\" data-attachment-id=\"46371\" data-permalink=\"https:\/\/lahoradelcampo.com.uy\/site\/don-roberto-vendio-sus-angus-y-polled-hereford-a-us-4-289\/donroberto-remate\/\" data-orig-file=\"https:\/\/i0.wp.com\/lahoradelcampo.com.uy\/site\/wp-content\/uploads\/2022\/10\/DonRoberto-remate.jpg?fit=880%2C440&amp;ssl=1\" data-orig-size=\"880,440\" data-comments-opened=\"1\" data-image-meta=\"{&quot;aperture&quot;:&quot;0&quot;,&quot;credit&quot;:&quot;&quot;,&quot;camera&quot;:&quot;&quot;,&quot;caption&quot;:&quot;&quot;,&quot;created_timestamp&quot;:&quot;0&quot;,&quot;copyright&quot;:&quot;&quot;,&quot;focal_length&quot;:&quot;0&quot;,&quot;iso&quot;:&quot;0&quot;,&quot;shutter_speed&quot;:&quot;0&quot;,&quot;title&quot;:&quot;&quot;,&quot;orientation&quot;:&quot;1&quot;}\" data-image-title=\"DonRoberto-remate\" data-image-description=\"\" data-image-caption=\"\" data-large-file=\"https:\/\/i0.wp.com\/lahoradelcampo.com.uy\/site\/wp-content\/uploads\/2022\/10\/DonRoberto-remate.jpg?fit=810%2C405&amp;ssl=1\" src=\"https:\/\/i0.wp.com\/lahoradelcampo.com.uy\/site\/wp-content\/uploads\/2022\/10\/DonRoberto-remate.jpg?resize=810%2C405\" alt=\"\" class=\"wp-image-46371\" srcset=\"https:\/\/i0.wp.com\/lahoradelcampo.com.uy\/site\/wp-content\/uploads\/2022\/10\/DonRoberto-remate.jpg?w=880&amp;ssl=1 880w, https:\/\/i0.wp.com\/lahoradelcampo.com.uy\/site\/wp-content\/uploads\/2022\/10\/DonRoberto-remate.jpg?resize=300%2C150&amp;ssl=1 300w, https:\/\/i0.wp.com\/lahoradelcampo.com.uy\/site\/wp-content\/uploads\/2022\/10\/DonRoberto-remate.jpg?resize=768%2C384&amp;ssl=1 768w, https:\/\/i0.wp.com\/lahoradelcampo.com.uy\/site\/wp-content\/uploads\/2022\/10\/DonRoberto-remate.jpg?resize=820%2C410&amp;ssl=1 820w\" sizes=\"auto, (max-width: 810px) 100vw, 810px\" \/><\/figure>\n\n\n\n<p>Casa llena y pista limpia, as\u00ed fue el remate de caba\u00f1a Don Roberto en la jornada de ayer, con una importante presencia de amigos y clientes de la caba\u00f1a, que se acercaron al predio de la Asociaci\u00f3n Agropecuaria de Salto, para el cuarto remate anual. Que como es tradicional se realiz\u00f3 con las firmas Gaud\u00edn Hnos y Megaagro. <br><\/p>\n\n\n\n<p>El comienzo fue con los vientres Aberdeen Angus, 26 vaquillonas para entorar de El Talero SG, que se comercializaron a US$ 924. Posteriormente el turno fue para las Polled Hereford, donde las terneras de El Pampeano de Nelson Courdin se pagaron US$ 936 y las vaquillonas pre\u00f1adas hicieron US$ 1.020. <br><\/p>\n\n\n\n<p> Las ventas de los toros comenzaron con los Polled Hereford y luego se fueron intercalando los bretes con el Aberdeen Angus. En total se comercializaron 43 toros a US$ 4.289 de promedio, situ\u00e1ndose un 10,1% por encima del promedio del a\u00f1o pasado. <br><\/p>\n\n\n\n<p>En el caso de los Polled Hereford, se vendieron 17 ejemplares con un m\u00e1ximo de US$ 6.120 y un m\u00ednimo de US$ 3.000. El promedio fue de US$ 4.405. En esta oportunidad el promedio subi\u00f3 un 4,9%. <br><\/p>\n\n\n\n<p>Por su parte los 26 toros Aberdeen Angus cotizaron a US$ 4.405 de promedio, subiendo un 16,3% respecto al a\u00f1o pasado. El m\u00e1ximo fue de US$ 7.200, el Copa de Honor de la Expo Salto 2022, que fue adquirido por El Talero SG. El m\u00ednimo tambi\u00e9n se ubic\u00f3 en los US$ 3.000.<br><\/p>\n\n\n\n<p>Al finalizar se vendi\u00f3 un caballo castrado de El Retobado en US$ 1.440. <br><\/p>\n\n\n\n<p>El Dr. Marcelo Texeira Nu\u00f1ez, principal de la caba\u00f1a, dijo que \u00abfue un a\u00f1o muy dif\u00edcil para la familia, por lo que hab\u00eda nerviosismo y ansiedad, antes del comienzo de las ventas, pero estamos muy contentos por el cierre del remate\u00bb. <br><\/p>\n\n\n\n<p>El caba\u00f1ero dijo estar \u00abmuy orgulloso de lo que hago\u00bb y remarc\u00f3 que el material gen\u00e9tico que se vio en la pista proviene de una selecci\u00f3n muy rigurosa, \u00abesto es el fruto de eso, de no tenerle l\u00e1stima en la selecci\u00f3n, adem\u00e1s de todo el trabajo que viene de atr\u00e1s\u00bb. <br><\/p>\n\n\n\n<p>Texeira Nu\u00f1ez agradeci\u00f3 a todo el personal que lo acompa\u00f1a en el establecimiento, \u00abson unos leones los muchachos\u00bb, adem\u00e1s agradeci\u00f3 a toda su familia por el apoyo diario. \u00abEstamos muy contentos\u00bb remarc\u00f3 el productor. <br><\/p>\n\n\n\n<p>El Dr. Germ\u00e1n Gaud\u00edn, integrante de la firma Gaud\u00edn Hnos, dijo que \u00abla oferta ameritaba el remate que se dio, muy \u00e1gil, muy din\u00e1mico, con valores muy interesantes\u00bb. Se\u00f1al\u00f3 que si bien estaba el 80% del remate pre-ofertado, \u00abel promedio nos sorprendi\u00f3, sinceramente esto super\u00f3 las expectativas\u00bb. <br><\/p>\n\n\n\n<p>El Ing. Jos\u00e9 Aicardi, de Megaagro, dijo que \u00abla gente que adquiri\u00f3 los productos tiene que estar muy contenta porque la muestra que se puso hoy en la pista el Dr. Marcelo Texeira\u00bb.<br><\/p>\n\n\n\n<p>El rematador dijo que \u00abes una caba\u00f1a que compite contra ella misma, a\u00f1o a a\u00f1o, este a\u00f1o se superaron los promedios del a\u00f1o pasado, que ya hab\u00edan superado el del a\u00f1o anterior y eso se debe a una superaci\u00f3n en la gen\u00e9tica a\u00f1o a a\u00f1o\u00bb. <\/p>\n\n\n\n<p>Salto, Domingo 16 de octubre de 2022<\/p>\n","protected":false},"excerpt":{"rendered":"<p>Casa llena y pista limpia, as\u00ed fue el remate de caba\u00f1a Don Roberto en la jornada de ayer, con una importante presencia de amigos y clientes de la caba\u00f1a, que [&hellip;]<\/p>\n","protected":false},"author":5,"featured_media":46371,"comment_status":"open","ping_status":"open","sticky":false,"template":"","format":"standard","meta":{"_price":"","_stock":"","_tribe_ticket_header":"","_tribe_default_ticket_provider":"","_tribe_ticket_capacity":"0","_ticket_start_date":"","_ticket_end_date":"","_tribe_ticket_show_description":"","_tribe_ticket_show_not_going":false,"_tribe_ticket_use_global_stock":"","_tribe_ticket_global_stock_level":"","_global_stock_mode":"","_global_stock_cap":"","_tribe_rsvp_for_event":"","_tribe_ticket_going_count":"","_tribe_ticket_not_going_count":"","_tribe_tickets_list":"[]","_tribe_ticket_has_attendee_info_fields":false,"h5ap_radio_sources":[],"_jetpack_newsletter_access":"","_jetpack_dont_email_post_to_subs":false,"_jetpack_newsletter_tier_id":0,"_jetpack_memberships_contains_paywalled_content":false,"_jetpack_memberships_contains_paid_content":false,"footnotes":""},"categories":[21,5],"tags":[],"class_list":["post-46369","post","type-post","status-publish","format-standard","has-post-thumbnail","hentry","category-actualidad","category-ganaderia"],"jetpack_featured_media_url":"https:\/\/i0.wp.com\/lahoradelcampo.com.uy\/site\/wp-content\/uploads\/2022\/10\/DonRoberto-remate.jpg?fit=880%2C440&ssl=1","jetpack_sharing_enabled":true,"jetpack_shortlink":"https:\/\/wp.me\/p99IaT-c3T","jetpack-related-posts":[{"id":35829,"url":"https:\/\/lahoradelcampo.com.uy\/site\/hoy-se-vende-el-polled-hereford-y-angus-de-cabana-don-roberto\/","url_meta":{"origin":46369,"position":0},"title":"Hoy se vende el Polled Hereford y Angus de caba\u00f1a Don Roberto","author":"La Hora del Campo","date":"23 octubre, 2021","format":false,"excerpt":"La zafra de reproductores contin\u00faa con sus ventas en todo el pa\u00eds, y en la jornada de hoy se concreta el segundo remate anual de la caba\u00f1a Don Roberto del Dr. Marcelo Texeira Nu\u00f1ez, en el local de la Asociaci\u00f3n Agropecuaria de Salto, a partir de las 17 horas y\u2026","rel":"","context":"En \u00abActualidad\u00bb","block_context":{"text":"Actualidad","link":"https:\/\/lahoradelcampo.com.uy\/site\/category\/actualidad\/"},"img":{"alt_text":"","src":"https:\/\/i0.wp.com\/lahoradelcampo.com.uy\/site\/wp-content\/uploads\/2021\/10\/DonRobertoconferencia.jpg?fit=880%2C440&ssl=1&resize=350%2C200","width":350,"height":200,"srcset":"https:\/\/i0.wp.com\/lahoradelcampo.com.uy\/site\/wp-content\/uploads\/2021\/10\/DonRobertoconferencia.jpg?fit=880%2C440&ssl=1&resize=350%2C200 1x, https:\/\/i0.wp.com\/lahoradelcampo.com.uy\/site\/wp-content\/uploads\/2021\/10\/DonRobertoconferencia.jpg?fit=880%2C440&ssl=1&resize=525%2C300 1.5x, https:\/\/i0.wp.com\/lahoradelcampo.com.uy\/site\/wp-content\/uploads\/2021\/10\/DonRobertoconferencia.jpg?fit=880%2C440&ssl=1&resize=700%2C400 2x"},"classes":[]},{"id":35895,"url":"https:\/\/lahoradelcampo.com.uy\/site\/don-roberto-coloco-sus-44-toros-us-3-895-de-promedio\/","url_meta":{"origin":46369,"position":1},"title":"Don Roberto coloc\u00f3 sus 44 toros US$ 3.895 de promedio","author":"La Hora del Campo","date":"25 octubre, 2021","format":false,"excerpt":"El a\u00f1o pasado llovi\u00f3 durante el remate, este a\u00f1o llovi\u00f3 en la ma\u00f1ana, pero al final de las ventas qued\u00f3 la colocaci\u00f3n total, la agilidad en los negocios y los promedios que superan en un 13,7% los alcanzados en 2020. En el local de la Agropecuaria de Salto, con un\u2026","rel":"","context":"En \u00abActualidad\u00bb","block_context":{"text":"Actualidad","link":"https:\/\/lahoradelcampo.com.uy\/site\/category\/actualidad\/"},"img":{"alt_text":"","src":"https:\/\/i0.wp.com\/lahoradelcampo.com.uy\/site\/wp-content\/uploads\/2021\/10\/Zafra-DonRoberto.jpg?fit=880%2C440&ssl=1&resize=350%2C200","width":350,"height":200,"srcset":"https:\/\/i0.wp.com\/lahoradelcampo.com.uy\/site\/wp-content\/uploads\/2021\/10\/Zafra-DonRoberto.jpg?fit=880%2C440&ssl=1&resize=350%2C200 1x, https:\/\/i0.wp.com\/lahoradelcampo.com.uy\/site\/wp-content\/uploads\/2021\/10\/Zafra-DonRoberto.jpg?fit=880%2C440&ssl=1&resize=525%2C300 1.5x, https:\/\/i0.wp.com\/lahoradelcampo.com.uy\/site\/wp-content\/uploads\/2021\/10\/Zafra-DonRoberto.jpg?fit=880%2C440&ssl=1&resize=700%2C400 2x"},"classes":[]},{"id":24978,"url":"https:\/\/lahoradelcampo.com.uy\/site\/don-roberto-vendio-sus-toros-hereford-y-angus-en-us-3-441-de-promedio\/","url_meta":{"origin":46369,"position":2},"title":"\u00abDon Roberto\u00bb vendi\u00f3 sus toros Hereford  y Angus en US$  3.441 de promedio","author":"La Hora del Campo","date":"25 octubre, 2020","format":false,"excerpt":"Primer remate y con la llegada de la lluvia tan esperada a la zona, las ventas los Aberdeen Angus y Polled Hereford de caba\u00f1a Don Roberto en el predio de la Asociaci\u00f3n Agropecuaria de Salto, fueron \u00e1giles, r\u00e1pidas y totales. Los negocios estuvieron a cargo de los escritorios Gaud\u00edn Hnos\u2026","rel":"","context":"En \u00abActualidad\u00bb","block_context":{"text":"Actualidad","link":"https:\/\/lahoradelcampo.com.uy\/site\/category\/actualidad\/"},"img":{"alt_text":"","src":"https:\/\/i0.wp.com\/lahoradelcampo.com.uy\/site\/wp-content\/uploads\/2020\/10\/Donrobertoremate.jpg?fit=880%2C440&ssl=1&resize=350%2C200","width":350,"height":200,"srcset":"https:\/\/i0.wp.com\/lahoradelcampo.com.uy\/site\/wp-content\/uploads\/2020\/10\/Donrobertoremate.jpg?fit=880%2C440&ssl=1&resize=350%2C200 1x, https:\/\/i0.wp.com\/lahoradelcampo.com.uy\/site\/wp-content\/uploads\/2020\/10\/Donrobertoremate.jpg?fit=880%2C440&ssl=1&resize=525%2C300 1.5x, https:\/\/i0.wp.com\/lahoradelcampo.com.uy\/site\/wp-content\/uploads\/2020\/10\/Donrobertoremate.jpg?fit=880%2C440&ssl=1&resize=700%2C400 2x"},"classes":[]},{"id":54880,"url":"https:\/\/lahoradelcampo.com.uy\/site\/los-46-toros-de-don-roberto-se-vendieron-a-us-4-323\/","url_meta":{"origin":46369,"position":3},"title":"Los 46 toros de \u00abDon Roberto\u00bb se vendieron a US$ 4.323","author":"La Hora del Campo","date":"13 octubre, 2024","format":false,"excerpt":"Este s\u00e1bado en el local de la Asociaci\u00f3n Agropecuaria de Salto, se realiz\u00f3 el quinto remate anual de la caba\u00f1a \"Don Roberto\" del Dr. Marcelo Texeira Nu\u00f1ez, coloc\u00e1ndose el 100% de la oferta tanto en el Aberdeen Angus, como en el Polled Hereford, con los negocios a cargo de los\u2026","rel":"","context":"En \u00abActualidad\u00bb","block_context":{"text":"Actualidad","link":"https:\/\/lahoradelcampo.com.uy\/site\/category\/actualidad\/"},"img":{"alt_text":"","src":"https:\/\/i0.wp.com\/lahoradelcampo.com.uy\/site\/wp-content\/uploads\/2024\/10\/Donroberto-2024.jpg?fit=880%2C440&ssl=1&resize=350%2C200","width":350,"height":200,"srcset":"https:\/\/i0.wp.com\/lahoradelcampo.com.uy\/site\/wp-content\/uploads\/2024\/10\/Donroberto-2024.jpg?fit=880%2C440&ssl=1&resize=350%2C200 1x, https:\/\/i0.wp.com\/lahoradelcampo.com.uy\/site\/wp-content\/uploads\/2024\/10\/Donroberto-2024.jpg?fit=880%2C440&ssl=1&resize=525%2C300 1.5x, https:\/\/i0.wp.com\/lahoradelcampo.com.uy\/site\/wp-content\/uploads\/2024\/10\/Donroberto-2024.jpg?fit=880%2C440&ssl=1&resize=700%2C400 2x"},"classes":[]},{"id":57052,"url":"https:\/\/lahoradelcampo.com.uy\/site\/don-roberto-vendio-el-100-a-us-4-822-de-promedio\/","url_meta":{"origin":46369,"position":4},"title":"Don Roberto vendi\u00f3 el 100%, a US$ 4.822 de promedio","author":"La Hora del Campo","date":"12 octubre, 2025","format":false,"excerpt":"El remate anual de caba\u00f1a Don Roberto, ayer en la Asociaci\u00f3n Agropecuaria de Salto, volvi\u00f3 a dejar su sello en la zafra de reproductores, con una pista colmada y que reflej\u00f3 el respaldo de los criadores a una gen\u00e9tica consolidada. Las ventas comenzaron con agilidad en la colocaci\u00f3n de los\u2026","rel":"","context":"En \u00abActualidad\u00bb","block_context":{"text":"Actualidad","link":"https:\/\/lahoradelcampo.com.uy\/site\/category\/actualidad\/"},"img":{"alt_text":"","src":"https:\/\/i0.wp.com\/lahoradelcampo.com.uy\/site\/wp-content\/uploads\/2025\/10\/Donroberto-remato.jpg?fit=880%2C440&ssl=1&resize=350%2C200","width":350,"height":200,"srcset":"https:\/\/i0.wp.com\/lahoradelcampo.com.uy\/site\/wp-content\/uploads\/2025\/10\/Donroberto-remato.jpg?fit=880%2C440&ssl=1&resize=350%2C200 1x, https:\/\/i0.wp.com\/lahoradelcampo.com.uy\/site\/wp-content\/uploads\/2025\/10\/Donroberto-remato.jpg?fit=880%2C440&ssl=1&resize=525%2C300 1.5x, https:\/\/i0.wp.com\/lahoradelcampo.com.uy\/site\/wp-content\/uploads\/2025\/10\/Donroberto-remato.jpg?fit=880%2C440&ssl=1&resize=700%2C400 2x"},"classes":[]},{"id":46375,"url":"https:\/\/lahoradelcampo.com.uy\/site\/en-nueve-remates-se-vendieron-438-toros-us-3-808-de-promedio\/","url_meta":{"origin":46369,"position":5},"title":"En nueve remates se vendieron 438 toros US$ 3.808 de promedio","author":"La Hora del Campo","date":"16 octubre, 2022","format":false,"excerpt":"La zafra de toros viene con buen ritmo de colocaci\u00f3n de la oferta y con valores promedios dentro de lo esperado por las caba\u00f1as, m\u00e1s all\u00e1 de alg\u00fan remate puntual. A quince d\u00edas del mes de octubre, pr\u00e1cticamente en la mitad de la presente zafra, le presentamos un resumen de\u2026","rel":"","context":"En \u00abActualidad\u00bb","block_context":{"text":"Actualidad","link":"https:\/\/lahoradelcampo.com.uy\/site\/category\/actualidad\/"},"img":{"alt_text":"","src":"https:\/\/i0.wp.com\/lahoradelcampo.com.uy\/site\/wp-content\/uploads\/2021\/11\/zafradetoros1.jpg?fit=880%2C440&ssl=1&resize=350%2C200","width":350,"height":200,"srcset":"https:\/\/i0.wp.com\/lahoradelcampo.com.uy\/site\/wp-content\/uploads\/2021\/11\/zafradetoros1.jpg?fit=880%2C440&ssl=1&resize=350%2C200 1x, https:\/\/i0.wp.com\/lahoradelcampo.com.uy\/site\/wp-content\/uploads\/2021\/11\/zafradetoros1.jpg?fit=880%2C440&ssl=1&resize=525%2C300 1.5x, https:\/\/i0.wp.com\/lahoradelcampo.com.uy\/site\/wp-content\/uploads\/2021\/11\/zafradetoros1.jpg?fit=880%2C440&ssl=1&resize=700%2C400 2x"},"classes":[]}],"jetpack_likes_enabled":true,"_links":{"self":[{"href":"https:\/\/lahoradelcampo.com.uy\/site\/wp-json\/wp\/v2\/posts\/46369","targetHints":{"allow":["GET"]}}],"collection":[{"href":"https:\/\/lahoradelcampo.com.uy\/site\/wp-json\/wp\/v2\/posts"}],"about":[{"href":"https:\/\/lahoradelcampo.com.uy\/site\/wp-json\/wp\/v2\/types\/post"}],"author":[{"embeddable":true,"href":"https:\/\/lahoradelcampo.com.uy\/site\/wp-json\/wp\/v2\/users\/5"}],"replies":[{"embeddable":true,"href":"https:\/\/lahoradelcampo.com.uy\/site\/wp-json\/wp\/v2\/comments?post=46369"}],"version-history":[{"count":1,"href":"https:\/\/lahoradelcampo.com.uy\/site\/wp-json\/wp\/v2\/posts\/46369\/revisions"}],"predecessor-version":[{"id":46373,"href":"https:\/\/lahoradelcampo.com.uy\/site\/wp-json\/wp\/v2\/posts\/46369\/revisions\/46373"}],"wp:featuredmedia":[{"embeddable":true,"href":"https:\/\/lahoradelcampo.com.uy\/site\/wp-json\/wp\/v2\/media\/46371"}],"wp:attachment":[{"href":"https:\/\/lahoradelcampo.com.uy\/site\/wp-json\/wp\/v2\/media?parent=46369"}],"wp:term":[{"taxonomy":"category","embeddable":true,"href":"https:\/\/lahoradelcampo.com.uy\/site\/wp-json\/wp\/v2\/categories?post=46369"},{"taxonomy":"post_tag","embeddable":true,"href":"https:\/\/lahoradelcampo.com.uy\/site\/wp-json\/wp\/v2\/tags?post=46369"}],"curies":[{"name":"wp","href":"https:\/\/api.w.org\/{rel}","templated":true}]}}