{"id":46363,"date":"2022-10-16T09:35:44","date_gmt":"2022-10-16T12:35:44","guid":{"rendered":"http:\/\/lahoradelcampo.com.uy\/site\/?p=46363"},"modified":"2022-10-16T09:35:48","modified_gmt":"2022-10-16T12:35:48","slug":"50-de-una-ternera-de-los-tapiales-vendio-en-us-13-200","status":"publish","type":"post","link":"https:\/\/lahoradelcampo.com.uy\/site\/50-de-una-ternera-de-los-tapiales-vendio-en-us-13-200\/","title":{"rendered":"50% de una ternera de \u00abLos Tapiales\u00bb vendi\u00f3  en US$ 13.200"},"content":{"rendered":"\n<figure class=\"wp-block-image\"><img data-recalc-dims=\"1\" loading=\"lazy\" decoding=\"async\" width=\"810\" height=\"405\" data-attachment-id=\"46365\" data-permalink=\"https:\/\/lahoradelcampo.com.uy\/site\/50-de-una-ternera-de-los-tapiales-vendio-en-us-13-200\/los-tapiales-remate\/\" data-orig-file=\"https:\/\/i0.wp.com\/lahoradelcampo.com.uy\/site\/wp-content\/uploads\/2022\/10\/Los-Tapiales-remate.jpg?fit=880%2C440&amp;ssl=1\" data-orig-size=\"880,440\" data-comments-opened=\"1\" data-image-meta=\"{&quot;aperture&quot;:&quot;0&quot;,&quot;credit&quot;:&quot;&quot;,&quot;camera&quot;:&quot;&quot;,&quot;caption&quot;:&quot;&quot;,&quot;created_timestamp&quot;:&quot;0&quot;,&quot;copyright&quot;:&quot;&quot;,&quot;focal_length&quot;:&quot;0&quot;,&quot;iso&quot;:&quot;0&quot;,&quot;shutter_speed&quot;:&quot;0&quot;,&quot;title&quot;:&quot;&quot;,&quot;orientation&quot;:&quot;1&quot;}\" data-image-title=\"Los Tapiales remate\" data-image-description=\"\" data-image-caption=\"\" data-large-file=\"https:\/\/i0.wp.com\/lahoradelcampo.com.uy\/site\/wp-content\/uploads\/2022\/10\/Los-Tapiales-remate.jpg?fit=810%2C405&amp;ssl=1\" src=\"https:\/\/i0.wp.com\/lahoradelcampo.com.uy\/site\/wp-content\/uploads\/2022\/10\/Los-Tapiales-remate.jpg?resize=810%2C405\" alt=\"\" class=\"wp-image-46365\" srcset=\"https:\/\/i0.wp.com\/lahoradelcampo.com.uy\/site\/wp-content\/uploads\/2022\/10\/Los-Tapiales-remate.jpg?w=880&amp;ssl=1 880w, https:\/\/i0.wp.com\/lahoradelcampo.com.uy\/site\/wp-content\/uploads\/2022\/10\/Los-Tapiales-remate.jpg?resize=300%2C150&amp;ssl=1 300w, https:\/\/i0.wp.com\/lahoradelcampo.com.uy\/site\/wp-content\/uploads\/2022\/10\/Los-Tapiales-remate.jpg?resize=768%2C384&amp;ssl=1 768w, https:\/\/i0.wp.com\/lahoradelcampo.com.uy\/site\/wp-content\/uploads\/2022\/10\/Los-Tapiales-remate.jpg?resize=820%2C410&amp;ssl=1 820w\" sizes=\"auto, (max-width: 810px) 100vw, 810px\" \/><\/figure>\n\n\n\n<p>Al mediod\u00eda, con la presencia de varios caba\u00f1eros y productores de distintos puntos del pa\u00eds, se comenz\u00f3 la actividad el pasado viernes 14 de octubre en el establecimiento \u00abDon Alberto\u00bb en Young, donde estuvo el Ing. Agr. Sebasti\u00e1n Riffel de Elizalde &amp; Riffel de Argentina y el Ing. Agr. Rafael Tard\u00e1guila de Tard\u00e1guila Agromercados, con charlas sobre una cr\u00eda eficiente y la realidad de los mercados, respectivamente. <br><\/p>\n\n\n\n<p>Posteriormente al almuerzo, comenzaron las ventas y una hora y diez minutos, se coloc\u00f3 el 100% de la oferta en pista, con una importante din\u00e1mica y agilidad en los martillos de las firmas Coco Morales e Indarte &amp; C\u00eda. <br><\/p>\n\n\n\n<p>La subasta comenz\u00f3 con la oferta del 50% de la elecci\u00f3n de ternero-ternera de la generaci\u00f3n 2022, que cotiz\u00f3 a US$ 8.640, adquirido por Campo Norte y El Manantial. De esta forma el ejemplar pas\u00f3 a valorizarse en US$ 17.280. Posteriormente ingresaron tres terneras de pedigree, elegidas por la caba\u00f1a, de las cuales se ofreci\u00f3 el 50% de una de las mismas a elecci\u00f3n, que cotiz\u00f3 a US$ 13.200 y fue adquirida por Tarinco, al igual que en el ejemplo anterior, el ejemplar pasa a cotizar en US$ 26.400. <br><\/p>\n\n\n\n<p>Las dos vaquillonas de pedigree pre\u00f1adas, se pagaron US$ 2.640, mientras que las dos a confirmar pre\u00f1ez cotizaron a US$ 3.120 de promedio. Luego se vendieron 68 vaquillonas SA pre\u00f1adas, que se ubicaron entre US$ 1.380 de m\u00e1ximo, US$ 1.140 de m\u00ednimo y US$ 1.215 de promedio. <br><\/p>\n\n\n\n<p>En el caso de los 32 toros, entre pedigree y SA, se vendieron a US$ 3.636 de promedio. Los 17 toros de pedigree cotizaron entre un m\u00e1ximo de US$ 4.920 y un m\u00ednimo de US$ 3.120, promediando US$ 3.734. En tanto que los 15 toros SA se pagaron US$ 3.524 de promedio con valores que fluctuaron entre US$ 3.720 y US$ 3.240. <br><\/p>\n\n\n\n<p>Al cierre de las ventas, el Ing. Fernando Indarte de la firma Indarte &amp; C\u00eda, dijo \u00abestamos s\u00faper contentos con lo que fue este remate de Los Tapiales, que por primera vez se realiza en la estancia, creo que fue un gran acierto de parte de los vendedores haber armado el local ac\u00e1, es algo mucho m\u00e1s c\u00e1lido\u00bb. <br><\/p>\n\n\n\n<p>Respecto a las ventas, record\u00f3 que \u00abla zafra viene con ese toque medio amargo de la falta de lluvia y eso dificulta vender los distintos animales\u00bb, sin embargo dijo verse sorprendido por \u00abuna agilidad inusual que no hab\u00edamos tenido ni siquiera en ediciones anteriores, en momentos mejores desde el punto de vista forrajero\u00bb. <br><\/p>\n\n\n\n<p>Indarte indic\u00f3 que durante el remate \u00abse vendi\u00f3 un solo toro por la pre-oferta, todos tuvieron mucho piques y se vendi\u00f3 el 100% en toros y 100% tambi\u00e9n en hembras. En poquito m\u00e1s de una hora, en una hora diez, fue que se vendi\u00f3 todo y con un promedio de m\u00e1s del 10% por encima del remate pasado\u00bb.<br><\/p>\n\n\n\n<p>El Ing. Agr. Alejandro Elhordoy, integrante de Los Tapiales, dijo que \u00ablos compradores eligieron lo que es la gen\u00e9tica y lo que estamos apostando hoy en d\u00eda. Se pudo ver en lo que fue la ternera de la nueva generaci\u00f3n, en lo que fue la elecci\u00f3n del 50% en terreno-ternera de la generaci\u00f3n 2022, ah\u00ed se vio que estamos haciendo las cosas bien\u00bb. <br><\/p>\n\n\n\n<p>El caba\u00f1ero dijo que \u00abcon la torada, como siempre, el comprador de Pedigree un poco elige y despu\u00e9s en el SA son toros muy parejos. La gente sabe, conoce, y compran de a lote y eso la verdad que esta bueno. En una hora se termin\u00f3 todo el remate con toda la oferta y la verdad que muy contento con todo\u00bb. <\/p>\n\n\n\n<p>Salto, domingo 16 de octubre de 2022<\/p>\n","protected":false},"excerpt":{"rendered":"<p>Al mediod\u00eda, con la presencia de varios caba\u00f1eros y productores de distintos puntos del pa\u00eds, se comenz\u00f3 la actividad el pasado viernes 14 de octubre en el establecimiento \u00abDon Alberto\u00bb [&hellip;]<\/p>\n","protected":false},"author":5,"featured_media":46365,"comment_status":"open","ping_status":"open","sticky":false,"template":"","format":"standard","meta":{"_price":"","_stock":"","_tribe_ticket_header":"","_tribe_default_ticket_provider":"","_tribe_ticket_capacity":"0","_ticket_start_date":"","_ticket_end_date":"","_tribe_ticket_show_description":"","_tribe_ticket_show_not_going":false,"_tribe_ticket_use_global_stock":"","_tribe_ticket_global_stock_level":"","_global_stock_mode":"","_global_stock_cap":"","_tribe_rsvp_for_event":"","_tribe_ticket_going_count":"","_tribe_ticket_not_going_count":"","_tribe_tickets_list":"[]","_tribe_ticket_has_attendee_info_fields":false,"h5ap_radio_sources":[],"_jetpack_newsletter_access":"","_jetpack_dont_email_post_to_subs":false,"_jetpack_newsletter_tier_id":0,"_jetpack_memberships_contains_paywalled_content":false,"_jetpack_memberships_contains_paid_content":false,"footnotes":""},"categories":[21,5],"tags":[],"class_list":["post-46363","post","type-post","status-publish","format-standard","has-post-thumbnail","hentry","category-actualidad","category-ganaderia"],"jetpack_featured_media_url":"https:\/\/i0.wp.com\/lahoradelcampo.com.uy\/site\/wp-content\/uploads\/2022\/10\/Los-Tapiales-remate.jpg?fit=880%2C440&ssl=1","jetpack_sharing_enabled":true,"jetpack_shortlink":"https:\/\/wp.me\/p99IaT-c3N","jetpack-related-posts":[{"id":18436,"url":"https:\/\/lahoradelcampo.com.uy\/site\/china-comienza-a-normalizarse-y-mejora-sus-valores-para-la-carne-uruguaya\/","url_meta":{"origin":46363,"position":0},"title":"China comienza a normalizarse y mejora sus valores para la carne uruguaya","author":"La Hora del Campo","date":"27 marzo, 2020","format":false,"excerpt":"El analista del mercado c\u00e1rnico, Ing. Agr. Rafael Tard\u00e1guila, dialog\u00f3 con La Hora del Campo sobre la situaci\u00f3n actual y lo que se visualiza hacia los pr\u00f3ximos meses, donde China vuelve a ser el jugador m\u00e1s importante a medida que contin\u00faa saliendo de esta emergencia generada por el Covid-19. \u201cSin\u2026","rel":"","context":"En \u00abActualidad\u00bb","block_context":{"text":"Actualidad","link":"https:\/\/lahoradelcampo.com.uy\/site\/category\/actualidad\/"},"img":{"alt_text":"","src":"https:\/\/i0.wp.com\/lahoradelcampo.com.uy\/site\/wp-content\/uploads\/2019\/11\/Tardaguila.jpg?fit=880%2C440&ssl=1&resize=350%2C200","width":350,"height":200,"srcset":"https:\/\/i0.wp.com\/lahoradelcampo.com.uy\/site\/wp-content\/uploads\/2019\/11\/Tardaguila.jpg?fit=880%2C440&ssl=1&resize=350%2C200 1x, https:\/\/i0.wp.com\/lahoradelcampo.com.uy\/site\/wp-content\/uploads\/2019\/11\/Tardaguila.jpg?fit=880%2C440&ssl=1&resize=525%2C300 1.5x, https:\/\/i0.wp.com\/lahoradelcampo.com.uy\/site\/wp-content\/uploads\/2019\/11\/Tardaguila.jpg?fit=880%2C440&ssl=1&resize=700%2C400 2x"},"classes":[]},{"id":20698,"url":"https:\/\/lahoradelcampo.com.uy\/site\/productores-le-preguntaron-a-tardaguila-sobre-el-mercado-de-la-carne\/","url_meta":{"origin":46363,"position":1},"title":"Productores le preguntaron a Tard\u00e1guila sobre el mercado de la carne","author":"La Hora del Campo","date":"8 junio, 2020","format":false,"excerpt":"El viernes por la tarde el Ing. Agr. Rafael Tard\u00e1guila, editor de Faxcarne y director de Tard\u00e1guila Agromercados, particip\u00f3 de una entrevista en el grupo de Whatsapp Mercados Agropecuarios, donde quienes realizaron las preguntas fueron los propios integrantes del grupo. Escuche la entrevista con el analista del mercado c\u00e1rnico: Salto,\u2026","rel":"","context":"En \u00abActualidad\u00bb","block_context":{"text":"Actualidad","link":"https:\/\/lahoradelcampo.com.uy\/site\/category\/actualidad\/"},"img":{"alt_text":"","src":"https:\/\/i0.wp.com\/lahoradelcampo.com.uy\/site\/wp-content\/uploads\/2020\/06\/Tardaguila.jpg?fit=880%2C440&ssl=1&resize=350%2C200","width":350,"height":200,"srcset":"https:\/\/i0.wp.com\/lahoradelcampo.com.uy\/site\/wp-content\/uploads\/2020\/06\/Tardaguila.jpg?fit=880%2C440&ssl=1&resize=350%2C200 1x, https:\/\/i0.wp.com\/lahoradelcampo.com.uy\/site\/wp-content\/uploads\/2020\/06\/Tardaguila.jpg?fit=880%2C440&ssl=1&resize=525%2C300 1.5x, https:\/\/i0.wp.com\/lahoradelcampo.com.uy\/site\/wp-content\/uploads\/2020\/06\/Tardaguila.jpg?fit=880%2C440&ssl=1&resize=700%2C400 2x"},"classes":[]},{"id":21554,"url":"https:\/\/lahoradelcampo.com.uy\/site\/la-importacion-en-pie-es-saludable-para-toda-la-cadena-carnica\/","url_meta":{"origin":46363,"position":2},"title":"La importaci\u00f3n en pie es saludable para toda la cadena c\u00e1rnica","author":"La Hora del Campo","date":"6 julio, 2020","format":false,"excerpt":"El ing. Agr. Rafael Tard\u00e1guila, director de Faxcarne (publicaci\u00f3n especializada en el sector c\u00e1rnico), hizo llegar a La Hora del Campo su visi\u00f3n sobre la importaci\u00f3n de ganados en pie, en la que entiende que la misma \"es saludable para toda la cadena c\u00e1rnica\". Comenz\u00f3 recordando que \"las puertas no\u2026","rel":"","context":"En \u00abActualidad\u00bb","block_context":{"text":"Actualidad","link":"https:\/\/lahoradelcampo.com.uy\/site\/category\/actualidad\/"},"img":{"alt_text":"","src":"https:\/\/i0.wp.com\/lahoradelcampo.com.uy\/site\/wp-content\/uploads\/2019\/11\/Tardaguila.jpg?fit=880%2C440&ssl=1&resize=350%2C200","width":350,"height":200,"srcset":"https:\/\/i0.wp.com\/lahoradelcampo.com.uy\/site\/wp-content\/uploads\/2019\/11\/Tardaguila.jpg?fit=880%2C440&ssl=1&resize=350%2C200 1x, https:\/\/i0.wp.com\/lahoradelcampo.com.uy\/site\/wp-content\/uploads\/2019\/11\/Tardaguila.jpg?fit=880%2C440&ssl=1&resize=525%2C300 1.5x, https:\/\/i0.wp.com\/lahoradelcampo.com.uy\/site\/wp-content\/uploads\/2019\/11\/Tardaguila.jpg?fit=880%2C440&ssl=1&resize=700%2C400 2x"},"classes":[]},{"id":15808,"url":"https:\/\/lahoradelcampo.com.uy\/site\/china-el-mercado-donde-todos-apuntan-y-uruguay-coloca-mejor-sus-carnes\/","url_meta":{"origin":46363,"position":3},"title":"China: el mercado donde todos apuntan y Uruguay coloca mejor sus carnes","author":"La Hora del Campo","date":"13 noviembre, 2019","format":false,"excerpt":"El gigante asi\u00e1tico es el principal demandante de carne vacuna en la actualidad y eso ha dejado de ser novedad, tambi\u00e9n es el destino hacia donde apuntan los principales exportadores y eso tampoco es noticia, sin embargo en un mercado tan demandante y con tanta competencia Uruguay logra colocar sus\u2026","rel":"","context":"En \u00abActualidad\u00bb","block_context":{"text":"Actualidad","link":"https:\/\/lahoradelcampo.com.uy\/site\/category\/actualidad\/"},"img":{"alt_text":"","src":"https:\/\/i0.wp.com\/lahoradelcampo.com.uy\/site\/wp-content\/uploads\/2019\/11\/Tardaguila.jpg?fit=880%2C440&ssl=1&resize=350%2C200","width":350,"height":200,"srcset":"https:\/\/i0.wp.com\/lahoradelcampo.com.uy\/site\/wp-content\/uploads\/2019\/11\/Tardaguila.jpg?fit=880%2C440&ssl=1&resize=350%2C200 1x, https:\/\/i0.wp.com\/lahoradelcampo.com.uy\/site\/wp-content\/uploads\/2019\/11\/Tardaguila.jpg?fit=880%2C440&ssl=1&resize=525%2C300 1.5x, https:\/\/i0.wp.com\/lahoradelcampo.com.uy\/site\/wp-content\/uploads\/2019\/11\/Tardaguila.jpg?fit=880%2C440&ssl=1&resize=700%2C400 2x"},"classes":[]},{"id":41585,"url":"https:\/\/lahoradelcampo.com.uy\/site\/exportaciones-y-valores-para-la-hacienda-son-historicos-para-uruguay-se-mantiene\/","url_meta":{"origin":46363,"position":4},"title":"Exportaciones y valores para la hacienda son hist\u00f3ricos para Uruguay: \u00bfse mantiene?","author":"La Hora del Campo","date":"7 mayo, 2022","format":false,"excerpt":"El momento de la ganader\u00eda en Uruguay es hist\u00f3rico, tanto por los valores que se pagan en el mercado interno para los ganados a faena, as\u00ed como tambi\u00e9n por los valores que ha alcanzado la tonelada de carne vacuna exportada. El Ing. Agr. Rafael Tard\u00e1guila, de la consultora Tardaguila Agromercados,\u2026","rel":"","context":"En \u00abActualidad\u00bb","block_context":{"text":"Actualidad","link":"https:\/\/lahoradelcampo.com.uy\/site\/category\/actualidad\/"},"img":{"alt_text":"","src":"https:\/\/i0.wp.com\/lahoradelcampo.com.uy\/site\/wp-content\/uploads\/2021\/05\/ganadogordo.jpg?fit=880%2C440&ssl=1&resize=350%2C200","width":350,"height":200,"srcset":"https:\/\/i0.wp.com\/lahoradelcampo.com.uy\/site\/wp-content\/uploads\/2021\/05\/ganadogordo.jpg?fit=880%2C440&ssl=1&resize=350%2C200 1x, https:\/\/i0.wp.com\/lahoradelcampo.com.uy\/site\/wp-content\/uploads\/2021\/05\/ganadogordo.jpg?fit=880%2C440&ssl=1&resize=525%2C300 1.5x, https:\/\/i0.wp.com\/lahoradelcampo.com.uy\/site\/wp-content\/uploads\/2021\/05\/ganadogordo.jpg?fit=880%2C440&ssl=1&resize=700%2C400 2x"},"classes":[]},{"id":16650,"url":"https:\/\/lahoradelcampo.com.uy\/site\/comenzo-la-transicion-en-el-mgap-y-surgen-nombres-del-futuro-gabinete\/","url_meta":{"origin":46363,"position":5},"title":"Comenz\u00f3 la transici\u00f3n en el MGAP y surgen nombres del futuro gabinete","author":"La Hora del Campo","date":"2 enero, 2020","format":false,"excerpt":"El Ing. Enzo Benech, antes de finalizar el 2019, recibi\u00f3 a qui\u00e9n a sido presentado como el pr\u00f3ximo ministro de ganader\u00eda, Ing. Agr. Carlos Mar\u00eda Uriarte, quien acompa\u00f1ado por el Ing. Agr. Ignacio Buffa ( pr\u00f2ximo Sub secretario) y la Dra. Fernanda Maldonado (futura Directora General del MGAP), para dar\u2026","rel":"","context":"En \u00abActualidad\u00bb","block_context":{"text":"Actualidad","link":"https:\/\/lahoradelcampo.com.uy\/site\/category\/actualidad\/"},"img":{"alt_text":"","src":"https:\/\/i0.wp.com\/lahoradelcampo.com.uy\/site\/wp-content\/uploads\/2019\/12\/uriarte.jpg?fit=880%2C440&ssl=1&resize=350%2C200","width":350,"height":200,"srcset":"https:\/\/i0.wp.com\/lahoradelcampo.com.uy\/site\/wp-content\/uploads\/2019\/12\/uriarte.jpg?fit=880%2C440&ssl=1&resize=350%2C200 1x, https:\/\/i0.wp.com\/lahoradelcampo.com.uy\/site\/wp-content\/uploads\/2019\/12\/uriarte.jpg?fit=880%2C440&ssl=1&resize=525%2C300 1.5x, https:\/\/i0.wp.com\/lahoradelcampo.com.uy\/site\/wp-content\/uploads\/2019\/12\/uriarte.jpg?fit=880%2C440&ssl=1&resize=700%2C400 2x"},"classes":[]}],"jetpack_likes_enabled":true,"_links":{"self":[{"href":"https:\/\/lahoradelcampo.com.uy\/site\/wp-json\/wp\/v2\/posts\/46363","targetHints":{"allow":["GET"]}}],"collection":[{"href":"https:\/\/lahoradelcampo.com.uy\/site\/wp-json\/wp\/v2\/posts"}],"about":[{"href":"https:\/\/lahoradelcampo.com.uy\/site\/wp-json\/wp\/v2\/types\/post"}],"author":[{"embeddable":true,"href":"https:\/\/lahoradelcampo.com.uy\/site\/wp-json\/wp\/v2\/users\/5"}],"replies":[{"embeddable":true,"href":"https:\/\/lahoradelcampo.com.uy\/site\/wp-json\/wp\/v2\/comments?post=46363"}],"version-history":[{"count":1,"href":"https:\/\/lahoradelcampo.com.uy\/site\/wp-json\/wp\/v2\/posts\/46363\/revisions"}],"predecessor-version":[{"id":46367,"href":"https:\/\/lahoradelcampo.com.uy\/site\/wp-json\/wp\/v2\/posts\/46363\/revisions\/46367"}],"wp:featuredmedia":[{"embeddable":true,"href":"https:\/\/lahoradelcampo.com.uy\/site\/wp-json\/wp\/v2\/media\/46365"}],"wp:attachment":[{"href":"https:\/\/lahoradelcampo.com.uy\/site\/wp-json\/wp\/v2\/media?parent=46363"}],"wp:term":[{"taxonomy":"category","embeddable":true,"href":"https:\/\/lahoradelcampo.com.uy\/site\/wp-json\/wp\/v2\/categories?post=46363"},{"taxonomy":"post_tag","embeddable":true,"href":"https:\/\/lahoradelcampo.com.uy\/site\/wp-json\/wp\/v2\/tags?post=46363"}],"curies":[{"name":"wp","href":"https:\/\/api.w.org\/{rel}","templated":true}]}}