{"id":46335,"date":"2022-10-14T07:30:24","date_gmt":"2022-10-14T10:30:24","guid":{"rendered":"http:\/\/lahoradelcampo.com.uy\/site\/?p=46335"},"modified":"2022-10-14T07:30:31","modified_gmt":"2022-10-14T10:30:31","slug":"la-lucha-y-buen-abrigo-vendieron-ayer-en-salto","status":"publish","type":"post","link":"https:\/\/lahoradelcampo.com.uy\/site\/la-lucha-y-buen-abrigo-vendieron-ayer-en-salto\/","title":{"rendered":"La Lucha y Buen Abrigo vendieron ayer en Salto"},"content":{"rendered":"\n<figure class=\"wp-block-image\"><img data-recalc-dims=\"1\" loading=\"lazy\" decoding=\"async\" width=\"810\" height=\"405\" data-attachment-id=\"46337\" data-permalink=\"https:\/\/lahoradelcampo.com.uy\/site\/la-lucha-y-buen-abrigo-vendieron-ayer-en-salto\/laluchayjaso\/\" data-orig-file=\"https:\/\/i0.wp.com\/lahoradelcampo.com.uy\/site\/wp-content\/uploads\/2022\/10\/LaLuchayJASO.jpg?fit=880%2C440&amp;ssl=1\" data-orig-size=\"880,440\" data-comments-opened=\"1\" data-image-meta=\"{&quot;aperture&quot;:&quot;0&quot;,&quot;credit&quot;:&quot;&quot;,&quot;camera&quot;:&quot;&quot;,&quot;caption&quot;:&quot;&quot;,&quot;created_timestamp&quot;:&quot;0&quot;,&quot;copyright&quot;:&quot;&quot;,&quot;focal_length&quot;:&quot;0&quot;,&quot;iso&quot;:&quot;0&quot;,&quot;shutter_speed&quot;:&quot;0&quot;,&quot;title&quot;:&quot;&quot;,&quot;orientation&quot;:&quot;1&quot;}\" data-image-title=\"LaLuchayJASO\" data-image-description=\"\" data-image-caption=\"\" data-large-file=\"https:\/\/i0.wp.com\/lahoradelcampo.com.uy\/site\/wp-content\/uploads\/2022\/10\/LaLuchayJASO.jpg?fit=810%2C405&amp;ssl=1\" src=\"https:\/\/i0.wp.com\/lahoradelcampo.com.uy\/site\/wp-content\/uploads\/2022\/10\/LaLuchayJASO.jpg?resize=810%2C405\" alt=\"\" class=\"wp-image-46337\" srcset=\"https:\/\/i0.wp.com\/lahoradelcampo.com.uy\/site\/wp-content\/uploads\/2022\/10\/LaLuchayJASO.jpg?w=880&amp;ssl=1 880w, https:\/\/i0.wp.com\/lahoradelcampo.com.uy\/site\/wp-content\/uploads\/2022\/10\/LaLuchayJASO.jpg?resize=300%2C150&amp;ssl=1 300w, https:\/\/i0.wp.com\/lahoradelcampo.com.uy\/site\/wp-content\/uploads\/2022\/10\/LaLuchayJASO.jpg?resize=768%2C384&amp;ssl=1 768w, https:\/\/i0.wp.com\/lahoradelcampo.com.uy\/site\/wp-content\/uploads\/2022\/10\/LaLuchayJASO.jpg?resize=820%2C410&amp;ssl=1 820w\" sizes=\"auto, (max-width: 810px) 100vw, 810px\" \/><\/figure>\n\n\n\n<p>Las caba\u00f1as \u201cLa Lucha\u201d de la familia\nEcheverr\u00eda y \u201cBuen Abrigo\u201d de Mart\u00edn Peters, realizaron su cuarto remate anual\nconjunto, en el predio de la Asociaci\u00f3n Agropecuaria de Salto, con los negocios\na cargo del escritorio Coco Morales y Jos\u00e9 F Jaso Negocios Rurales. <\/p>\n\n\n\n<p>Las ventas comenzaron con las ventas de los\nvientres, con el martillo de Mariano \u00c1lvarez, coloc\u00e1ndose el 100% de la oferta.\nEn este contexto las vacas Aberdeen Angus SA hicieron 1.560 de m\u00e1ximo, 1.200 de\nm\u00ednimo y US$ 1.369 de promedio. En tanto que las 4 PC se pagaron a US$ 1.440.\nLos 20 vientres de caba\u00f1a Buen Abrigo se pagaron US$ 1.383 de promedio. A estas\nse le suman 30 terneras que cotizaron a US$ 960.<\/p>\n\n\n\n<p>En el Polled Hereford de pedigree, las\nvaquillonas pedigree hicieron 938 de promedio, las HS 873 y las H cotizaron 744\nd\u00f3lares. En total los 24 vientres Polled Hereford hicieron un m\u00e1ximo de US$\n984, un m\u00ednimo de US$ 744 y un promedio de US$ 884.<\/p>\n\n\n\n<p>En el caso de los toros, se fueron turnando\nlas razas con bretes de Angus y Polled Herford, para cerrar las ventas con dos\nlotes de Charolais. El martillo tambi\u00e9n cambio de Mariano \u00c1lvarez a Gast\u00f3n\nAraujo qui\u00e9n llev\u00f3 adelante las ventas por el escritorio Jos\u00e9 F. Jaso. El\ntr\u00e1mite fue enlenteci\u00e9ndose hacia el final del remate, con un piso de 200 d\u00f3lares\nla cuota, quedando \u00fanicamente un animal sin vender en la pista, pero que se\ncoloc\u00f3 al cierre del remate. <\/p>\n\n\n\n<p>Los 16 toros Polled Hereford de \u201cLa Lucha\u201d,\ncotizaron entre US$ 3.600&nbsp; de m\u00e1ximo y\nUS$ 2.400 de m\u00ednimo, con un promedio de US$ 2.831. En el caso de los pedigrees\nhicieron un promedio de US$ 2.889 y los toros H de 2.787. Al final del remate,\nlos seis toros Charolais de la firma se pagaron entre US$ 2.880 de m\u00e1ximo, US$\n2.160 de m\u00ednimo y US$ 2.510 de promedio. <\/p>\n\n\n\n<p>Por su parte, los 20 toros Aberdeen Angus de caba\u00f1a \u201cBuen Abrigo\u201d, cotizaron entre US$ 3.480 de m\u00e1ximo y US$ 2.400 de m\u00ednimo, con un promedio de US$ 2.634. Al final del remate se inform\u00f3 por parte de las firmas vendedoras que se negociaba el toro que pas\u00f3 por la pista con una base de 200 d\u00f3lares la cuota sin venderse. <\/p>\n\n\n\n<p>Salto, viernes 14 de octubre de 2022<\/p>\n","protected":false},"excerpt":{"rendered":"<p>Las caba\u00f1as \u201cLa Lucha\u201d de la familia Echeverr\u00eda y \u201cBuen Abrigo\u201d de Mart\u00edn Peters, realizaron su cuarto remate anual conjunto, en el predio de la Asociaci\u00f3n Agropecuaria de Salto, con [&hellip;]<\/p>\n","protected":false},"author":5,"featured_media":46337,"comment_status":"open","ping_status":"open","sticky":false,"template":"","format":"standard","meta":{"_price":"","_stock":"","_tribe_ticket_header":"","_tribe_default_ticket_provider":"","_tribe_ticket_capacity":"0","_ticket_start_date":"","_ticket_end_date":"","_tribe_ticket_show_description":"","_tribe_ticket_show_not_going":false,"_tribe_ticket_use_global_stock":"","_tribe_ticket_global_stock_level":"","_global_stock_mode":"","_global_stock_cap":"","_tribe_rsvp_for_event":"","_tribe_ticket_going_count":"","_tribe_ticket_not_going_count":"","_tribe_tickets_list":"[]","_tribe_ticket_has_attendee_info_fields":false,"h5ap_radio_sources":[],"_jetpack_newsletter_access":"","_jetpack_dont_email_post_to_subs":false,"_jetpack_newsletter_tier_id":0,"_jetpack_memberships_contains_paywalled_content":false,"_jetpack_memberships_contains_paid_content":false,"footnotes":""},"categories":[21,5],"tags":[],"class_list":["post-46335","post","type-post","status-publish","format-standard","has-post-thumbnail","hentry","category-actualidad","category-ganaderia"],"jetpack_featured_media_url":"https:\/\/i0.wp.com\/lahoradelcampo.com.uy\/site\/wp-content\/uploads\/2022\/10\/LaLuchayJASO.jpg?fit=880%2C440&ssl=1","jetpack_sharing_enabled":true,"jetpack_shortlink":"https:\/\/wp.me\/p99IaT-c3l","jetpack-related-posts":[{"id":15120,"url":"https:\/\/lahoradelcampo.com.uy\/site\/la-lucha-y-buen-abrigo-colocaron-el-100-de-la-oferta\/","url_meta":{"origin":46335,"position":0},"title":"La Lucha y Buen Abrigo colocaron el 100% de la oferta","author":"La Hora del Campo ADMIN","date":"17 octubre, 2019","format":false,"excerpt":"En su primer remate realizado en conjunto en Salto, las caba\u00f1as La Lucha de Echeverr\u00eda y Buen Abrigo de Martin Peters, alcanzaron el 100% de colocaci\u00f3n tanto en Hereford y Charolais, como en Aberdeen Angus. Los negocios estuvieron a cargo de los escritorios Jos\u00e9 F. Jaso y Coco Morales. En\u2026","rel":"","context":"En \u00abActualidad\u00bb","block_context":{"text":"Actualidad","link":"https:\/\/lahoradelcampo.com.uy\/site\/category\/actualidad\/"},"img":{"alt_text":"","src":"https:\/\/i0.wp.com\/lahoradelcampo.com.uy\/site\/wp-content\/uploads\/2019\/10\/nuevo-proyecto-23251739064291925541..jpg?fit=800%2C440&ssl=1&resize=350%2C200","width":350,"height":200,"srcset":"https:\/\/i0.wp.com\/lahoradelcampo.com.uy\/site\/wp-content\/uploads\/2019\/10\/nuevo-proyecto-23251739064291925541..jpg?fit=800%2C440&ssl=1&resize=350%2C200 1x, https:\/\/i0.wp.com\/lahoradelcampo.com.uy\/site\/wp-content\/uploads\/2019\/10\/nuevo-proyecto-23251739064291925541..jpg?fit=800%2C440&ssl=1&resize=525%2C300 1.5x, https:\/\/i0.wp.com\/lahoradelcampo.com.uy\/site\/wp-content\/uploads\/2019\/10\/nuevo-proyecto-23251739064291925541..jpg?fit=800%2C440&ssl=1&resize=700%2C400 2x"},"classes":[]},{"id":35467,"url":"https:\/\/lahoradelcampo.com.uy\/site\/destacada-oferta-de-la-lucha-y-buen-abrigo-hoy-en-la-agropecuaria-de-salto\/","url_meta":{"origin":46335,"position":1},"title":"Destacada oferta de la Lucha y Buen Abrigo hoy en la Agropecuaria de Salto","author":"La Hora del Campo","date":"14 octubre, 2021","format":false,"excerpt":"Las caba\u00f1as \"La Lucha\" de Echeverr\u00eda y \"Buen Abrigo\", realizan en la jornada de hoy su tercer remate anual, en el predio de la Asociaci\u00f3n Agropecuaria de Salto, con una destacada oferta de Aberdeen Angus, Polled Hereford y Charolais, tanto en machos como en hembras. El remate es auspiciado por\u2026","rel":"","context":"En \u00abActualidad\u00bb","block_context":{"text":"Actualidad","link":"https:\/\/lahoradelcampo.com.uy\/site\/category\/actualidad\/"},"img":{"alt_text":"","src":"https:\/\/i0.wp.com\/lahoradelcampo.com.uy\/site\/wp-content\/uploads\/2021\/10\/laluchaprevia.jpg?fit=880%2C440&ssl=1&resize=350%2C200","width":350,"height":200,"srcset":"https:\/\/i0.wp.com\/lahoradelcampo.com.uy\/site\/wp-content\/uploads\/2021\/10\/laluchaprevia.jpg?fit=880%2C440&ssl=1&resize=350%2C200 1x, https:\/\/i0.wp.com\/lahoradelcampo.com.uy\/site\/wp-content\/uploads\/2021\/10\/laluchaprevia.jpg?fit=880%2C440&ssl=1&resize=525%2C300 1.5x, https:\/\/i0.wp.com\/lahoradelcampo.com.uy\/site\/wp-content\/uploads\/2021\/10\/laluchaprevia.jpg?fit=880%2C440&ssl=1&resize=700%2C400 2x"},"classes":[]},{"id":24638,"url":"https:\/\/lahoradelcampo.com.uy\/site\/la-lucha-y-buen-abrigo-colocaron-los-46-toros-ofrecidos-a-us-2-311\/","url_meta":{"origin":46335,"position":2},"title":"La Lucha y Buen Abrigo colocaron  los 46 toros ofrecidos a US$ 2.311","author":"La Hora del Campo","date":"15 octubre, 2020","format":false,"excerpt":"En la pista de la Asociaci\u00f3n Agropecuaria de Salto se realiz\u00f3 ayer el segundo remate anual conjunto de las caba\u00f1as La Lucha de la familia Echeverr\u00eda y Buen Abrigo de Guaycur\u00fa, coloc\u00e1ndose el 100% de la oferta en Hereford, Charolais y Aberdeen Angus. En un remate \u00e1gil desde el comienzo\u2026","rel":"","context":"En \u00abActualidad\u00bb","block_context":{"text":"Actualidad","link":"https:\/\/lahoradelcampo.com.uy\/site\/category\/actualidad\/"},"img":{"alt_text":"","src":"https:\/\/i0.wp.com\/lahoradelcampo.com.uy\/site\/wp-content\/uploads\/2020\/10\/Rematejaso.jpg?fit=880%2C440&ssl=1&resize=350%2C200","width":350,"height":200,"srcset":"https:\/\/i0.wp.com\/lahoradelcampo.com.uy\/site\/wp-content\/uploads\/2020\/10\/Rematejaso.jpg?fit=880%2C440&ssl=1&resize=350%2C200 1x, https:\/\/i0.wp.com\/lahoradelcampo.com.uy\/site\/wp-content\/uploads\/2020\/10\/Rematejaso.jpg?fit=880%2C440&ssl=1&resize=525%2C300 1.5x, https:\/\/i0.wp.com\/lahoradelcampo.com.uy\/site\/wp-content\/uploads\/2020\/10\/Rematejaso.jpg?fit=880%2C440&ssl=1&resize=700%2C400 2x"},"classes":[]},{"id":35513,"url":"https:\/\/lahoradelcampo.com.uy\/site\/la-lucha-y-buen-abrigo-con-un-excelente-tercer-remate-en-salto\/","url_meta":{"origin":46335,"position":3},"title":"\u00abLa Lucha\u00bb y \u00abBuen Abrigo\u00bb con un excelente tercer remate en Salto","author":"La Hora del Campo","date":"15 octubre, 2021","format":false,"excerpt":"Las caba\u00f1as \"La Lucha\" de la familia Echeverr\u00eda y \"Buen Abrigo\" de Peters lograron concretar un excelente tercer remate en el local de la Asociaci\u00f3n Agropecuaria de Salto, conjuntamente con los escritorios Jos\u00e9 F. Jaso Negocios Rurales y Coco Morales. Las ventas comenzaron con los vientres, donde se colocaron 16\u2026","rel":"","context":"En \u00abActualidad\u00bb","block_context":{"text":"Actualidad","link":"https:\/\/lahoradelcampo.com.uy\/site\/category\/actualidad\/"},"img":{"alt_text":"","src":"https:\/\/i0.wp.com\/lahoradelcampo.com.uy\/site\/wp-content\/uploads\/2021\/10\/zafra-lalucha.jpg?fit=880%2C440&ssl=1&resize=350%2C200","width":350,"height":200,"srcset":"https:\/\/i0.wp.com\/lahoradelcampo.com.uy\/site\/wp-content\/uploads\/2021\/10\/zafra-lalucha.jpg?fit=880%2C440&ssl=1&resize=350%2C200 1x, https:\/\/i0.wp.com\/lahoradelcampo.com.uy\/site\/wp-content\/uploads\/2021\/10\/zafra-lalucha.jpg?fit=880%2C440&ssl=1&resize=525%2C300 1.5x, https:\/\/i0.wp.com\/lahoradelcampo.com.uy\/site\/wp-content\/uploads\/2021\/10\/zafra-lalucha.jpg?fit=880%2C440&ssl=1&resize=700%2C400 2x"},"classes":[]},{"id":24732,"url":"https:\/\/lahoradelcampo.com.uy\/site\/agil-dinamico-y-ventas-totales-de-la-magdalena-en-valentin\/","url_meta":{"origin":46335,"position":4},"title":"\u00c1gil, din\u00e1mico y ventas totales de La Magdalena en Valent\u00edn","author":"La Hora del Campo","date":"17 octubre, 2020","format":false,"excerpt":"Con un buen marco de p\u00fablico, los cuidados necesarios debido al Covid-19, y una demanda que pre-ofert\u00f3 m\u00e1s del 50% de los lotes que se ofertaron en la jornada de ayer, el remate de La Magdalena de Los Tordos S en C, mostr\u00f3 un excelente nivel de agilidad y dinamismo\u2026","rel":"","context":"En \u00abActualidad\u00bb","block_context":{"text":"Actualidad","link":"https:\/\/lahoradelcampo.com.uy\/site\/category\/actualidad\/"},"img":{"alt_text":"","src":"https:\/\/i0.wp.com\/lahoradelcampo.com.uy\/site\/wp-content\/uploads\/2020\/10\/Nuevo-proyecto-1-2.jpg?fit=879%2C439&ssl=1&resize=350%2C200","width":350,"height":200,"srcset":"https:\/\/i0.wp.com\/lahoradelcampo.com.uy\/site\/wp-content\/uploads\/2020\/10\/Nuevo-proyecto-1-2.jpg?fit=879%2C439&ssl=1&resize=350%2C200 1x, https:\/\/i0.wp.com\/lahoradelcampo.com.uy\/site\/wp-content\/uploads\/2020\/10\/Nuevo-proyecto-1-2.jpg?fit=879%2C439&ssl=1&resize=525%2C300 1.5x, https:\/\/i0.wp.com\/lahoradelcampo.com.uy\/site\/wp-content\/uploads\/2020\/10\/Nuevo-proyecto-1-2.jpg?fit=879%2C439&ssl=1&resize=700%2C400 2x"},"classes":[]},{"id":15274,"url":"https:\/\/lahoradelcampo.com.uy\/site\/us-3-208-para-los-toros-angus-de-limitour\/","url_meta":{"origin":46335,"position":5},"title":"US$ 3.208 para los toros angus de Limitour","author":"La Hora del Campo","date":"22 octubre, 2019","format":false,"excerpt":"En esta zafra de reproductores, caba\u00f1a Salto de Limitour, comercializ\u00f3 el 100% de su oferta Aberdeen Angus, tanto en machos como en hembras, en el predio de la Asociaci\u00f3n Agropecuaria de Salto. Las ventas se desarrollaron de forma \u00e1gil y din\u00e1mica con las 51 hembras colocadas en US$ 793. En\u2026","rel":"","context":"En \u00abActualidad\u00bb","block_context":{"text":"Actualidad","link":"https:\/\/lahoradelcampo.com.uy\/site\/category\/actualidad\/"},"img":{"alt_text":"","src":"https:\/\/i0.wp.com\/lahoradelcampo.com.uy\/site\/wp-content\/uploads\/2019\/10\/Limitour-remate.jpg?fit=880%2C440&ssl=1&resize=350%2C200","width":350,"height":200,"srcset":"https:\/\/i0.wp.com\/lahoradelcampo.com.uy\/site\/wp-content\/uploads\/2019\/10\/Limitour-remate.jpg?fit=880%2C440&ssl=1&resize=350%2C200 1x, https:\/\/i0.wp.com\/lahoradelcampo.com.uy\/site\/wp-content\/uploads\/2019\/10\/Limitour-remate.jpg?fit=880%2C440&ssl=1&resize=525%2C300 1.5x, https:\/\/i0.wp.com\/lahoradelcampo.com.uy\/site\/wp-content\/uploads\/2019\/10\/Limitour-remate.jpg?fit=880%2C440&ssl=1&resize=700%2C400 2x"},"classes":[]}],"jetpack_likes_enabled":true,"_links":{"self":[{"href":"https:\/\/lahoradelcampo.com.uy\/site\/wp-json\/wp\/v2\/posts\/46335","targetHints":{"allow":["GET"]}}],"collection":[{"href":"https:\/\/lahoradelcampo.com.uy\/site\/wp-json\/wp\/v2\/posts"}],"about":[{"href":"https:\/\/lahoradelcampo.com.uy\/site\/wp-json\/wp\/v2\/types\/post"}],"author":[{"embeddable":true,"href":"https:\/\/lahoradelcampo.com.uy\/site\/wp-json\/wp\/v2\/users\/5"}],"replies":[{"embeddable":true,"href":"https:\/\/lahoradelcampo.com.uy\/site\/wp-json\/wp\/v2\/comments?post=46335"}],"version-history":[{"count":1,"href":"https:\/\/lahoradelcampo.com.uy\/site\/wp-json\/wp\/v2\/posts\/46335\/revisions"}],"predecessor-version":[{"id":46339,"href":"https:\/\/lahoradelcampo.com.uy\/site\/wp-json\/wp\/v2\/posts\/46335\/revisions\/46339"}],"wp:featuredmedia":[{"embeddable":true,"href":"https:\/\/lahoradelcampo.com.uy\/site\/wp-json\/wp\/v2\/media\/46337"}],"wp:attachment":[{"href":"https:\/\/lahoradelcampo.com.uy\/site\/wp-json\/wp\/v2\/media?parent=46335"}],"wp:term":[{"taxonomy":"category","embeddable":true,"href":"https:\/\/lahoradelcampo.com.uy\/site\/wp-json\/wp\/v2\/categories?post=46335"},{"taxonomy":"post_tag","embeddable":true,"href":"https:\/\/lahoradelcampo.com.uy\/site\/wp-json\/wp\/v2\/tags?post=46335"}],"curies":[{"name":"wp","href":"https:\/\/api.w.org\/{rel}","templated":true}]}}