{"id":46327,"date":"2022-10-14T07:27:02","date_gmt":"2022-10-14T10:27:02","guid":{"rendered":"http:\/\/lahoradelcampo.com.uy\/site\/?p=46327"},"modified":"2022-10-14T07:27:14","modified_gmt":"2022-10-14T10:27:14","slug":"blanquillo-sera-el-punto-de-encuentro-de-la-mujer-rural-en-su-dia","status":"publish","type":"post","link":"https:\/\/lahoradelcampo.com.uy\/site\/blanquillo-sera-el-punto-de-encuentro-de-la-mujer-rural-en-su-dia\/","title":{"rendered":"Blanquillo ser\u00e1 el punto de encuentro de la Mujer Rural en su d\u00eda"},"content":{"rendered":"\n<figure class=\"wp-block-image\"><img data-recalc-dims=\"1\" loading=\"lazy\" decoding=\"async\" width=\"810\" height=\"405\" data-attachment-id=\"46329\" data-permalink=\"https:\/\/lahoradelcampo.com.uy\/site\/blanquillo-sera-el-punto-de-encuentro-de-la-mujer-rural-en-su-dia\/mujeres-rurales\/\" data-orig-file=\"https:\/\/i0.wp.com\/lahoradelcampo.com.uy\/site\/wp-content\/uploads\/2022\/10\/Mujeres-rurales.jpg?fit=880%2C440&amp;ssl=1\" data-orig-size=\"880,440\" data-comments-opened=\"1\" data-image-meta=\"{&quot;aperture&quot;:&quot;0&quot;,&quot;credit&quot;:&quot;&quot;,&quot;camera&quot;:&quot;&quot;,&quot;caption&quot;:&quot;&quot;,&quot;created_timestamp&quot;:&quot;0&quot;,&quot;copyright&quot;:&quot;&quot;,&quot;focal_length&quot;:&quot;0&quot;,&quot;iso&quot;:&quot;0&quot;,&quot;shutter_speed&quot;:&quot;0&quot;,&quot;title&quot;:&quot;&quot;,&quot;orientation&quot;:&quot;1&quot;}\" data-image-title=\"Mujeres rurales\" data-image-description=\"\" data-image-caption=\"\" data-large-file=\"https:\/\/i0.wp.com\/lahoradelcampo.com.uy\/site\/wp-content\/uploads\/2022\/10\/Mujeres-rurales.jpg?fit=810%2C405&amp;ssl=1\" src=\"https:\/\/i0.wp.com\/lahoradelcampo.com.uy\/site\/wp-content\/uploads\/2022\/10\/Mujeres-rurales.jpg?resize=810%2C405\" alt=\"\" class=\"wp-image-46329\" srcset=\"https:\/\/i0.wp.com\/lahoradelcampo.com.uy\/site\/wp-content\/uploads\/2022\/10\/Mujeres-rurales.jpg?w=880&amp;ssl=1 880w, https:\/\/i0.wp.com\/lahoradelcampo.com.uy\/site\/wp-content\/uploads\/2022\/10\/Mujeres-rurales.jpg?resize=300%2C150&amp;ssl=1 300w, https:\/\/i0.wp.com\/lahoradelcampo.com.uy\/site\/wp-content\/uploads\/2022\/10\/Mujeres-rurales.jpg?resize=768%2C384&amp;ssl=1 768w, https:\/\/i0.wp.com\/lahoradelcampo.com.uy\/site\/wp-content\/uploads\/2022\/10\/Mujeres-rurales.jpg?resize=820%2C410&amp;ssl=1 820w\" sizes=\"auto, (max-width: 810px) 100vw, 810px\" \/><\/figure>\n\n\n\n<p>Este s\u00e1bado 15 de octubre se celebra el d\u00eda internacional de la Mujer Rural, siendo el punto de encuentro la localidad de Blanquillo en el departamento de Durazno. Dentro del programa est\u00e1 previsto que se recorran varios emprendimientos y experiencias \u00abtransformadoras\u00bb impulsados por las mujeres en el medio rural. <br><\/p>\n\n\n\n<p>En dicha recorrida se visitar\u00e1 dos establecimientos de productoras ganaderas, pero que tambi\u00e9n complementan su actividad con otros rubros, como lo es el sector granjero, en la zona de Villa del Carmen y posteriormente, previo al almuerzo en Blanquillo, se visita el grupo Medellin, un grupo de mujeres costureras en Puntas de Herrera. <br><\/p>\n\n\n\n<p>El grupo de m\u00e1s de 250 mujeres, que se espera para la jornada, realizaran talleres de intercambio tras el almuerzo y se realizar\u00e1n presentaciones por las referentes de cada zona. Posteriormente se realizar\u00e1 un encuentro con autoridades nacionales, encabezadas por el Presidente de la Rep\u00fablica, Dr. Luis Lacalle Pou y la Vicepresidente, Beatriz Argim\u00f3n. <br><\/p>\n\n\n\n<p>El encuentro se encuentra enmarcado dentro de la campa\u00f1a denominada \u00abtransformadoras\u00bb, que ha sido lanzada a inicios de este mes por parte del Ministerio de Ganader\u00eda, Agricultura y Pesca (MGAP). Con esta campa\u00f1a resaltamos esa capacidad transformadora que tiene la mujer rural sobre  el ambiente y la comunidad toda. \u00abEsa capacidad para construir m\u00e1s y mejor ruralidad. Que permite despu\u00e9s  m\u00e1s posibilidades para quien desee desarrollarse en el medio rural\u00bb, expres\u00f3 Maldonado.<\/p>\n\n\n\n<p>Salto, viernes 14 de octubre de 2022<\/p>\n","protected":false},"excerpt":{"rendered":"<p>Este s\u00e1bado 15 de octubre se celebra el d\u00eda internacional de la Mujer Rural, siendo el punto de encuentro la localidad de Blanquillo en el departamento de Durazno. Dentro del [&hellip;]<\/p>\n","protected":false},"author":5,"featured_media":46329,"comment_status":"open","ping_status":"open","sticky":false,"template":"","format":"standard","meta":{"_price":"","_stock":"","_tribe_ticket_header":"","_tribe_default_ticket_provider":"","_tribe_ticket_capacity":"0","_ticket_start_date":"","_ticket_end_date":"","_tribe_ticket_show_description":"","_tribe_ticket_show_not_going":false,"_tribe_ticket_use_global_stock":"","_tribe_ticket_global_stock_level":"","_global_stock_mode":"","_global_stock_cap":"","_tribe_rsvp_for_event":"","_tribe_ticket_going_count":"","_tribe_ticket_not_going_count":"","_tribe_tickets_list":"[]","_tribe_ticket_has_attendee_info_fields":false,"h5ap_radio_sources":[],"_jetpack_newsletter_access":"","_jetpack_dont_email_post_to_subs":false,"_jetpack_newsletter_tier_id":0,"_jetpack_memberships_contains_paywalled_content":false,"_jetpack_memberships_contains_paid_content":false,"footnotes":""},"categories":[21,5],"tags":[],"class_list":["post-46327","post","type-post","status-publish","format-standard","has-post-thumbnail","hentry","category-actualidad","category-ganaderia"],"jetpack_featured_media_url":"https:\/\/i0.wp.com\/lahoradelcampo.com.uy\/site\/wp-content\/uploads\/2022\/10\/Mujeres-rurales.jpg?fit=880%2C440&ssl=1","jetpack_sharing_enabled":true,"jetpack_shortlink":"https:\/\/wp.me\/p99IaT-c3d","jetpack-related-posts":[{"id":5273,"url":"https:\/\/lahoradelcampo.com.uy\/site\/cambio-climatico-con-perspectiva-de-genero-para-mujeres-rurales-en-salto\/","url_meta":{"origin":46327,"position":0},"title":"Cambio clim\u00e1tico con perspectiva de g\u00e9nero para mujeres rurales en Salto","author":"La Hora del Campo","date":"5 enero, 2018","format":false,"excerpt":"Del 18 al 20 de diciembre se realiz\u00f3 en Salto un curso que abord\u00f3, con perspectiva de g\u00e9nero, dos temas relevantes en el medio rural: el cambio clim\u00e1tico y la caminer\u00eda rural. Tuvo lugar en la Estancia Experimental de Facultad de Agronom\u00eda y cont\u00f3 con la participaci\u00f3n de 25 mujeres\u2026","rel":"","context":"En \u00abActualidad\u00bb","block_context":{"text":"Actualidad","link":"https:\/\/lahoradelcampo.com.uy\/site\/category\/actualidad\/"},"img":{"alt_text":"","src":"https:\/\/i0.wp.com\/lahoradelcampo.com.uy\/site\/wp-content\/uploads\/2018\/01\/Mujeres.jpg?fit=880%2C440&ssl=1&resize=350%2C200","width":350,"height":200,"srcset":"https:\/\/i0.wp.com\/lahoradelcampo.com.uy\/site\/wp-content\/uploads\/2018\/01\/Mujeres.jpg?fit=880%2C440&ssl=1&resize=350%2C200 1x, https:\/\/i0.wp.com\/lahoradelcampo.com.uy\/site\/wp-content\/uploads\/2018\/01\/Mujeres.jpg?fit=880%2C440&ssl=1&resize=525%2C300 1.5x, https:\/\/i0.wp.com\/lahoradelcampo.com.uy\/site\/wp-content\/uploads\/2018\/01\/Mujeres.jpg?fit=880%2C440&ssl=1&resize=700%2C400 2x"},"classes":[]},{"id":24652,"url":"https:\/\/lahoradelcampo.com.uy\/site\/el-mgap-celebra-el-dia-de-la-mujer-rural\/","url_meta":{"origin":46327,"position":1},"title":"El MGAP celebra el d\u00eda de la Mujer Rural","author":"La Hora del Campo","date":"15 octubre, 2020","format":false,"excerpt":"La institucionalidad p\u00fablica agropecuaria celebra el D\u00eda Internacional de la Mujer Rural con diversas actividades en varios puntos del pa\u00eds. Las actividades comenzar\u00e1n a la hora 9:30 con la visita las autoridades entre las que se destaca la vicepresidenta Beatriz Argim\u00f3n, al Monumento Mujer Rural en el Km. 72 de\u2026","rel":"","context":"En \u00abActualidad\u00bb","block_context":{"text":"Actualidad","link":"https:\/\/lahoradelcampo.com.uy\/site\/category\/actualidad\/"},"img":{"alt_text":"","src":"https:\/\/i0.wp.com\/lahoradelcampo.com.uy\/site\/wp-content\/uploads\/2018\/01\/Mujeres.jpg?fit=880%2C440&ssl=1&resize=350%2C200","width":350,"height":200,"srcset":"https:\/\/i0.wp.com\/lahoradelcampo.com.uy\/site\/wp-content\/uploads\/2018\/01\/Mujeres.jpg?fit=880%2C440&ssl=1&resize=350%2C200 1x, https:\/\/i0.wp.com\/lahoradelcampo.com.uy\/site\/wp-content\/uploads\/2018\/01\/Mujeres.jpg?fit=880%2C440&ssl=1&resize=525%2C300 1.5x, https:\/\/i0.wp.com\/lahoradelcampo.com.uy\/site\/wp-content\/uploads\/2018\/01\/Mujeres.jpg?fit=880%2C440&ssl=1&resize=700%2C400 2x"},"classes":[]},{"id":24442,"url":"https:\/\/lahoradelcampo.com.uy\/site\/mgap-abrio-periodo-de-consultas-para-la-elaboracion-del-plan-nacional-de-genero\/","url_meta":{"origin":46327,"position":2},"title":"MGAP abri\u00f3 per\u00edodo de consultas para la elaboraci\u00f3n del Plan Nacional de G\u00e9nero","author":"La Hora del Campo","date":"8 octubre, 2020","format":false,"excerpt":"El pasado prmero de octubre, con la presencia de la Vicepresidente de la Rep\u00fablica, Beatriz Argim\u00f3n, la Primera Dama, Lorena Ponce De Le\u00f3n, el Ministro de Ganader\u00eda, Agricultura y Pesca, Carlos Mar\u00eda Uriarte y dem\u00e1s autoridades del MGAP, la directora de Inmujeres, M\u00f3nica Bottero y el oficial a cargo de\u2026","rel":"","context":"En \u00abActualidad\u00bb","block_context":{"text":"Actualidad","link":"https:\/\/lahoradelcampo.com.uy\/site\/category\/actualidad\/"},"img":{"alt_text":"","src":"https:\/\/i0.wp.com\/lahoradelcampo.com.uy\/site\/wp-content\/uploads\/2020\/10\/generomgap.jpg?fit=880%2C440&ssl=1&resize=350%2C200","width":350,"height":200,"srcset":"https:\/\/i0.wp.com\/lahoradelcampo.com.uy\/site\/wp-content\/uploads\/2020\/10\/generomgap.jpg?fit=880%2C440&ssl=1&resize=350%2C200 1x, https:\/\/i0.wp.com\/lahoradelcampo.com.uy\/site\/wp-content\/uploads\/2020\/10\/generomgap.jpg?fit=880%2C440&ssl=1&resize=525%2C300 1.5x, https:\/\/i0.wp.com\/lahoradelcampo.com.uy\/site\/wp-content\/uploads\/2020\/10\/generomgap.jpg?fit=880%2C440&ssl=1&resize=700%2C400 2x"},"classes":[]},{"id":49478,"url":"https:\/\/lahoradelcampo.com.uy\/site\/3-grupos-de-mujeres-reciben-tierras-de-colonizacion\/","url_meta":{"origin":46327,"position":3},"title":"3 grupos de mujeres reciben tierras de Colonizaci\u00f3n","author":"La Hora del Campo","date":"26 marzo, 2023","format":false,"excerpt":"12 mujeres productoras rurales de Canelones y Florida ingresaron con contrato de arrendamiento a tierras del Instituto Nacional de Colonizaci\u00f3n (INC) durante el mes de marzo. Tres grupos de mujeres, Espina Amarilla, Entre Ovejas y Cabras y Las Guacheras de Sarand\u00ed, postularon en llamados abiertos y fueron adjudicadas por el\u2026","rel":"","context":"En \u00abActualidad\u00bb","block_context":{"text":"Actualidad","link":"https:\/\/lahoradelcampo.com.uy\/site\/category\/actualidad\/"},"img":{"alt_text":"","src":"https:\/\/i0.wp.com\/lahoradelcampo.com.uy\/site\/wp-content\/uploads\/2023\/01\/colonizacion-1.jpg?fit=880%2C440&ssl=1&resize=350%2C200","width":350,"height":200,"srcset":"https:\/\/i0.wp.com\/lahoradelcampo.com.uy\/site\/wp-content\/uploads\/2023\/01\/colonizacion-1.jpg?fit=880%2C440&ssl=1&resize=350%2C200 1x, https:\/\/i0.wp.com\/lahoradelcampo.com.uy\/site\/wp-content\/uploads\/2023\/01\/colonizacion-1.jpg?fit=880%2C440&ssl=1&resize=525%2C300 1.5x, https:\/\/i0.wp.com\/lahoradelcampo.com.uy\/site\/wp-content\/uploads\/2023\/01\/colonizacion-1.jpg?fit=880%2C440&ssl=1&resize=700%2C400 2x"},"classes":[]},{"id":29112,"url":"https:\/\/lahoradelcampo.com.uy\/site\/fr-marcara-fecha-para-su-congreso-anual-el-proximo-lunes\/","url_meta":{"origin":46327,"position":4},"title":"FR marcar\u00e1 fecha para su Congreso Anual el pr\u00f3ximo lunes","author":"La Hora del Campo","date":"9 abril, 2021","format":false,"excerpt":"La Federaci\u00f3n Rural del Uruguay, luego de muchos a\u00f1os vuelve a tener dos listas pugnando por la presidencia de la gremial. Recordemos que ambas listas fueron presentadas el pasado 8 de marzo, el D\u00eda Internacional de la Mujer que adem\u00e1s quedar\u00e1 marcado a fuego en la historia de la gremial,\u2026","rel":"","context":"En \u00abActualidad\u00bb","block_context":{"text":"Actualidad","link":"https:\/\/lahoradelcampo.com.uy\/site\/category\/actualidad\/"},"img":{"alt_text":"","src":"https:\/\/i0.wp.com\/lahoradelcampo.com.uy\/site\/wp-content\/uploads\/2019\/05\/Federacion-Rural-1.jpg?fit=880%2C440&ssl=1&resize=350%2C200","width":350,"height":200,"srcset":"https:\/\/i0.wp.com\/lahoradelcampo.com.uy\/site\/wp-content\/uploads\/2019\/05\/Federacion-Rural-1.jpg?fit=880%2C440&ssl=1&resize=350%2C200 1x, https:\/\/i0.wp.com\/lahoradelcampo.com.uy\/site\/wp-content\/uploads\/2019\/05\/Federacion-Rural-1.jpg?fit=880%2C440&ssl=1&resize=525%2C300 1.5x, https:\/\/i0.wp.com\/lahoradelcampo.com.uy\/site\/wp-content\/uploads\/2019\/05\/Federacion-Rural-1.jpg?fit=880%2C440&ssl=1&resize=700%2C400 2x"},"classes":[]},{"id":31600,"url":"https:\/\/lahoradelcampo.com.uy\/site\/monica-silva-es-la-primer-mujer-en-asumir-la-fr\/","url_meta":{"origin":46327,"position":5},"title":"M\u00f3nica Silva es la primer mujer en  asumir la FR","author":"La Hora del Campo","date":"28 junio, 2021","format":false,"excerpt":"El s\u00e1bado fue hist\u00f3rico en la Federaci\u00f3n Rural del Uruguay, porqu\u00e9 en el marco del Congreso Anual de la gremial lleg\u00f3 a su fin la campa\u00f1a eleccionaria entre dos listas encabezadas por mujeres, que comenz\u00f3 el pasado 8 de marzo, D\u00eda Internacional de la Mujer, y de esta manera la\u2026","rel":"","context":"En \u00abActualidad\u00bb","block_context":{"text":"Actualidad","link":"https:\/\/lahoradelcampo.com.uy\/site\/category\/actualidad\/"},"img":{"alt_text":"","src":"https:\/\/i0.wp.com\/lahoradelcampo.com.uy\/site\/wp-content\/uploads\/2021\/06\/Federaci%C3%B3nMonica.jpg?fit=880%2C440&ssl=1&resize=350%2C200","width":350,"height":200,"srcset":"https:\/\/i0.wp.com\/lahoradelcampo.com.uy\/site\/wp-content\/uploads\/2021\/06\/Federaci%C3%B3nMonica.jpg?fit=880%2C440&ssl=1&resize=350%2C200 1x, https:\/\/i0.wp.com\/lahoradelcampo.com.uy\/site\/wp-content\/uploads\/2021\/06\/Federaci%C3%B3nMonica.jpg?fit=880%2C440&ssl=1&resize=525%2C300 1.5x, https:\/\/i0.wp.com\/lahoradelcampo.com.uy\/site\/wp-content\/uploads\/2021\/06\/Federaci%C3%B3nMonica.jpg?fit=880%2C440&ssl=1&resize=700%2C400 2x"},"classes":[]}],"jetpack_likes_enabled":true,"_links":{"self":[{"href":"https:\/\/lahoradelcampo.com.uy\/site\/wp-json\/wp\/v2\/posts\/46327","targetHints":{"allow":["GET"]}}],"collection":[{"href":"https:\/\/lahoradelcampo.com.uy\/site\/wp-json\/wp\/v2\/posts"}],"about":[{"href":"https:\/\/lahoradelcampo.com.uy\/site\/wp-json\/wp\/v2\/types\/post"}],"author":[{"embeddable":true,"href":"https:\/\/lahoradelcampo.com.uy\/site\/wp-json\/wp\/v2\/users\/5"}],"replies":[{"embeddable":true,"href":"https:\/\/lahoradelcampo.com.uy\/site\/wp-json\/wp\/v2\/comments?post=46327"}],"version-history":[{"count":1,"href":"https:\/\/lahoradelcampo.com.uy\/site\/wp-json\/wp\/v2\/posts\/46327\/revisions"}],"predecessor-version":[{"id":46331,"href":"https:\/\/lahoradelcampo.com.uy\/site\/wp-json\/wp\/v2\/posts\/46327\/revisions\/46331"}],"wp:featuredmedia":[{"embeddable":true,"href":"https:\/\/lahoradelcampo.com.uy\/site\/wp-json\/wp\/v2\/media\/46329"}],"wp:attachment":[{"href":"https:\/\/lahoradelcampo.com.uy\/site\/wp-json\/wp\/v2\/media?parent=46327"}],"wp:term":[{"taxonomy":"category","embeddable":true,"href":"https:\/\/lahoradelcampo.com.uy\/site\/wp-json\/wp\/v2\/categories?post=46327"},{"taxonomy":"post_tag","embeddable":true,"href":"https:\/\/lahoradelcampo.com.uy\/site\/wp-json\/wp\/v2\/tags?post=46327"}],"curies":[{"name":"wp","href":"https:\/\/api.w.org\/{rel}","templated":true}]}}