{"id":46323,"date":"2022-10-14T07:17:46","date_gmt":"2022-10-14T10:17:46","guid":{"rendered":"http:\/\/lahoradelcampo.com.uy\/site\/?p=46323"},"modified":"2022-10-14T07:17:53","modified_gmt":"2022-10-14T10:17:53","slug":"lanas-en-australia-sumaron-la-novena-semana-consecutiva-a-la-baja","status":"publish","type":"post","link":"https:\/\/lahoradelcampo.com.uy\/site\/lanas-en-australia-sumaron-la-novena-semana-consecutiva-a-la-baja\/","title":{"rendered":"Lanas en Australia sumaron la novena semana consecutiva a la baja"},"content":{"rendered":"\n<figure class=\"wp-block-image\"><img data-recalc-dims=\"1\" loading=\"lazy\" decoding=\"async\" width=\"810\" height=\"405\" data-attachment-id=\"31198\" data-permalink=\"https:\/\/lahoradelcampo.com.uy\/site\/el-ime-sigue-al-alza-tras-cerrar-la-semana-en-us-1078\/lanaaustralia1\/\" data-orig-file=\"https:\/\/i0.wp.com\/lahoradelcampo.com.uy\/site\/wp-content\/uploads\/2021\/06\/lanaaustralia1.jpg?fit=880%2C440&amp;ssl=1\" data-orig-size=\"880,440\" data-comments-opened=\"1\" data-image-meta=\"{&quot;aperture&quot;:&quot;0&quot;,&quot;credit&quot;:&quot;&quot;,&quot;camera&quot;:&quot;&quot;,&quot;caption&quot;:&quot;&quot;,&quot;created_timestamp&quot;:&quot;0&quot;,&quot;copyright&quot;:&quot;&quot;,&quot;focal_length&quot;:&quot;0&quot;,&quot;iso&quot;:&quot;0&quot;,&quot;shutter_speed&quot;:&quot;0&quot;,&quot;title&quot;:&quot;&quot;,&quot;orientation&quot;:&quot;1&quot;}\" data-image-title=\"lanaaustralia1\" data-image-description=\"\" data-image-caption=\"\" data-large-file=\"https:\/\/i0.wp.com\/lahoradelcampo.com.uy\/site\/wp-content\/uploads\/2021\/06\/lanaaustralia1.jpg?fit=810%2C405&amp;ssl=1\" src=\"https:\/\/i0.wp.com\/lahoradelcampo.com.uy\/site\/wp-content\/uploads\/2021\/06\/lanaaustralia1.jpg?resize=810%2C405\" alt=\"\" class=\"wp-image-31198\" srcset=\"https:\/\/i0.wp.com\/lahoradelcampo.com.uy\/site\/wp-content\/uploads\/2021\/06\/lanaaustralia1.jpg?w=880&amp;ssl=1 880w, https:\/\/i0.wp.com\/lahoradelcampo.com.uy\/site\/wp-content\/uploads\/2021\/06\/lanaaustralia1.jpg?resize=300%2C150&amp;ssl=1 300w, https:\/\/i0.wp.com\/lahoradelcampo.com.uy\/site\/wp-content\/uploads\/2021\/06\/lanaaustralia1.jpg?resize=768%2C384&amp;ssl=1 768w, https:\/\/i0.wp.com\/lahoradelcampo.com.uy\/site\/wp-content\/uploads\/2021\/06\/lanaaustralia1.jpg?resize=820%2C410&amp;ssl=1 820w\" sizes=\"auto, (max-width: 810px) 100vw, 810px\" \/><\/figure>\n\n\n\n<p>A pesar de la suba al cierre de la semana, en la suma de las dos jornadas de ventas, el mercado lanero australiano alcanz\u00f3 la novena semana consecutiva de bajas en el Indicador de Mercados del Este (IME). La fibra viene con el viento en contra esta zafra, donde el fortalecimiento del d\u00f3lar, las medidas restrictivas anti-covid en China, el reingreso de la lana sudafricana al mercado y la guerra entre Rusia y Ucrania, son los principales fundamentos que explican el comportamiento de la demanda. <br><\/p>\n\n\n\n<p>El punto positivo de la semana, fueron las ventas del pasado mi\u00e9rcoles, en un contexto de menor demanda y fardos que mostraron un mejor nivel de calidad, que semanas anteriores. La oferta en la semana se posicion\u00f3 en los 32.107 fardos, un 10,8% menos que la semana anterior. Se coloc\u00f3 el 95,2% de la oferta semanal. <br><\/p>\n\n\n\n<p>Al cierre de la semana, el IME cerr\u00f3 en A$ 12,71, quebrando una l\u00ednea de seis semanas de bajas en la moneda local, con un incremento de 36 centavos tras los dos d\u00edas de ventas. <br><\/p>\n\n\n\n<p>En la moneda estadounidense el mercado se mantiene por debajo de los ocho d\u00f3lares, con un indicador que cerr\u00f3 en US$ 7,94. De esta manera el IME suma la novena semana de bajas consecutivas en d\u00f3lares estadounidenses, tras perder 13 centavos en los dos d\u00edas de ventas, mientras que desde la semana cerrada el pasado 11 de agosto, el indicador ha ca\u00eddo US$ 1,55 y un 18% por debajo del 12 de octubre de 2021.<br><\/p>\n\n\n\n<p>Sidney, Melbourne y Fremantle retornaran a la operativa los d\u00edas martes 18 y mi\u00e9rcoles 19 de octubre con una oferta estimada de 37.122 fardos. De acuerdo a Australian Wool Exchange (Awex) en Sidney se tiene designada una nueva venta de lanas superfinas. <\/p>\n\n\n\n<p>Salto, viernes 14 de octubre de 2022<\/p>\n","protected":false},"excerpt":{"rendered":"<p>A pesar de la suba al cierre de la semana, en la suma de las dos jornadas de ventas, el mercado lanero australiano alcanz\u00f3 la novena semana consecutiva de bajas [&hellip;]<\/p>\n","protected":false},"author":5,"featured_media":31198,"comment_status":"open","ping_status":"open","sticky":false,"template":"","format":"standard","meta":{"_price":"","_stock":"","_tribe_ticket_header":"","_tribe_default_ticket_provider":"","_tribe_ticket_capacity":"0","_ticket_start_date":"","_ticket_end_date":"","_tribe_ticket_show_description":"","_tribe_ticket_show_not_going":false,"_tribe_ticket_use_global_stock":"","_tribe_ticket_global_stock_level":"","_global_stock_mode":"","_global_stock_cap":"","_tribe_rsvp_for_event":"","_tribe_ticket_going_count":"","_tribe_ticket_not_going_count":"","_tribe_tickets_list":"[]","_tribe_ticket_has_attendee_info_fields":false,"h5ap_radio_sources":[],"_jetpack_newsletter_access":"","_jetpack_dont_email_post_to_subs":false,"_jetpack_newsletter_tier_id":0,"_jetpack_memberships_contains_paywalled_content":false,"_jetpack_memberships_contains_paid_content":false,"footnotes":""},"categories":[21,13],"tags":[],"class_list":["post-46323","post","type-post","status-publish","format-standard","has-post-thumbnail","hentry","category-actualidad","category-ovinos"],"jetpack_featured_media_url":"https:\/\/i0.wp.com\/lahoradelcampo.com.uy\/site\/wp-content\/uploads\/2021\/06\/lanaaustralia1.jpg?fit=880%2C440&ssl=1","jetpack_sharing_enabled":true,"jetpack_shortlink":"https:\/\/wp.me\/p99IaT-c39","jetpack-related-posts":[{"id":2991,"url":"https:\/\/lahoradelcampo.com.uy\/site\/ime-sumo-su-tercera-semana-consecutiva-al-alza\/","url_meta":{"origin":46323,"position":0},"title":"IME sum\u00f3 su tercera semana consecutiva al alza","author":"La Hora del Campo","date":"19 octubre, 2017","format":false,"excerpt":"El mercado lanero australiano cerr\u00f3 su tercera semana consecutiva al alza, con un Indicador de Mercados del Este alcanzando los U$S 12,31 al cierre de la operativa de este jueves, increment\u00e1ndose en la semana U$S 0,07 por kilogramo base limpia. Desde el pasado 28 de setiembre donde se alcanz\u00f3 el\u2026","rel":"","context":"En \u00abGanader\u00eda\u00bb","block_context":{"text":"Ganader\u00eda","link":"https:\/\/lahoradelcampo.com.uy\/site\/category\/ganaderia\/"},"img":{"alt_text":"","src":"https:\/\/i0.wp.com\/lahoradelcampo.com.uy\/site\/wp-content\/uploads\/2017\/10\/Lanas-australia-1.jpg?fit=880%2C440&ssl=1&resize=350%2C200","width":350,"height":200,"srcset":"https:\/\/i0.wp.com\/lahoradelcampo.com.uy\/site\/wp-content\/uploads\/2017\/10\/Lanas-australia-1.jpg?fit=880%2C440&ssl=1&resize=350%2C200 1x, https:\/\/i0.wp.com\/lahoradelcampo.com.uy\/site\/wp-content\/uploads\/2017\/10\/Lanas-australia-1.jpg?fit=880%2C440&ssl=1&resize=525%2C300 1.5x, https:\/\/i0.wp.com\/lahoradelcampo.com.uy\/site\/wp-content\/uploads\/2017\/10\/Lanas-australia-1.jpg?fit=880%2C440&ssl=1&resize=700%2C400 2x"},"classes":[]},{"id":48503,"url":"https:\/\/lahoradelcampo.com.uy\/site\/buena-demanda-y-subas-en-el-ime-para-iniciar-el-mes-de-febrero\/","url_meta":{"origin":46323,"position":1},"title":"Buena demanda y subas en el IME para iniciar el mes de febrero","author":"La Hora del Campo","date":"6 febrero, 2023","format":false,"excerpt":"El mercado lanero australiano cerr\u00f3 enero con bajas en d\u00f3lares estadounidenses y abri\u00f3 febrero con subas, que permitieron sumar la sexta semana consecutiva de subas en el Indicador de mercados del este (IME), analizado en la moneda estadounidense. Desde la semana cerrada el pasado 23 de noviembre de 2022, el\u2026","rel":"","context":"En \u00abActualidad\u00bb","block_context":{"text":"Actualidad","link":"https:\/\/lahoradelcampo.com.uy\/site\/category\/actualidad\/"},"img":{"alt_text":"","src":"https:\/\/i0.wp.com\/lahoradelcampo.com.uy\/site\/wp-content\/uploads\/2023\/02\/Lana-australiana1.jpg?fit=880%2C440&ssl=1&resize=350%2C200","width":350,"height":200,"srcset":"https:\/\/i0.wp.com\/lahoradelcampo.com.uy\/site\/wp-content\/uploads\/2023\/02\/Lana-australiana1.jpg?fit=880%2C440&ssl=1&resize=350%2C200 1x, https:\/\/i0.wp.com\/lahoradelcampo.com.uy\/site\/wp-content\/uploads\/2023\/02\/Lana-australiana1.jpg?fit=880%2C440&ssl=1&resize=525%2C300 1.5x, https:\/\/i0.wp.com\/lahoradelcampo.com.uy\/site\/wp-content\/uploads\/2023\/02\/Lana-australiana1.jpg?fit=880%2C440&ssl=1&resize=700%2C400 2x"},"classes":[]},{"id":15344,"url":"https:\/\/lahoradelcampo.com.uy\/site\/australia-concreto-una-nueva-semana-al-alza-en-el-ime\/","url_meta":{"origin":46323,"position":2},"title":"Australia concret\u00f3 una nueva semana al alza en el IME","author":"La Hora del Campo","date":"24 octubre, 2019","format":false,"excerpt":"Australia concreto una semana alcista en los valores, luego de los dos d\u00edas de remates de esta semana. Con una oferta considerada peque\u00f1a en el contexto general, teniendo en cuenta que Sidney registro actividad \u00fanicamente durante el primer d\u00eda de ventas. La demanda se posicion\u00f3 firme, con subas en todos\u2026","rel":"","context":"En \u00abActualidad\u00bb","block_context":{"text":"Actualidad","link":"https:\/\/lahoradelcampo.com.uy\/site\/category\/actualidad\/"},"img":{"alt_text":"","src":"https:\/\/i0.wp.com\/lahoradelcampo.com.uy\/site\/wp-content\/uploads\/2017\/11\/lanas.jpg?fit=880%2C440&ssl=1&resize=350%2C200","width":350,"height":200,"srcset":"https:\/\/i0.wp.com\/lahoradelcampo.com.uy\/site\/wp-content\/uploads\/2017\/11\/lanas.jpg?fit=880%2C440&ssl=1&resize=350%2C200 1x, https:\/\/i0.wp.com\/lahoradelcampo.com.uy\/site\/wp-content\/uploads\/2017\/11\/lanas.jpg?fit=880%2C440&ssl=1&resize=525%2C300 1.5x, https:\/\/i0.wp.com\/lahoradelcampo.com.uy\/site\/wp-content\/uploads\/2017\/11\/lanas.jpg?fit=880%2C440&ssl=1&resize=700%2C400 2x"},"classes":[]},{"id":46165,"url":"https:\/\/lahoradelcampo.com.uy\/site\/una-nueva-semana-lanera-que-termina-con-perdidas-en-el-ime\/","url_meta":{"origin":46323,"position":3},"title":"Una nueva semana lanera que termina con p\u00e9rdidas en el IME","author":"La Hora del Campo","date":"7 octubre, 2022","format":false,"excerpt":"Con una jornada de baja y otra de suba, el Indicador de Mercados del Este (IME) cerr\u00f3 la semana con un descenso de cinco centavos en el promedio, siendo esta la octava semana consecutiva donde el resultado es negativo. La estabilidad del mercado en la jornada de ayer jueves, mostr\u00f3\u2026","rel":"","context":"En \u00abActualidad\u00bb","block_context":{"text":"Actualidad","link":"https:\/\/lahoradelcampo.com.uy\/site\/category\/actualidad\/"},"img":{"alt_text":"","src":"https:\/\/i0.wp.com\/lahoradelcampo.com.uy\/site\/wp-content\/uploads\/2019\/05\/lanas-australia-a.jpg?fit=880%2C440&ssl=1&resize=350%2C200","width":350,"height":200,"srcset":"https:\/\/i0.wp.com\/lahoradelcampo.com.uy\/site\/wp-content\/uploads\/2019\/05\/lanas-australia-a.jpg?fit=880%2C440&ssl=1&resize=350%2C200 1x, https:\/\/i0.wp.com\/lahoradelcampo.com.uy\/site\/wp-content\/uploads\/2019\/05\/lanas-australia-a.jpg?fit=880%2C440&ssl=1&resize=525%2C300 1.5x, https:\/\/i0.wp.com\/lahoradelcampo.com.uy\/site\/wp-content\/uploads\/2019\/05\/lanas-australia-a.jpg?fit=880%2C440&ssl=1&resize=700%2C400 2x"},"classes":[]},{"id":56992,"url":"https:\/\/lahoradelcampo.com.uy\/site\/australia-con-suba-sostenida-y-fuerte-demanda-ojo-con-el-aumento-de-oferta\/","url_meta":{"origin":46323,"position":4},"title":"Australia con suba sostenida y fuerte demanda; ojo con el aumento de oferta","author":"La Hora del Campo","date":"3 octubre, 2025","format":false,"excerpt":"La semana cerr\u00f3 con una nueva y pronunciada suba en los precios de la lana en Australia. El Indicador de Mercados del Este (IME) cerr\u00f3 en 15,65 d\u00f3lares australianos por kilogramo base limpia, en los dos d\u00edas de ventas el indicador avanz\u00f3 112 centavos en la moneda australiana. El mercado\u2026","rel":"","context":"En \u00abActualidad\u00bb","block_context":{"text":"Actualidad","link":"https:\/\/lahoradelcampo.com.uy\/site\/category\/actualidad\/"},"img":{"alt_text":"","src":"https:\/\/i0.wp.com\/lahoradelcampo.com.uy\/site\/wp-content\/uploads\/2018\/03\/Lanaa.jpg?fit=880%2C440&ssl=1&resize=350%2C200","width":350,"height":200,"srcset":"https:\/\/i0.wp.com\/lahoradelcampo.com.uy\/site\/wp-content\/uploads\/2018\/03\/Lanaa.jpg?fit=880%2C440&ssl=1&resize=350%2C200 1x, https:\/\/i0.wp.com\/lahoradelcampo.com.uy\/site\/wp-content\/uploads\/2018\/03\/Lanaa.jpg?fit=880%2C440&ssl=1&resize=525%2C300 1.5x, https:\/\/i0.wp.com\/lahoradelcampo.com.uy\/site\/wp-content\/uploads\/2018\/03\/Lanaa.jpg?fit=880%2C440&ssl=1&resize=700%2C400 2x"},"classes":[]},{"id":23846,"url":"https:\/\/lahoradelcampo.com.uy\/site\/semana-muy-positiva-para-el-mercado-lanero\/","url_meta":{"origin":46323,"position":5},"title":"Semana muy positiva para el mercado lanero","author":"La Hora del Campo","date":"19 septiembre, 2020","format":false,"excerpt":"El mercado lanero australiano cerr\u00f3 la segunda semana consecutiva al alza, con un Indicador de Mercados del Este que trep\u00f3 a los US$ 6,86 por kilogramo base limpia, subiendo 43 centavos tras los dos d\u00edas de ventas. Tras el piso de hace tres semanas atr\u00e1s, donde le indicador cotiz\u00f3 a\u2026","rel":"","context":"En \u00abActualidad\u00bb","block_context":{"text":"Actualidad","link":"https:\/\/lahoradelcampo.com.uy\/site\/category\/actualidad\/"},"img":{"alt_text":"","src":"https:\/\/i0.wp.com\/lahoradelcampo.com.uy\/site\/wp-content\/uploads\/2020\/05\/lana-1.jpg?fit=880%2C440&ssl=1&resize=350%2C200","width":350,"height":200,"srcset":"https:\/\/i0.wp.com\/lahoradelcampo.com.uy\/site\/wp-content\/uploads\/2020\/05\/lana-1.jpg?fit=880%2C440&ssl=1&resize=350%2C200 1x, https:\/\/i0.wp.com\/lahoradelcampo.com.uy\/site\/wp-content\/uploads\/2020\/05\/lana-1.jpg?fit=880%2C440&ssl=1&resize=525%2C300 1.5x, https:\/\/i0.wp.com\/lahoradelcampo.com.uy\/site\/wp-content\/uploads\/2020\/05\/lana-1.jpg?fit=880%2C440&ssl=1&resize=700%2C400 2x"},"classes":[]}],"jetpack_likes_enabled":true,"_links":{"self":[{"href":"https:\/\/lahoradelcampo.com.uy\/site\/wp-json\/wp\/v2\/posts\/46323","targetHints":{"allow":["GET"]}}],"collection":[{"href":"https:\/\/lahoradelcampo.com.uy\/site\/wp-json\/wp\/v2\/posts"}],"about":[{"href":"https:\/\/lahoradelcampo.com.uy\/site\/wp-json\/wp\/v2\/types\/post"}],"author":[{"embeddable":true,"href":"https:\/\/lahoradelcampo.com.uy\/site\/wp-json\/wp\/v2\/users\/5"}],"replies":[{"embeddable":true,"href":"https:\/\/lahoradelcampo.com.uy\/site\/wp-json\/wp\/v2\/comments?post=46323"}],"version-history":[{"count":1,"href":"https:\/\/lahoradelcampo.com.uy\/site\/wp-json\/wp\/v2\/posts\/46323\/revisions"}],"predecessor-version":[{"id":46325,"href":"https:\/\/lahoradelcampo.com.uy\/site\/wp-json\/wp\/v2\/posts\/46323\/revisions\/46325"}],"wp:featuredmedia":[{"embeddable":true,"href":"https:\/\/lahoradelcampo.com.uy\/site\/wp-json\/wp\/v2\/media\/31198"}],"wp:attachment":[{"href":"https:\/\/lahoradelcampo.com.uy\/site\/wp-json\/wp\/v2\/media?parent=46323"}],"wp:term":[{"taxonomy":"category","embeddable":true,"href":"https:\/\/lahoradelcampo.com.uy\/site\/wp-json\/wp\/v2\/categories?post=46323"},{"taxonomy":"post_tag","embeddable":true,"href":"https:\/\/lahoradelcampo.com.uy\/site\/wp-json\/wp\/v2\/tags?post=46323"}],"curies":[{"name":"wp","href":"https:\/\/api.w.org\/{rel}","templated":true}]}}