{"id":46319,"date":"2022-10-14T09:27:16","date_gmt":"2022-10-14T12:27:16","guid":{"rendered":"http:\/\/lahoradelcampo.com.uy\/site\/?p=46319"},"modified":"2022-10-14T09:27:21","modified_gmt":"2022-10-14T12:27:21","slug":"cabana-santa-lucia-resalto-el-asesoramiento-tecnico-de-biogenesis-bago","status":"publish","type":"post","link":"https:\/\/lahoradelcampo.com.uy\/site\/cabana-santa-lucia-resalto-el-asesoramiento-tecnico-de-biogenesis-bago\/","title":{"rendered":"Caba\u00f1a Santa Luc\u00eda resalt\u00f3 el asesoramiento t\u00e9cnico de Biog\u00e9nesis Bag\u00f3"},"content":{"rendered":"\n<figure class=\"wp-block-image\"><img data-recalc-dims=\"1\" loading=\"lazy\" decoding=\"async\" width=\"810\" height=\"405\" data-attachment-id=\"46345\" data-permalink=\"https:\/\/lahoradelcampo.com.uy\/site\/cabana-santa-lucia-resalto-el-asesoramiento-tecnico-de-biogenesis-bago\/biogenesis-santalucia\/\" data-orig-file=\"https:\/\/i0.wp.com\/lahoradelcampo.com.uy\/site\/wp-content\/uploads\/2022\/10\/biogenesis-santalucia.jpg?fit=880%2C440&amp;ssl=1\" data-orig-size=\"880,440\" data-comments-opened=\"1\" data-image-meta=\"{&quot;aperture&quot;:&quot;0&quot;,&quot;credit&quot;:&quot;&quot;,&quot;camera&quot;:&quot;&quot;,&quot;caption&quot;:&quot;&quot;,&quot;created_timestamp&quot;:&quot;0&quot;,&quot;copyright&quot;:&quot;&quot;,&quot;focal_length&quot;:&quot;0&quot;,&quot;iso&quot;:&quot;0&quot;,&quot;shutter_speed&quot;:&quot;0&quot;,&quot;title&quot;:&quot;&quot;,&quot;orientation&quot;:&quot;1&quot;}\" data-image-title=\"biogenesis-santalucia\" data-image-description=\"\" data-image-caption=\"\" data-large-file=\"https:\/\/i0.wp.com\/lahoradelcampo.com.uy\/site\/wp-content\/uploads\/2022\/10\/biogenesis-santalucia.jpg?fit=810%2C405&amp;ssl=1\" src=\"https:\/\/i0.wp.com\/lahoradelcampo.com.uy\/site\/wp-content\/uploads\/2022\/10\/biogenesis-santalucia.jpg?resize=810%2C405\" alt=\"\" class=\"wp-image-46345\" srcset=\"https:\/\/i0.wp.com\/lahoradelcampo.com.uy\/site\/wp-content\/uploads\/2022\/10\/biogenesis-santalucia.jpg?w=880&amp;ssl=1 880w, https:\/\/i0.wp.com\/lahoradelcampo.com.uy\/site\/wp-content\/uploads\/2022\/10\/biogenesis-santalucia.jpg?resize=300%2C150&amp;ssl=1 300w, https:\/\/i0.wp.com\/lahoradelcampo.com.uy\/site\/wp-content\/uploads\/2022\/10\/biogenesis-santalucia.jpg?resize=768%2C384&amp;ssl=1 768w, https:\/\/i0.wp.com\/lahoradelcampo.com.uy\/site\/wp-content\/uploads\/2022\/10\/biogenesis-santalucia.jpg?resize=820%2C410&amp;ssl=1 820w\" sizes=\"auto, (max-width: 810px) 100vw, 810px\" \/><\/figure>\n\n\n\n<p>Santiago Effinger, principal de la caba\u00f1a Santa Luc\u00eda del departamento de Lavalleja, destac\u00f3 el asesoramiento t\u00e9cnico de Biog\u00e9nesis Bag\u00f3, tras la aplicaci\u00f3n de los nuevos protocolos de inseminaci\u00f3n artificial a tiempo fijo.<\/p>\n\n\n\n<figure class=\"wp-block-embed-youtube wp-block-embed is-type-video is-provider-youtube wp-embed-aspect-16-9 wp-has-aspect-ratio\"><div class=\"wp-block-embed__wrapper\">\n<span class=\"embed-youtube\" style=\"text-align:center; display: block;\"><iframe loading=\"lazy\" class=\"youtube-player\" width=\"810\" height=\"456\" src=\"https:\/\/www.youtube.com\/embed\/oBUDzLWNt_0?version=3&#038;rel=1&#038;showsearch=0&#038;showinfo=1&#038;iv_load_policy=1&#038;fs=1&#038;hl=es-ES&#038;autohide=2&#038;wmode=transparent\" allowfullscreen=\"true\" style=\"border:0;\" sandbox=\"allow-scripts allow-same-origin allow-popups allow-presentation allow-popups-to-escape-sandbox\"><\/iframe><\/span>\n<\/div><\/figure>\n\n\n\n<p>Biog\u00e9nesis Bag\u00f3 una empresa global, con m\u00e1s de 30 a\u00f1os instalada en el Uruguay, con un fuerte arraigo a nivel local y cada vez m\u00e1s cerca de los productores y el comercio. <\/p>\n\n\n\n<p>Salto, viernes 14 de octubre de 2022<\/p>\n","protected":false},"excerpt":{"rendered":"<p>Santiago Effinger, principal de la caba\u00f1a Santa Luc\u00eda del departamento de Lavalleja, destac\u00f3 el asesoramiento t\u00e9cnico de Biog\u00e9nesis Bag\u00f3, tras la aplicaci\u00f3n de los nuevos protocolos de inseminaci\u00f3n artificial a [&hellip;]<\/p>\n","protected":false},"author":5,"featured_media":46345,"comment_status":"open","ping_status":"open","sticky":false,"template":"","format":"standard","meta":{"_price":"","_stock":"","_tribe_ticket_header":"","_tribe_default_ticket_provider":"","_tribe_ticket_capacity":"0","_ticket_start_date":"","_ticket_end_date":"","_tribe_ticket_show_description":"","_tribe_ticket_show_not_going":false,"_tribe_ticket_use_global_stock":"","_tribe_ticket_global_stock_level":"","_global_stock_mode":"","_global_stock_cap":"","_tribe_rsvp_for_event":"","_tribe_ticket_going_count":"","_tribe_ticket_not_going_count":"","_tribe_tickets_list":"[]","_tribe_ticket_has_attendee_info_fields":false,"h5ap_radio_sources":[],"_jetpack_newsletter_access":"","_jetpack_dont_email_post_to_subs":false,"_jetpack_newsletter_tier_id":0,"_jetpack_memberships_contains_paywalled_content":false,"_jetpack_memberships_contains_paid_content":false,"footnotes":""},"categories":[21,5],"tags":[],"class_list":["post-46319","post","type-post","status-publish","format-standard","has-post-thumbnail","hentry","category-actualidad","category-ganaderia"],"jetpack_featured_media_url":"https:\/\/i0.wp.com\/lahoradelcampo.com.uy\/site\/wp-content\/uploads\/2022\/10\/biogenesis-santalucia.jpg?fit=880%2C440&ssl=1","jetpack_sharing_enabled":true,"jetpack_shortlink":"https:\/\/wp.me\/p99IaT-c35","jetpack-related-posts":[{"id":38777,"url":"https:\/\/lahoradelcampo.com.uy\/site\/biogenesis-bago-genera-oportunidades-para-el-comercio-y-el-cliente\/","url_meta":{"origin":46319,"position":0},"title":"Biog\u00e9nesis Bag\u00f3 genera oportunidades para el comercio y el cliente","author":"La Hora del Campo","date":"1 febrero, 2022","format":false,"excerpt":"https:\/\/www.youtube.com\/watch?v=rQtcH3fNuLE El Dr. Adolfo Bortagaray, responsable t\u00e9cnico de Veterinaria Bortagaray en Salto, destac\u00f3 la importancia la sinergia que se logra con el equipo t\u00e9cnico de Biog\u00e9nesis Bag\u00f3. \"Si bien es global, es muy cercana, se mueve como una empresa local y eso genera siempre oportunidades y genera cercan\u00eda con el\u2026","rel":"","context":"En \u00abActualidad\u00bb","block_context":{"text":"Actualidad","link":"https:\/\/lahoradelcampo.com.uy\/site\/category\/actualidad\/"},"img":{"alt_text":"","src":"https:\/\/i0.wp.com\/lahoradelcampo.com.uy\/site\/wp-content\/uploads\/2022\/02\/Biogenesis-bortagaray.jpg?fit=880%2C440&ssl=1&resize=350%2C200","width":350,"height":200,"srcset":"https:\/\/i0.wp.com\/lahoradelcampo.com.uy\/site\/wp-content\/uploads\/2022\/02\/Biogenesis-bortagaray.jpg?fit=880%2C440&ssl=1&resize=350%2C200 1x, https:\/\/i0.wp.com\/lahoradelcampo.com.uy\/site\/wp-content\/uploads\/2022\/02\/Biogenesis-bortagaray.jpg?fit=880%2C440&ssl=1&resize=525%2C300 1.5x, https:\/\/i0.wp.com\/lahoradelcampo.com.uy\/site\/wp-content\/uploads\/2022\/02\/Biogenesis-bortagaray.jpg?fit=880%2C440&ssl=1&resize=700%2C400 2x"},"classes":[]},{"id":38609,"url":"https:\/\/lahoradelcampo.com.uy\/site\/duarte-biogenesis-bago-tiene-un-muy-buen-equipo\/","url_meta":{"origin":46319,"position":1},"title":"Duarte: \u00abBiog\u00e9nesis Bag\u00f3, tiene un muy buen equipo\u00bb","author":"La Hora del Campo","date":"26 enero, 2022","format":false,"excerpt":"https:\/\/www.youtube.com\/watch?v=lVHGMlDguzU Adri\u00e1n Duarte, productor y caba\u00f1ero del departamento de Tacuaremb\u00f3, recorri\u00f3 sus establecimientos en el norte del pa\u00eds, en conjunto con los t\u00e9cnicos de Biog\u00e9nesis Bag\u00f3, una empresa global con m\u00e1s de 30 a\u00f1os junto al productor uruguayo. El principal de la caba\u00f1a Rinc\u00f3n de los Negros resalt\u00f3 el resultado\u2026","rel":"","context":"En \u00abActualidad\u00bb","block_context":{"text":"Actualidad","link":"https:\/\/lahoradelcampo.com.uy\/site\/category\/actualidad\/"},"img":{"alt_text":"","src":"https:\/\/i0.wp.com\/lahoradelcampo.com.uy\/site\/wp-content\/uploads\/2022\/01\/Biogenesis-duarte.jpg?fit=880%2C440&ssl=1&resize=350%2C200","width":350,"height":200,"srcset":"https:\/\/i0.wp.com\/lahoradelcampo.com.uy\/site\/wp-content\/uploads\/2022\/01\/Biogenesis-duarte.jpg?fit=880%2C440&ssl=1&resize=350%2C200 1x, https:\/\/i0.wp.com\/lahoradelcampo.com.uy\/site\/wp-content\/uploads\/2022\/01\/Biogenesis-duarte.jpg?fit=880%2C440&ssl=1&resize=525%2C300 1.5x, https:\/\/i0.wp.com\/lahoradelcampo.com.uy\/site\/wp-content\/uploads\/2022\/01\/Biogenesis-duarte.jpg?fit=880%2C440&ssl=1&resize=700%2C400 2x"},"classes":[]},{"id":53440,"url":"https:\/\/lahoradelcampo.com.uy\/site\/biogenesis-bago-refuerza-su-compromiso-con-la-salud-animal-en-la-expo-durazno-2024\/","url_meta":{"origin":46319,"position":2},"title":"Biog\u00e9nesis Bag\u00f3 refuerza su compromiso con la salud animal en la Expo Durazno 2024","author":"La Hora del Campo","date":"23 febrero, 2024","format":false,"excerpt":"La compa\u00f1\u00eda estar\u00e1 presente en la 110\u00b0 edici\u00f3n de la Expo Durazno desde el 22 al 25 de febrero para presentar junto a su equipo t\u00e9cnico el portafolio de soluciones, dar a conocer los proyectos de expansi\u00f3n y su valor agregado a la industria de la sanidad animal en el\u2026","rel":"","context":"En \u00abActualidad\u00bb","block_context":{"text":"Actualidad","link":"https:\/\/lahoradelcampo.com.uy\/site\/category\/actualidad\/"},"img":{"alt_text":"","src":"https:\/\/i0.wp.com\/lahoradelcampo.com.uy\/site\/wp-content\/uploads\/2024\/02\/Biogenesis-Durazno.jpg?fit=880%2C440&ssl=1&resize=350%2C200","width":350,"height":200,"srcset":"https:\/\/i0.wp.com\/lahoradelcampo.com.uy\/site\/wp-content\/uploads\/2024\/02\/Biogenesis-Durazno.jpg?fit=880%2C440&ssl=1&resize=350%2C200 1x, https:\/\/i0.wp.com\/lahoradelcampo.com.uy\/site\/wp-content\/uploads\/2024\/02\/Biogenesis-Durazno.jpg?fit=880%2C440&ssl=1&resize=525%2C300 1.5x, https:\/\/i0.wp.com\/lahoradelcampo.com.uy\/site\/wp-content\/uploads\/2024\/02\/Biogenesis-Durazno.jpg?fit=880%2C440&ssl=1&resize=700%2C400 2x"},"classes":[]},{"id":52406,"url":"https:\/\/lahoradelcampo.com.uy\/site\/biogenesis-bago-refuerza-su-compromiso-con-la-salud-animal-en-la-expo-prado-2023\/","url_meta":{"origin":46319,"position":3},"title":"Biog\u00e9nesis Bag\u00f3 refuerza su compromiso con la salud animal en la Expo Prado 2023","author":"La Hora del Campo","date":"12 septiembre, 2023","format":false,"excerpt":"La compa\u00f1\u00eda est\u00e1 presente en la 118\u00b0 edici\u00f3n de la Exposici\u00f3n Internacional de Ganader\u00eda Muestra Agroindustrial y Comercial para presentar junto a su equipo t\u00e9cnico el portafolio de soluciones, dar a conocer los proyectos de expansi\u00f3n y su valor agregado a la industria de la sanidad animal en el pa\u00eds.\u2026","rel":"","context":"En \u00abActualidad\u00bb","block_context":{"text":"Actualidad","link":"https:\/\/lahoradelcampo.com.uy\/site\/category\/actualidad\/"},"img":{"alt_text":"","src":"https:\/\/i0.wp.com\/lahoradelcampo.com.uy\/site\/wp-content\/uploads\/2023\/09\/biogenesisprado.jpg?fit=880%2C440&ssl=1&resize=350%2C200","width":350,"height":200,"srcset":"https:\/\/i0.wp.com\/lahoradelcampo.com.uy\/site\/wp-content\/uploads\/2023\/09\/biogenesisprado.jpg?fit=880%2C440&ssl=1&resize=350%2C200 1x, https:\/\/i0.wp.com\/lahoradelcampo.com.uy\/site\/wp-content\/uploads\/2023\/09\/biogenesisprado.jpg?fit=880%2C440&ssl=1&resize=525%2C300 1.5x, https:\/\/i0.wp.com\/lahoradelcampo.com.uy\/site\/wp-content\/uploads\/2023\/09\/biogenesisprado.jpg?fit=880%2C440&ssl=1&resize=700%2C400 2x"},"classes":[]},{"id":45395,"url":"https:\/\/lahoradelcampo.com.uy\/site\/biogenesis-bago-te-espera-en-la-expo-prado-2022\/","url_meta":{"origin":46319,"position":4},"title":"Biog\u00e9nesis Bag\u00f3 te espera en la Expo Prado 2022","author":"La Hora del Campo","date":"9 septiembre, 2022","format":false,"excerpt":"La empresa Biog\u00e9nesis Bag\u00f3, como hace muchos a\u00f1os, est\u00e1 presente en la Expo Prado 2022 con su stand. All\u00ed, los productores podr\u00e1n conversar con el equipo t\u00e9cnico y analizar cada situaci\u00f3n sanitaria de una forma personalizada. https:\/\/youtu.be\/ixUSHHGpEtk Biog\u00e9nesis Bag\u00f3 una empresa global, con m\u00e1s de 30 a\u00f1os instalada en el\u2026","rel":"","context":"En \u00abActualidad\u00bb","block_context":{"text":"Actualidad","link":"https:\/\/lahoradelcampo.com.uy\/site\/category\/actualidad\/"},"img":{"alt_text":"","src":"https:\/\/i0.wp.com\/lahoradelcampo.com.uy\/site\/wp-content\/uploads\/2022\/09\/BIOGENESIS-t%C3%A9cnicos.jpg?fit=880%2C440&ssl=1&resize=350%2C200","width":350,"height":200,"srcset":"https:\/\/i0.wp.com\/lahoradelcampo.com.uy\/site\/wp-content\/uploads\/2022\/09\/BIOGENESIS-t%C3%A9cnicos.jpg?fit=880%2C440&ssl=1&resize=350%2C200 1x, https:\/\/i0.wp.com\/lahoradelcampo.com.uy\/site\/wp-content\/uploads\/2022\/09\/BIOGENESIS-t%C3%A9cnicos.jpg?fit=880%2C440&ssl=1&resize=525%2C300 1.5x, https:\/\/i0.wp.com\/lahoradelcampo.com.uy\/site\/wp-content\/uploads\/2022\/09\/BIOGENESIS-t%C3%A9cnicos.jpg?fit=880%2C440&ssl=1&resize=700%2C400 2x"},"classes":[]},{"id":49273,"url":"https:\/\/lahoradelcampo.com.uy\/site\/biogenesis-bago-un-actor-clave\/","url_meta":{"origin":46319,"position":5},"title":"Biog\u00e9nesis Bag\u00f3 es un actor clave para la protecci\u00f3n del status sanitario de los pa\u00edses","author":"La Hora del Campo","date":"15 marzo, 2023","format":false,"excerpt":"Comenz\u00f3 este 15 de marzo un nuevo per\u00edodo de vacunaci\u00f3n anti-aftosa en el pa\u00eds, que incluye todas las categor\u00edas bovinas. En este sentido el Dr. Horacio Mederos, Director t\u00e9cnico de Biog\u00e9nesis Bag\u00f3 en Uruguay, record\u00f3 algunos puntos a tener en cuenta a la hora de levantar la vacuna. Indic\u00f3 que\u2026","rel":"","context":"En \u00abActualidad\u00bb","block_context":{"text":"Actualidad","link":"https:\/\/lahoradelcampo.com.uy\/site\/category\/actualidad\/"},"img":{"alt_text":"","src":"https:\/\/i0.wp.com\/lahoradelcampo.com.uy\/site\/wp-content\/uploads\/2023\/03\/Biogenesis-horacio.jpg?fit=880%2C440&ssl=1&resize=350%2C200","width":350,"height":200,"srcset":"https:\/\/i0.wp.com\/lahoradelcampo.com.uy\/site\/wp-content\/uploads\/2023\/03\/Biogenesis-horacio.jpg?fit=880%2C440&ssl=1&resize=350%2C200 1x, https:\/\/i0.wp.com\/lahoradelcampo.com.uy\/site\/wp-content\/uploads\/2023\/03\/Biogenesis-horacio.jpg?fit=880%2C440&ssl=1&resize=525%2C300 1.5x, https:\/\/i0.wp.com\/lahoradelcampo.com.uy\/site\/wp-content\/uploads\/2023\/03\/Biogenesis-horacio.jpg?fit=880%2C440&ssl=1&resize=700%2C400 2x"},"classes":[]}],"jetpack_likes_enabled":true,"_links":{"self":[{"href":"https:\/\/lahoradelcampo.com.uy\/site\/wp-json\/wp\/v2\/posts\/46319","targetHints":{"allow":["GET"]}}],"collection":[{"href":"https:\/\/lahoradelcampo.com.uy\/site\/wp-json\/wp\/v2\/posts"}],"about":[{"href":"https:\/\/lahoradelcampo.com.uy\/site\/wp-json\/wp\/v2\/types\/post"}],"author":[{"embeddable":true,"href":"https:\/\/lahoradelcampo.com.uy\/site\/wp-json\/wp\/v2\/users\/5"}],"replies":[{"embeddable":true,"href":"https:\/\/lahoradelcampo.com.uy\/site\/wp-json\/wp\/v2\/comments?post=46319"}],"version-history":[{"count":2,"href":"https:\/\/lahoradelcampo.com.uy\/site\/wp-json\/wp\/v2\/posts\/46319\/revisions"}],"predecessor-version":[{"id":46347,"href":"https:\/\/lahoradelcampo.com.uy\/site\/wp-json\/wp\/v2\/posts\/46319\/revisions\/46347"}],"wp:featuredmedia":[{"embeddable":true,"href":"https:\/\/lahoradelcampo.com.uy\/site\/wp-json\/wp\/v2\/media\/46345"}],"wp:attachment":[{"href":"https:\/\/lahoradelcampo.com.uy\/site\/wp-json\/wp\/v2\/media?parent=46319"}],"wp:term":[{"taxonomy":"category","embeddable":true,"href":"https:\/\/lahoradelcampo.com.uy\/site\/wp-json\/wp\/v2\/categories?post=46319"},{"taxonomy":"post_tag","embeddable":true,"href":"https:\/\/lahoradelcampo.com.uy\/site\/wp-json\/wp\/v2\/tags?post=46319"}],"curies":[{"name":"wp","href":"https:\/\/api.w.org\/{rel}","templated":true}]}}