{"id":46289,"date":"2022-10-13T11:10:42","date_gmt":"2022-10-13T14:10:42","guid":{"rendered":"http:\/\/lahoradelcampo.com.uy\/site\/?p=46289"},"modified":"2022-10-13T11:10:46","modified_gmt":"2022-10-13T14:10:46","slug":"zambrano-creo-que-la-recuperacion-podra-verse-en-dos-o-tres-semanas","status":"publish","type":"post","link":"https:\/\/lahoradelcampo.com.uy\/site\/zambrano-creo-que-la-recuperacion-podra-verse-en-dos-o-tres-semanas\/","title":{"rendered":"Zambrano: \u00abcreo que la recuperaci\u00f3n podr\u00e1 verse en dos o tres semanas\u00bb"},"content":{"rendered":"\n<figure class=\"wp-block-image\"><img data-recalc-dims=\"1\" loading=\"lazy\" decoding=\"async\" width=\"810\" height=\"405\" data-attachment-id=\"46291\" data-permalink=\"https:\/\/lahoradelcampo.com.uy\/site\/zambrano-creo-que-la-recuperacion-podra-verse-en-dos-o-tres-semanas\/gerardozambrano\/\" data-orig-file=\"https:\/\/i0.wp.com\/lahoradelcampo.com.uy\/site\/wp-content\/uploads\/2022\/10\/GerardoZambrano.jpg?fit=880%2C440&amp;ssl=1\" data-orig-size=\"880,440\" data-comments-opened=\"1\" data-image-meta=\"{&quot;aperture&quot;:&quot;0&quot;,&quot;credit&quot;:&quot;&quot;,&quot;camera&quot;:&quot;&quot;,&quot;caption&quot;:&quot;&quot;,&quot;created_timestamp&quot;:&quot;0&quot;,&quot;copyright&quot;:&quot;&quot;,&quot;focal_length&quot;:&quot;0&quot;,&quot;iso&quot;:&quot;0&quot;,&quot;shutter_speed&quot;:&quot;0&quot;,&quot;title&quot;:&quot;&quot;,&quot;orientation&quot;:&quot;1&quot;}\" data-image-title=\"GerardoZambrano\" data-image-description=\"\" data-image-caption=\"\" data-large-file=\"https:\/\/i0.wp.com\/lahoradelcampo.com.uy\/site\/wp-content\/uploads\/2022\/10\/GerardoZambrano.jpg?fit=810%2C405&amp;ssl=1\" src=\"https:\/\/i0.wp.com\/lahoradelcampo.com.uy\/site\/wp-content\/uploads\/2022\/10\/GerardoZambrano.jpg?resize=810%2C405\" alt=\"\" class=\"wp-image-46291\" srcset=\"https:\/\/i0.wp.com\/lahoradelcampo.com.uy\/site\/wp-content\/uploads\/2022\/10\/GerardoZambrano.jpg?w=880&amp;ssl=1 880w, https:\/\/i0.wp.com\/lahoradelcampo.com.uy\/site\/wp-content\/uploads\/2022\/10\/GerardoZambrano.jpg?resize=300%2C150&amp;ssl=1 300w, https:\/\/i0.wp.com\/lahoradelcampo.com.uy\/site\/wp-content\/uploads\/2022\/10\/GerardoZambrano.jpg?resize=768%2C384&amp;ssl=1 768w, https:\/\/i0.wp.com\/lahoradelcampo.com.uy\/site\/wp-content\/uploads\/2022\/10\/GerardoZambrano.jpg?resize=820%2C410&amp;ssl=1 820w\" sizes=\"auto, (max-width: 810px) 100vw, 810px\" \/><\/figure>\n\n\n\n<p>El mercado de haciendas ha registrado un pronunciado y r\u00e1pido ajuste en los valores, sin embargo en las \u00faltimas semanas se observa un nivel de equilibrio que parece estar m\u00e1s cerca de lo que se propone por parte de la industria para varios consignatarios. <\/p>\n\n\n\n<p>En la \u00faltima semana la Asociaci\u00f3n de Consignatarios de Ganados del Uruguay (ACG) volvi\u00f3 a ajustar las referencias de la hacienda con destino a la industria, posicionando el novillo gordo en US$ 3,69 y a la vaca en US$ 3,43, descendiendo 18 y 13 centavos respectivamente. <br><\/p>\n\n\n\n<p>Para Gerardo Zambrano, los valores de la hacienda \u00abhan tocado un piso, dir\u00eda que m\u00e1s bajo de lo que pens\u00e1bamos\u00bb, sin embargo indic\u00f3 que \u00abobviamente no va a seguir y creo que se va a recuperar algo y despu\u00e9s se va a dar una estabilizaci\u00f3n\u00bb.<br><\/p>\n\n\n\n<p>El director de Zambrano &amp; C\u00eda., record\u00f3 que el mercado actualmente tiene una dependencia muy importante de lo que ocurre en el exterior, por el nivel de exportaci\u00f3n de nuestro pa\u00eds, sin embargo dijo que \u00ablos precios actuales que se est\u00e1n proponiendo, no que se est\u00e1n vendiendo, sino que se est\u00e1n proponiendo, parecer\u00eda ser que van un poco m\u00e1s all\u00e1 de lo que en el exterior est\u00e1 pasando\u00bb.<br><\/p>\n\n\n\n<p>Zambrano dijo que es optimista \u00abde por lo menos que haya un mercado y se estabilice. Depende del ritmo de faena que la industria ponga, lo que va a pasar, que los valores bajen para m\u00ed no van a bajar m\u00e1s\u00bb. En este sentido se\u00f1al\u00f3 que \u00abla recuperaci\u00f3n de centavos puede ser algo que veamos en las pr\u00f3ximas dos o tres semanas, el mercado lo dir\u00e1\u00bb.<br><\/p>\n\n\n\n<p>El martillero, que retorna el pr\u00f3ximo lunes a Salto, para llevar adelante un remate de la zafra de toros en la Asociaci\u00f3n Agropecuaria de Salto, remarc\u00f3 que \u00aben el mediano y largo plazo las perspectivas para la carne son muy buenas y Uruguay sin ninguna duda va a tener ese mercado chino, que hoy tiene algunas dificultades tanto en el tema de Covid como tambi\u00e9n pol\u00edtico, que creo que se van a estar aclarando dentro de un par de dos o tres semanas m\u00e1s tardar\u00bb.<\/p>\n\n\n\n<p>Salto, 13 de octubre de 2022<\/p>\n","protected":false},"excerpt":{"rendered":"<p>El mercado de haciendas ha registrado un pronunciado y r\u00e1pido ajuste en los valores, sin embargo en las \u00faltimas semanas se observa un nivel de equilibrio que parece estar m\u00e1s [&hellip;]<\/p>\n","protected":false},"author":5,"featured_media":46291,"comment_status":"open","ping_status":"open","sticky":false,"template":"","format":"standard","meta":{"_price":"","_stock":"","_tribe_ticket_header":"","_tribe_default_ticket_provider":"","_tribe_ticket_capacity":"0","_ticket_start_date":"","_ticket_end_date":"","_tribe_ticket_show_description":"","_tribe_ticket_show_not_going":false,"_tribe_ticket_use_global_stock":"","_tribe_ticket_global_stock_level":"","_global_stock_mode":"","_global_stock_cap":"","_tribe_rsvp_for_event":"","_tribe_ticket_going_count":"","_tribe_ticket_not_going_count":"","_tribe_tickets_list":"[]","_tribe_ticket_has_attendee_info_fields":false,"h5ap_radio_sources":[],"_jetpack_newsletter_access":"","_jetpack_dont_email_post_to_subs":false,"_jetpack_newsletter_tier_id":0,"_jetpack_memberships_contains_paywalled_content":false,"_jetpack_memberships_contains_paid_content":false,"footnotes":""},"categories":[21,5],"tags":[],"class_list":["post-46289","post","type-post","status-publish","format-standard","has-post-thumbnail","hentry","category-actualidad","category-ganaderia"],"jetpack_featured_media_url":"https:\/\/i0.wp.com\/lahoradelcampo.com.uy\/site\/wp-content\/uploads\/2022\/10\/GerardoZambrano.jpg?fit=880%2C440&ssl=1","jetpack_sharing_enabled":true,"jetpack_shortlink":"https:\/\/wp.me\/p99IaT-c2B","jetpack-related-posts":[{"id":38161,"url":"https:\/\/lahoradelcampo.com.uy\/site\/mercado-de-haciendas-firme-con-buenos-valores-y-poca-oferta\/","url_meta":{"origin":46289,"position":0},"title":"Mercado de haciendas firme,  con buenos valores y poca oferta","author":"La Hora del Campo","date":"6 enero, 2022","format":false,"excerpt":"El arranque de 2022 est\u00e1 siendo bueno desde el punto de vista de los valores de la hacienda gorda, pero desafiante en cuanto a la situaci\u00f3n clim\u00e1tica que se ha venido arrastrando en los \u00faltimos meses. En este sentido, la Asociaci\u00f3n de Consignatarios de Ganados (ACG) ha fijado una suba\u2026","rel":"","context":"En \u00abActualidad\u00bb","block_context":{"text":"Actualidad","link":"https:\/\/lahoradelcampo.com.uy\/site\/category\/actualidad\/"},"img":{"alt_text":"","src":"https:\/\/i0.wp.com\/lahoradelcampo.com.uy\/site\/wp-content\/uploads\/2022\/01\/AlvaroArrieta.jpg?fit=880%2C440&ssl=1&resize=350%2C200","width":350,"height":200,"srcset":"https:\/\/i0.wp.com\/lahoradelcampo.com.uy\/site\/wp-content\/uploads\/2022\/01\/AlvaroArrieta.jpg?fit=880%2C440&ssl=1&resize=350%2C200 1x, https:\/\/i0.wp.com\/lahoradelcampo.com.uy\/site\/wp-content\/uploads\/2022\/01\/AlvaroArrieta.jpg?fit=880%2C440&ssl=1&resize=525%2C300 1.5x, https:\/\/i0.wp.com\/lahoradelcampo.com.uy\/site\/wp-content\/uploads\/2022\/01\/AlvaroArrieta.jpg?fit=880%2C440&ssl=1&resize=700%2C400 2x"},"classes":[]},{"id":4595,"url":"https:\/\/lahoradelcampo.com.uy\/site\/ovejas-y-capones-sin-entrada-en-la-industria\/","url_meta":{"origin":46289,"position":1},"title":"Ovejas y capones sin entrada en la industria","author":"La Hora del Campo","date":"5 diciembre, 2017","format":false,"excerpt":"Con dos d\u00edas menos de faena en la \u00faltima semana era claro el ajuste en los vol\u00famenes que se ven\u00edan registrando en las semanas previas. En el caso de los vacunos la faena cay\u00f3 un 16% y en los ovinos el descenso fue del 7%. En el caso de los\u2026","rel":"","context":"En \u00abActualidad\u00bb","block_context":{"text":"Actualidad","link":"https:\/\/lahoradelcampo.com.uy\/site\/category\/actualidad\/"},"img":{"alt_text":"","src":"https:\/\/i0.wp.com\/lahoradelcampo.com.uy\/site\/wp-content\/uploads\/2017\/12\/Ovinos.jpg?fit=880%2C440&ssl=1&resize=350%2C200","width":350,"height":200,"srcset":"https:\/\/i0.wp.com\/lahoradelcampo.com.uy\/site\/wp-content\/uploads\/2017\/12\/Ovinos.jpg?fit=880%2C440&ssl=1&resize=350%2C200 1x, https:\/\/i0.wp.com\/lahoradelcampo.com.uy\/site\/wp-content\/uploads\/2017\/12\/Ovinos.jpg?fit=880%2C440&ssl=1&resize=525%2C300 1.5x, https:\/\/i0.wp.com\/lahoradelcampo.com.uy\/site\/wp-content\/uploads\/2017\/12\/Ovinos.jpg?fit=880%2C440&ssl=1&resize=700%2C400 2x"},"classes":[]},{"id":43417,"url":"https:\/\/lahoradelcampo.com.uy\/site\/industrias-presionan-fuerte-sobre-el-precio-del-ganado\/","url_meta":{"origin":46289,"position":2},"title":"Industrias presionan fuerte sobre el precio  del ganado","author":"La Hora del Campo","date":"4 julio, 2022","format":false,"excerpt":"El viernes, y con varias plantas que detienen actividades ante la escases de oferta y menor concreci\u00f3n de negocios con el exterior, se plantea un nuevo escenario de precios para la hacienda, seg\u00fan referentes de la industria. Seg\u00fan se inform\u00f3, se est\u00e1 renegociando embarques concertados hacia China, por parte de\u2026","rel":"","context":"En \u00abActualidad\u00bb","block_context":{"text":"Actualidad","link":"https:\/\/lahoradelcampo.com.uy\/site\/category\/actualidad\/"},"img":{"alt_text":"","src":"https:\/\/i0.wp.com\/lahoradelcampo.com.uy\/site\/wp-content\/uploads\/2022\/03\/ganado-gordofaena.jpg?fit=880%2C440&ssl=1&resize=350%2C200","width":350,"height":200,"srcset":"https:\/\/i0.wp.com\/lahoradelcampo.com.uy\/site\/wp-content\/uploads\/2022\/03\/ganado-gordofaena.jpg?fit=880%2C440&ssl=1&resize=350%2C200 1x, https:\/\/i0.wp.com\/lahoradelcampo.com.uy\/site\/wp-content\/uploads\/2022\/03\/ganado-gordofaena.jpg?fit=880%2C440&ssl=1&resize=525%2C300 1.5x, https:\/\/i0.wp.com\/lahoradelcampo.com.uy\/site\/wp-content\/uploads\/2022\/03\/ganado-gordofaena.jpg?fit=880%2C440&ssl=1&resize=700%2C400 2x"},"classes":[]},{"id":14477,"url":"https:\/\/lahoradelcampo.com.uy\/site\/buenas-expectativas-para-la-zafra-de-toros-2019\/","url_meta":{"origin":46289,"position":3},"title":"Buenas expectativas para  la zafra de toros 2019","author":"La Hora del Campo","date":"24 septiembre, 2019","format":false,"excerpt":"El comienzo de la zafra de reproductores con las ventas de la reciente edici\u00f3n de la Expo Prado, fue con valores superiores al a\u00f1o pasado y una agilidad importante. En esta oportunidad se comercializaron 32 reproductores, un 4% menos que el a\u00f1o pasado, y con un promedio de US$ 4.859\u2026","rel":"","context":"En \u00abActualidad\u00bb","block_context":{"text":"Actualidad","link":"https:\/\/lahoradelcampo.com.uy\/site\/category\/actualidad\/"},"img":{"alt_text":"","src":"https:\/\/i0.wp.com\/lahoradelcampo.com.uy\/site\/wp-content\/uploads\/2017\/10\/Remate-Tierra-de-toros.jpg?fit=880%2C440&ssl=1&resize=350%2C200","width":350,"height":200,"srcset":"https:\/\/i0.wp.com\/lahoradelcampo.com.uy\/site\/wp-content\/uploads\/2017\/10\/Remate-Tierra-de-toros.jpg?fit=880%2C440&ssl=1&resize=350%2C200 1x, https:\/\/i0.wp.com\/lahoradelcampo.com.uy\/site\/wp-content\/uploads\/2017\/10\/Remate-Tierra-de-toros.jpg?fit=880%2C440&ssl=1&resize=525%2C300 1.5x, https:\/\/i0.wp.com\/lahoradelcampo.com.uy\/site\/wp-content\/uploads\/2017\/10\/Remate-Tierra-de-toros.jpg?fit=880%2C440&ssl=1&resize=700%2C400 2x"},"classes":[]},{"id":40895,"url":"https:\/\/lahoradelcampo.com.uy\/site\/novillos-especiales-superan-los-us-545\/","url_meta":{"origin":46289,"position":4},"title":"Novillos especiales superan los US$ 5,45","author":"La Hora del Campo","date":"19 abril, 2022","format":false,"excerpt":"La semana pasada cierra con vol\u00famenes de faena inferiores a los de las semanas anteriores, debido a los menores d\u00edas de actividad. Seguramente en los pr\u00f3ximos d\u00edas cuando se den a conocer los datos del Instituto Nacional de Carnes (INAC) estemos frente al menor volumen en lo que va del\u2026","rel":"","context":"En \u00abActualidad\u00bb","block_context":{"text":"Actualidad","link":"https:\/\/lahoradelcampo.com.uy\/site\/category\/actualidad\/"},"img":{"alt_text":"","src":"https:\/\/i0.wp.com\/lahoradelcampo.com.uy\/site\/wp-content\/uploads\/2021\/10\/Novillo-gordito.jpg?fit=880%2C440&ssl=1&resize=350%2C200","width":350,"height":200,"srcset":"https:\/\/i0.wp.com\/lahoradelcampo.com.uy\/site\/wp-content\/uploads\/2021\/10\/Novillo-gordito.jpg?fit=880%2C440&ssl=1&resize=350%2C200 1x, https:\/\/i0.wp.com\/lahoradelcampo.com.uy\/site\/wp-content\/uploads\/2021\/10\/Novillo-gordito.jpg?fit=880%2C440&ssl=1&resize=525%2C300 1.5x, https:\/\/i0.wp.com\/lahoradelcampo.com.uy\/site\/wp-content\/uploads\/2021\/10\/Novillo-gordito.jpg?fit=880%2C440&ssl=1&resize=700%2C400 2x"},"classes":[]},{"id":38755,"url":"https:\/\/lahoradelcampo.com.uy\/site\/baja-oferta-y-alto-ritmo-de-faena-impulsan-los-valores-de-la-hacienda-gorda\/","url_meta":{"origin":46289,"position":5},"title":"Baja oferta y alto ritmo de faena impulsan los valores de la hacienda gorda","author":"La Hora del Campo","date":"1 febrero, 2022","format":false,"excerpt":"En el libre juego de la oferta y la demanda, lo que no hay se paga mejor, sin embargo los mejores valores \"no es para todos la bota de potro\" dice el refr\u00e1n. La realidad es que la faena superar\u00e1 las 200.000 mil cabezas en el mes de enero, lo\u2026","rel":"","context":"En \u00abActualidad\u00bb","block_context":{"text":"Actualidad","link":"https:\/\/lahoradelcampo.com.uy\/site\/category\/actualidad\/"},"img":{"alt_text":"","src":"https:\/\/i0.wp.com\/lahoradelcampo.com.uy\/site\/wp-content\/uploads\/2022\/02\/novillos-gordo.jpg?fit=880%2C440&ssl=1&resize=350%2C200","width":350,"height":200,"srcset":"https:\/\/i0.wp.com\/lahoradelcampo.com.uy\/site\/wp-content\/uploads\/2022\/02\/novillos-gordo.jpg?fit=880%2C440&ssl=1&resize=350%2C200 1x, https:\/\/i0.wp.com\/lahoradelcampo.com.uy\/site\/wp-content\/uploads\/2022\/02\/novillos-gordo.jpg?fit=880%2C440&ssl=1&resize=525%2C300 1.5x, https:\/\/i0.wp.com\/lahoradelcampo.com.uy\/site\/wp-content\/uploads\/2022\/02\/novillos-gordo.jpg?fit=880%2C440&ssl=1&resize=700%2C400 2x"},"classes":[]}],"jetpack_likes_enabled":true,"_links":{"self":[{"href":"https:\/\/lahoradelcampo.com.uy\/site\/wp-json\/wp\/v2\/posts\/46289","targetHints":{"allow":["GET"]}}],"collection":[{"href":"https:\/\/lahoradelcampo.com.uy\/site\/wp-json\/wp\/v2\/posts"}],"about":[{"href":"https:\/\/lahoradelcampo.com.uy\/site\/wp-json\/wp\/v2\/types\/post"}],"author":[{"embeddable":true,"href":"https:\/\/lahoradelcampo.com.uy\/site\/wp-json\/wp\/v2\/users\/5"}],"replies":[{"embeddable":true,"href":"https:\/\/lahoradelcampo.com.uy\/site\/wp-json\/wp\/v2\/comments?post=46289"}],"version-history":[{"count":1,"href":"https:\/\/lahoradelcampo.com.uy\/site\/wp-json\/wp\/v2\/posts\/46289\/revisions"}],"predecessor-version":[{"id":46293,"href":"https:\/\/lahoradelcampo.com.uy\/site\/wp-json\/wp\/v2\/posts\/46289\/revisions\/46293"}],"wp:featuredmedia":[{"embeddable":true,"href":"https:\/\/lahoradelcampo.com.uy\/site\/wp-json\/wp\/v2\/media\/46291"}],"wp:attachment":[{"href":"https:\/\/lahoradelcampo.com.uy\/site\/wp-json\/wp\/v2\/media?parent=46289"}],"wp:term":[{"taxonomy":"category","embeddable":true,"href":"https:\/\/lahoradelcampo.com.uy\/site\/wp-json\/wp\/v2\/categories?post=46289"},{"taxonomy":"post_tag","embeddable":true,"href":"https:\/\/lahoradelcampo.com.uy\/site\/wp-json\/wp\/v2\/tags?post=46289"}],"curies":[{"name":"wp","href":"https:\/\/api.w.org\/{rel}","templated":true}]}}