{"id":46283,"date":"2022-10-13T11:07:21","date_gmt":"2022-10-13T14:07:21","guid":{"rendered":"http:\/\/lahoradelcampo.com.uy\/site\/?p=46283"},"modified":"2022-10-13T11:07:25","modified_gmt":"2022-10-13T14:07:25","slug":"la-expectativa-es-que-en-quince-dias-comencemos-a-exportar-ovinos-en-pie","status":"publish","type":"post","link":"https:\/\/lahoradelcampo.com.uy\/site\/la-expectativa-es-que-en-quince-dias-comencemos-a-exportar-ovinos-en-pie\/","title":{"rendered":"\u00abLa expectativa es que en quince d\u00edas comencemos a exportar ovinos en pie\u00bb"},"content":{"rendered":"\n<figure class=\"wp-block-image\"><img data-recalc-dims=\"1\" loading=\"lazy\" decoding=\"async\" width=\"810\" height=\"405\" data-attachment-id=\"46285\" data-permalink=\"https:\/\/lahoradelcampo.com.uy\/site\/la-expectativa-es-que-en-quince-dias-comencemos-a-exportar-ovinos-en-pie\/jorge-riani\/\" data-orig-file=\"https:\/\/i0.wp.com\/lahoradelcampo.com.uy\/site\/wp-content\/uploads\/2022\/10\/Jorge-Riani.jpg?fit=880%2C440&amp;ssl=1\" data-orig-size=\"880,440\" data-comments-opened=\"1\" data-image-meta=\"{&quot;aperture&quot;:&quot;0&quot;,&quot;credit&quot;:&quot;&quot;,&quot;camera&quot;:&quot;&quot;,&quot;caption&quot;:&quot;&quot;,&quot;created_timestamp&quot;:&quot;0&quot;,&quot;copyright&quot;:&quot;&quot;,&quot;focal_length&quot;:&quot;0&quot;,&quot;iso&quot;:&quot;0&quot;,&quot;shutter_speed&quot;:&quot;0&quot;,&quot;title&quot;:&quot;&quot;,&quot;orientation&quot;:&quot;1&quot;}\" data-image-title=\"Jorge Riani\" data-image-description=\"\" data-image-caption=\"\" data-large-file=\"https:\/\/i0.wp.com\/lahoradelcampo.com.uy\/site\/wp-content\/uploads\/2022\/10\/Jorge-Riani.jpg?fit=810%2C405&amp;ssl=1\" src=\"https:\/\/i0.wp.com\/lahoradelcampo.com.uy\/site\/wp-content\/uploads\/2022\/10\/Jorge-Riani.jpg?resize=810%2C405\" alt=\"\" class=\"wp-image-46285\" srcset=\"https:\/\/i0.wp.com\/lahoradelcampo.com.uy\/site\/wp-content\/uploads\/2022\/10\/Jorge-Riani.jpg?w=880&amp;ssl=1 880w, https:\/\/i0.wp.com\/lahoradelcampo.com.uy\/site\/wp-content\/uploads\/2022\/10\/Jorge-Riani.jpg?resize=300%2C150&amp;ssl=1 300w, https:\/\/i0.wp.com\/lahoradelcampo.com.uy\/site\/wp-content\/uploads\/2022\/10\/Jorge-Riani.jpg?resize=768%2C384&amp;ssl=1 768w, https:\/\/i0.wp.com\/lahoradelcampo.com.uy\/site\/wp-content\/uploads\/2022\/10\/Jorge-Riani.jpg?resize=820%2C410&amp;ssl=1 820w\" sizes=\"auto, (max-width: 810px) 100vw, 810px\" \/><\/figure>\n\n\n\n<p>Luego de un largo periplo, el viejo anhelo de los productores ovejeros del norte del pa\u00eds, de poder exportar ovinos en pie por el puente internacional que une las ciudades de Artigas (Uruguay) y Quara\u00ed (Brasil), est\u00e1 cada vez m\u00e1s cerca. <br><\/p>\n\n\n\n<p>Para lograr la habilitaci\u00f3n de este paso de frontera entre ambos pa\u00edses, necesito un acuerdo que permitiera a las autoridades acceder al predio de la Asociaci\u00f3n Agropecuaria de Artigas (Local Chiflero), entre la gremial y las autoridades de ambos pa\u00edses. Fue en este punto, donde a pesar de la habilitaci\u00f3n por parte de Brasil y la disposici\u00f3n de la gremial norte\u00f1a, se tranc\u00f3 el tr\u00e1mite que parec\u00eda tendr\u00eda un tr\u00e1mite m\u00e1s r\u00e1pido.<br><\/p>\n\n\n\n<p>En primera instancia fue el Ministerio de Defensa, qui\u00e9n cuestion\u00f3 el acuerdo, demorando el tr\u00e1mite varios meses, una vez acordado que el comodato del predio ser\u00eda con el Ministerio de Ganader\u00eda, Agricultura y Pesca (MGAP) se logr\u00f3 destrabar la situaci\u00f3n, sin embargo a\u00fan se espera que el tr\u00e1mite finalice, con la habilitaci\u00f3n correspondiente. <br><\/p>\n\n\n\n<p>El Ing. Jorge Riani, presidente de la Asociaci\u00f3n Agropecuaria de Artigas, dijo \u00abel jueves y viernes de la semana pasada, hable con todo el ministerio y quedaron de enviarme el papel\u00bb, sin embargo el mismo a\u00fan no ha llegado. El productor indic\u00f3 que el ministro Fernando Mattos, solicit\u00f3 ser atendido por la gremial el pr\u00f3ximo jueves 20 de octubre, d\u00eda en el cual realizar\u00e1 un remate de su caba\u00f1a en el local Chiflero. <br><\/p>\n\n\n\n<p>\u00abEsperemos que sea con el acuerdo finalmente\u00bb dijo el productor, haciendo referencia a la reuni\u00f3n con el jerarca ministerial, al mismo tiempo remarc\u00f3 que \u00ablamentablemente se perdieron muchos momentos de comercializaci\u00f3n, los brasileros no pueden creer que sea un tema de burocracia, ellos piensan que es alguna otra cosa\u00bb. <br><\/p>\n\n\n\n<p>Riani reconoci\u00f3 que se tiene el compromiso de las autoridades del MGAP que en el corto plazo estar\u00e1 pronta la habilitaci\u00f3n, \u00abpero nosotros tenemos que decir que lamentablemente falta el acuerdo con el Ministerio de Ganader\u00eda, que es solo un papel y que no va a interesar mucho\u00bb. <br><\/p>\n\n\n\n<p>El productor record\u00f3 que la utilizaci\u00f3n del predio ser\u00e1 muy puntual, porque \u00abel ministerio va a revisar los ovinos en los predios, y va a sellar en los predios, y como ministerio es muy celoso del tema sanitario, los lanares que salgan y sean revisados por los brasileros van a estar en muy buenas condiciones sanitarias, entonces no va a haber necesidad de ir al Chiflero\u00bb. <br><\/p>\n\n\n\n<p>Riani dijo que \u00abhoy con una industria bajo los precios del ganado gordo, y lamentablemente bajaron un d\u00f3lar en los ovinos tambi\u00e9n, estamos perdiendo muchas oportunidades\u00bb. Para la gremial, si el ministro llega con la habilitaci\u00f3n, \u00abla expectativa es que en 15 d\u00edas empecemos a exportar\u00bb. <\/p>\n\n\n\n<p>Salto, jueves 13 de octubre de 2022<\/p>\n","protected":false},"excerpt":{"rendered":"<p>Luego de un largo periplo, el viejo anhelo de los productores ovejeros del norte del pa\u00eds, de poder exportar ovinos en pie por el puente internacional que une las ciudades [&hellip;]<\/p>\n","protected":false},"author":5,"featured_media":46285,"comment_status":"open","ping_status":"open","sticky":false,"template":"","format":"standard","meta":{"_price":"","_stock":"","_tribe_ticket_header":"","_tribe_default_ticket_provider":"","_tribe_ticket_capacity":"0","_ticket_start_date":"","_ticket_end_date":"","_tribe_ticket_show_description":"","_tribe_ticket_show_not_going":false,"_tribe_ticket_use_global_stock":"","_tribe_ticket_global_stock_level":"","_global_stock_mode":"","_global_stock_cap":"","_tribe_rsvp_for_event":"","_tribe_ticket_going_count":"","_tribe_ticket_not_going_count":"","_tribe_tickets_list":"[]","_tribe_ticket_has_attendee_info_fields":false,"h5ap_radio_sources":[],"_jetpack_newsletter_access":"","_jetpack_dont_email_post_to_subs":false,"_jetpack_newsletter_tier_id":0,"_jetpack_memberships_contains_paywalled_content":false,"_jetpack_memberships_contains_paid_content":false,"footnotes":""},"categories":[21,13],"tags":[],"class_list":["post-46283","post","type-post","status-publish","format-standard","has-post-thumbnail","hentry","category-actualidad","category-ovinos"],"jetpack_featured_media_url":"https:\/\/i0.wp.com\/lahoradelcampo.com.uy\/site\/wp-content\/uploads\/2022\/10\/Jorge-Riani.jpg?fit=880%2C440&ssl=1","jetpack_sharing_enabled":true,"jetpack_shortlink":"https:\/\/wp.me\/p99IaT-c2v","jetpack-related-posts":[{"id":43587,"url":"https:\/\/lahoradelcampo.com.uy\/site\/quedo-habilitada-la-exportacion-de-ovinos-en-pie-a-brasil\/","url_meta":{"origin":46283,"position":0},"title":"Qued\u00f3 habilitada la exportaci\u00f3n de ovinos en pie a Brasil","author":"La Hora del Campo","date":"8 julio, 2022","format":false,"excerpt":"Pasado el mediod\u00eda de ayer, terminaron las negociaciones entre la Asociaci\u00f3n Agropecuaria de Artigas y los ministerios de Defensa y Ganader\u00eda, Agricultura y Pesca, para lograr la habilitaci\u00f3n del local Chiflero de la gremial art\u00edguense como puesto de control sanitario para la exportaci\u00f3n en pie de ovinos a Brasil, en\u2026","rel":"","context":"En \u00abActualidad\u00bb","block_context":{"text":"Actualidad","link":"https:\/\/lahoradelcampo.com.uy\/site\/category\/actualidad\/"},"img":{"alt_text":"","src":"https:\/\/i0.wp.com\/lahoradelcampo.com.uy\/site\/wp-content\/uploads\/2017\/09\/Jorge-Riani-Inserci%C3%B3n-Internacional.jpg?fit=880%2C440&ssl=1&resize=350%2C200","width":350,"height":200,"srcset":"https:\/\/i0.wp.com\/lahoradelcampo.com.uy\/site\/wp-content\/uploads\/2017\/09\/Jorge-Riani-Inserci%C3%B3n-Internacional.jpg?fit=880%2C440&ssl=1&resize=350%2C200 1x, https:\/\/i0.wp.com\/lahoradelcampo.com.uy\/site\/wp-content\/uploads\/2017\/09\/Jorge-Riani-Inserci%C3%B3n-Internacional.jpg?fit=880%2C440&ssl=1&resize=525%2C300 1.5x, https:\/\/i0.wp.com\/lahoradelcampo.com.uy\/site\/wp-content\/uploads\/2017\/09\/Jorge-Riani-Inserci%C3%B3n-Internacional.jpg?fit=880%2C440&ssl=1&resize=700%2C400 2x"},"classes":[]},{"id":31308,"url":"https:\/\/lahoradelcampo.com.uy\/site\/brasil-habilito-el-paso-de-frontera-en-artigas-para-ovinos\/","url_meta":{"origin":46283,"position":1},"title":"Brasil habilit\u00f3 el paso de frontera en Artigas para ovinos","author":"La Hora del Campo","date":"16 junio, 2021","format":false,"excerpt":"A una semana de la visita realizada por el representante del Ministerio de Agricultura, Ganader\u00eda y Abastecimiento de Brasil (MAPA, por sus siglas en portugu\u00e9s) Dr. Miguel Potis Bartolome Linardakis al local Chiflero de la Asociaci\u00f3n Agropecuaria de Artigas, que oficiar\u00e1 de puesto de control sanitario, se recibi\u00f3 el pasado\u2026","rel":"","context":"En \u00abActualidad\u00bb","block_context":{"text":"Actualidad","link":"https:\/\/lahoradelcampo.com.uy\/site\/category\/actualidad\/"},"img":{"alt_text":"","src":"https:\/\/i0.wp.com\/lahoradelcampo.com.uy\/site\/wp-content\/uploads\/2019\/07\/ovinos.jpg?fit=880%2C440&ssl=1&resize=350%2C200","width":350,"height":200,"srcset":"https:\/\/i0.wp.com\/lahoradelcampo.com.uy\/site\/wp-content\/uploads\/2019\/07\/ovinos.jpg?fit=880%2C440&ssl=1&resize=350%2C200 1x, https:\/\/i0.wp.com\/lahoradelcampo.com.uy\/site\/wp-content\/uploads\/2019\/07\/ovinos.jpg?fit=880%2C440&ssl=1&resize=525%2C300 1.5x, https:\/\/i0.wp.com\/lahoradelcampo.com.uy\/site\/wp-content\/uploads\/2019\/07\/ovinos.jpg?fit=880%2C440&ssl=1&resize=700%2C400 2x"},"classes":[]},{"id":31150,"url":"https:\/\/lahoradelcampo.com.uy\/site\/se-dio-un-nuevo-paso-para-habilitar-el-transito-de-ovinos-en-pie-a-brasil\/","url_meta":{"origin":46283,"position":2},"title":"Se dio un nuevo paso para habilitar el tr\u00e1nsito de ovinos en pie a Brasil","author":"La Hora del Campo","date":"10 junio, 2021","format":false,"excerpt":"Este lunes 7 de junio, t\u00e9cnicos brasile\u00f1os del Ministerio de Agricultura, Pecuaria e Abastecimiento (MAPA), se reunieron con autoridades nacionales y departamentales, primeramente en el Control Integrado de Frontera (Terminal de Cargas) en Artigas y posteriormente en el Local Chiflero de la Asociaci\u00f3n Agropecuaria de Artigas, para evaluar la solicitud\u2026","rel":"","context":"En \u00abActualidad\u00bb","block_context":{"text":"Actualidad","link":"https:\/\/lahoradelcampo.com.uy\/site\/category\/actualidad\/"},"img":{"alt_text":"","src":"https:\/\/i0.wp.com\/lahoradelcampo.com.uy\/site\/wp-content\/uploads\/2021\/02\/Artigas-Quara%C3%AD.jpg?fit=880%2C440&ssl=1&resize=350%2C200","width":350,"height":200,"srcset":"https:\/\/i0.wp.com\/lahoradelcampo.com.uy\/site\/wp-content\/uploads\/2021\/02\/Artigas-Quara%C3%AD.jpg?fit=880%2C440&ssl=1&resize=350%2C200 1x, https:\/\/i0.wp.com\/lahoradelcampo.com.uy\/site\/wp-content\/uploads\/2021\/02\/Artigas-Quara%C3%AD.jpg?fit=880%2C440&ssl=1&resize=525%2C300 1.5x, https:\/\/i0.wp.com\/lahoradelcampo.com.uy\/site\/wp-content\/uploads\/2021\/02\/Artigas-Quara%C3%AD.jpg?fit=880%2C440&ssl=1&resize=700%2C400 2x"},"classes":[]},{"id":20014,"url":"https:\/\/lahoradelcampo.com.uy\/site\/avanza-la-construccion-de-un-cuarentenario-en-artigas-para-exportar-en-pie-a-brasil\/","url_meta":{"origin":46283,"position":3},"title":"Avanza la construcci\u00f3n de un cuarentenario  en Artigas, para exportar en pie a Brasil","author":"La Hora del Campo","date":"21 mayo, 2020","format":false,"excerpt":"Desde los comienzos de los trabajos para la instalaci\u00f3n de la Terminal de Cargas Artigas-Quara\u00ed (Uruguay-Brasil) en las cercan\u00edas del predio de la Asociaci\u00f3n Agropecuaria de Artigas, la gremial comenz\u00f3 a trabajar en la posibilidad de crear un cuarentenario en su predio para habilitar la exportaci\u00f3n en pie, tanto de\u2026","rel":"","context":"En \u00abActualidad\u00bb","block_context":{"text":"Actualidad","link":"https:\/\/lahoradelcampo.com.uy\/site\/category\/actualidad\/"},"img":{"alt_text":"","src":"https:\/\/i0.wp.com\/lahoradelcampo.com.uy\/site\/wp-content\/uploads\/2017\/12\/Ovinos.jpg?fit=880%2C440&ssl=1&resize=350%2C200","width":350,"height":200,"srcset":"https:\/\/i0.wp.com\/lahoradelcampo.com.uy\/site\/wp-content\/uploads\/2017\/12\/Ovinos.jpg?fit=880%2C440&ssl=1&resize=350%2C200 1x, https:\/\/i0.wp.com\/lahoradelcampo.com.uy\/site\/wp-content\/uploads\/2017\/12\/Ovinos.jpg?fit=880%2C440&ssl=1&resize=525%2C300 1.5x, https:\/\/i0.wp.com\/lahoradelcampo.com.uy\/site\/wp-content\/uploads\/2017\/12\/Ovinos.jpg?fit=880%2C440&ssl=1&resize=700%2C400 2x"},"classes":[]},{"id":46613,"url":"https:\/\/lahoradelcampo.com.uy\/site\/se-habilito-la-exportacion-de-ovinos-en-pie-a-brasil-por-artigas\/","url_meta":{"origin":46283,"position":4},"title":"Se habilit\u00f3 la exportaci\u00f3n de ovinos en pie a Brasil por Artigas","author":"La Hora del Campo","date":"27 octubre, 2022","format":false,"excerpt":"Ayer se dej\u00f3 a saber por parte de la Asociaci\u00f3n Agropecuaria de Artigas (AAA), que lleg\u00f3 la resoluci\u00f3n del Ministerio de Ganader\u00eda Agricultura y Pesca (MGAP) habilitando la firma del acuerdo de cooperaci\u00f3n entre ambas instituciones, lo cual permitir\u00eda la puesta en marcha de un puesto de control sanitario en\u2026","rel":"","context":"En \u00abActualidad\u00bb","block_context":{"text":"Actualidad","link":"https:\/\/lahoradelcampo.com.uy\/site\/category\/actualidad\/"},"img":{"alt_text":"","src":"https:\/\/i0.wp.com\/lahoradelcampo.com.uy\/site\/wp-content\/uploads\/2017\/09\/Jorge-Riani-Inserci%C3%B3n-Internacional.jpg?fit=880%2C440&ssl=1&resize=350%2C200","width":350,"height":200,"srcset":"https:\/\/i0.wp.com\/lahoradelcampo.com.uy\/site\/wp-content\/uploads\/2017\/09\/Jorge-Riani-Inserci%C3%B3n-Internacional.jpg?fit=880%2C440&ssl=1&resize=350%2C200 1x, https:\/\/i0.wp.com\/lahoradelcampo.com.uy\/site\/wp-content\/uploads\/2017\/09\/Jorge-Riani-Inserci%C3%B3n-Internacional.jpg?fit=880%2C440&ssl=1&resize=525%2C300 1.5x, https:\/\/i0.wp.com\/lahoradelcampo.com.uy\/site\/wp-content\/uploads\/2017\/09\/Jorge-Riani-Inserci%C3%B3n-Internacional.jpg?fit=880%2C440&ssl=1&resize=700%2C400 2x"},"classes":[]},{"id":28738,"url":"https:\/\/lahoradelcampo.com.uy\/site\/tecnicos-de-brasil-visitaron-artigas-para-avanzar-en-la-exportacion-de-ovinos-en-pie\/","url_meta":{"origin":46283,"position":5},"title":"T\u00e9cnicos de Brasil visitaron Artigas para avanzar en la exportaci\u00f3n de ovinos en pie","author":"La Hora del Campo","date":"23 marzo, 2021","format":false,"excerpt":"El pasado jueves, t\u00e9cnicos del Ministerio de Agricultura, Pecuaria y Abastecimiento (MAPA) de Brasil, se hicieron presentes en una reuni\u00f3n en el Control Integrado de Paso de Frontera, sobre la Ruta 30, con el fin de evaluar el proyecto para la construcci\u00f3n de las instalaciones necesarias para realizar los controles\u2026","rel":"","context":"En \u00abActualidad\u00bb","block_context":{"text":"Actualidad","link":"https:\/\/lahoradelcampo.com.uy\/site\/category\/actualidad\/"},"img":{"alt_text":"","src":"https:\/\/i0.wp.com\/lahoradelcampo.com.uy\/site\/wp-content\/uploads\/2021\/02\/Artigas-Quara%C3%AD.jpg?fit=880%2C440&ssl=1&resize=350%2C200","width":350,"height":200,"srcset":"https:\/\/i0.wp.com\/lahoradelcampo.com.uy\/site\/wp-content\/uploads\/2021\/02\/Artigas-Quara%C3%AD.jpg?fit=880%2C440&ssl=1&resize=350%2C200 1x, https:\/\/i0.wp.com\/lahoradelcampo.com.uy\/site\/wp-content\/uploads\/2021\/02\/Artigas-Quara%C3%AD.jpg?fit=880%2C440&ssl=1&resize=525%2C300 1.5x, https:\/\/i0.wp.com\/lahoradelcampo.com.uy\/site\/wp-content\/uploads\/2021\/02\/Artigas-Quara%C3%AD.jpg?fit=880%2C440&ssl=1&resize=700%2C400 2x"},"classes":[]}],"jetpack_likes_enabled":true,"_links":{"self":[{"href":"https:\/\/lahoradelcampo.com.uy\/site\/wp-json\/wp\/v2\/posts\/46283","targetHints":{"allow":["GET"]}}],"collection":[{"href":"https:\/\/lahoradelcampo.com.uy\/site\/wp-json\/wp\/v2\/posts"}],"about":[{"href":"https:\/\/lahoradelcampo.com.uy\/site\/wp-json\/wp\/v2\/types\/post"}],"author":[{"embeddable":true,"href":"https:\/\/lahoradelcampo.com.uy\/site\/wp-json\/wp\/v2\/users\/5"}],"replies":[{"embeddable":true,"href":"https:\/\/lahoradelcampo.com.uy\/site\/wp-json\/wp\/v2\/comments?post=46283"}],"version-history":[{"count":1,"href":"https:\/\/lahoradelcampo.com.uy\/site\/wp-json\/wp\/v2\/posts\/46283\/revisions"}],"predecessor-version":[{"id":46287,"href":"https:\/\/lahoradelcampo.com.uy\/site\/wp-json\/wp\/v2\/posts\/46283\/revisions\/46287"}],"wp:featuredmedia":[{"embeddable":true,"href":"https:\/\/lahoradelcampo.com.uy\/site\/wp-json\/wp\/v2\/media\/46285"}],"wp:attachment":[{"href":"https:\/\/lahoradelcampo.com.uy\/site\/wp-json\/wp\/v2\/media?parent=46283"}],"wp:term":[{"taxonomy":"category","embeddable":true,"href":"https:\/\/lahoradelcampo.com.uy\/site\/wp-json\/wp\/v2\/categories?post=46283"},{"taxonomy":"post_tag","embeddable":true,"href":"https:\/\/lahoradelcampo.com.uy\/site\/wp-json\/wp\/v2\/tags?post=46283"}],"curies":[{"name":"wp","href":"https:\/\/api.w.org\/{rel}","templated":true}]}}