{"id":46277,"date":"2022-10-13T11:03:27","date_gmt":"2022-10-13T14:03:27","guid":{"rendered":"http:\/\/lahoradelcampo.com.uy\/site\/?p=46277"},"modified":"2022-10-13T11:03:32","modified_gmt":"2022-10-13T14:03:32","slug":"uruguay-puede-ser-lider-en-sostenibilidad-en-la-produccion-de-carne","status":"publish","type":"post","link":"https:\/\/lahoradelcampo.com.uy\/site\/uruguay-puede-ser-lider-en-sostenibilidad-en-la-produccion-de-carne\/","title":{"rendered":"Uruguay puede ser l\u00edder en sostenibilidad en la producci\u00f3n de carne"},"content":{"rendered":"\n<figure class=\"wp-block-image\"><img data-recalc-dims=\"1\" loading=\"lazy\" decoding=\"async\" width=\"810\" height=\"405\" data-attachment-id=\"46279\" data-permalink=\"https:\/\/lahoradelcampo.com.uy\/site\/uruguay-puede-ser-lider-en-sostenibilidad-en-la-produccion-de-carne\/giannimotta-inac\/\" data-orig-file=\"https:\/\/i0.wp.com\/lahoradelcampo.com.uy\/site\/wp-content\/uploads\/2022\/10\/GianniMotta-INAC.jpg?fit=880%2C440&amp;ssl=1\" data-orig-size=\"880,440\" data-comments-opened=\"1\" data-image-meta=\"{&quot;aperture&quot;:&quot;0&quot;,&quot;credit&quot;:&quot;&quot;,&quot;camera&quot;:&quot;&quot;,&quot;caption&quot;:&quot;&quot;,&quot;created_timestamp&quot;:&quot;0&quot;,&quot;copyright&quot;:&quot;&quot;,&quot;focal_length&quot;:&quot;0&quot;,&quot;iso&quot;:&quot;0&quot;,&quot;shutter_speed&quot;:&quot;0&quot;,&quot;title&quot;:&quot;&quot;,&quot;orientation&quot;:&quot;1&quot;}\" data-image-title=\"GianniMotta-INAC\" data-image-description=\"\" data-image-caption=\"\" data-large-file=\"https:\/\/i0.wp.com\/lahoradelcampo.com.uy\/site\/wp-content\/uploads\/2022\/10\/GianniMotta-INAC.jpg?fit=810%2C405&amp;ssl=1\" src=\"https:\/\/i0.wp.com\/lahoradelcampo.com.uy\/site\/wp-content\/uploads\/2022\/10\/GianniMotta-INAC.jpg?resize=810%2C405\" alt=\"\" class=\"wp-image-46279\" srcset=\"https:\/\/i0.wp.com\/lahoradelcampo.com.uy\/site\/wp-content\/uploads\/2022\/10\/GianniMotta-INAC.jpg?w=880&amp;ssl=1 880w, https:\/\/i0.wp.com\/lahoradelcampo.com.uy\/site\/wp-content\/uploads\/2022\/10\/GianniMotta-INAC.jpg?resize=300%2C150&amp;ssl=1 300w, https:\/\/i0.wp.com\/lahoradelcampo.com.uy\/site\/wp-content\/uploads\/2022\/10\/GianniMotta-INAC.jpg?resize=768%2C384&amp;ssl=1 768w, https:\/\/i0.wp.com\/lahoradelcampo.com.uy\/site\/wp-content\/uploads\/2022\/10\/GianniMotta-INAC.jpg?resize=820%2C410&amp;ssl=1 820w\" sizes=\"auto, (max-width: 810px) 100vw, 810px\" \/><\/figure>\n\n\n\n<p>Uruguay ha asumido compromisos a nivel internacional, que plantean una reducci\u00f3n y menor de las emisiones de gases de efecto invernadero, espec\u00edficamente en la producci\u00f3n de carnes, por lo que el principal desaf\u00edo para el pa\u00eds es medir para demostrar que \u00abs\u00ed, Uruguay puede ser l\u00edder en sostenibilidad en la producci\u00f3n de carne para el mundo\u00bb dijo Gianni Motta, t\u00e9cnico del Instituto Nacional de Carnes (INAC). <br><\/p>\n\n\n\n<p>El t\u00e9cnico record\u00f3 que Uruguay asumi\u00f3 en 2015 el compromiso de bajas sus emisiones de gases de efecto invernadero, mientras que en la actualidad, \u00abestamos viendo noticias de que hay embarques de carne carbono neutral y all\u00ed es donde empiezan a aparecer las demandas de los consumidores\u00bb. <\/p>\n\n\n\n<p>Explic\u00f3 que esta exigencia proviene inicialmente de Europa o Jap\u00f3n, que \u00abson los consumidores que est\u00e1n demandando conocer de d\u00f3nde viene esa carne, cu\u00e1l es el impacto ambiental y tratar de consumir de alguna forma un producto que es diferenciado, por lo que eso hoy es un mercado de nicho\u00bb. <br><\/p>\n\n\n\n<p>Motta dijo que \u00abtal vez el productor ya est\u00e1 produciendo de forma sostenible\u00bb, sin embargo remarc\u00f3 que \u00ablo que no se ha hecho hasta ahora, y el productor normalmente no lo hace, es medir cu\u00e1l es el grado de sostenibilidad de su sistema de producci\u00f3n\u00bb. En este sentido remarc\u00f3 el \u00abrol de INIA, que est\u00e1 desarrollando metodolog\u00edas y formas de medir, por ejemplo, el impacto en la biodiversidad, si es que lo hay\u00bb. <br><\/p>\n\n\n\n<p>Para el profesional conocer el \u00abestado de situaci\u00f3n\u00bb de cada establecimiento, permitir\u00e1 \u00absaber cu\u00e1l es su impacto ambiental, si es que lo tiene, y a partir de ah\u00ed se puede planificar metas para el futuro, por ejemplo, primero para bajar su emisi\u00f3n, su presi\u00f3n de emisi\u00f3n o conservar a\u00fan m\u00e1s los recursos que hoy tiene disponibles y que obviamente el productor siempre quiere dejarle un campo sano para la generaci\u00f3n futura\u00bb.<br><\/p>\n\n\n\n<p>Explic\u00f3 que los datos de emisi\u00f3n y de la presi\u00f3n de emisi\u00f3n en el sector ganadero, est\u00e1n calculados por el Ministerio de Ganader\u00eda, Agricultura y Pesca y se publican en las p\u00e1ginas oficiales, por lo que esa informaci\u00f3n a nivel nacional existe, \u00abpero a futuro se va a tener un poco m\u00e1s de informaci\u00f3n de c\u00f3mo es la presi\u00f3n de emisi\u00f3n de forma territorial. Esto es lo que est\u00e1 trabajando en este grupo de huella ambiental de la ganader\u00eda, que est\u00e1 conformado por el Ministerio de Ganader\u00eda, el Ministerio de Ambiente, INIA y INALE y el propio INAC\u00bb.<br><\/p>\n\n\n\n<p>Partiendo de la base que Uruguay continuar\u00e1 siendo ganadero y que las vacas en el campo seguir\u00e1n emitiendo gases de efecto invernadero, el Ing. Gianni Motta dijo que \u00abexisten muchas formas de bajar las emisiones, tanto absolutas como relativas\u00bb. A modo de ejemplo se\u00f1al\u00f3 \u00abla mejora de la digestibilidad de las pasturas o dar alimentos m\u00e1s digestibles, eso inmediatamente baja la emisi\u00f3n del animal\u00bb. <br><\/p>\n\n\n\n<p>El t\u00e9cnico de INAC dijo que existe \u00abun todo un desaf\u00edo relativo al cuidado del campo natural. Porque si nosotros cuidamos el campo natural, empezamos a secuestrar carbono. Si en el suelo tambi\u00e9n se puede encontrar carbono ah\u00ed existe una oportunidad de bajar la emisi\u00f3n total de la ganader\u00eda\u00bb. Motta record\u00f3 que \u00abel metano es biog\u00e9nico y cicla naturalmente en el ambiente, por lo que en realidad a largo plazo podr\u00edamos esperar que nuestra ganader\u00eda, con ciertas condiciones sea clim\u00e1ticamente neutra\u00bb.<\/p>\n\n\n\n<p>Salto, jueves 13 de octubre de 2022<\/p>\n","protected":false},"excerpt":{"rendered":"<p>Uruguay ha asumido compromisos a nivel internacional, que plantean una reducci\u00f3n y menor de las emisiones de gases de efecto invernadero, espec\u00edficamente en la producci\u00f3n de carnes, por lo que [&hellip;]<\/p>\n","protected":false},"author":5,"featured_media":46279,"comment_status":"open","ping_status":"open","sticky":false,"template":"","format":"standard","meta":{"_price":"","_stock":"","_tribe_ticket_header":"","_tribe_default_ticket_provider":"","_tribe_ticket_capacity":"0","_ticket_start_date":"","_ticket_end_date":"","_tribe_ticket_show_description":"","_tribe_ticket_show_not_going":false,"_tribe_ticket_use_global_stock":"","_tribe_ticket_global_stock_level":"","_global_stock_mode":"","_global_stock_cap":"","_tribe_rsvp_for_event":"","_tribe_ticket_going_count":"","_tribe_ticket_not_going_count":"","_tribe_tickets_list":"[]","_tribe_ticket_has_attendee_info_fields":false,"h5ap_radio_sources":[],"_jetpack_newsletter_access":"","_jetpack_dont_email_post_to_subs":false,"_jetpack_newsletter_tier_id":0,"_jetpack_memberships_contains_paywalled_content":false,"_jetpack_memberships_contains_paid_content":false,"footnotes":""},"categories":[21,5],"tags":[],"class_list":["post-46277","post","type-post","status-publish","format-standard","has-post-thumbnail","hentry","category-actualidad","category-ganaderia"],"jetpack_featured_media_url":"https:\/\/i0.wp.com\/lahoradelcampo.com.uy\/site\/wp-content\/uploads\/2022\/10\/GianniMotta-INAC.jpg?fit=880%2C440&ssl=1","jetpack_sharing_enabled":true,"jetpack_shortlink":"https:\/\/wp.me\/p99IaT-c2p","jetpack-related-posts":[{"id":50190,"url":"https:\/\/lahoradelcampo.com.uy\/site\/ganaderia-sostenible-en-latinoamerica-el-papel-de-la-ciencia-y-la-tecnologia\/","url_meta":{"origin":46277,"position":0},"title":"Ganader\u00eda sostenible en latinoam\u00e9rica: el papel de la ciencia y la tecnolog\u00eda","author":"La Hora del Campo","date":"25 abril, 2023","format":false,"excerpt":"La ganader\u00eda es uno de los sectores m\u00e1s importantes de la econom\u00eda de latinoamericana, por lo que la sostenibilidad de la misma es vital para el desarrollo equitativo de la regi\u00f3n. En este sentido, el ingeniero agr\u00f3nomo Fabio Montossi, investigador principal del Programa Nacional Carne y Lana en el Instituto\u2026","rel":"","context":"En \u00abActualidad\u00bb","block_context":{"text":"Actualidad","link":"https:\/\/lahoradelcampo.com.uy\/site\/category\/actualidad\/"},"img":{"alt_text":"","src":"https:\/\/i0.wp.com\/lahoradelcampo.com.uy\/site\/wp-content\/uploads\/2017\/09\/Fabio-Montossi.jpg?fit=880%2C440&ssl=1&resize=350%2C200","width":350,"height":200,"srcset":"https:\/\/i0.wp.com\/lahoradelcampo.com.uy\/site\/wp-content\/uploads\/2017\/09\/Fabio-Montossi.jpg?fit=880%2C440&ssl=1&resize=350%2C200 1x, https:\/\/i0.wp.com\/lahoradelcampo.com.uy\/site\/wp-content\/uploads\/2017\/09\/Fabio-Montossi.jpg?fit=880%2C440&ssl=1&resize=525%2C300 1.5x, https:\/\/i0.wp.com\/lahoradelcampo.com.uy\/site\/wp-content\/uploads\/2017\/09\/Fabio-Montossi.jpg?fit=880%2C440&ssl=1&resize=700%2C400 2x"},"classes":[]},{"id":22402,"url":"https:\/\/lahoradelcampo.com.uy\/site\/uruguay-respondio-a-la-onu-que-la-carne-no-es-culpable-de-la-emision-de-gases-de-efecto-invernadero\/","url_meta":{"origin":46277,"position":1},"title":"Uruguay respondi\u00f3 a la ONU que la carne no es culpable de la emisi\u00f3n de gases de efecto invernadero","author":"La Hora del Campo","date":"5 agosto, 2020","format":false,"excerpt":"El pasado 30 de julio de 2020, la Organizaci\u00f3n Mundial de las Naciones Unidas (ONU) a trav\u00e9s de su cuenta de Twitter en espa\u00f1ol llam\u00f3 a la poblaci\u00f3n con el hastatag \"#Act\u00faaAhora\" a proteger el mundo y en su mensaje principal dijo \"la industria de la carne es responsable de\u2026","rel":"","context":"En \u00abActualidad\u00bb","block_context":{"text":"Actualidad","link":"https:\/\/lahoradelcampo.com.uy\/site\/category\/actualidad\/"},"img":{"alt_text":"","src":"https:\/\/i0.wp.com\/lahoradelcampo.com.uy\/site\/wp-content\/uploads\/2020\/08\/GanadoHerefordweb.jpg?fit=880%2C440&ssl=1&resize=350%2C200","width":350,"height":200,"srcset":"https:\/\/i0.wp.com\/lahoradelcampo.com.uy\/site\/wp-content\/uploads\/2020\/08\/GanadoHerefordweb.jpg?fit=880%2C440&ssl=1&resize=350%2C200 1x, https:\/\/i0.wp.com\/lahoradelcampo.com.uy\/site\/wp-content\/uploads\/2020\/08\/GanadoHerefordweb.jpg?fit=880%2C440&ssl=1&resize=525%2C300 1.5x, https:\/\/i0.wp.com\/lahoradelcampo.com.uy\/site\/wp-content\/uploads\/2020\/08\/GanadoHerefordweb.jpg?fit=880%2C440&ssl=1&resize=700%2C400 2x"},"classes":[]},{"id":40571,"url":"https:\/\/lahoradelcampo.com.uy\/site\/uruguay-debe-cuantificar-las-emisiones-por-cantidad-de-producto\/","url_meta":{"origin":46277,"position":2},"title":"\u00abUruguay debe cuantificar las emisiones por cantidad de producto\u00bb","author":"La Hora del Campo","date":"5 abril, 2022","format":false,"excerpt":"En el marco de la Expo Melilla, arrib\u00f3 al pa\u00eds de la mano del Instituto Nacional de Carnes (INAC) el especialista en temas ambientales Frank Mitloehner. En su visita al pa\u00eds tambi\u00e9n recorri\u00f3 las instalaciones de la Central de Pruebas de Kiy\u00fa, donde el Instituto Nacional de Investigaci\u00f3n Agropecuaria (INIA)\u2026","rel":"","context":"En \u00abActualidad\u00bb","block_context":{"text":"Actualidad","link":"https:\/\/lahoradelcampo.com.uy\/site\/category\/actualidad\/"},"img":{"alt_text":"","src":"https:\/\/i0.wp.com\/lahoradelcampo.com.uy\/site\/wp-content\/uploads\/2022\/04\/INIA-Ciappesoni.jpg?fit=880%2C440&ssl=1&resize=350%2C200","width":350,"height":200,"srcset":"https:\/\/i0.wp.com\/lahoradelcampo.com.uy\/site\/wp-content\/uploads\/2022\/04\/INIA-Ciappesoni.jpg?fit=880%2C440&ssl=1&resize=350%2C200 1x, https:\/\/i0.wp.com\/lahoradelcampo.com.uy\/site\/wp-content\/uploads\/2022\/04\/INIA-Ciappesoni.jpg?fit=880%2C440&ssl=1&resize=525%2C300 1.5x, https:\/\/i0.wp.com\/lahoradelcampo.com.uy\/site\/wp-content\/uploads\/2022\/04\/INIA-Ciappesoni.jpg?fit=880%2C440&ssl=1&resize=700%2C400 2x"},"classes":[]},{"id":42689,"url":"https:\/\/lahoradelcampo.com.uy\/site\/ganaderia-y-clima-mejoro-un-20-el-ingreso-de-los-predios-ganaderos\/","url_meta":{"origin":46277,"position":3},"title":"Ganader\u00eda y Clima mejor\u00f3 un 20% el ingreso de los predios ganaderos","author":"La Hora del Campo","date":"13 junio, 2022","format":false,"excerpt":"Este viernes 10 de junio se presentaron los resultados del proyecto Producci\u00f3n Ganadera Clim\u00e1ticamente Inteligente y Restauraci\u00f3n del Suelo en Pastizales Uruguayos, m\u00e1s conocido como \u201cProyecto Ganader\u00eda y Clima\u201d. Los datos del primer a\u00f1o de estudio muestran que la gran mayor\u00eda de los predios que participan del proyecto lograron mejorar\u2026","rel":"","context":"En \u00abActualidad\u00bb","block_context":{"text":"Actualidad","link":"https:\/\/lahoradelcampo.com.uy\/site\/category\/actualidad\/"},"img":{"alt_text":"","src":"https:\/\/i0.wp.com\/lahoradelcampo.com.uy\/site\/wp-content\/uploads\/2022\/06\/MGAP-Ganaderiayclima.jpg?fit=880%2C440&ssl=1&resize=350%2C200","width":350,"height":200,"srcset":"https:\/\/i0.wp.com\/lahoradelcampo.com.uy\/site\/wp-content\/uploads\/2022\/06\/MGAP-Ganaderiayclima.jpg?fit=880%2C440&ssl=1&resize=350%2C200 1x, https:\/\/i0.wp.com\/lahoradelcampo.com.uy\/site\/wp-content\/uploads\/2022\/06\/MGAP-Ganaderiayclima.jpg?fit=880%2C440&ssl=1&resize=525%2C300 1.5x, https:\/\/i0.wp.com\/lahoradelcampo.com.uy\/site\/wp-content\/uploads\/2022\/06\/MGAP-Ganaderiayclima.jpg?fit=880%2C440&ssl=1&resize=700%2C400 2x"},"classes":[]},{"id":47579,"url":"https:\/\/lahoradelcampo.com.uy\/site\/el-50-de-las-emisiones-de-metano-provienen-de-la-ganaderia\/","url_meta":{"origin":46277,"position":4},"title":"El 50% de las emisiones de metano provienen de la ganader\u00eda","author":"La Hora del Campo","date":"12 diciembre, 2022","format":false,"excerpt":"En la reciente reuni\u00f3n de final de a\u00f1o, del Instituto Nacional de Carnes, el Ing. Agr. Gianni Motta, jefe de Innovaci\u00f3n de la Gerencia de Estrategia del instituto brind\u00f3 detalles de la representaci\u00f3n de INAC que realiz\u00f3 recientemente en Egipto. Durante la COP27, INAC fue invitado a participar de un\u2026","rel":"","context":"En \u00abActualidad\u00bb","block_context":{"text":"Actualidad","link":"https:\/\/lahoradelcampo.com.uy\/site\/category\/actualidad\/"},"img":{"alt_text":"","src":"https:\/\/i0.wp.com\/lahoradelcampo.com.uy\/site\/wp-content\/uploads\/2022\/12\/GianniMotta-INACC.jpg?fit=880%2C440&ssl=1&resize=350%2C200","width":350,"height":200,"srcset":"https:\/\/i0.wp.com\/lahoradelcampo.com.uy\/site\/wp-content\/uploads\/2022\/12\/GianniMotta-INACC.jpg?fit=880%2C440&ssl=1&resize=350%2C200 1x, https:\/\/i0.wp.com\/lahoradelcampo.com.uy\/site\/wp-content\/uploads\/2022\/12\/GianniMotta-INACC.jpg?fit=880%2C440&ssl=1&resize=525%2C300 1.5x, https:\/\/i0.wp.com\/lahoradelcampo.com.uy\/site\/wp-content\/uploads\/2022\/12\/GianniMotta-INACC.jpg?fit=880%2C440&ssl=1&resize=700%2C400 2x"},"classes":[]},{"id":44819,"url":"https:\/\/lahoradelcampo.com.uy\/site\/los-productores-administran-el-territorio-por-eso-tenemos-que-pedirles-que-lo-cuiden\/","url_meta":{"origin":46277,"position":5},"title":"Los productores administran el territorio por eso tenemos que pedirles que lo cuiden","author":"La Hora del Campo","date":"17 agosto, 2022","format":false,"excerpt":"En la jornada de ayer, el Instituto Nacional de Investigaci\u00f3n Agropecuaria (INIA) realiz\u00f3 en el establecimiento San Ram\u00f3n de la familia M\u00e9ndez, en Salto, la jornada \u201cProducci\u00f3n de carne y lana, cuidando el ambiente\u201d, donde participaron t\u00e9cnicos de la instituci\u00f3n, de la Facultad de Agronom\u00eda, del Secretariado Uruguayo de la\u2026","rel":"","context":"En \u00abActualidad\u00bb","block_context":{"text":"Actualidad","link":"https:\/\/lahoradelcampo.com.uy\/site\/category\/actualidad\/"},"img":{"alt_text":"","src":"https:\/\/i0.wp.com\/lahoradelcampo.com.uy\/site\/wp-content\/uploads\/2022\/08\/INIA-OscarBlumetto.jpg?fit=880%2C440&ssl=1&resize=350%2C200","width":350,"height":200,"srcset":"https:\/\/i0.wp.com\/lahoradelcampo.com.uy\/site\/wp-content\/uploads\/2022\/08\/INIA-OscarBlumetto.jpg?fit=880%2C440&ssl=1&resize=350%2C200 1x, https:\/\/i0.wp.com\/lahoradelcampo.com.uy\/site\/wp-content\/uploads\/2022\/08\/INIA-OscarBlumetto.jpg?fit=880%2C440&ssl=1&resize=525%2C300 1.5x, https:\/\/i0.wp.com\/lahoradelcampo.com.uy\/site\/wp-content\/uploads\/2022\/08\/INIA-OscarBlumetto.jpg?fit=880%2C440&ssl=1&resize=700%2C400 2x"},"classes":[]}],"jetpack_likes_enabled":true,"_links":{"self":[{"href":"https:\/\/lahoradelcampo.com.uy\/site\/wp-json\/wp\/v2\/posts\/46277","targetHints":{"allow":["GET"]}}],"collection":[{"href":"https:\/\/lahoradelcampo.com.uy\/site\/wp-json\/wp\/v2\/posts"}],"about":[{"href":"https:\/\/lahoradelcampo.com.uy\/site\/wp-json\/wp\/v2\/types\/post"}],"author":[{"embeddable":true,"href":"https:\/\/lahoradelcampo.com.uy\/site\/wp-json\/wp\/v2\/users\/5"}],"replies":[{"embeddable":true,"href":"https:\/\/lahoradelcampo.com.uy\/site\/wp-json\/wp\/v2\/comments?post=46277"}],"version-history":[{"count":1,"href":"https:\/\/lahoradelcampo.com.uy\/site\/wp-json\/wp\/v2\/posts\/46277\/revisions"}],"predecessor-version":[{"id":46281,"href":"https:\/\/lahoradelcampo.com.uy\/site\/wp-json\/wp\/v2\/posts\/46277\/revisions\/46281"}],"wp:featuredmedia":[{"embeddable":true,"href":"https:\/\/lahoradelcampo.com.uy\/site\/wp-json\/wp\/v2\/media\/46279"}],"wp:attachment":[{"href":"https:\/\/lahoradelcampo.com.uy\/site\/wp-json\/wp\/v2\/media?parent=46277"}],"wp:term":[{"taxonomy":"category","embeddable":true,"href":"https:\/\/lahoradelcampo.com.uy\/site\/wp-json\/wp\/v2\/categories?post=46277"},{"taxonomy":"post_tag","embeddable":true,"href":"https:\/\/lahoradelcampo.com.uy\/site\/wp-json\/wp\/v2\/tags?post=46277"}],"curies":[{"name":"wp","href":"https:\/\/api.w.org\/{rel}","templated":true}]}}