{"id":46271,"date":"2022-10-13T10:59:41","date_gmt":"2022-10-13T13:59:41","guid":{"rendered":"http:\/\/lahoradelcampo.com.uy\/site\/?p=46271"},"modified":"2022-10-13T10:59:45","modified_gmt":"2022-10-13T13:59:45","slug":"inia-abrio-periodo-para-la-presentacion-de-proyectos-fpta","status":"publish","type":"post","link":"https:\/\/lahoradelcampo.com.uy\/site\/inia-abrio-periodo-para-la-presentacion-de-proyectos-fpta\/","title":{"rendered":"INIA abri\u00f3 per\u00edodo para la presentaci\u00f3n de proyectos FPTA"},"content":{"rendered":"\n<figure class=\"wp-block-image\"><img data-recalc-dims=\"1\" loading=\"lazy\" decoding=\"async\" width=\"810\" height=\"405\" data-attachment-id=\"46273\" data-permalink=\"https:\/\/lahoradelcampo.com.uy\/site\/inia-abrio-periodo-para-la-presentacion-de-proyectos-fpta\/inia-banderas\/\" data-orig-file=\"https:\/\/i0.wp.com\/lahoradelcampo.com.uy\/site\/wp-content\/uploads\/2022\/10\/INIA-banderas.jpg?fit=880%2C440&amp;ssl=1\" data-orig-size=\"880,440\" data-comments-opened=\"1\" data-image-meta=\"{&quot;aperture&quot;:&quot;0&quot;,&quot;credit&quot;:&quot;&quot;,&quot;camera&quot;:&quot;&quot;,&quot;caption&quot;:&quot;&quot;,&quot;created_timestamp&quot;:&quot;0&quot;,&quot;copyright&quot;:&quot;&quot;,&quot;focal_length&quot;:&quot;0&quot;,&quot;iso&quot;:&quot;0&quot;,&quot;shutter_speed&quot;:&quot;0&quot;,&quot;title&quot;:&quot;&quot;,&quot;orientation&quot;:&quot;1&quot;}\" data-image-title=\"INIA-banderas\" data-image-description=\"\" data-image-caption=\"\" data-large-file=\"https:\/\/i0.wp.com\/lahoradelcampo.com.uy\/site\/wp-content\/uploads\/2022\/10\/INIA-banderas.jpg?fit=810%2C405&amp;ssl=1\" src=\"https:\/\/i0.wp.com\/lahoradelcampo.com.uy\/site\/wp-content\/uploads\/2022\/10\/INIA-banderas.jpg?resize=810%2C405\" alt=\"\" class=\"wp-image-46273\" srcset=\"https:\/\/i0.wp.com\/lahoradelcampo.com.uy\/site\/wp-content\/uploads\/2022\/10\/INIA-banderas.jpg?w=880&amp;ssl=1 880w, https:\/\/i0.wp.com\/lahoradelcampo.com.uy\/site\/wp-content\/uploads\/2022\/10\/INIA-banderas.jpg?resize=300%2C150&amp;ssl=1 300w, https:\/\/i0.wp.com\/lahoradelcampo.com.uy\/site\/wp-content\/uploads\/2022\/10\/INIA-banderas.jpg?resize=768%2C384&amp;ssl=1 768w, https:\/\/i0.wp.com\/lahoradelcampo.com.uy\/site\/wp-content\/uploads\/2022\/10\/INIA-banderas.jpg?resize=820%2C410&amp;ssl=1 820w\" sizes=\"auto, (max-width: 810px) 100vw, 810px\" \/><\/figure>\n\n\n\n<p>El Instituto Nacional de Investigaci\u00f3n Agropecuaria (INIA) realiz\u00f3 la apertura de dos nuevas convocatorias a la presentaci\u00f3n de proyectos de investigaci\u00f3n e innovaci\u00f3n para el sector agropecuario, a ser financiadas por el Fondo de Promoci\u00f3n de Tecnolog\u00eda Agropecuaria (FPTA). Fondo que fuera creado por el art\u00edculo 162 de la Ley 19.996, con el objetivo de promover la investigaci\u00f3n nacional en la b\u00fasqueda de resolver problemas del sector agropecuario que no se encuentren previstos en los planes de INIA. <br><\/p>\n\n\n\n<p>Estos llamados ser\u00e1n bajo dos tem\u00e1ticas puntuales, la primera est\u00e1 centrada en la presentaci\u00f3n de temas innovadores que no se encuentren previstos dentro del plan estrat\u00e9gico quinquenal elaborado por INIA, que generen cambios tecnol\u00f3gicos, puedan ser aplicados de forma inmediata y soluciones problem\u00e1ticas en el sector productivo. <br><\/p>\n\n\n\n<p>El monto total asignado por la Junta Directiva es de US$ 1.000.000 para esta primera tem\u00e1tica, que podr\u00e1 ser presentada en cualquier momento del a\u00f1o, por empresas, organizaciones privadas como cooperativas, sociedades de fomento, proveedores de servicio, etc. Adem\u00e1s podr\u00e1n presentarse instituciones p\u00fablicas\/privadas nacionales o internacionales. <br><\/p>\n\n\n\n<p>La segunda tem\u00e1tica, o el segundo llamado, estar\u00e1 enfocado en proyectos que promuevan la soluci\u00f3n a problemas espec\u00edficos del sector dentro de las \u00e1reas priorizadas por el Plan Estrat\u00e9gico de Investigaci\u00f3n 2021-2025 de INIA. <br><\/p>\n\n\n\n<p>Las seis grandes \u00e1reas ser\u00e1n salud animal; forestal; agroalimentos; agrotics y tecnolog\u00edas emergentes; econom\u00eda aplicada y recursos naturales y producci\u00f3n y ambiente. Podr\u00e1n ser presentados por instituciones nacionales o internacionales de investigaci\u00f3n, empresas privadas, equipos t\u00e9cnicos y consultoras privadas.<br><\/p>\n\n\n\n<p>El monto total asignado por la Junta Directiva para esta convocatoria alcanza la suma de US$ 3.000.000 y el plazo de presentaci\u00f3n de perfiles vence el d\u00eda 21 de noviembre de 2022.<\/p>\n\n\n\n<p>Salto, mi\u00e9rcoles 12 de octubre de 2022<\/p>\n","protected":false},"excerpt":{"rendered":"<p>El Instituto Nacional de Investigaci\u00f3n Agropecuaria (INIA) realiz\u00f3 la apertura de dos nuevas convocatorias a la presentaci\u00f3n de proyectos de investigaci\u00f3n e innovaci\u00f3n para el sector agropecuario, a ser financiadas [&hellip;]<\/p>\n","protected":false},"author":5,"featured_media":46273,"comment_status":"open","ping_status":"open","sticky":false,"template":"","format":"standard","meta":{"_price":"","_stock":"","_tribe_ticket_header":"","_tribe_default_ticket_provider":"","_tribe_ticket_capacity":"0","_ticket_start_date":"","_ticket_end_date":"","_tribe_ticket_show_description":"","_tribe_ticket_show_not_going":false,"_tribe_ticket_use_global_stock":"","_tribe_ticket_global_stock_level":"","_global_stock_mode":"","_global_stock_cap":"","_tribe_rsvp_for_event":"","_tribe_ticket_going_count":"","_tribe_ticket_not_going_count":"","_tribe_tickets_list":"[]","_tribe_ticket_has_attendee_info_fields":false,"h5ap_radio_sources":[],"_jetpack_newsletter_access":"","_jetpack_dont_email_post_to_subs":false,"_jetpack_newsletter_tier_id":0,"_jetpack_memberships_contains_paywalled_content":false,"_jetpack_memberships_contains_paid_content":false,"footnotes":""},"categories":[21,5],"tags":[],"class_list":["post-46271","post","type-post","status-publish","format-standard","has-post-thumbnail","hentry","category-actualidad","category-ganaderia"],"jetpack_featured_media_url":"https:\/\/i0.wp.com\/lahoradelcampo.com.uy\/site\/wp-content\/uploads\/2022\/10\/INIA-banderas.jpg?fit=880%2C440&ssl=1","jetpack_sharing_enabled":true,"jetpack_shortlink":"https:\/\/wp.me\/p99IaT-c2j","jetpack-related-posts":[{"id":10417,"url":"https:\/\/lahoradelcampo.com.uy\/site\/inia-y-fucrea-apuntan-a-la-produccion-sustentable-del-vino\/","url_meta":{"origin":46271,"position":0},"title":"INIA y Fucrea apuntan a la producci\u00f3n sustentable del vino","author":"La Hora del Campo","date":"3 mayo, 2019","format":false,"excerpt":"El Instituto Nacional de Investigaci\u00f3n Agropecuaria (INIA) y la Federaci\u00f3n Uruguaya de Centros Regionales de Experimentaci\u00f3n Agropecuaria (FUCREA) firmaron un convenio de vinculaci\u00f3n tecnol\u00f3gica para llevar adelante el proyecto \"Ajuste, difusi\u00f3n y aplicaci\u00f3n de la normativa de producci\u00f3n integrada para uvas de vino, alineada con exigencias del mercado internacional de\u2026","rel":"","context":"En \u00abActualidad\u00bb","block_context":{"text":"Actualidad","link":"https:\/\/lahoradelcampo.com.uy\/site\/category\/actualidad\/"},"img":{"alt_text":"","src":"https:\/\/i0.wp.com\/lahoradelcampo.com.uy\/site\/wp-content\/uploads\/2019\/04\/Vinos.jpg?fit=880%2C440&ssl=1&resize=350%2C200","width":350,"height":200,"srcset":"https:\/\/i0.wp.com\/lahoradelcampo.com.uy\/site\/wp-content\/uploads\/2019\/04\/Vinos.jpg?fit=880%2C440&ssl=1&resize=350%2C200 1x, https:\/\/i0.wp.com\/lahoradelcampo.com.uy\/site\/wp-content\/uploads\/2019\/04\/Vinos.jpg?fit=880%2C440&ssl=1&resize=525%2C300 1.5x, https:\/\/i0.wp.com\/lahoradelcampo.com.uy\/site\/wp-content\/uploads\/2019\/04\/Vinos.jpg?fit=880%2C440&ssl=1&resize=700%2C400 2x"},"classes":[]},{"id":55874,"url":"https:\/\/lahoradelcampo.com.uy\/site\/inia-las-brujas-organiza-jornada-sobre-produccion-familiar\/","url_meta":{"origin":46271,"position":1},"title":"Inia Las Brujas organiza jornada sobre producci\u00f3n familiar","author":"La Hora del Campo","date":"13 abril, 2025","format":false,"excerpt":"El pr\u00f3ximo jueves 24 de abril, la Estaci\u00f3n Experimental \u201cWilson Ferreira Aldunate\u201d de INIA Las Brujas (Canelones) ser\u00e1 sede de la 1\u00aa Jornada de Producci\u00f3n Familiar. La actividad se extender\u00e1 de 8:30 a 16:00 horas y abordar\u00e1 diversas dimensiones del sector, con foco en la innovaci\u00f3n, el suelo, la biodiversidad\u2026","rel":"","context":"En \u00abGanader\u00eda\u00bb","block_context":{"text":"Ganader\u00eda","link":"https:\/\/lahoradelcampo.com.uy\/site\/category\/ganaderia\/"},"img":{"alt_text":"","src":"https:\/\/i0.wp.com\/lahoradelcampo.com.uy\/site\/wp-content\/uploads\/2025\/04\/inia-las-brujas.jpg?fit=880%2C440&ssl=1&resize=350%2C200","width":350,"height":200,"srcset":"https:\/\/i0.wp.com\/lahoradelcampo.com.uy\/site\/wp-content\/uploads\/2025\/04\/inia-las-brujas.jpg?fit=880%2C440&ssl=1&resize=350%2C200 1x, https:\/\/i0.wp.com\/lahoradelcampo.com.uy\/site\/wp-content\/uploads\/2025\/04\/inia-las-brujas.jpg?fit=880%2C440&ssl=1&resize=525%2C300 1.5x, https:\/\/i0.wp.com\/lahoradelcampo.com.uy\/site\/wp-content\/uploads\/2025\/04\/inia-las-brujas.jpg?fit=880%2C440&ssl=1&resize=700%2C400 2x"},"classes":[]},{"id":4655,"url":"https:\/\/lahoradelcampo.com.uy\/site\/octava-entrega-del-crilu-se-realiza-el-15-de-diciembre\/","url_meta":{"origin":46271,"position":2},"title":"Octava entrega del Crilu se realiza el  15 de diciembre","author":"La Hora del Campo","date":"5 diciembre, 2017","format":false,"excerpt":"El pr\u00f3ximo 15 de diciembre el Consorcio Regional de Lanas Ultrafinas del Uruguay, la Sociedad de Criadores Merino Australiano del Uruguay y el Instituto Nacional de Investigaci\u00f3n Agropecuaria realizaran la octava entrega de reproductores a integrantes del CRILU, en las instalaciones del INIA Tacuaremb\u00f3. En el programa est\u00e1 prevista una\u2026","rel":"","context":"En \u00abActualidad\u00bb","block_context":{"text":"Actualidad","link":"https:\/\/lahoradelcampo.com.uy\/site\/category\/actualidad\/"},"img":{"alt_text":"","src":"https:\/\/i0.wp.com\/lahoradelcampo.com.uy\/site\/wp-content\/uploads\/2017\/12\/Crilu.jpg?fit=880%2C440&ssl=1&resize=350%2C200","width":350,"height":200,"srcset":"https:\/\/i0.wp.com\/lahoradelcampo.com.uy\/site\/wp-content\/uploads\/2017\/12\/Crilu.jpg?fit=880%2C440&ssl=1&resize=350%2C200 1x, https:\/\/i0.wp.com\/lahoradelcampo.com.uy\/site\/wp-content\/uploads\/2017\/12\/Crilu.jpg?fit=880%2C440&ssl=1&resize=525%2C300 1.5x, https:\/\/i0.wp.com\/lahoradelcampo.com.uy\/site\/wp-content\/uploads\/2017\/12\/Crilu.jpg?fit=880%2C440&ssl=1&resize=700%2C400 2x"},"classes":[]},{"id":22780,"url":"https:\/\/lahoradelcampo.com.uy\/site\/sul-inia-e-inac-trabajan-para-mejorar-la-competitividad-internacional-de-la-carne-ovina\/","url_meta":{"origin":46271,"position":3},"title":"SUL, INIA e INAC trabajan para mejorar la competitividad internacional de la carne ovina","author":"La Hora del Campo","date":"18 agosto, 2020","format":false,"excerpt":"El Secretariado Uruguayo de la Lana (SUL), conjuntamente con el Instituto Nacional de Investigaci\u00f3n Agropecuaria (INIA) y el Instituto Nacional de Carnes (INAC) llevan adelante el convenio de cooperaci\u00f3n \u201cInvestigaci\u00f3n, transferencia de tecnolog\u00eda e innovaci\u00f3n para la mejora de la competitividad internacional de la cadena c\u00e1rnica ovina del Uruguay\u201d. En\u2026","rel":"","context":"En \u00abActualidad\u00bb","block_context":{"text":"Actualidad","link":"https:\/\/lahoradelcampo.com.uy\/site\/category\/actualidad\/"},"img":{"alt_text":"","src":"https:\/\/i0.wp.com\/lahoradelcampo.com.uy\/site\/wp-content\/uploads\/2017\/09\/Ovinos.jpg?fit=880%2C440&ssl=1&resize=350%2C200","width":350,"height":200,"srcset":"https:\/\/i0.wp.com\/lahoradelcampo.com.uy\/site\/wp-content\/uploads\/2017\/09\/Ovinos.jpg?fit=880%2C440&ssl=1&resize=350%2C200 1x, https:\/\/i0.wp.com\/lahoradelcampo.com.uy\/site\/wp-content\/uploads\/2017\/09\/Ovinos.jpg?fit=880%2C440&ssl=1&resize=525%2C300 1.5x, https:\/\/i0.wp.com\/lahoradelcampo.com.uy\/site\/wp-content\/uploads\/2017\/09\/Ovinos.jpg?fit=880%2C440&ssl=1&resize=700%2C400 2x"},"classes":[]},{"id":50979,"url":"https:\/\/lahoradelcampo.com.uy\/site\/transferencia-no-es-el-rol-de-inia-pero-no-hay-ninguna-duda-que-hay-que-hacer-extension\/","url_meta":{"origin":46271,"position":4},"title":"Transferencia: \u00abno es el rol de INIA, pero no hay ninguna duda que hay que hacer extensi\u00f3n\u00bb","author":"La Hora del Campo","date":"2 junio, 2023","format":false,"excerpt":"El Ing. Agr. Jos\u00e9 Bonica, presidente del Instituto Nacional de Investigaci\u00f3n Agropecuaria (INIA), abord\u00f3, en di\u00e1logo con La Hora del Campo, el papel de la instituci\u00f3n en la generaci\u00f3n de conocimiento y su transferencia al sector productivo. En un contexto en el que la ley establece la investigaci\u00f3n como objetivo\u2026","rel":"","context":"En \u00abActualidad\u00bb","block_context":{"text":"Actualidad","link":"https:\/\/lahoradelcampo.com.uy\/site\/category\/actualidad\/"},"img":{"alt_text":"","src":"https:\/\/i0.wp.com\/lahoradelcampo.com.uy\/site\/wp-content\/uploads\/2023\/06\/INIA-JOSEBONICA.jpg?fit=880%2C440&ssl=1&resize=350%2C200","width":350,"height":200,"srcset":"https:\/\/i0.wp.com\/lahoradelcampo.com.uy\/site\/wp-content\/uploads\/2023\/06\/INIA-JOSEBONICA.jpg?fit=880%2C440&ssl=1&resize=350%2C200 1x, https:\/\/i0.wp.com\/lahoradelcampo.com.uy\/site\/wp-content\/uploads\/2023\/06\/INIA-JOSEBONICA.jpg?fit=880%2C440&ssl=1&resize=525%2C300 1.5x, https:\/\/i0.wp.com\/lahoradelcampo.com.uy\/site\/wp-content\/uploads\/2023\/06\/INIA-JOSEBONICA.jpg?fit=880%2C440&ssl=1&resize=700%2C400 2x"},"classes":[]},{"id":21086,"url":"https:\/\/lahoradelcampo.com.uy\/site\/a-inia-le-faltan-esos-fondos-de-reserva-que-le-permitan-trabajar-comodamente\/","url_meta":{"origin":46271,"position":5},"title":"A INIA le faltan esos fondos de reserva que le permitan trabajar c\u00f3modamente","author":"La Hora del Campo","date":"18 junio, 2020","format":false,"excerpt":"El Ing. Agr. Jos\u00e9 Bonica, asumi\u00f3 recientemente la presidencia de la junta directiva del Instituto Nacional de Investigaci\u00f3n Agropecuaria (INIA) y en la jornada de ayer visit\u00f3 la estaci\u00f3n experimental Salto Grande, donde dialog\u00f3 con la directora de la estaci\u00f3n Ing. Agr. Mariana Espino, y con diferentes t\u00e9cnicos referentes de\u2026","rel":"","context":"En \u00abActualidad\u00bb","block_context":{"text":"Actualidad","link":"https:\/\/lahoradelcampo.com.uy\/site\/category\/actualidad\/"},"img":{"alt_text":"","src":"https:\/\/i0.wp.com\/lahoradelcampo.com.uy\/site\/wp-content\/uploads\/2020\/06\/Bonica.jpg?fit=880%2C440&ssl=1&resize=350%2C200","width":350,"height":200,"srcset":"https:\/\/i0.wp.com\/lahoradelcampo.com.uy\/site\/wp-content\/uploads\/2020\/06\/Bonica.jpg?fit=880%2C440&ssl=1&resize=350%2C200 1x, https:\/\/i0.wp.com\/lahoradelcampo.com.uy\/site\/wp-content\/uploads\/2020\/06\/Bonica.jpg?fit=880%2C440&ssl=1&resize=525%2C300 1.5x, https:\/\/i0.wp.com\/lahoradelcampo.com.uy\/site\/wp-content\/uploads\/2020\/06\/Bonica.jpg?fit=880%2C440&ssl=1&resize=700%2C400 2x"},"classes":[]}],"jetpack_likes_enabled":true,"_links":{"self":[{"href":"https:\/\/lahoradelcampo.com.uy\/site\/wp-json\/wp\/v2\/posts\/46271","targetHints":{"allow":["GET"]}}],"collection":[{"href":"https:\/\/lahoradelcampo.com.uy\/site\/wp-json\/wp\/v2\/posts"}],"about":[{"href":"https:\/\/lahoradelcampo.com.uy\/site\/wp-json\/wp\/v2\/types\/post"}],"author":[{"embeddable":true,"href":"https:\/\/lahoradelcampo.com.uy\/site\/wp-json\/wp\/v2\/users\/5"}],"replies":[{"embeddable":true,"href":"https:\/\/lahoradelcampo.com.uy\/site\/wp-json\/wp\/v2\/comments?post=46271"}],"version-history":[{"count":1,"href":"https:\/\/lahoradelcampo.com.uy\/site\/wp-json\/wp\/v2\/posts\/46271\/revisions"}],"predecessor-version":[{"id":46275,"href":"https:\/\/lahoradelcampo.com.uy\/site\/wp-json\/wp\/v2\/posts\/46271\/revisions\/46275"}],"wp:featuredmedia":[{"embeddable":true,"href":"https:\/\/lahoradelcampo.com.uy\/site\/wp-json\/wp\/v2\/media\/46273"}],"wp:attachment":[{"href":"https:\/\/lahoradelcampo.com.uy\/site\/wp-json\/wp\/v2\/media?parent=46271"}],"wp:term":[{"taxonomy":"category","embeddable":true,"href":"https:\/\/lahoradelcampo.com.uy\/site\/wp-json\/wp\/v2\/categories?post=46271"},{"taxonomy":"post_tag","embeddable":true,"href":"https:\/\/lahoradelcampo.com.uy\/site\/wp-json\/wp\/v2\/tags?post=46271"}],"curies":[{"name":"wp","href":"https:\/\/api.w.org\/{rel}","templated":true}]}}