{"id":46261,"date":"2022-10-13T10:53:50","date_gmt":"2022-10-13T13:53:50","guid":{"rendered":"http:\/\/lahoradelcampo.com.uy\/site\/?p=46261"},"modified":"2022-10-13T10:53:55","modified_gmt":"2022-10-13T13:53:55","slug":"anticipese-a-un-verano-seco-con-un-buen-manejo-del-pasto","status":"publish","type":"post","link":"https:\/\/lahoradelcampo.com.uy\/site\/anticipese-a-un-verano-seco-con-un-buen-manejo-del-pasto\/","title":{"rendered":"Antic\u00edpese a un verano seco con un buen manejo del pasto"},"content":{"rendered":"\n<figure class=\"wp-block-image\"><img data-recalc-dims=\"1\" loading=\"lazy\" decoding=\"async\" width=\"810\" height=\"405\" data-attachment-id=\"43787\" data-permalink=\"https:\/\/lahoradelcampo.com.uy\/site\/plan-estrategico-del-ipa-apunta-a-20-kilos-mas-de-carne-en-20-anos\/estebancarriquiry\/\" data-orig-file=\"https:\/\/i0.wp.com\/lahoradelcampo.com.uy\/site\/wp-content\/uploads\/2022\/07\/EstebanCarriquiry.jpg?fit=880%2C440&amp;ssl=1\" data-orig-size=\"880,440\" data-comments-opened=\"1\" data-image-meta=\"{&quot;aperture&quot;:&quot;0&quot;,&quot;credit&quot;:&quot;&quot;,&quot;camera&quot;:&quot;&quot;,&quot;caption&quot;:&quot;&quot;,&quot;created_timestamp&quot;:&quot;0&quot;,&quot;copyright&quot;:&quot;&quot;,&quot;focal_length&quot;:&quot;0&quot;,&quot;iso&quot;:&quot;0&quot;,&quot;shutter_speed&quot;:&quot;0&quot;,&quot;title&quot;:&quot;&quot;,&quot;orientation&quot;:&quot;1&quot;}\" data-image-title=\"EstebanCarriquiry\" data-image-description=\"\" data-image-caption=\"\" data-large-file=\"https:\/\/i0.wp.com\/lahoradelcampo.com.uy\/site\/wp-content\/uploads\/2022\/07\/EstebanCarriquiry.jpg?fit=810%2C405&amp;ssl=1\" src=\"https:\/\/i0.wp.com\/lahoradelcampo.com.uy\/site\/wp-content\/uploads\/2022\/07\/EstebanCarriquiry.jpg?resize=810%2C405\" alt=\"\" class=\"wp-image-43787\" srcset=\"https:\/\/i0.wp.com\/lahoradelcampo.com.uy\/site\/wp-content\/uploads\/2022\/07\/EstebanCarriquiry.jpg?w=880&amp;ssl=1 880w, https:\/\/i0.wp.com\/lahoradelcampo.com.uy\/site\/wp-content\/uploads\/2022\/07\/EstebanCarriquiry.jpg?resize=300%2C150&amp;ssl=1 300w, https:\/\/i0.wp.com\/lahoradelcampo.com.uy\/site\/wp-content\/uploads\/2022\/07\/EstebanCarriquiry.jpg?resize=768%2C384&amp;ssl=1 768w, https:\/\/i0.wp.com\/lahoradelcampo.com.uy\/site\/wp-content\/uploads\/2022\/07\/EstebanCarriquiry.jpg?resize=820%2C410&amp;ssl=1 820w\" sizes=\"auto, (max-width: 810px) 100vw, 810px\" \/><\/figure>\n\n\n\n<p>M\u00e1s all\u00e1 de los vaivenes de los precios del sector ganadero, que dependen la demanda a nivel internacional, el sector ganadero se encuentra constantemente desafiada por los eventos clim\u00e1ticos, que no siempre se alinean con los valores. Esteban Carriquiry, presidente del Instituto Plan Agropecuario, dijo que \u00abaparentemente vamos a tener otra primavera seca, seg\u00fan los anuncios, por lo tanto gestionar el pasto y manejarlo de la manera m\u00e1s adecuada, es fundamental\u00bb.<br><\/p>\n\n\n\n<p>\u00abManejar bien el pasto es primero trabajar con pasto\u00bb explic\u00f3 Carriquiry al ser consultado sobre las medidas que puede ir adoptando el productor. El profesional indic\u00f3 que se debe \u00abadecuar la cantidad de pasto a las necesidades de los animales, es decir, ajustar la carga de acuerdo a eso, que es lo que llamamos el \u00edndice sobre plato de comida\u00bb. <br><\/p>\n\n\n\n<p>M\u00e1s all\u00e1 del tradicional ajuste de carga, propuesto por la instituci\u00f3n, el presidente del Plan Agropecuario se\u00f1al\u00f3 que una vez definida la cantidad de animales y la disponibilidad de forraje, se debe comenzar con \u00ablos diferimientos de potreros, con la medici\u00f3n del pasto y con el tema del pastoreo racional, que es una tecnolog\u00eda que est\u00e1 impactando muy fuerte en el sector\u00bb. <br><\/p>\n\n\n\n<p>El pr\u00f3ximo lunes 17 de octubre, estos ser\u00e1n algunos de los temas que ser\u00e1n tratados en la jornada virtual dedicada al sector ganadero denominada \u00abAntic\u00edpese a un verano seco, con un buen manejo de primavera\u00bb. Esta actividad iniciar\u00e1 a las 18:30 horas y ser\u00e1 transmitida por el canal de Youtube de INIA Uruguay. <\/p>\n\n\n\n<p>Salto, mi\u00e9rcoles 12 de octubre de 2022<\/p>\n","protected":false},"excerpt":{"rendered":"<p>M\u00e1s all\u00e1 de los vaivenes de los precios del sector ganadero, que dependen la demanda a nivel internacional, el sector ganadero se encuentra constantemente desafiada por los eventos clim\u00e1ticos, que [&hellip;]<\/p>\n","protected":false},"author":5,"featured_media":43787,"comment_status":"open","ping_status":"open","sticky":false,"template":"","format":"standard","meta":{"_price":"","_stock":"","_tribe_ticket_header":"","_tribe_default_ticket_provider":"","_tribe_ticket_capacity":"0","_ticket_start_date":"","_ticket_end_date":"","_tribe_ticket_show_description":"","_tribe_ticket_show_not_going":false,"_tribe_ticket_use_global_stock":"","_tribe_ticket_global_stock_level":"","_global_stock_mode":"","_global_stock_cap":"","_tribe_rsvp_for_event":"","_tribe_ticket_going_count":"","_tribe_ticket_not_going_count":"","_tribe_tickets_list":"[]","_tribe_ticket_has_attendee_info_fields":false,"h5ap_radio_sources":[],"_jetpack_newsletter_access":"","_jetpack_dont_email_post_to_subs":false,"_jetpack_newsletter_tier_id":0,"_jetpack_memberships_contains_paywalled_content":false,"_jetpack_memberships_contains_paid_content":false,"footnotes":""},"categories":[21,5],"tags":[],"class_list":["post-46261","post","type-post","status-publish","format-standard","has-post-thumbnail","hentry","category-actualidad","category-ganaderia"],"jetpack_featured_media_url":"https:\/\/i0.wp.com\/lahoradelcampo.com.uy\/site\/wp-content\/uploads\/2022\/07\/EstebanCarriquiry.jpg?fit=880%2C440&ssl=1","jetpack_sharing_enabled":true,"jetpack_shortlink":"https:\/\/wp.me\/p99IaT-c29","jetpack-related-posts":[{"id":12185,"url":"https:\/\/lahoradelcampo.com.uy\/site\/los-campos-del-norte-estan-con-un-23-mas-del-pasto-necesario\/","url_meta":{"origin":46261,"position":0},"title":"Los campos del norte est\u00e1n con  un 23% m\u00e1s del pasto necesario","author":"La Hora del Campo","date":"26 junio, 2019","format":false,"excerpt":"El sector ganadero en el norte del pa\u00eds goza de un excelente momento desde el punto de vista de la producci\u00f3n de pasto a nivel del basalto, seg\u00fan el Ing. Marcelo Pereira, coordinador de la Regional Litoral Norte del Instituto Plan Agropecuario. El t\u00e9cnico explic\u00f3 que si se compara el\u2026","rel":"","context":"En \u00abActualidad\u00bb","block_context":{"text":"Actualidad","link":"https:\/\/lahoradelcampo.com.uy\/site\/category\/actualidad\/"},"img":{"alt_text":"","src":"https:\/\/i0.wp.com\/lahoradelcampo.com.uy\/site\/wp-content\/uploads\/2019\/06\/marcelo-pereira.jpg?fit=880%2C440&ssl=1&resize=350%2C200","width":350,"height":200,"srcset":"https:\/\/i0.wp.com\/lahoradelcampo.com.uy\/site\/wp-content\/uploads\/2019\/06\/marcelo-pereira.jpg?fit=880%2C440&ssl=1&resize=350%2C200 1x, https:\/\/i0.wp.com\/lahoradelcampo.com.uy\/site\/wp-content\/uploads\/2019\/06\/marcelo-pereira.jpg?fit=880%2C440&ssl=1&resize=525%2C300 1.5x, https:\/\/i0.wp.com\/lahoradelcampo.com.uy\/site\/wp-content\/uploads\/2019\/06\/marcelo-pereira.jpg?fit=880%2C440&ssl=1&resize=700%2C400 2x"},"classes":[]},{"id":28890,"url":"https:\/\/lahoradelcampo.com.uy\/site\/plan-agropecuario-convoca-a-productores-a-participar-del-proyecto-gestion-del-pasto\/","url_meta":{"origin":46261,"position":1},"title":"Plan Agropecuario convoca a productores a participar del proyecto \u00abGesti\u00f3n del Pasto\u00bb","author":"La Hora del Campo","date":"29 marzo, 2021","format":false,"excerpt":"En reiteradas oportunidades los t\u00e9cnicos, ya sean Plan Agropecuario u otra instituci\u00f3n, se\u00f1alan que el \u00e9xito de un buen sistema ganadero se basa en la mejor administraci\u00f3n del recurso m\u00e1s barato del establecimiento, como lo es pasto. En este sentido el Plan Agropecuario, con el Ing. Agr. Marcelo Pereira, ha\u2026","rel":"","context":"En \u00abActualidad\u00bb","block_context":{"text":"Actualidad","link":"https:\/\/lahoradelcampo.com.uy\/site\/category\/actualidad\/"},"img":{"alt_text":"","src":"https:\/\/i0.wp.com\/lahoradelcampo.com.uy\/site\/wp-content\/uploads\/2019\/07\/Pastoreo.jpg?fit=880%2C440&ssl=1&resize=350%2C200","width":350,"height":200,"srcset":"https:\/\/i0.wp.com\/lahoradelcampo.com.uy\/site\/wp-content\/uploads\/2019\/07\/Pastoreo.jpg?fit=880%2C440&ssl=1&resize=350%2C200 1x, https:\/\/i0.wp.com\/lahoradelcampo.com.uy\/site\/wp-content\/uploads\/2019\/07\/Pastoreo.jpg?fit=880%2C440&ssl=1&resize=525%2C300 1.5x, https:\/\/i0.wp.com\/lahoradelcampo.com.uy\/site\/wp-content\/uploads\/2019\/07\/Pastoreo.jpg?fit=880%2C440&ssl=1&resize=700%2C400 2x"},"classes":[]},{"id":54117,"url":"https:\/\/lahoradelcampo.com.uy\/site\/las-heladas-deterioraron-la-calidad-del-campo-natural\/","url_meta":{"origin":46261,"position":2},"title":"Las heladas deterioraron la calidad del campo natural","author":"La Hora del Campo","date":"2 agosto, 2024","format":false,"excerpt":"La secuencia de heladas, que se generaron en todo el territorio, ha determinado p\u00e9rdidas de calidad del campo natural. Esta situaci\u00f3n clim\u00e1tica y la falta de precipitaciones, por casi 60 d\u00edas en el norte del pa\u00eds est\u00e1 generando preocupaci\u00f3n en el sector ganadero. El Ing. Agr. Marcelo Pereira Mach\u00edn, t\u00e9cnico\u2026","rel":"","context":"En \u00abActualidad\u00bb","block_context":{"text":"Actualidad","link":"https:\/\/lahoradelcampo.com.uy\/site\/category\/actualidad\/"},"img":{"alt_text":"","src":"https:\/\/i0.wp.com\/lahoradelcampo.com.uy\/site\/wp-content\/uploads\/2020\/03\/Marcelo-Pereira.jpg?fit=880%2C440&ssl=1&resize=350%2C200","width":350,"height":200,"srcset":"https:\/\/i0.wp.com\/lahoradelcampo.com.uy\/site\/wp-content\/uploads\/2020\/03\/Marcelo-Pereira.jpg?fit=880%2C440&ssl=1&resize=350%2C200 1x, https:\/\/i0.wp.com\/lahoradelcampo.com.uy\/site\/wp-content\/uploads\/2020\/03\/Marcelo-Pereira.jpg?fit=880%2C440&ssl=1&resize=525%2C300 1.5x, https:\/\/i0.wp.com\/lahoradelcampo.com.uy\/site\/wp-content\/uploads\/2020\/03\/Marcelo-Pereira.jpg?fit=880%2C440&ssl=1&resize=700%2C400 2x"},"classes":[]},{"id":55396,"url":"https:\/\/lahoradelcampo.com.uy\/site\/hay-tres-veces-mas-pasto-del-necesario-en-el-norte-del-pais\/","url_meta":{"origin":46261,"position":3},"title":"Hay tres veces m\u00e1s pasto del necesario en el norte del pa\u00eds","author":"La Hora del Campo","date":"6 enero, 2025","format":false,"excerpt":"El \u00faltimo relevamiento del \u00edndice del \"plato de comida\", por parte del instituto Plan Agropecuario a inicios de diciembre, indic\u00f3 que hay \"tres veces m\u00e1s pasto del necesario\" en el norte del pa\u00eds, particularmente en Salto, por lo que \"la situaci\u00f3n actual de las pasturas y los ganados es muy\u2026","rel":"","context":"En \u00abActualidad\u00bb","block_context":{"text":"Actualidad","link":"https:\/\/lahoradelcampo.com.uy\/site\/category\/actualidad\/"},"img":{"alt_text":"","src":"https:\/\/i0.wp.com\/lahoradelcampo.com.uy\/site\/wp-content\/uploads\/2023\/07\/IPA-Emilioduarte.jpg?fit=880%2C440&ssl=1&resize=350%2C200","width":350,"height":200,"srcset":"https:\/\/i0.wp.com\/lahoradelcampo.com.uy\/site\/wp-content\/uploads\/2023\/07\/IPA-Emilioduarte.jpg?fit=880%2C440&ssl=1&resize=350%2C200 1x, https:\/\/i0.wp.com\/lahoradelcampo.com.uy\/site\/wp-content\/uploads\/2023\/07\/IPA-Emilioduarte.jpg?fit=880%2C440&ssl=1&resize=525%2C300 1.5x, https:\/\/i0.wp.com\/lahoradelcampo.com.uy\/site\/wp-content\/uploads\/2023\/07\/IPA-Emilioduarte.jpg?fit=880%2C440&ssl=1&resize=700%2C400 2x"},"classes":[]},{"id":56280,"url":"https:\/\/lahoradelcampo.com.uy\/site\/cuando-empieza-a-helar-las-tasas-de-crecimiento-del-campo-natural-se-reducen-al-minimo\/","url_meta":{"origin":46261,"position":4},"title":"\u00abCuando empieza a helar, las tasas de crecimiento del campo natural se reducen al m\u00ednimo\u00bb","author":"La Hora del Campo","date":"5 julio, 2025","format":false,"excerpt":"En un invierno marcado por fuertes heladas y la consiguiente ca\u00edda en el crecimiento del campo natural, el rol de la gesti\u00f3n del pasto vuelve a colocarse en el centro de la agenda. El ingeniero agr\u00f3nomo Marcelo Pereira Mach\u00edn, t\u00e9cnico del Instituto Plan Agropecuario y presidente de la Mesa de\u2026","rel":"","context":"En \u00abActualidad\u00bb","block_context":{"text":"Actualidad","link":"https:\/\/lahoradelcampo.com.uy\/site\/category\/actualidad\/"},"img":{"alt_text":"","src":"https:\/\/i0.wp.com\/lahoradelcampo.com.uy\/site\/wp-content\/uploads\/2020\/03\/Marcelo-Pereira.jpg?fit=880%2C440&ssl=1&resize=350%2C200","width":350,"height":200,"srcset":"https:\/\/i0.wp.com\/lahoradelcampo.com.uy\/site\/wp-content\/uploads\/2020\/03\/Marcelo-Pereira.jpg?fit=880%2C440&ssl=1&resize=350%2C200 1x, https:\/\/i0.wp.com\/lahoradelcampo.com.uy\/site\/wp-content\/uploads\/2020\/03\/Marcelo-Pereira.jpg?fit=880%2C440&ssl=1&resize=525%2C300 1.5x, https:\/\/i0.wp.com\/lahoradelcampo.com.uy\/site\/wp-content\/uploads\/2020\/03\/Marcelo-Pereira.jpg?fit=880%2C440&ssl=1&resize=700%2C400 2x"},"classes":[]},{"id":32334,"url":"https:\/\/lahoradelcampo.com.uy\/site\/la-altura-del-pasto-esta-por-debajo-de-5-cm-en-el-76-de-los-productores\/","url_meta":{"origin":46261,"position":5},"title":"La altura del pasto est\u00e1 por debajo de 5 cm en el 76% de los productores","author":"La Hora del Campo","date":"23 julio, 2021","format":false,"excerpt":"Resultados de la encuesta realizada a 390 productores que integran la Red de Informaci\u00f3n Nacional Ganadera (RING), quienes fueron consultados sobre las variables m\u00e1s importantes de los sistemas productivos ganaderos. La encuesta re\u00fane datos hasta el 15 de julio. Disponibilidad de forraje\u00a0 El 76% de los productores informan que en\u2026","rel":"","context":"En \u00abActualidad\u00bb","block_context":{"text":"Actualidad","link":"https:\/\/lahoradelcampo.com.uy\/site\/category\/actualidad\/"},"img":{"alt_text":"","src":"https:\/\/i0.wp.com\/lahoradelcampo.com.uy\/site\/wp-content\/uploads\/2020\/04\/campossemiseco.jpg?fit=880%2C440&ssl=1&resize=350%2C200","width":350,"height":200,"srcset":"https:\/\/i0.wp.com\/lahoradelcampo.com.uy\/site\/wp-content\/uploads\/2020\/04\/campossemiseco.jpg?fit=880%2C440&ssl=1&resize=350%2C200 1x, https:\/\/i0.wp.com\/lahoradelcampo.com.uy\/site\/wp-content\/uploads\/2020\/04\/campossemiseco.jpg?fit=880%2C440&ssl=1&resize=525%2C300 1.5x, https:\/\/i0.wp.com\/lahoradelcampo.com.uy\/site\/wp-content\/uploads\/2020\/04\/campossemiseco.jpg?fit=880%2C440&ssl=1&resize=700%2C400 2x"},"classes":[]}],"jetpack_likes_enabled":true,"_links":{"self":[{"href":"https:\/\/lahoradelcampo.com.uy\/site\/wp-json\/wp\/v2\/posts\/46261","targetHints":{"allow":["GET"]}}],"collection":[{"href":"https:\/\/lahoradelcampo.com.uy\/site\/wp-json\/wp\/v2\/posts"}],"about":[{"href":"https:\/\/lahoradelcampo.com.uy\/site\/wp-json\/wp\/v2\/types\/post"}],"author":[{"embeddable":true,"href":"https:\/\/lahoradelcampo.com.uy\/site\/wp-json\/wp\/v2\/users\/5"}],"replies":[{"embeddable":true,"href":"https:\/\/lahoradelcampo.com.uy\/site\/wp-json\/wp\/v2\/comments?post=46261"}],"version-history":[{"count":1,"href":"https:\/\/lahoradelcampo.com.uy\/site\/wp-json\/wp\/v2\/posts\/46261\/revisions"}],"predecessor-version":[{"id":46263,"href":"https:\/\/lahoradelcampo.com.uy\/site\/wp-json\/wp\/v2\/posts\/46261\/revisions\/46263"}],"wp:featuredmedia":[{"embeddable":true,"href":"https:\/\/lahoradelcampo.com.uy\/site\/wp-json\/wp\/v2\/media\/43787"}],"wp:attachment":[{"href":"https:\/\/lahoradelcampo.com.uy\/site\/wp-json\/wp\/v2\/media?parent=46261"}],"wp:term":[{"taxonomy":"category","embeddable":true,"href":"https:\/\/lahoradelcampo.com.uy\/site\/wp-json\/wp\/v2\/categories?post=46261"},{"taxonomy":"post_tag","embeddable":true,"href":"https:\/\/lahoradelcampo.com.uy\/site\/wp-json\/wp\/v2\/tags?post=46261"}],"curies":[{"name":"wp","href":"https:\/\/api.w.org\/{rel}","templated":true}]}}