{"id":46255,"date":"2022-10-13T10:51:47","date_gmt":"2022-10-13T13:51:47","guid":{"rendered":"http:\/\/lahoradelcampo.com.uy\/site\/?p=46255"},"modified":"2022-10-13T10:51:53","modified_gmt":"2022-10-13T13:51:53","slug":"predios-con-vacunacion-dieron-positivos-a-brucelosis-en-salto","status":"publish","type":"post","link":"https:\/\/lahoradelcampo.com.uy\/site\/predios-con-vacunacion-dieron-positivos-a-brucelosis-en-salto\/","title":{"rendered":"Predios con vacunaci\u00f3n,  dieron positivos a Brucelosis en Salto"},"content":{"rendered":"\n<figure class=\"wp-block-image\"><img data-recalc-dims=\"1\" loading=\"lazy\" decoding=\"async\" width=\"810\" height=\"405\" data-attachment-id=\"46257\" data-permalink=\"https:\/\/lahoradelcampo.com.uy\/site\/predios-con-vacunacion-dieron-positivos-a-brucelosis-en-salto\/brucelosispositiva\/\" data-orig-file=\"https:\/\/i0.wp.com\/lahoradelcampo.com.uy\/site\/wp-content\/uploads\/2022\/10\/Brucelosispositiva.jpg?fit=880%2C440&amp;ssl=1\" data-orig-size=\"880,440\" data-comments-opened=\"1\" data-image-meta=\"{&quot;aperture&quot;:&quot;0&quot;,&quot;credit&quot;:&quot;&quot;,&quot;camera&quot;:&quot;&quot;,&quot;caption&quot;:&quot;&quot;,&quot;created_timestamp&quot;:&quot;0&quot;,&quot;copyright&quot;:&quot;&quot;,&quot;focal_length&quot;:&quot;0&quot;,&quot;iso&quot;:&quot;0&quot;,&quot;shutter_speed&quot;:&quot;0&quot;,&quot;title&quot;:&quot;&quot;,&quot;orientation&quot;:&quot;1&quot;}\" data-image-title=\"Brucelosispositiva\" data-image-description=\"\" data-image-caption=\"\" data-large-file=\"https:\/\/i0.wp.com\/lahoradelcampo.com.uy\/site\/wp-content\/uploads\/2022\/10\/Brucelosispositiva.jpg?fit=810%2C405&amp;ssl=1\" src=\"https:\/\/i0.wp.com\/lahoradelcampo.com.uy\/site\/wp-content\/uploads\/2022\/10\/Brucelosispositiva.jpg?resize=810%2C405\" alt=\"\" class=\"wp-image-46257\" srcset=\"https:\/\/i0.wp.com\/lahoradelcampo.com.uy\/site\/wp-content\/uploads\/2022\/10\/Brucelosispositiva.jpg?w=880&amp;ssl=1 880w, https:\/\/i0.wp.com\/lahoradelcampo.com.uy\/site\/wp-content\/uploads\/2022\/10\/Brucelosispositiva.jpg?resize=300%2C150&amp;ssl=1 300w, https:\/\/i0.wp.com\/lahoradelcampo.com.uy\/site\/wp-content\/uploads\/2022\/10\/Brucelosispositiva.jpg?resize=768%2C384&amp;ssl=1 768w, https:\/\/i0.wp.com\/lahoradelcampo.com.uy\/site\/wp-content\/uploads\/2022\/10\/Brucelosispositiva.jpg?resize=820%2C410&amp;ssl=1 820w\" sizes=\"auto, (max-width: 810px) 100vw, 810px\" \/><\/figure>\n\n\n\n<p>El Dr. Elbio Roig, representante de los productores en la Comisi\u00f3n Departamental de Sanidad Animal de Salto, dijo que en el departamento \u00abestamos siguiendo el tema con preocupaci\u00f3n, porque pasamos de no tener focos activos, a tener seis casos. No est\u00e1n concentrados pero tienen una relaci\u00f3n de donde est\u00e1n, y despu\u00e9s un caso aislado en la novena, que es el de mayor impacto porque abarca una caba\u00f1a, que tiene una gran repercusi\u00f3n en la venta de reproductores y que va a tener un perjuicio econ\u00f3mico grande\u00bb. <br><\/p>\n\n\n\n<p>El profesional veterinario se\u00f1al\u00f3 que \u00abtal vez sea una oportunidad para ver c\u00f3mo est\u00e1 el resto del departamento\u00bb teniendo en cuenta el volumen de sangrados que se deben realizar en los predios linderos a estos estos focos y los que deben realizar los traslinderos a la hora de realizar un movimiento de ganados. <br><\/p>\n\n\n\n<p>Roig indic\u00f3 que la prevalencia de la enfermedad \u00abes bastante baja, son pocos animales afectados\u00bb. Si bien se\u00f1al\u00f3 que la vacunaci\u00f3n est\u00e1 jugando un papel importante, reconoci\u00f3 que en estos focos que existen en el departamento \u00abhay predios que no tienen vacuna, hay predios que s\u00ed tienen vacuna y predios que incluso tienen dos vacunas, donde la incidencia ha sido menor\u00bb. <br><\/p>\n\n\n\n<p>Record\u00f3 que \u00abno hay ninguna vacuna que tenga 100% de efectividad, de cualquier manera tiene un efecto de protecci\u00f3n importante y en los establecimientos que lamentablemente le entra la enfermedad, van a tener un efecto de reducci\u00f3n de impactos muy grande\u00bb.<br><\/p>\n\n\n\n<p>Por el momento, Roig dijo que la CODESA no analiza solicitar la vacunaci\u00f3n obligatoria porque \u00abno sabemos todav\u00eda a la magnitud a la que estamos asistiendo, hasta que no se terminen los sangrados de los linderos. Creemos que es muy manejable\u00bb. <\/p>\n\n\n\n<p>Salto, 11 de octubre de 2022<\/p>\n","protected":false},"excerpt":{"rendered":"<p>El Dr. Elbio Roig, representante de los productores en la Comisi\u00f3n Departamental de Sanidad Animal de Salto, dijo que en el departamento \u00abestamos siguiendo el tema con preocupaci\u00f3n, porque pasamos [&hellip;]<\/p>\n","protected":false},"author":5,"featured_media":46257,"comment_status":"open","ping_status":"open","sticky":false,"template":"","format":"standard","meta":{"_price":"","_stock":"","_tribe_ticket_header":"","_tribe_default_ticket_provider":"","_tribe_ticket_capacity":"0","_ticket_start_date":"","_ticket_end_date":"","_tribe_ticket_show_description":"","_tribe_ticket_show_not_going":false,"_tribe_ticket_use_global_stock":"","_tribe_ticket_global_stock_level":"","_global_stock_mode":"","_global_stock_cap":"","_tribe_rsvp_for_event":"","_tribe_ticket_going_count":"","_tribe_ticket_not_going_count":"","_tribe_tickets_list":"[]","_tribe_ticket_has_attendee_info_fields":false,"h5ap_radio_sources":[],"_jetpack_newsletter_access":"","_jetpack_dont_email_post_to_subs":false,"_jetpack_newsletter_tier_id":0,"_jetpack_memberships_contains_paywalled_content":false,"_jetpack_memberships_contains_paid_content":false,"footnotes":""},"categories":[21,5],"tags":[],"class_list":["post-46255","post","type-post","status-publish","format-standard","has-post-thumbnail","hentry","category-actualidad","category-ganaderia"],"jetpack_featured_media_url":"https:\/\/i0.wp.com\/lahoradelcampo.com.uy\/site\/wp-content\/uploads\/2022\/10\/Brucelosispositiva.jpg?fit=880%2C440&ssl=1","jetpack_sharing_enabled":true,"jetpack_shortlink":"https:\/\/wp.me\/p99IaT-c23","jetpack-related-posts":[{"id":46767,"url":"https:\/\/lahoradelcampo.com.uy\/site\/de-no-tener-brucelosis-salto-registra-con-19-focos-esta-semana\/","url_meta":{"origin":46255,"position":0},"title":"De no tener Brucelosis, Salto registra con 19 focos esta semana","author":"La Hora del Campo","date":"4 noviembre, 2022","format":false,"excerpt":"La brucelosis es un problema que se expande cada vez m\u00e1s, a medida que el Ministerio de Ganader\u00eda, Agricultura y Pesca (MGAP) comienza a buscar en los linderos a los focos que se vienen registrando, por lo que es claro que la estrategia llevada a cabo hasta el momento contin\u00faa\u2026","rel":"","context":"En \u00abActualidad\u00bb","block_context":{"text":"Actualidad","link":"https:\/\/lahoradelcampo.com.uy\/site\/category\/actualidad\/"},"img":{"alt_text":"","src":"https:\/\/i0.wp.com\/lahoradelcampo.com.uy\/site\/wp-content\/uploads\/2022\/10\/Brucelosispositiva.jpg?fit=880%2C440&ssl=1&resize=350%2C200","width":350,"height":200,"srcset":"https:\/\/i0.wp.com\/lahoradelcampo.com.uy\/site\/wp-content\/uploads\/2022\/10\/Brucelosispositiva.jpg?fit=880%2C440&ssl=1&resize=350%2C200 1x, https:\/\/i0.wp.com\/lahoradelcampo.com.uy\/site\/wp-content\/uploads\/2022\/10\/Brucelosispositiva.jpg?fit=880%2C440&ssl=1&resize=525%2C300 1.5x, https:\/\/i0.wp.com\/lahoradelcampo.com.uy\/site\/wp-content\/uploads\/2022\/10\/Brucelosispositiva.jpg?fit=880%2C440&ssl=1&resize=700%2C400 2x"},"classes":[]},{"id":9897,"url":"https:\/\/lahoradelcampo.com.uy\/site\/nuevos-focos-de-brucelosis-impacto-en-la-oferta-de-parada-herreria\/","url_meta":{"origin":46255,"position":1},"title":"Nuevos focos de brucelosis impact\u00f3 en la oferta de Parada Herrer\u00eda","author":"La Hora del Campo","date":"16 abril, 2019","format":false,"excerpt":"En la jornada de ayer el escritorio Gaud\u00edn Hnos. realiz\u00f3 su segundo remate quincenal del mes de abril, con ventas totales de lo que pas\u00f3 por pista, luego que una importante oferta no llegar\u00e1 al local del remate por problemas de garrapata e interdicciones de predios linderos a nuevos focos\u2026","rel":"","context":"En \u00abActualidad\u00bb","block_context":{"text":"Actualidad","link":"https:\/\/lahoradelcampo.com.uy\/site\/category\/actualidad\/"},"img":{"alt_text":"","src":"https:\/\/i0.wp.com\/lahoradelcampo.com.uy\/site\/wp-content\/uploads\/2019\/04\/Parada-Herreria.jpg?fit=880%2C440&ssl=1&resize=350%2C200","width":350,"height":200,"srcset":"https:\/\/i0.wp.com\/lahoradelcampo.com.uy\/site\/wp-content\/uploads\/2019\/04\/Parada-Herreria.jpg?fit=880%2C440&ssl=1&resize=350%2C200 1x, https:\/\/i0.wp.com\/lahoradelcampo.com.uy\/site\/wp-content\/uploads\/2019\/04\/Parada-Herreria.jpg?fit=880%2C440&ssl=1&resize=525%2C300 1.5x, https:\/\/i0.wp.com\/lahoradelcampo.com.uy\/site\/wp-content\/uploads\/2019\/04\/Parada-Herreria.jpg?fit=880%2C440&ssl=1&resize=700%2C400 2x"},"classes":[]},{"id":4855,"url":"https:\/\/lahoradelcampo.com.uy\/site\/paysandu-en-2018-debera-vacunar-con-rb51\/","url_meta":{"origin":46255,"position":2},"title":"Paysand\u00fa en 2018 deber\u00e1 vacunar con RB51","author":"La Hora del Campo","date":"13 diciembre, 2017","format":false,"excerpt":"En la reuni\u00f3n de la Comisi\u00f3n Nacional Honoraria de Sanidad Animal (Conhasa) realizada en Paysand\u00fa este lunes, se defini\u00f3 la vacunaci\u00f3n obligatoria contra la brucelosis bovina en todo el departamento vecino y se incluy\u00f3 en esa decisi\u00f3n a las seccionales policiales linderas de los departamentos de Tacuaremb\u00f3, R\u00edo Negro y\u2026","rel":"","context":"En \u00abActualidad\u00bb","block_context":{"text":"Actualidad","link":"https:\/\/lahoradelcampo.com.uy\/site\/category\/actualidad\/"},"img":{"alt_text":"","src":"https:\/\/i0.wp.com\/lahoradelcampo.com.uy\/site\/wp-content\/uploads\/2017\/12\/Conhasa.jpg?fit=880%2C440&ssl=1&resize=350%2C200","width":350,"height":200,"srcset":"https:\/\/i0.wp.com\/lahoradelcampo.com.uy\/site\/wp-content\/uploads\/2017\/12\/Conhasa.jpg?fit=880%2C440&ssl=1&resize=350%2C200 1x, https:\/\/i0.wp.com\/lahoradelcampo.com.uy\/site\/wp-content\/uploads\/2017\/12\/Conhasa.jpg?fit=880%2C440&ssl=1&resize=525%2C300 1.5x, https:\/\/i0.wp.com\/lahoradelcampo.com.uy\/site\/wp-content\/uploads\/2017\/12\/Conhasa.jpg?fit=880%2C440&ssl=1&resize=700%2C400 2x"},"classes":[]},{"id":46401,"url":"https:\/\/lahoradelcampo.com.uy\/site\/se-registran-7-casos-de-brucelosis-en-salto-con-alta-incidencia\/","url_meta":{"origin":46255,"position":3},"title":"Se registran 7 casos de Brucelosis en Salto, con alta incidencia","author":"La Hora del Campo","date":"17 octubre, 2022","format":false,"excerpt":"El servicio veterinario oficial de Salto, del Ministerio de Ganader\u00eda, Agricultura y Pesca (MGAP), ha declarado siete focos de Brucelosis, con una importante incidencia en la zona de Puntas de Valent\u00edn, donde hay seis casos, seg\u00fan confirm\u00f3 a La Hora del Campo, la Dra. Silvia Fern\u00e1ndez.\u00a0 \u201cEn este momento tenemos\u2026","rel":"","context":"En \u00abActualidad\u00bb","block_context":{"text":"Actualidad","link":"https:\/\/lahoradelcampo.com.uy\/site\/category\/actualidad\/"},"img":{"alt_text":"","src":"https:\/\/i0.wp.com\/lahoradelcampo.com.uy\/site\/wp-content\/uploads\/2022\/10\/MGAP-Salto.jpg?fit=880%2C440&ssl=1&resize=350%2C200","width":350,"height":200,"srcset":"https:\/\/i0.wp.com\/lahoradelcampo.com.uy\/site\/wp-content\/uploads\/2022\/10\/MGAP-Salto.jpg?fit=880%2C440&ssl=1&resize=350%2C200 1x, https:\/\/i0.wp.com\/lahoradelcampo.com.uy\/site\/wp-content\/uploads\/2022\/10\/MGAP-Salto.jpg?fit=880%2C440&ssl=1&resize=525%2C300 1.5x, https:\/\/i0.wp.com\/lahoradelcampo.com.uy\/site\/wp-content\/uploads\/2022\/10\/MGAP-Salto.jpg?fit=880%2C440&ssl=1&resize=700%2C400 2x"},"classes":[]},{"id":7079,"url":"https:\/\/lahoradelcampo.com.uy\/site\/linderos-a-focos-de-brucelosis-deben-realizar-declaracion-electronica-obligatoria\/","url_meta":{"origin":46255,"position":4},"title":"Linderos a focos de Brucelosis deben realizar declaraci\u00f3n electr\u00f3nica obligatoria","author":"La Hora del Campo","date":"11 mayo, 2018","format":false,"excerpt":"En la noche de ayer se realiz\u00f3 en el sal\u00f3n de actos de Calsal, la charla de capacitaci\u00f3n sobre la Declaraci\u00f3n Jurada Electr\u00f3nica, por parte del Sistema Nacional de Informaci\u00f3n Ganadera (SNIG). En la misma el Ing. Agr. Eduardo Crescionini, coordinador general en el norte del pa\u00eds present\u00f3 los principales\u2026","rel":"","context":"En \u00abActualidad\u00bb","block_context":{"text":"Actualidad","link":"https:\/\/lahoradelcampo.com.uy\/site\/category\/actualidad\/"},"img":{"alt_text":"","src":"https:\/\/i0.wp.com\/lahoradelcampo.com.uy\/site\/wp-content\/uploads\/2018\/05\/Snig.jpg?fit=880%2C440&ssl=1&resize=350%2C200","width":350,"height":200,"srcset":"https:\/\/i0.wp.com\/lahoradelcampo.com.uy\/site\/wp-content\/uploads\/2018\/05\/Snig.jpg?fit=880%2C440&ssl=1&resize=350%2C200 1x, https:\/\/i0.wp.com\/lahoradelcampo.com.uy\/site\/wp-content\/uploads\/2018\/05\/Snig.jpg?fit=880%2C440&ssl=1&resize=525%2C300 1.5x, https:\/\/i0.wp.com\/lahoradelcampo.com.uy\/site\/wp-content\/uploads\/2018\/05\/Snig.jpg?fit=880%2C440&ssl=1&resize=700%2C400 2x"},"classes":[]},{"id":46471,"url":"https:\/\/lahoradelcampo.com.uy\/site\/mgap-realizo-una-puesta-a-punto-sobre-brucelosis-bovina\/","url_meta":{"origin":46255,"position":5},"title":"MGAP realiz\u00f3 una puesta a punto sobre Brucelosis bovina","author":"La Hora del Campo","date":"20 octubre, 2022","format":false,"excerpt":"Debido a que en meses recientes la Brucelosis bovina present\u00f3 una mayor incidencia de casos, detectados a trav\u00e9s de la investigaci\u00f3n y monitoreo que realizan los servicios oficiales del MGAP, el ministro Fernando Mattos conjuntamente con autoridades de los Servicios Ganaderos llevaron adelante una conferencia de prensa para mostrar datos\u2026","rel":"","context":"En \u00abActualidad\u00bb","block_context":{"text":"Actualidad","link":"https:\/\/lahoradelcampo.com.uy\/site\/category\/actualidad\/"},"img":{"alt_text":"","src":"https:\/\/i0.wp.com\/lahoradelcampo.com.uy\/site\/wp-content\/uploads\/2022\/10\/MGAP-brucelosis.jpg?fit=880%2C440&ssl=1&resize=350%2C200","width":350,"height":200,"srcset":"https:\/\/i0.wp.com\/lahoradelcampo.com.uy\/site\/wp-content\/uploads\/2022\/10\/MGAP-brucelosis.jpg?fit=880%2C440&ssl=1&resize=350%2C200 1x, https:\/\/i0.wp.com\/lahoradelcampo.com.uy\/site\/wp-content\/uploads\/2022\/10\/MGAP-brucelosis.jpg?fit=880%2C440&ssl=1&resize=525%2C300 1.5x, https:\/\/i0.wp.com\/lahoradelcampo.com.uy\/site\/wp-content\/uploads\/2022\/10\/MGAP-brucelosis.jpg?fit=880%2C440&ssl=1&resize=700%2C400 2x"},"classes":[]}],"jetpack_likes_enabled":true,"_links":{"self":[{"href":"https:\/\/lahoradelcampo.com.uy\/site\/wp-json\/wp\/v2\/posts\/46255","targetHints":{"allow":["GET"]}}],"collection":[{"href":"https:\/\/lahoradelcampo.com.uy\/site\/wp-json\/wp\/v2\/posts"}],"about":[{"href":"https:\/\/lahoradelcampo.com.uy\/site\/wp-json\/wp\/v2\/types\/post"}],"author":[{"embeddable":true,"href":"https:\/\/lahoradelcampo.com.uy\/site\/wp-json\/wp\/v2\/users\/5"}],"replies":[{"embeddable":true,"href":"https:\/\/lahoradelcampo.com.uy\/site\/wp-json\/wp\/v2\/comments?post=46255"}],"version-history":[{"count":1,"href":"https:\/\/lahoradelcampo.com.uy\/site\/wp-json\/wp\/v2\/posts\/46255\/revisions"}],"predecessor-version":[{"id":46259,"href":"https:\/\/lahoradelcampo.com.uy\/site\/wp-json\/wp\/v2\/posts\/46255\/revisions\/46259"}],"wp:featuredmedia":[{"embeddable":true,"href":"https:\/\/lahoradelcampo.com.uy\/site\/wp-json\/wp\/v2\/media\/46257"}],"wp:attachment":[{"href":"https:\/\/lahoradelcampo.com.uy\/site\/wp-json\/wp\/v2\/media?parent=46255"}],"wp:term":[{"taxonomy":"category","embeddable":true,"href":"https:\/\/lahoradelcampo.com.uy\/site\/wp-json\/wp\/v2\/categories?post=46255"},{"taxonomy":"post_tag","embeddable":true,"href":"https:\/\/lahoradelcampo.com.uy\/site\/wp-json\/wp\/v2\/tags?post=46255"}],"curies":[{"name":"wp","href":"https:\/\/api.w.org\/{rel}","templated":true}]}}