{"id":46249,"date":"2022-10-13T10:44:55","date_gmt":"2022-10-13T13:44:55","guid":{"rendered":"http:\/\/lahoradelcampo.com.uy\/site\/?p=46249"},"modified":"2022-10-13T10:45:00","modified_gmt":"2022-10-13T13:45:00","slug":"san-rafael-coloco-el-100-de-los-toros-angus-y-polled-hereford","status":"publish","type":"post","link":"https:\/\/lahoradelcampo.com.uy\/site\/san-rafael-coloco-el-100-de-los-toros-angus-y-polled-hereford\/","title":{"rendered":"San Rafael coloc\u00f3 el 100% de los toros Angus y Polled Hereford"},"content":{"rendered":"\n<figure class=\"wp-block-image\"><img data-recalc-dims=\"1\" loading=\"lazy\" decoding=\"async\" width=\"810\" height=\"405\" data-attachment-id=\"46251\" data-permalink=\"https:\/\/lahoradelcampo.com.uy\/site\/san-rafael-coloco-el-100-de-los-toros-angus-y-polled-hereford\/sanrafaelreamte\/\" data-orig-file=\"https:\/\/i0.wp.com\/lahoradelcampo.com.uy\/site\/wp-content\/uploads\/2022\/10\/Sanrafaelreamte.jpg?fit=880%2C440&amp;ssl=1\" data-orig-size=\"880,440\" data-comments-opened=\"1\" data-image-meta=\"{&quot;aperture&quot;:&quot;0&quot;,&quot;credit&quot;:&quot;&quot;,&quot;camera&quot;:&quot;&quot;,&quot;caption&quot;:&quot;&quot;,&quot;created_timestamp&quot;:&quot;0&quot;,&quot;copyright&quot;:&quot;&quot;,&quot;focal_length&quot;:&quot;0&quot;,&quot;iso&quot;:&quot;0&quot;,&quot;shutter_speed&quot;:&quot;0&quot;,&quot;title&quot;:&quot;&quot;,&quot;orientation&quot;:&quot;1&quot;}\" data-image-title=\"Sanrafaelreamte\" data-image-description=\"\" data-image-caption=\"\" data-large-file=\"https:\/\/i0.wp.com\/lahoradelcampo.com.uy\/site\/wp-content\/uploads\/2022\/10\/Sanrafaelreamte.jpg?fit=810%2C405&amp;ssl=1\" src=\"https:\/\/i0.wp.com\/lahoradelcampo.com.uy\/site\/wp-content\/uploads\/2022\/10\/Sanrafaelreamte.jpg?resize=810%2C405\" alt=\"\" class=\"wp-image-46251\" srcset=\"https:\/\/i0.wp.com\/lahoradelcampo.com.uy\/site\/wp-content\/uploads\/2022\/10\/Sanrafaelreamte.jpg?w=880&amp;ssl=1 880w, https:\/\/i0.wp.com\/lahoradelcampo.com.uy\/site\/wp-content\/uploads\/2022\/10\/Sanrafaelreamte.jpg?resize=300%2C150&amp;ssl=1 300w, https:\/\/i0.wp.com\/lahoradelcampo.com.uy\/site\/wp-content\/uploads\/2022\/10\/Sanrafaelreamte.jpg?resize=768%2C384&amp;ssl=1 768w, https:\/\/i0.wp.com\/lahoradelcampo.com.uy\/site\/wp-content\/uploads\/2022\/10\/Sanrafaelreamte.jpg?resize=820%2C410&amp;ssl=1 820w\" sizes=\"auto, (max-width: 810px) 100vw, 810px\" \/><\/figure>\n\n\n\n<p>En el predio de la Asociaci\u00f3n Agropecuaria de Salto, la firma Zambrano &amp; C\u00eda, concret\u00f3 una nueva venta de San Rafael, donde se coloc\u00f3 el 100% de la oferta de la caba\u00f1a y de las firmas invitadas, tanto en los vientres como en los machos de las tres razas. <br><\/p>\n\n\n\n<p>El arranque fue con los vientres, comercializ\u00e1ndose 10 vaquillonas Aberdeen Angus SA, entoradas, de caba\u00f1a La Porte\u00f1a en US$ 1.344, luego un lote de 20 vacas pre\u00f1adas SA de Mantial, que se vendi\u00f3 en dos cortes a US$ 1.014 de promedio y se finaliz\u00f3 con la oferta de 40 terneras Polled Hereford de la generaci\u00f3n 2021, que se vendieron de un solo martillazo a US$ 420. <br><\/p>\n\n\n\n<p>En los reproductores, se comercializaron los 28 Aberdeen Angus a US$ 3.356 de promedio, donde los Pedigree hicieron US$ 3.467, con un m\u00e1ximo de US$ 4.560, los Puro Controlados US$ 3.270 y los SA alcanzaron US$ 3.000 de promedio. <br><\/p>\n\n\n\n<p>En un tr\u00e1mite menos fluido un escal\u00f3n m\u00e1s abajo en los valores, se comercializaron 18 toros Polled Hereford de Pedigree, que se pagaron entre US$ 3.600 y US$ 2.400, con un promedio de US$ 2.683. Al final del remate se ofrecieron por primera vez, cuatro toros Brangus de la caba\u00f1a Korap\u00ed, que se pagaron ente US$ 4.560 y US$ 2.400, con un promedio de US$ 3.570. <br><\/p>\n\n\n\n<p>El martillero Gerardo Zambrano, al finalizar el remate, dijo que \u00abel balance es muy positivo, vender 50 toros, vender los vientres, todo r\u00e1pido y \u00e1gil, nos deja muy contentos\u00bb.<br><\/p>\n\n\n\n<p>Por su parte Mat\u00edas Burutaran, integrante de San Rafael, agradeci\u00f3 a clientes y amigos por la presencia en el remate, y se\u00f1al\u00f3 que \u00ablo importante es la dispersi\u00f3n de la gen\u00e9tica para todos lados, se fue toro para Cerro Largo, Flores, Maldonado, muchos toros quedaron tambi\u00e9n en la zona. Muy contentos con los promedios, la verdad que fueron buenos, pero lo importante siempre es vender y que adem\u00e1s hubo mucha puja en varios toros.<\/p>\n\n\n\n<p>Salto, martes 11 de octubre de 2022<\/p>\n","protected":false},"excerpt":{"rendered":"<p>En el predio de la Asociaci\u00f3n Agropecuaria de Salto, la firma Zambrano &amp; C\u00eda, concret\u00f3 una nueva venta de San Rafael, donde se coloc\u00f3 el 100% de la oferta de [&hellip;]<\/p>\n","protected":false},"author":5,"featured_media":46251,"comment_status":"open","ping_status":"open","sticky":false,"template":"","format":"standard","meta":{"_price":"","_stock":"","_tribe_ticket_header":"","_tribe_default_ticket_provider":"","_tribe_ticket_capacity":"0","_ticket_start_date":"","_ticket_end_date":"","_tribe_ticket_show_description":"","_tribe_ticket_show_not_going":false,"_tribe_ticket_use_global_stock":"","_tribe_ticket_global_stock_level":"","_global_stock_mode":"","_global_stock_cap":"","_tribe_rsvp_for_event":"","_tribe_ticket_going_count":"","_tribe_ticket_not_going_count":"","_tribe_tickets_list":"[]","_tribe_ticket_has_attendee_info_fields":false,"h5ap_radio_sources":[],"_jetpack_newsletter_access":"","_jetpack_dont_email_post_to_subs":false,"_jetpack_newsletter_tier_id":0,"_jetpack_memberships_contains_paywalled_content":false,"_jetpack_memberships_contains_paid_content":false,"footnotes":""},"categories":[21,5],"tags":[],"class_list":["post-46249","post","type-post","status-publish","format-standard","has-post-thumbnail","hentry","category-actualidad","category-ganaderia"],"jetpack_featured_media_url":"https:\/\/i0.wp.com\/lahoradelcampo.com.uy\/site\/wp-content\/uploads\/2022\/10\/Sanrafaelreamte.jpg?fit=880%2C440&ssl=1","jetpack_sharing_enabled":true,"jetpack_shortlink":"https:\/\/wp.me\/p99IaT-c1X","jetpack-related-posts":[{"id":52753,"url":"https:\/\/lahoradelcampo.com.uy\/site\/san-rafael-alcanzo-us-2-801-por-45-toros-aberdeen-angus-polled-hereford-y-brangus\/","url_meta":{"origin":46249,"position":0},"title":"San Rafael alcanz\u00f3 US$ 2.801 por 45 toros Aberdeen Angus, Polled Hereford y Brangus","author":"La Hora del Campo","date":"13 octubre, 2023","format":false,"excerpt":"En la jornada de ayer, con el martillo de Gerardo Zambrano, se realiz\u00f3 la venta anual de caba\u00f1a San Rafael, en el predio de la Asociaci\u00f3n Agropecuaria de Salto, con la comercializaci\u00f3n del 100% de la oferta a diferentes puntos del pa\u00eds. El comienzo de la subasta fue con los\u2026","rel":"","context":"En \u00abActualidad\u00bb","block_context":{"text":"Actualidad","link":"https:\/\/lahoradelcampo.com.uy\/site\/category\/actualidad\/"},"img":{"alt_text":"","src":"https:\/\/i0.wp.com\/lahoradelcampo.com.uy\/site\/wp-content\/uploads\/2023\/10\/SanRafael.jpg?fit=880%2C440&ssl=1&resize=350%2C200","width":350,"height":200,"srcset":"https:\/\/i0.wp.com\/lahoradelcampo.com.uy\/site\/wp-content\/uploads\/2023\/10\/SanRafael.jpg?fit=880%2C440&ssl=1&resize=350%2C200 1x, https:\/\/i0.wp.com\/lahoradelcampo.com.uy\/site\/wp-content\/uploads\/2023\/10\/SanRafael.jpg?fit=880%2C440&ssl=1&resize=525%2C300 1.5x, https:\/\/i0.wp.com\/lahoradelcampo.com.uy\/site\/wp-content\/uploads\/2023\/10\/SanRafael.jpg?fit=880%2C440&ssl=1&resize=700%2C400 2x"},"classes":[]},{"id":15077,"url":"https:\/\/lahoradelcampo.com.uy\/site\/festejo-y-ventas-totales-en-el-remate-de-san-rafael\/","url_meta":{"origin":46249,"position":1},"title":"Festejo y ventas totales en el remate de San Rafael","author":"La Hora del Campo","date":"15 octubre, 2019","format":false,"excerpt":"La caba\u00f1a San Rafael de Burutaran y Vasco Pampeano, comercializaron ayer sus reproductores en el predio de la Asociaci\u00f3n Agropecuaria de Salto, en una tarde noche fr\u00eda, luego del cambio de clima y las precipitaciones. En la pista una oferta muy bien presentada y previo a las ventas un repaso\u2026","rel":"","context":"En \u00abActualidad\u00bb","block_context":{"text":"Actualidad","link":"https:\/\/lahoradelcampo.com.uy\/site\/category\/actualidad\/"},"img":{"alt_text":"","src":"https:\/\/i0.wp.com\/lahoradelcampo.com.uy\/site\/wp-content\/uploads\/2019\/10\/San-Rafael.jpg?fit=880%2C440&ssl=1&resize=350%2C200","width":350,"height":200,"srcset":"https:\/\/i0.wp.com\/lahoradelcampo.com.uy\/site\/wp-content\/uploads\/2019\/10\/San-Rafael.jpg?fit=880%2C440&ssl=1&resize=350%2C200 1x, https:\/\/i0.wp.com\/lahoradelcampo.com.uy\/site\/wp-content\/uploads\/2019\/10\/San-Rafael.jpg?fit=880%2C440&ssl=1&resize=525%2C300 1.5x, https:\/\/i0.wp.com\/lahoradelcampo.com.uy\/site\/wp-content\/uploads\/2019\/10\/San-Rafael.jpg?fit=880%2C440&ssl=1&resize=700%2C400 2x"},"classes":[]},{"id":2831,"url":"https:\/\/lahoradelcampo.com.uy\/site\/san-rafael-alcanzo-us-2-894-por-los-angus\/","url_meta":{"origin":46249,"position":2},"title":"San Rafael alcanz\u00f3 U$S 2.894 por los Angus","author":"La Hora del Campo","date":"17 octubre, 2017","format":false,"excerpt":"Caba\u00f1a San Rafael y Vasco Pampeano comercializaron en la jornada de ayer sus reproductores Angus y Polled Hereford, con colocaci\u00f3n parcial de la oferta de toros Hereford de dos a\u00f1os. Las ventas comenzaron con los vientres, coloc\u00e1ndose 5 vacas SA pre\u00f1adas a U$S 936 y 3 vaquillonas SA servidas a\u2026","rel":"","context":"En \u00abActualidad\u00bb","block_context":{"text":"Actualidad","link":"https:\/\/lahoradelcampo.com.uy\/site\/category\/actualidad\/"},"img":{"alt_text":"","src":"https:\/\/i0.wp.com\/lahoradelcampo.com.uy\/site\/wp-content\/uploads\/2017\/10\/San-Rafael.jpg?fit=880%2C440&ssl=1&resize=350%2C200","width":350,"height":200,"srcset":"https:\/\/i0.wp.com\/lahoradelcampo.com.uy\/site\/wp-content\/uploads\/2017\/10\/San-Rafael.jpg?fit=880%2C440&ssl=1&resize=350%2C200 1x, https:\/\/i0.wp.com\/lahoradelcampo.com.uy\/site\/wp-content\/uploads\/2017\/10\/San-Rafael.jpg?fit=880%2C440&ssl=1&resize=525%2C300 1.5x, https:\/\/i0.wp.com\/lahoradelcampo.com.uy\/site\/wp-content\/uploads\/2017\/10\/San-Rafael.jpg?fit=880%2C440&ssl=1&resize=700%2C400 2x"},"classes":[]},{"id":24520,"url":"https:\/\/lahoradelcampo.com.uy\/site\/continua-la-concrecion-de-buenos-negocios-en-la-zafra-de-reproductores\/","url_meta":{"origin":46249,"position":3},"title":"Contin\u00faa la concreci\u00f3n de buenos negocios en la zafra de reproductores","author":"La Hora del Campo","date":"10 octubre, 2020","format":false,"excerpt":"Actualizamos la informaci\u00f3n con los remates que se realizaron en las \u00faltimas jornadas de ventas. El Hereford de Isla Larga El Hereford de Raquel Arrarte en la propia caba\u00f1a coloc\u00f3 45 toros a US$ 3.073 de promedio, con seis toros colocados fuera de pista. El m\u00e1ximo fue de US$ 4.320\u2026","rel":"","context":"En \u00abActualidad\u00bb","block_context":{"text":"Actualidad","link":"https:\/\/lahoradelcampo.com.uy\/site\/category\/actualidad\/"},"img":{"alt_text":"","src":"https:\/\/i0.wp.com\/lahoradelcampo.com.uy\/site\/wp-content\/uploads\/2020\/10\/Torosarchivo.jpg?fit=880%2C440&ssl=1&resize=350%2C200","width":350,"height":200,"srcset":"https:\/\/i0.wp.com\/lahoradelcampo.com.uy\/site\/wp-content\/uploads\/2020\/10\/Torosarchivo.jpg?fit=880%2C440&ssl=1&resize=350%2C200 1x, https:\/\/i0.wp.com\/lahoradelcampo.com.uy\/site\/wp-content\/uploads\/2020\/10\/Torosarchivo.jpg?fit=880%2C440&ssl=1&resize=525%2C300 1.5x, https:\/\/i0.wp.com\/lahoradelcampo.com.uy\/site\/wp-content\/uploads\/2020\/10\/Torosarchivo.jpg?fit=880%2C440&ssl=1&resize=700%2C400 2x"},"classes":[]},{"id":46037,"url":"https:\/\/lahoradelcampo.com.uy\/site\/genetica-con-marca-registrada-coloco-85-toros-a-us-4-137\/","url_meta":{"origin":46249,"position":4},"title":"Gen\u00e9tica  con Marca Registrada coloc\u00f3 85 toros a U$S 4.137","author":"La Hora del Campo","date":"1 octubre, 2022","format":false,"excerpt":"Sociedad Ganadera San Salvador, junto con Frigor\u00edfico Modelo y La Rubeta realizaron \u00e9ste viernes su cl\u00e1sico remate \u201cGen\u00e9tica con Marca Registrada\u201d, en el Centro de Ventas Ganaderas Don Tito, colocando 85 toros Aberdeen Angus y Polled Hereford, con un promedio de U$S 4.137, adem\u00e1s de una muy buena venta de\u2026","rel":"","context":"En \u00abActualidad\u00bb","block_context":{"text":"Actualidad","link":"https:\/\/lahoradelcampo.com.uy\/site\/category\/actualidad\/"},"img":{"alt_text":"","src":"https:\/\/i0.wp.com\/lahoradelcampo.com.uy\/site\/wp-content\/uploads\/2022\/10\/Zafratoros-genetica-1.jpg?fit=880%2C440&ssl=1&resize=350%2C200","width":350,"height":200,"srcset":"https:\/\/i0.wp.com\/lahoradelcampo.com.uy\/site\/wp-content\/uploads\/2022\/10\/Zafratoros-genetica-1.jpg?fit=880%2C440&ssl=1&resize=350%2C200 1x, https:\/\/i0.wp.com\/lahoradelcampo.com.uy\/site\/wp-content\/uploads\/2022\/10\/Zafratoros-genetica-1.jpg?fit=880%2C440&ssl=1&resize=525%2C300 1.5x, https:\/\/i0.wp.com\/lahoradelcampo.com.uy\/site\/wp-content\/uploads\/2022\/10\/Zafratoros-genetica-1.jpg?fit=880%2C440&ssl=1&resize=700%2C400 2x"},"classes":[]},{"id":24596,"url":"https:\/\/lahoradelcampo.com.uy\/site\/san-rafael-vendio-su-torada-hereford-y-angus-a-us-2-345\/","url_meta":{"origin":46249,"position":5},"title":"San Rafael vendi\u00f3 su torada Hereford y Angus a US$ 2.345","author":"La Hora del Campo","date":"13 octubre, 2020","format":false,"excerpt":"En el local de la Asociaci\u00f3n Agropecuaria de Salto, previo llenado de una planilla de control, la toma de temperatura, el alcohol en gel y el uso de tapabocas, la caba\u00f1a salte\u00f1a San Rafael coloc\u00f3 el 100% de la oferta en la pista, con un muy buen marco de clientes\u2026","rel":"","context":"En \u00abActualidad\u00bb","block_context":{"text":"Actualidad","link":"https:\/\/lahoradelcampo.com.uy\/site\/category\/actualidad\/"},"img":{"alt_text":"","src":"https:\/\/i0.wp.com\/lahoradelcampo.com.uy\/site\/wp-content\/uploads\/2020\/10\/sanrafaelfotoremate.jpg?fit=880%2C440&ssl=1&resize=350%2C200","width":350,"height":200,"srcset":"https:\/\/i0.wp.com\/lahoradelcampo.com.uy\/site\/wp-content\/uploads\/2020\/10\/sanrafaelfotoremate.jpg?fit=880%2C440&ssl=1&resize=350%2C200 1x, https:\/\/i0.wp.com\/lahoradelcampo.com.uy\/site\/wp-content\/uploads\/2020\/10\/sanrafaelfotoremate.jpg?fit=880%2C440&ssl=1&resize=525%2C300 1.5x, https:\/\/i0.wp.com\/lahoradelcampo.com.uy\/site\/wp-content\/uploads\/2020\/10\/sanrafaelfotoremate.jpg?fit=880%2C440&ssl=1&resize=700%2C400 2x"},"classes":[]}],"jetpack_likes_enabled":true,"_links":{"self":[{"href":"https:\/\/lahoradelcampo.com.uy\/site\/wp-json\/wp\/v2\/posts\/46249","targetHints":{"allow":["GET"]}}],"collection":[{"href":"https:\/\/lahoradelcampo.com.uy\/site\/wp-json\/wp\/v2\/posts"}],"about":[{"href":"https:\/\/lahoradelcampo.com.uy\/site\/wp-json\/wp\/v2\/types\/post"}],"author":[{"embeddable":true,"href":"https:\/\/lahoradelcampo.com.uy\/site\/wp-json\/wp\/v2\/users\/5"}],"replies":[{"embeddable":true,"href":"https:\/\/lahoradelcampo.com.uy\/site\/wp-json\/wp\/v2\/comments?post=46249"}],"version-history":[{"count":1,"href":"https:\/\/lahoradelcampo.com.uy\/site\/wp-json\/wp\/v2\/posts\/46249\/revisions"}],"predecessor-version":[{"id":46253,"href":"https:\/\/lahoradelcampo.com.uy\/site\/wp-json\/wp\/v2\/posts\/46249\/revisions\/46253"}],"wp:featuredmedia":[{"embeddable":true,"href":"https:\/\/lahoradelcampo.com.uy\/site\/wp-json\/wp\/v2\/media\/46251"}],"wp:attachment":[{"href":"https:\/\/lahoradelcampo.com.uy\/site\/wp-json\/wp\/v2\/media?parent=46249"}],"wp:term":[{"taxonomy":"category","embeddable":true,"href":"https:\/\/lahoradelcampo.com.uy\/site\/wp-json\/wp\/v2\/categories?post=46249"},{"taxonomy":"post_tag","embeddable":true,"href":"https:\/\/lahoradelcampo.com.uy\/site\/wp-json\/wp\/v2\/tags?post=46249"}],"curies":[{"name":"wp","href":"https:\/\/api.w.org\/{rel}","templated":true}]}}