{"id":46225,"date":"2022-10-10T08:01:39","date_gmt":"2022-10-10T11:01:39","guid":{"rendered":"http:\/\/lahoradelcampo.com.uy\/site\/?p=46225"},"modified":"2022-10-10T08:01:44","modified_gmt":"2022-10-10T11:01:44","slug":"san-rafael-y-vasco-pampeano-rematan-hoy-en-la-agropecuaria","status":"publish","type":"post","link":"https:\/\/lahoradelcampo.com.uy\/site\/san-rafael-y-vasco-pampeano-rematan-hoy-en-la-agropecuaria\/","title":{"rendered":"San Rafael y Vasco Pampeano rematan hoy en la Agropecuaria"},"content":{"rendered":"\n<figure class=\"wp-block-image\"><img data-recalc-dims=\"1\" loading=\"lazy\" decoding=\"async\" width=\"810\" height=\"405\" data-attachment-id=\"46227\" data-permalink=\"https:\/\/lahoradelcampo.com.uy\/site\/san-rafael-y-vasco-pampeano-rematan-hoy-en-la-agropecuaria\/sanrafaelprevia\/\" data-orig-file=\"https:\/\/i0.wp.com\/lahoradelcampo.com.uy\/site\/wp-content\/uploads\/2022\/10\/sanrafaelprevia.jpg?fit=880%2C440&amp;ssl=1\" data-orig-size=\"880,440\" data-comments-opened=\"1\" data-image-meta=\"{&quot;aperture&quot;:&quot;0&quot;,&quot;credit&quot;:&quot;&quot;,&quot;camera&quot;:&quot;&quot;,&quot;caption&quot;:&quot;&quot;,&quot;created_timestamp&quot;:&quot;0&quot;,&quot;copyright&quot;:&quot;&quot;,&quot;focal_length&quot;:&quot;0&quot;,&quot;iso&quot;:&quot;0&quot;,&quot;shutter_speed&quot;:&quot;0&quot;,&quot;title&quot;:&quot;&quot;,&quot;orientation&quot;:&quot;1&quot;}\" data-image-title=\"sanrafaelprevia\" data-image-description=\"\" data-image-caption=\"\" data-large-file=\"https:\/\/i0.wp.com\/lahoradelcampo.com.uy\/site\/wp-content\/uploads\/2022\/10\/sanrafaelprevia.jpg?fit=810%2C405&amp;ssl=1\" src=\"https:\/\/i0.wp.com\/lahoradelcampo.com.uy\/site\/wp-content\/uploads\/2022\/10\/sanrafaelprevia.jpg?resize=810%2C405\" alt=\"\" class=\"wp-image-46227\" srcset=\"https:\/\/i0.wp.com\/lahoradelcampo.com.uy\/site\/wp-content\/uploads\/2022\/10\/sanrafaelprevia.jpg?w=880&amp;ssl=1 880w, https:\/\/i0.wp.com\/lahoradelcampo.com.uy\/site\/wp-content\/uploads\/2022\/10\/sanrafaelprevia.jpg?resize=300%2C150&amp;ssl=1 300w, https:\/\/i0.wp.com\/lahoradelcampo.com.uy\/site\/wp-content\/uploads\/2022\/10\/sanrafaelprevia.jpg?resize=768%2C384&amp;ssl=1 768w, https:\/\/i0.wp.com\/lahoradelcampo.com.uy\/site\/wp-content\/uploads\/2022\/10\/sanrafaelprevia.jpg?resize=820%2C410&amp;ssl=1 820w\" sizes=\"auto, (max-width: 810px) 100vw, 810px\" \/><\/figure>\n\n\n\n<p>Las Caba\u00f1as San Rafael y Vasco Pampeano realizan hoy lunes 10 de octubre, un nuevo remate anual, bajo el martillo del escritorio Zambrano &amp; C\u00eda. A la tradicional oferta de Angus y Polled Hereford, este a\u00f1o se suma una oferta de toros Brangus de la caba\u00f1a invitada Korap\u00ed. <br><\/p>\n\n\n\n<p>Omar Burutaran, principal de San Rafael, se\u00f1al\u00f3 la satisfacci\u00f3n de los logros obtenidos nuevamente este a\u00f1o en las exposiciones donde concurrieron los ejemplares de la caba\u00f1a, \u00abtanto en el Prado como ac\u00e1 en Salto, hemos tenido la suerte de ganar grandes campeones y andar muy bien tanto en Hereford como Aberdeen Angus\u00bb.<br><\/p>\n\n\n\n<p>El productor destac\u00f3 que \u00aben el remate hay muchos hermanos y hermanas de los animales que han sido presentados en las exposiciones, as\u00ed que la tranquilidad de que funcionan tanto en las pistas de exposiciones como en el campo\u00bb. Burutaran invit\u00f3 a clientes y amigos a participar del remate a las 18 horas, \u00abque nos acompa\u00f1en. Quien venga a comprar, bienvenido sea y el que no, que nos acompa\u00f1e a dar un buen tajo en el asado\u00bb.<br><\/p>\n\n\n\n<p>Por su parte Mat\u00edas Burutaran, dijo que la oferta de hembras est\u00e1 compuesta por diez vaquillonas angus SA de la caba\u00f1a La Porte\u00f1a de Fern\u00e1ndez Prol y 40 terneras polled Hereford de San Rafael. Mientras que en el caso de los toros, se ofrecer\u00e1n \u00ab30 toros angus, donde son todos toros de dos a\u00f1os, con dato de EPD, donde dentro hay 5 red angus, despu\u00e9s los Polled Hereford don 18 toros tambi\u00e9n todos toros pedigree con datos\u00bb.<br><\/p>\n\n\n\n<p>El encargado de la preparaci\u00f3n de los toros dijo que \u00abla torada est\u00e1 muy linda, pronta para salir a trabajar sin exceso, con todas las garant\u00edas sanitaria que siempre da la caba\u00f1a hace muchos a\u00f1os\u00bb. Si bien dijo que la preparaci\u00f3n estuvo complicada en el verano, por la sequ\u00eda, indic\u00f3 que \u00ablos verdeos se pusieron lindo y sin exceso de preparaci\u00f3n, como es costumbre de la caba\u00f1a, los toros est\u00e1n prontos para trabajar en cualquier parte del pa\u00eds, en cualquier tipo de campo\u00bb.<br><\/p>\n\n\n\n<p>Este a\u00f1o, el remate trae como novedad la oferta de cinco toros Brangus de la caba\u00f1a Korap\u00ed, de los hermanos Sebasti\u00e1n, Mat\u00edas y Rafael Burutaran. Esta caba\u00f1a tiene 12 a\u00f1os y est\u00e1 basada en gen\u00e9tica importada desde Argentina. Rafael dijo que el plantel \u00abest\u00e1 basado en vacas importadas, origen de Corral de Guardia, Rancho Grande y la Dos A de Sabo\u00bb. <br><\/p>\n\n\n\n<p>Burutaran se\u00f1al\u00f3 que para los toros del remate \u00abes la misma gen\u00e9tica que ha salido premiada. La tercera mejor hembra del Prado, la Reservada gran campe\u00f3n del Prado hace dos a\u00f1os atr\u00e1s. Toda la misma gen\u00e9tica. Vamos a probar\u00bb. <br><\/p>\n\n\n\n<p>La oferta de cinco toros, est\u00e1 conformada por \u00abtres toros colorados y dos toros negros Brangus, dos a\u00f1os y de dos a\u00f1os y medio. Todo con EPD\u00bb. La caba\u00f1a Korap\u00ed, seg\u00fan el caba\u00f1ero, \u00abest\u00e1 apostando en el Brangus a un tipo de toro comercial, adaptado a los campos del norte, a los campos duros del basalto, a las forestales. Bueno, eso es lo que vamos a traer ac\u00e1 con toda la garant\u00eda sanitaria\u00bb. <br><\/p>\n\n\n\n<p>Por su parte, \u00c1lvaro Arrieta, representante en Salto de Zambrano &amp; C\u00eda, dijo que \u00aba las 18 vamos a estar comenzando las ventas y con una muy buena oferta\u00bb. Al tiempo que agradeci\u00f3 a las firmas por \u00abconfiar\u00bb en el martillo de la empresa para las ventas, dijo que \u00ablas condiciones del remate son 180 d\u00edas libres, 5% por descuento, pago contado, 3% por pre-oferta. Flete gratis a todo el pa\u00eds\u00bb. <br><\/p>\n\n\n\n<p>Adem\u00e1s indic\u00f3 que \u00abva a haber descuento por cliente consecuente y por volumen de toros que el productor nos consulten por los detalles\u00bb. Dijo que qui\u00e9n necesite el cat\u00e1logo puede acceder de forma digital a trav\u00e9s de WhatsApp o v\u00eda papel en el escritorio\u00bb.<\/p>\n\n\n\n<p>Salto, lunes 10 de octubre de 2022<\/p>\n","protected":false},"excerpt":{"rendered":"<p>Las Caba\u00f1as San Rafael y Vasco Pampeano realizan hoy lunes 10 de octubre, un nuevo remate anual, bajo el martillo del escritorio Zambrano &amp; C\u00eda. A la tradicional oferta de [&hellip;]<\/p>\n","protected":false},"author":5,"featured_media":46227,"comment_status":"open","ping_status":"open","sticky":false,"template":"","format":"standard","meta":{"_price":"","_stock":"","_tribe_ticket_header":"","_tribe_default_ticket_provider":"","_tribe_ticket_capacity":"0","_ticket_start_date":"","_ticket_end_date":"","_tribe_ticket_show_description":"","_tribe_ticket_show_not_going":false,"_tribe_ticket_use_global_stock":"","_tribe_ticket_global_stock_level":"","_global_stock_mode":"","_global_stock_cap":"","_tribe_rsvp_for_event":"","_tribe_ticket_going_count":"","_tribe_ticket_not_going_count":"","_tribe_tickets_list":"[]","_tribe_ticket_has_attendee_info_fields":false,"h5ap_radio_sources":[],"_jetpack_newsletter_access":"","_jetpack_dont_email_post_to_subs":false,"_jetpack_newsletter_tier_id":0,"_jetpack_memberships_contains_paywalled_content":false,"_jetpack_memberships_contains_paid_content":false,"footnotes":""},"categories":[21,5],"tags":[],"class_list":["post-46225","post","type-post","status-publish","format-standard","has-post-thumbnail","hentry","category-actualidad","category-ganaderia"],"jetpack_featured_media_url":"https:\/\/i0.wp.com\/lahoradelcampo.com.uy\/site\/wp-content\/uploads\/2022\/10\/sanrafaelprevia.jpg?fit=880%2C440&ssl=1","jetpack_sharing_enabled":true,"jetpack_shortlink":"https:\/\/wp.me\/p99IaT-c1z","jetpack-related-posts":[{"id":2831,"url":"https:\/\/lahoradelcampo.com.uy\/site\/san-rafael-alcanzo-us-2-894-por-los-angus\/","url_meta":{"origin":46225,"position":0},"title":"San Rafael alcanz\u00f3 U$S 2.894 por los Angus","author":"La Hora del Campo","date":"17 octubre, 2017","format":false,"excerpt":"Caba\u00f1a San Rafael y Vasco Pampeano comercializaron en la jornada de ayer sus reproductores Angus y Polled Hereford, con colocaci\u00f3n parcial de la oferta de toros Hereford de dos a\u00f1os. Las ventas comenzaron con los vientres, coloc\u00e1ndose 5 vacas SA pre\u00f1adas a U$S 936 y 3 vaquillonas SA servidas a\u2026","rel":"","context":"En \u00abActualidad\u00bb","block_context":{"text":"Actualidad","link":"https:\/\/lahoradelcampo.com.uy\/site\/category\/actualidad\/"},"img":{"alt_text":"","src":"https:\/\/i0.wp.com\/lahoradelcampo.com.uy\/site\/wp-content\/uploads\/2017\/10\/San-Rafael.jpg?fit=880%2C440&ssl=1&resize=350%2C200","width":350,"height":200,"srcset":"https:\/\/i0.wp.com\/lahoradelcampo.com.uy\/site\/wp-content\/uploads\/2017\/10\/San-Rafael.jpg?fit=880%2C440&ssl=1&resize=350%2C200 1x, https:\/\/i0.wp.com\/lahoradelcampo.com.uy\/site\/wp-content\/uploads\/2017\/10\/San-Rafael.jpg?fit=880%2C440&ssl=1&resize=525%2C300 1.5x, https:\/\/i0.wp.com\/lahoradelcampo.com.uy\/site\/wp-content\/uploads\/2017\/10\/San-Rafael.jpg?fit=880%2C440&ssl=1&resize=700%2C400 2x"},"classes":[]},{"id":15077,"url":"https:\/\/lahoradelcampo.com.uy\/site\/festejo-y-ventas-totales-en-el-remate-de-san-rafael\/","url_meta":{"origin":46225,"position":1},"title":"Festejo y ventas totales en el remate de San Rafael","author":"La Hora del Campo","date":"15 octubre, 2019","format":false,"excerpt":"La caba\u00f1a San Rafael de Burutaran y Vasco Pampeano, comercializaron ayer sus reproductores en el predio de la Asociaci\u00f3n Agropecuaria de Salto, en una tarde noche fr\u00eda, luego del cambio de clima y las precipitaciones. En la pista una oferta muy bien presentada y previo a las ventas un repaso\u2026","rel":"","context":"En \u00abActualidad\u00bb","block_context":{"text":"Actualidad","link":"https:\/\/lahoradelcampo.com.uy\/site\/category\/actualidad\/"},"img":{"alt_text":"","src":"https:\/\/i0.wp.com\/lahoradelcampo.com.uy\/site\/wp-content\/uploads\/2019\/10\/San-Rafael.jpg?fit=880%2C440&ssl=1&resize=350%2C200","width":350,"height":200,"srcset":"https:\/\/i0.wp.com\/lahoradelcampo.com.uy\/site\/wp-content\/uploads\/2019\/10\/San-Rafael.jpg?fit=880%2C440&ssl=1&resize=350%2C200 1x, https:\/\/i0.wp.com\/lahoradelcampo.com.uy\/site\/wp-content\/uploads\/2019\/10\/San-Rafael.jpg?fit=880%2C440&ssl=1&resize=525%2C300 1.5x, https:\/\/i0.wp.com\/lahoradelcampo.com.uy\/site\/wp-content\/uploads\/2019\/10\/San-Rafael.jpg?fit=880%2C440&ssl=1&resize=700%2C400 2x"},"classes":[]},{"id":24596,"url":"https:\/\/lahoradelcampo.com.uy\/site\/san-rafael-vendio-su-torada-hereford-y-angus-a-us-2-345\/","url_meta":{"origin":46225,"position":2},"title":"San Rafael vendi\u00f3 su torada Hereford y Angus a US$ 2.345","author":"La Hora del Campo","date":"13 octubre, 2020","format":false,"excerpt":"En el local de la Asociaci\u00f3n Agropecuaria de Salto, previo llenado de una planilla de control, la toma de temperatura, el alcohol en gel y el uso de tapabocas, la caba\u00f1a salte\u00f1a San Rafael coloc\u00f3 el 100% de la oferta en la pista, con un muy buen marco de clientes\u2026","rel":"","context":"En \u00abActualidad\u00bb","block_context":{"text":"Actualidad","link":"https:\/\/lahoradelcampo.com.uy\/site\/category\/actualidad\/"},"img":{"alt_text":"","src":"https:\/\/i0.wp.com\/lahoradelcampo.com.uy\/site\/wp-content\/uploads\/2020\/10\/sanrafaelfotoremate.jpg?fit=880%2C440&ssl=1&resize=350%2C200","width":350,"height":200,"srcset":"https:\/\/i0.wp.com\/lahoradelcampo.com.uy\/site\/wp-content\/uploads\/2020\/10\/sanrafaelfotoremate.jpg?fit=880%2C440&ssl=1&resize=350%2C200 1x, https:\/\/i0.wp.com\/lahoradelcampo.com.uy\/site\/wp-content\/uploads\/2020\/10\/sanrafaelfotoremate.jpg?fit=880%2C440&ssl=1&resize=525%2C300 1.5x, https:\/\/i0.wp.com\/lahoradelcampo.com.uy\/site\/wp-content\/uploads\/2020\/10\/sanrafaelfotoremate.jpg?fit=880%2C440&ssl=1&resize=700%2C400 2x"},"classes":[]},{"id":54886,"url":"https:\/\/lahoradelcampo.com.uy\/site\/venta-agil-y-total-de-vasco-pampeano\/","url_meta":{"origin":46225,"position":3},"title":"Venta \u00e1gil y total de Vasco Pampeano","author":"La Hora del Campo","date":"15 octubre, 2024","format":false,"excerpt":"En la Agropecuaria de Salto el martillo de Gerardo Zambrano subi\u00f3 y baj\u00f3 cerca de 30 veces para los toros y unas cuantas m\u00e1s para los vientres, dispersando la gen\u00e9tica de caba\u00f1a San Rafael de Vasco Pampeano. El promedio de los toros fue de US$ 2.618, con un m\u00e1ximo de\u2026","rel":"","context":"En \u00abActualidad\u00bb","block_context":{"text":"Actualidad","link":"https:\/\/lahoradelcampo.com.uy\/site\/category\/actualidad\/"},"img":{"alt_text":"","src":"https:\/\/i0.wp.com\/lahoradelcampo.com.uy\/site\/wp-content\/uploads\/2024\/10\/VascoPampeano.jpg?fit=880%2C440&ssl=1&resize=350%2C200","width":350,"height":200,"srcset":"https:\/\/i0.wp.com\/lahoradelcampo.com.uy\/site\/wp-content\/uploads\/2024\/10\/VascoPampeano.jpg?fit=880%2C440&ssl=1&resize=350%2C200 1x, https:\/\/i0.wp.com\/lahoradelcampo.com.uy\/site\/wp-content\/uploads\/2024\/10\/VascoPampeano.jpg?fit=880%2C440&ssl=1&resize=525%2C300 1.5x, https:\/\/i0.wp.com\/lahoradelcampo.com.uy\/site\/wp-content\/uploads\/2024\/10\/VascoPampeano.jpg?fit=880%2C440&ssl=1&resize=700%2C400 2x"},"classes":[]},{"id":24546,"url":"https:\/\/lahoradelcampo.com.uy\/site\/san-rafael-remata-hoy-en-la-asociacion-agropecuaria-de-salto\/","url_meta":{"origin":46225,"position":4},"title":"San Rafael remata hoy en la Asociaci\u00f3n Agropecuaria de Salto","author":"La Hora del Campo","date":"12 octubre, 2020","format":false,"excerpt":"Luego de la excelente participaci\u00f3n en las pistas de la Expo Prado, tanto a nivel de las calificaciones como en las ventas, la caba\u00f1a San Rafael vuelve hoy lunes 12 de octubre, a las 17 horas, a la p\u00ecsta de la Asociaci\u00f3n Agropecuaria de Salto, para un nuevo remate anual,\u2026","rel":"","context":"En \u00abActualidad\u00bb","block_context":{"text":"Actualidad","link":"https:\/\/lahoradelcampo.com.uy\/site\/category\/actualidad\/"},"img":{"alt_text":"","src":"https:\/\/i0.wp.com\/lahoradelcampo.com.uy\/site\/wp-content\/uploads\/2020\/10\/sanrafael111.jpg?fit=880%2C440&ssl=1&resize=350%2C200","width":350,"height":200,"srcset":"https:\/\/i0.wp.com\/lahoradelcampo.com.uy\/site\/wp-content\/uploads\/2020\/10\/sanrafael111.jpg?fit=880%2C440&ssl=1&resize=350%2C200 1x, https:\/\/i0.wp.com\/lahoradelcampo.com.uy\/site\/wp-content\/uploads\/2020\/10\/sanrafael111.jpg?fit=880%2C440&ssl=1&resize=525%2C300 1.5x, https:\/\/i0.wp.com\/lahoradelcampo.com.uy\/site\/wp-content\/uploads\/2020\/10\/sanrafael111.jpg?fit=880%2C440&ssl=1&resize=700%2C400 2x"},"classes":[]},{"id":35355,"url":"https:\/\/lahoradelcampo.com.uy\/site\/san-rafael-vendio-sus-toros-un-285-mejor-que-en-2020\/","url_meta":{"origin":46225,"position":5},"title":"San Rafael vendi\u00f3 sus toros un 28,5% mejor que en 2020","author":"La Hora del Campo","date":"12 octubre, 2021","format":false,"excerpt":"La zafra de reproductores como todos los a\u00f1os, tiene sus puntos m\u00e1s altos y los no tanto, sin embargo todos se quedan con los precios de punta, sin embargo en la generalidad de la zafra los promedios vienen por encima del 2020, y en esto algunas caba\u00f1as se destacan, con\u2026","rel":"","context":"En \u00abActualidad\u00bb","block_context":{"text":"Actualidad","link":"https:\/\/lahoradelcampo.com.uy\/site\/category\/actualidad\/"},"img":{"alt_text":"","src":"https:\/\/i0.wp.com\/lahoradelcampo.com.uy\/site\/wp-content\/uploads\/2021\/10\/zafra-sanrafael.jpg?fit=880%2C440&ssl=1&resize=350%2C200","width":350,"height":200,"srcset":"https:\/\/i0.wp.com\/lahoradelcampo.com.uy\/site\/wp-content\/uploads\/2021\/10\/zafra-sanrafael.jpg?fit=880%2C440&ssl=1&resize=350%2C200 1x, https:\/\/i0.wp.com\/lahoradelcampo.com.uy\/site\/wp-content\/uploads\/2021\/10\/zafra-sanrafael.jpg?fit=880%2C440&ssl=1&resize=525%2C300 1.5x, https:\/\/i0.wp.com\/lahoradelcampo.com.uy\/site\/wp-content\/uploads\/2021\/10\/zafra-sanrafael.jpg?fit=880%2C440&ssl=1&resize=700%2C400 2x"},"classes":[]}],"jetpack_likes_enabled":true,"_links":{"self":[{"href":"https:\/\/lahoradelcampo.com.uy\/site\/wp-json\/wp\/v2\/posts\/46225","targetHints":{"allow":["GET"]}}],"collection":[{"href":"https:\/\/lahoradelcampo.com.uy\/site\/wp-json\/wp\/v2\/posts"}],"about":[{"href":"https:\/\/lahoradelcampo.com.uy\/site\/wp-json\/wp\/v2\/types\/post"}],"author":[{"embeddable":true,"href":"https:\/\/lahoradelcampo.com.uy\/site\/wp-json\/wp\/v2\/users\/5"}],"replies":[{"embeddable":true,"href":"https:\/\/lahoradelcampo.com.uy\/site\/wp-json\/wp\/v2\/comments?post=46225"}],"version-history":[{"count":1,"href":"https:\/\/lahoradelcampo.com.uy\/site\/wp-json\/wp\/v2\/posts\/46225\/revisions"}],"predecessor-version":[{"id":46229,"href":"https:\/\/lahoradelcampo.com.uy\/site\/wp-json\/wp\/v2\/posts\/46225\/revisions\/46229"}],"wp:featuredmedia":[{"embeddable":true,"href":"https:\/\/lahoradelcampo.com.uy\/site\/wp-json\/wp\/v2\/media\/46227"}],"wp:attachment":[{"href":"https:\/\/lahoradelcampo.com.uy\/site\/wp-json\/wp\/v2\/media?parent=46225"}],"wp:term":[{"taxonomy":"category","embeddable":true,"href":"https:\/\/lahoradelcampo.com.uy\/site\/wp-json\/wp\/v2\/categories?post=46225"},{"taxonomy":"post_tag","embeddable":true,"href":"https:\/\/lahoradelcampo.com.uy\/site\/wp-json\/wp\/v2\/tags?post=46225"}],"curies":[{"name":"wp","href":"https:\/\/api.w.org\/{rel}","templated":true}]}}