{"id":46215,"date":"2022-10-10T07:16:07","date_gmt":"2022-10-10T10:16:07","guid":{"rendered":"http:\/\/lahoradelcampo.com.uy\/site\/?p=46215"},"modified":"2022-10-10T07:16:10","modified_gmt":"2022-10-10T10:16:10","slug":"cabana-macedo-vendio-el-100-de-la-oferta-angus-y-brangus","status":"publish","type":"post","link":"https:\/\/lahoradelcampo.com.uy\/site\/cabana-macedo-vendio-el-100-de-la-oferta-angus-y-brangus\/","title":{"rendered":"Caba\u00f1a Macedo vendi\u00f3 el 100% de la oferta Angus y Brangus"},"content":{"rendered":"\n<figure class=\"wp-block-image\"><img data-recalc-dims=\"1\" loading=\"lazy\" decoding=\"async\" width=\"810\" height=\"405\" data-attachment-id=\"46217\" data-permalink=\"https:\/\/lahoradelcampo.com.uy\/site\/cabana-macedo-vendio-el-100-de-la-oferta-angus-y-brangus\/cabanamacedo\/\" data-orig-file=\"https:\/\/i0.wp.com\/lahoradelcampo.com.uy\/site\/wp-content\/uploads\/2022\/10\/caba%C3%B1amacedo.jpg?fit=880%2C440&amp;ssl=1\" data-orig-size=\"880,440\" data-comments-opened=\"1\" data-image-meta=\"{&quot;aperture&quot;:&quot;0&quot;,&quot;credit&quot;:&quot;&quot;,&quot;camera&quot;:&quot;&quot;,&quot;caption&quot;:&quot;&quot;,&quot;created_timestamp&quot;:&quot;0&quot;,&quot;copyright&quot;:&quot;&quot;,&quot;focal_length&quot;:&quot;0&quot;,&quot;iso&quot;:&quot;0&quot;,&quot;shutter_speed&quot;:&quot;0&quot;,&quot;title&quot;:&quot;&quot;,&quot;orientation&quot;:&quot;1&quot;}\" data-image-title=\"caba\u00f1amacedo\" data-image-description=\"\" data-image-caption=\"\" data-large-file=\"https:\/\/i0.wp.com\/lahoradelcampo.com.uy\/site\/wp-content\/uploads\/2022\/10\/caba%C3%B1amacedo.jpg?fit=810%2C405&amp;ssl=1\" src=\"https:\/\/i0.wp.com\/lahoradelcampo.com.uy\/site\/wp-content\/uploads\/2022\/10\/caba%C3%B1amacedo.jpg?resize=810%2C405\" alt=\"\" class=\"wp-image-46217\" srcset=\"https:\/\/i0.wp.com\/lahoradelcampo.com.uy\/site\/wp-content\/uploads\/2022\/10\/caba%C3%B1amacedo.jpg?w=880&amp;ssl=1 880w, https:\/\/i0.wp.com\/lahoradelcampo.com.uy\/site\/wp-content\/uploads\/2022\/10\/caba%C3%B1amacedo.jpg?resize=300%2C150&amp;ssl=1 300w, https:\/\/i0.wp.com\/lahoradelcampo.com.uy\/site\/wp-content\/uploads\/2022\/10\/caba%C3%B1amacedo.jpg?resize=768%2C384&amp;ssl=1 768w, https:\/\/i0.wp.com\/lahoradelcampo.com.uy\/site\/wp-content\/uploads\/2022\/10\/caba%C3%B1amacedo.jpg?resize=820%2C410&amp;ssl=1 820w\" sizes=\"auto, (max-width: 810px) 100vw, 810px\" \/><\/figure>\n\n\n\n<p>Con los martillos de Jos\u00e9 Aicardi y Gast\u00f3n Araujo, la caba\u00f1a artiguense entro a pista con su oferta de hembras y toros Aberdeen Angus y Brangus, acompa\u00f1ada por las caba\u00f1as invitadas El Tacur\u00fa en Brangus y Santa Mar\u00eda del Arapey en Polled Hereford. En tres horas se coloc\u00f3 la totalidad de la oferta, salvo dos toros Polled Hereford al cierre de las ventas.<br><\/p>\n\n\n\n<p>La subasta comenz\u00f3 con las vaquillonas Aberdeen Angus de pedigree que cotizaron entre US$ 1.200 y US$ 6.720 de m\u00e1ximo para un ejemplar adquirido por la caba\u00f1a Los Moros. El promedio fue de US$ 1.823. <br><\/p>\n\n\n\n<p>Por su parte las Brangus se pagaron entre US$ 1.680 y US$ 3.600, con US$ 2.592 de promedio. <br><\/p>\n\n\n\n<p>Previo a la venta de los toros, se ofrecieron 22 terneras base Brangus de caba\u00f1a Macedo, que cotizaron a US$ 864, mientras que las 26 terneras Brangus PO de El Tacur\u00fa, tambi\u00e9n cotizaron a US$ 864.<br><\/p>\n\n\n\n<p>Los toros con un mercado \u00e1gil en la puntera, alcanzaron valores de US$ 5.400 de m\u00e1ximo en el Aberdeen Angus, un piso de US$ 3.000 y un promedio de US$ 3.782. En los Brangus se registr\u00f3 el m\u00e1ximo del remate, US$ 6.600 para el toro de la puntera, adquirido por \u00c1ngel Antonioni. El m\u00ednimo fue de US$ 2.760, con un promedio de US$ 4.053. El 100% de los toros de Macedo vendidos, hicieron un promedio de US$ 3.872.<br><\/p>\n\n\n\n<p>Al final se ofertaron 11 toros Polled Hereford, de los cuales se colocaron nueve en pista, con valores de US$ 2.760 de m\u00e1ximo y US$ 2.280 de m\u00ednimo. El promedio fue de US$ 2.507. <br><\/p>\n\n\n\n<p>Gustavo Riani, principal de caba\u00f1a Macedo, dijo sentirse orgulloso del resultado del trabajo que ha realizado su hijo, Gabriel Riani, al frente de la caba\u00f1a, as\u00ed como tambi\u00e9n de sus colaboradores y los escritorios participantes. <br><\/p>\n\n\n\n<p>Tanto Gast\u00f3n Araujo, como Jos\u00e9 Aicardi, destacaron la calidad de la oferta de Caba\u00f1a Macedo, la agilidad en la colocaci\u00f3n de la oferta y la confianza que depositan a\u00f1o a a\u00f1o, clientes consecuentes de la caba\u00f1a y los escritorios, as\u00ed como tambi\u00e9n de los nuevos compradores que se suman a este remate y esta gen\u00e9tica, destacada a nivel pa\u00eds. <\/p>\n\n\n\n<p>Salto, lunes 10 de octubre de 2022<\/p>\n","protected":false},"excerpt":{"rendered":"<p>Con los martillos de Jos\u00e9 Aicardi y Gast\u00f3n Araujo, la caba\u00f1a artiguense entro a pista con su oferta de hembras y toros Aberdeen Angus y Brangus, acompa\u00f1ada por las caba\u00f1as [&hellip;]<\/p>\n","protected":false},"author":5,"featured_media":46217,"comment_status":"open","ping_status":"open","sticky":false,"template":"","format":"standard","meta":{"_price":"","_stock":"","_tribe_ticket_header":"","_tribe_default_ticket_provider":"","_tribe_ticket_capacity":"0","_ticket_start_date":"","_ticket_end_date":"","_tribe_ticket_show_description":"","_tribe_ticket_show_not_going":false,"_tribe_ticket_use_global_stock":"","_tribe_ticket_global_stock_level":"","_global_stock_mode":"","_global_stock_cap":"","_tribe_rsvp_for_event":"","_tribe_ticket_going_count":"","_tribe_ticket_not_going_count":"","_tribe_tickets_list":"[]","_tribe_ticket_has_attendee_info_fields":false,"h5ap_radio_sources":[],"_jetpack_newsletter_access":"","_jetpack_dont_email_post_to_subs":false,"_jetpack_newsletter_tier_id":0,"_jetpack_memberships_contains_paywalled_content":false,"_jetpack_memberships_contains_paid_content":false,"footnotes":""},"categories":[21,5],"tags":[],"class_list":["post-46215","post","type-post","status-publish","format-standard","has-post-thumbnail","hentry","category-actualidad","category-ganaderia"],"jetpack_featured_media_url":"https:\/\/i0.wp.com\/lahoradelcampo.com.uy\/site\/wp-content\/uploads\/2022\/10\/caba%C3%B1amacedo.jpg?fit=880%2C440&ssl=1","jetpack_sharing_enabled":true,"jetpack_shortlink":"https:\/\/wp.me\/p99IaT-c1p","jetpack-related-posts":[{"id":52753,"url":"https:\/\/lahoradelcampo.com.uy\/site\/san-rafael-alcanzo-us-2-801-por-45-toros-aberdeen-angus-polled-hereford-y-brangus\/","url_meta":{"origin":46215,"position":0},"title":"San Rafael alcanz\u00f3 US$ 2.801 por 45 toros Aberdeen Angus, Polled Hereford y Brangus","author":"La Hora del Campo","date":"13 octubre, 2023","format":false,"excerpt":"En la jornada de ayer, con el martillo de Gerardo Zambrano, se realiz\u00f3 la venta anual de caba\u00f1a San Rafael, en el predio de la Asociaci\u00f3n Agropecuaria de Salto, con la comercializaci\u00f3n del 100% de la oferta a diferentes puntos del pa\u00eds. El comienzo de la subasta fue con los\u2026","rel":"","context":"En \u00abActualidad\u00bb","block_context":{"text":"Actualidad","link":"https:\/\/lahoradelcampo.com.uy\/site\/category\/actualidad\/"},"img":{"alt_text":"","src":"https:\/\/i0.wp.com\/lahoradelcampo.com.uy\/site\/wp-content\/uploads\/2023\/10\/SanRafael.jpg?fit=880%2C440&ssl=1&resize=350%2C200","width":350,"height":200,"srcset":"https:\/\/i0.wp.com\/lahoradelcampo.com.uy\/site\/wp-content\/uploads\/2023\/10\/SanRafael.jpg?fit=880%2C440&ssl=1&resize=350%2C200 1x, https:\/\/i0.wp.com\/lahoradelcampo.com.uy\/site\/wp-content\/uploads\/2023\/10\/SanRafael.jpg?fit=880%2C440&ssl=1&resize=525%2C300 1.5x, https:\/\/i0.wp.com\/lahoradelcampo.com.uy\/site\/wp-content\/uploads\/2023\/10\/SanRafael.jpg?fit=880%2C440&ssl=1&resize=700%2C400 2x"},"classes":[]},{"id":24552,"url":"https:\/\/lahoradelcampo.com.uy\/site\/cabana-macedo-coloco-su-oferta-de-angus-y-brangus-en-artigas\/","url_meta":{"origin":46215,"position":1},"title":"Caba\u00f1a Macedo coloc\u00f3 su oferta de Angus y Brangus en Artigas","author":"La Hora del Campo","date":"12 octubre, 2020","format":false,"excerpt":"Como es tradicional, la familia Riani se vi\u00f3 acompa\u00f1ada por un buen marco de clientes y amigos, tanto en el local de la propia estancia como a distancia a trav\u00e9s de la televisaci\u00f3n. Al cierre de las ventas la satisfacci\u00f3n de haber colocado la producci\u00f3n de a buenos valores. En\u2026","rel":"","context":"En \u00abActualidad\u00bb","block_context":{"text":"Actualidad","link":"https:\/\/lahoradelcampo.com.uy\/site\/category\/actualidad\/"},"img":{"alt_text":"","src":"https:\/\/i0.wp.com\/lahoradelcampo.com.uy\/site\/wp-content\/uploads\/2020\/10\/Macedoriani.jpg?fit=880%2C440&ssl=1&resize=350%2C200","width":350,"height":200,"srcset":"https:\/\/i0.wp.com\/lahoradelcampo.com.uy\/site\/wp-content\/uploads\/2020\/10\/Macedoriani.jpg?fit=880%2C440&ssl=1&resize=350%2C200 1x, https:\/\/i0.wp.com\/lahoradelcampo.com.uy\/site\/wp-content\/uploads\/2020\/10\/Macedoriani.jpg?fit=880%2C440&ssl=1&resize=525%2C300 1.5x, https:\/\/i0.wp.com\/lahoradelcampo.com.uy\/site\/wp-content\/uploads\/2020\/10\/Macedoriani.jpg?fit=880%2C440&ssl=1&resize=700%2C400 2x"},"classes":[]},{"id":57082,"url":"https:\/\/lahoradelcampo.com.uy\/site\/en-salto-se-vendieron-445-toros-a-un-promedio-de-us-4-407\/","url_meta":{"origin":46215,"position":2},"title":"En Salto se vendieron 445 toros a un promedio de US$ 4.407","author":"La Hora del Campo","date":"18 noviembre, 2025","format":false,"excerpt":"La zafra de reproductores en Salto cerr\u00f3 octubre con resultados altamente positivos, confirmando un incremento tanto en precios como en volumen frente al a\u00f1o anterior. En total, se comercializaron 445 toros -30 m\u00e1s que en 2024- por una facturaci\u00f3n total de US$ 1.961.110, lo que representa un aumento del 33%\u2026","rel":"","context":"En \u00abActualidad\u00bb","block_context":{"text":"Actualidad","link":"https:\/\/lahoradelcampo.com.uy\/site\/category\/actualidad\/"},"img":{"alt_text":"","src":"https:\/\/i0.wp.com\/lahoradelcampo.com.uy\/site\/wp-content\/uploads\/2025\/11\/Toros-Hereford-scaled.jpg?fit=1200%2C904&ssl=1&resize=350%2C200","width":350,"height":200,"srcset":"https:\/\/i0.wp.com\/lahoradelcampo.com.uy\/site\/wp-content\/uploads\/2025\/11\/Toros-Hereford-scaled.jpg?fit=1200%2C904&ssl=1&resize=350%2C200 1x, https:\/\/i0.wp.com\/lahoradelcampo.com.uy\/site\/wp-content\/uploads\/2025\/11\/Toros-Hereford-scaled.jpg?fit=1200%2C904&ssl=1&resize=525%2C300 1.5x, https:\/\/i0.wp.com\/lahoradelcampo.com.uy\/site\/wp-content\/uploads\/2025\/11\/Toros-Hereford-scaled.jpg?fit=1200%2C904&ssl=1&resize=700%2C400 2x, https:\/\/i0.wp.com\/lahoradelcampo.com.uy\/site\/wp-content\/uploads\/2025\/11\/Toros-Hereford-scaled.jpg?fit=1200%2C904&ssl=1&resize=1050%2C600 3x"},"classes":[]},{"id":46375,"url":"https:\/\/lahoradelcampo.com.uy\/site\/en-nueve-remates-se-vendieron-438-toros-us-3-808-de-promedio\/","url_meta":{"origin":46215,"position":3},"title":"En nueve remates se vendieron 438 toros US$ 3.808 de promedio","author":"La Hora del Campo","date":"16 octubre, 2022","format":false,"excerpt":"La zafra de toros viene con buen ritmo de colocaci\u00f3n de la oferta y con valores promedios dentro de lo esperado por las caba\u00f1as, m\u00e1s all\u00e1 de alg\u00fan remate puntual. A quince d\u00edas del mes de octubre, pr\u00e1cticamente en la mitad de la presente zafra, le presentamos un resumen de\u2026","rel":"","context":"En \u00abActualidad\u00bb","block_context":{"text":"Actualidad","link":"https:\/\/lahoradelcampo.com.uy\/site\/category\/actualidad\/"},"img":{"alt_text":"","src":"https:\/\/i0.wp.com\/lahoradelcampo.com.uy\/site\/wp-content\/uploads\/2021\/11\/zafradetoros1.jpg?fit=880%2C440&ssl=1&resize=350%2C200","width":350,"height":200,"srcset":"https:\/\/i0.wp.com\/lahoradelcampo.com.uy\/site\/wp-content\/uploads\/2021\/11\/zafradetoros1.jpg?fit=880%2C440&ssl=1&resize=350%2C200 1x, https:\/\/i0.wp.com\/lahoradelcampo.com.uy\/site\/wp-content\/uploads\/2021\/11\/zafradetoros1.jpg?fit=880%2C440&ssl=1&resize=525%2C300 1.5x, https:\/\/i0.wp.com\/lahoradelcampo.com.uy\/site\/wp-content\/uploads\/2021\/11\/zafradetoros1.jpg?fit=880%2C440&ssl=1&resize=700%2C400 2x"},"classes":[]},{"id":54869,"url":"https:\/\/lahoradelcampo.com.uy\/site\/la-magdalena-vendio-124-toros-aus-3-749-de-promedio-en-valentin\/","url_meta":{"origin":46215,"position":4},"title":"La Magdalena vendi\u00f3 124 toros aUS$ 3.749 de promedio en Valent\u00edn","author":"La Hora del Campo","date":"12 octubre, 2024","format":false,"excerpt":"En la tarde de ayer, la caba\u00f1a \"La Magdalena\" de Los Tordos SA, realiz\u00f3 su remate anual con los escritorios Roberto Bertsch y Correa & San Rom\u00e1n, en el local de la Asociaci\u00f3n Fomento Rural de Valent\u00edn, en Salto. En tres horas se liquid\u00f3 el 100% de la oferta en\u2026","rel":"","context":"En \u00abActualidad\u00bb","block_context":{"text":"Actualidad","link":"https:\/\/lahoradelcampo.com.uy\/site\/category\/actualidad\/"},"img":{"alt_text":"","src":"https:\/\/i0.wp.com\/lahoradelcampo.com.uy\/site\/wp-content\/uploads\/2024\/10\/Lamagdalena-remate24.jpg?fit=880%2C440&ssl=1&resize=350%2C200","width":350,"height":200,"srcset":"https:\/\/i0.wp.com\/lahoradelcampo.com.uy\/site\/wp-content\/uploads\/2024\/10\/Lamagdalena-remate24.jpg?fit=880%2C440&ssl=1&resize=350%2C200 1x, https:\/\/i0.wp.com\/lahoradelcampo.com.uy\/site\/wp-content\/uploads\/2024\/10\/Lamagdalena-remate24.jpg?fit=880%2C440&ssl=1&resize=525%2C300 1.5x, https:\/\/i0.wp.com\/lahoradelcampo.com.uy\/site\/wp-content\/uploads\/2024\/10\/Lamagdalena-remate24.jpg?fit=880%2C440&ssl=1&resize=700%2C400 2x"},"classes":[]},{"id":46249,"url":"https:\/\/lahoradelcampo.com.uy\/site\/san-rafael-coloco-el-100-de-los-toros-angus-y-polled-hereford\/","url_meta":{"origin":46215,"position":5},"title":"San Rafael coloc\u00f3 el 100% de los toros Angus y Polled Hereford","author":"La Hora del Campo","date":"13 octubre, 2022","format":false,"excerpt":"En el predio de la Asociaci\u00f3n Agropecuaria de Salto, la firma Zambrano & C\u00eda, concret\u00f3 una nueva venta de San Rafael, donde se coloc\u00f3 el 100% de la oferta de la caba\u00f1a y de las firmas invitadas, tanto en los vientres como en los machos de las tres razas. El\u2026","rel":"","context":"En \u00abActualidad\u00bb","block_context":{"text":"Actualidad","link":"https:\/\/lahoradelcampo.com.uy\/site\/category\/actualidad\/"},"img":{"alt_text":"","src":"https:\/\/i0.wp.com\/lahoradelcampo.com.uy\/site\/wp-content\/uploads\/2022\/10\/Sanrafaelreamte.jpg?fit=880%2C440&ssl=1&resize=350%2C200","width":350,"height":200,"srcset":"https:\/\/i0.wp.com\/lahoradelcampo.com.uy\/site\/wp-content\/uploads\/2022\/10\/Sanrafaelreamte.jpg?fit=880%2C440&ssl=1&resize=350%2C200 1x, https:\/\/i0.wp.com\/lahoradelcampo.com.uy\/site\/wp-content\/uploads\/2022\/10\/Sanrafaelreamte.jpg?fit=880%2C440&ssl=1&resize=525%2C300 1.5x, https:\/\/i0.wp.com\/lahoradelcampo.com.uy\/site\/wp-content\/uploads\/2022\/10\/Sanrafaelreamte.jpg?fit=880%2C440&ssl=1&resize=700%2C400 2x"},"classes":[]}],"jetpack_likes_enabled":true,"_links":{"self":[{"href":"https:\/\/lahoradelcampo.com.uy\/site\/wp-json\/wp\/v2\/posts\/46215","targetHints":{"allow":["GET"]}}],"collection":[{"href":"https:\/\/lahoradelcampo.com.uy\/site\/wp-json\/wp\/v2\/posts"}],"about":[{"href":"https:\/\/lahoradelcampo.com.uy\/site\/wp-json\/wp\/v2\/types\/post"}],"author":[{"embeddable":true,"href":"https:\/\/lahoradelcampo.com.uy\/site\/wp-json\/wp\/v2\/users\/5"}],"replies":[{"embeddable":true,"href":"https:\/\/lahoradelcampo.com.uy\/site\/wp-json\/wp\/v2\/comments?post=46215"}],"version-history":[{"count":1,"href":"https:\/\/lahoradelcampo.com.uy\/site\/wp-json\/wp\/v2\/posts\/46215\/revisions"}],"predecessor-version":[{"id":46219,"href":"https:\/\/lahoradelcampo.com.uy\/site\/wp-json\/wp\/v2\/posts\/46215\/revisions\/46219"}],"wp:featuredmedia":[{"embeddable":true,"href":"https:\/\/lahoradelcampo.com.uy\/site\/wp-json\/wp\/v2\/media\/46217"}],"wp:attachment":[{"href":"https:\/\/lahoradelcampo.com.uy\/site\/wp-json\/wp\/v2\/media?parent=46215"}],"wp:term":[{"taxonomy":"category","embeddable":true,"href":"https:\/\/lahoradelcampo.com.uy\/site\/wp-json\/wp\/v2\/categories?post=46215"},{"taxonomy":"post_tag","embeddable":true,"href":"https:\/\/lahoradelcampo.com.uy\/site\/wp-json\/wp\/v2\/tags?post=46215"}],"curies":[{"name":"wp","href":"https:\/\/api.w.org\/{rel}","templated":true}]}}