{"id":46209,"date":"2022-10-10T06:57:51","date_gmt":"2022-10-10T09:57:51","guid":{"rendered":"http:\/\/lahoradelcampo.com.uy\/site\/?p=46209"},"modified":"2022-10-10T06:57:59","modified_gmt":"2022-10-10T09:57:59","slug":"inavi-selecciono-los-vinos-institucionales-de-2022","status":"publish","type":"post","link":"https:\/\/lahoradelcampo.com.uy\/site\/inavi-selecciono-los-vinos-institucionales-de-2022\/","title":{"rendered":"INAVI seleccion\u00f3 los vinos institucionales de 2022"},"content":{"rendered":"\n<figure class=\"wp-block-image\"><img data-recalc-dims=\"1\" loading=\"lazy\" decoding=\"async\" width=\"810\" height=\"405\" data-attachment-id=\"46211\" data-permalink=\"https:\/\/lahoradelcampo.com.uy\/site\/inavi-selecciono-los-vinos-institucionales-de-2022\/vinosinavis\/\" data-orig-file=\"https:\/\/i0.wp.com\/lahoradelcampo.com.uy\/site\/wp-content\/uploads\/2022\/10\/VinosINAVIS.jpg?fit=880%2C440&amp;ssl=1\" data-orig-size=\"880,440\" data-comments-opened=\"1\" data-image-meta=\"{&quot;aperture&quot;:&quot;0&quot;,&quot;credit&quot;:&quot;&quot;,&quot;camera&quot;:&quot;&quot;,&quot;caption&quot;:&quot;&quot;,&quot;created_timestamp&quot;:&quot;0&quot;,&quot;copyright&quot;:&quot;&quot;,&quot;focal_length&quot;:&quot;0&quot;,&quot;iso&quot;:&quot;0&quot;,&quot;shutter_speed&quot;:&quot;0&quot;,&quot;title&quot;:&quot;&quot;,&quot;orientation&quot;:&quot;1&quot;}\" data-image-title=\"VinosINAVIS\" data-image-description=\"\" data-image-caption=\"\" data-large-file=\"https:\/\/i0.wp.com\/lahoradelcampo.com.uy\/site\/wp-content\/uploads\/2022\/10\/VinosINAVIS.jpg?fit=810%2C405&amp;ssl=1\" src=\"https:\/\/i0.wp.com\/lahoradelcampo.com.uy\/site\/wp-content\/uploads\/2022\/10\/VinosINAVIS.jpg?resize=810%2C405\" alt=\"\" class=\"wp-image-46211\" srcset=\"https:\/\/i0.wp.com\/lahoradelcampo.com.uy\/site\/wp-content\/uploads\/2022\/10\/VinosINAVIS.jpg?w=880&amp;ssl=1 880w, https:\/\/i0.wp.com\/lahoradelcampo.com.uy\/site\/wp-content\/uploads\/2022\/10\/VinosINAVIS.jpg?resize=300%2C150&amp;ssl=1 300w, https:\/\/i0.wp.com\/lahoradelcampo.com.uy\/site\/wp-content\/uploads\/2022\/10\/VinosINAVIS.jpg?resize=768%2C384&amp;ssl=1 768w, https:\/\/i0.wp.com\/lahoradelcampo.com.uy\/site\/wp-content\/uploads\/2022\/10\/VinosINAVIS.jpg?resize=820%2C410&amp;ssl=1 820w\" sizes=\"auto, (max-width: 810px) 100vw, 810px\" \/><\/figure>\n\n\n\n<p>Con un panel integrado por 32 degustadores, se seleccionaron las cinco variedades de vinos institucionales que representaran al Instituto Nacional de Vitivinicultura (INAVI). Estos vinos que han sido seleccionados, ser\u00e1n los que el instituto utilizar\u00e1 para sus actividades de promoci\u00f3n nacional e internacional.<br><\/p>\n\n\n\n<p>Los vinos seleccionados fueron:<br><\/p>\n\n\n\n<p>Tinto Varietal No Tannat Bodega Artesana \/ Tannat Merlot Reserva 2020<br><\/p>\n\n\n\n<p>Tannat: Varela Zarranz\/ Tannat Reserva 2020<br><\/p>\n\n\n\n<p>Blanco: Cerro del Toro \/ Albari\u00f1o Cl\u00e1sico 2022<br><\/p>\n\n\n\n<p>Rosado: Establecimiento Juanic\u00f3 \/ Atl\u00e1ntico Sur Ros\u00e9 2022<br><\/p>\n\n\n\n<p>Espumoso natural: Toscanini e Hijos \/ Family of Wine Extra Brut 2021<br><\/p>\n\n\n\n<p>La selecci\u00f3n se realiz\u00f3 en tres jornadas de degustaci\u00f3n en el local de la Asociaci\u00f3n de En\u00f3logos del Uruguay y fue coordinada por su viceppresidente, Fernando Pettenuzzo y un equipo de INAVI integrado por Andr\u00e9s Crovetto, Luciana Pattarino, Candela Gambel\u00edn, Luis Tealde y David Arias.<br><\/p>\n\n\n\n<p>Los degustadores que participaron fueron: Mercedes Acevedo, Sabrina Ariano, Daniel Arraspide, Edgard Barrera, Eduardo Boido, Victorio Breganti, Laura Casella, Beatriz Chevalier, Valeria Chiola, Daniel Cis, Carolina Damiano, Walter Fern\u00e1ndez, Alejandro Gatto, Octavio Gioia, Leo Guerrero, Adriana Guti\u00e9rrez, Eduardo Lanza, Jos\u00e9 Lez, Mariana Meneguzzi, Andr\u00e9s Merino, Nicol\u00e1s Monforte, Adri\u00e1n Morena, Diego Mozzo, Gerardo Nabune, Titina N\u00fa\u00f1ez, Eduardo Pattarino, Federico Peluffo, Fernando Piccardo, Alejandra Secco, Sebasti\u00e1n Strada, Alberto Torterolo y Alejandra Trabazo.<br><\/p>\n\n\n\n<p>Se degustaron 80 muestras de 25 bodegas.<br><\/p>\n\n\n\n<p>Los vinos seleccionados acompa\u00f1ar\u00e1n las actividades y eventos de promoci\u00f3n nacional e internacional de INAVI entre octubre de 2022 y septiembre 2023. <\/p>\n\n\n\n<p>Las botellas que sean adquiridas por INAVI mantendr\u00e1n sus condiciones de envasado y etiqueta originales, y llevar\u00e1n un sello distintivo como vino institucional del organismo.<\/p>\n\n\n\n<p>Salto, lunes 10 de octubre de 2022<\/p>\n","protected":false},"excerpt":{"rendered":"<p>Con un panel integrado por 32 degustadores, se seleccionaron las cinco variedades de vinos institucionales que representaran al Instituto Nacional de Vitivinicultura (INAVI). Estos vinos que han sido seleccionados, ser\u00e1n [&hellip;]<\/p>\n","protected":false},"author":5,"featured_media":46211,"comment_status":"open","ping_status":"open","sticky":false,"template":"","format":"standard","meta":{"_price":"","_stock":"","_tribe_ticket_header":"","_tribe_default_ticket_provider":"","_tribe_ticket_capacity":"0","_ticket_start_date":"","_ticket_end_date":"","_tribe_ticket_show_description":"","_tribe_ticket_show_not_going":false,"_tribe_ticket_use_global_stock":"","_tribe_ticket_global_stock_level":"","_global_stock_mode":"","_global_stock_cap":"","_tribe_rsvp_for_event":"","_tribe_ticket_going_count":"","_tribe_ticket_not_going_count":"","_tribe_tickets_list":"[]","_tribe_ticket_has_attendee_info_fields":false,"h5ap_radio_sources":[],"_jetpack_newsletter_access":"","_jetpack_dont_email_post_to_subs":false,"_jetpack_newsletter_tier_id":0,"_jetpack_memberships_contains_paywalled_content":false,"_jetpack_memberships_contains_paid_content":false,"footnotes":""},"categories":[21,9],"tags":[],"class_list":["post-46209","post","type-post","status-publish","format-standard","has-post-thumbnail","hentry","category-actualidad","category-granja"],"jetpack_featured_media_url":"https:\/\/i0.wp.com\/lahoradelcampo.com.uy\/site\/wp-content\/uploads\/2022\/10\/VinosINAVIS.jpg?fit=880%2C440&ssl=1","jetpack_sharing_enabled":true,"jetpack_shortlink":"https:\/\/wp.me\/p99IaT-c1j","jetpack-related-posts":[{"id":55330,"url":"https:\/\/lahoradelcampo.com.uy\/site\/inavi-selecciono-cinco-vinos-institucionales-para-el-2025\/","url_meta":{"origin":46209,"position":0},"title":"Inavi seleccion\u00f3 cinco vinos institucionales para el 2025","author":"La Hora del Campo","date":"2 enero, 2025","format":false,"excerpt":"Hacia el cierre del 2024, el Instituto Nacional de Vitivinicultura (INAVI) realiz\u00f3 un panel con 22 degustadores para realizar la selecci\u00f3n de las cinco variedades de vinos que representar\u00e1n a la instituci\u00f3n entre diciembre de 2024 y setiembre de 2025, en las diferentes actividades y eventos de promoci\u00f3n tanto a\u2026","rel":"","context":"En \u00abActualidad\u00bb","block_context":{"text":"Actualidad","link":"https:\/\/lahoradelcampo.com.uy\/site\/category\/actualidad\/"},"img":{"alt_text":"","src":"https:\/\/i0.wp.com\/lahoradelcampo.com.uy\/site\/wp-content\/uploads\/2024\/12\/INAVI-Vinos.jpg?fit=880%2C440&ssl=1&resize=350%2C200","width":350,"height":200,"srcset":"https:\/\/i0.wp.com\/lahoradelcampo.com.uy\/site\/wp-content\/uploads\/2024\/12\/INAVI-Vinos.jpg?fit=880%2C440&ssl=1&resize=350%2C200 1x, https:\/\/i0.wp.com\/lahoradelcampo.com.uy\/site\/wp-content\/uploads\/2024\/12\/INAVI-Vinos.jpg?fit=880%2C440&ssl=1&resize=525%2C300 1.5x, https:\/\/i0.wp.com\/lahoradelcampo.com.uy\/site\/wp-content\/uploads\/2024\/12\/INAVI-Vinos.jpg?fit=880%2C440&ssl=1&resize=700%2C400 2x"},"classes":[]},{"id":35267,"url":"https:\/\/lahoradelcampo.com.uy\/site\/inavi-selecciono-los-vinos-institucionales-2021\/","url_meta":{"origin":46209,"position":1},"title":"INAVI seleccion\u00f3 los vinos institucionales 2021","author":"La Hora del Campo","date":"10 octubre, 2021","format":false,"excerpt":"Con un panel integrado por 35 degustadores, se seleccionaron las seis variedades de vinos institucionales de INAVI, que ser\u00e1n aqu\u00e9llos que el instituto utilice para sus actividades de promoci\u00f3n nacional e internacional. Los vinos seleccionados fueron: Tannat: Bodega Bresesti \/ Peque\u00f1as Colecciones Tinto no Tannat: Bodega Garz\u00f3n \/ Cabernet Franc\u2026","rel":"","context":"En \u00abActualidad\u00bb","block_context":{"text":"Actualidad","link":"https:\/\/lahoradelcampo.com.uy\/site\/category\/actualidad\/"},"img":{"alt_text":"","src":"https:\/\/i0.wp.com\/lahoradelcampo.com.uy\/site\/wp-content\/uploads\/2021\/10\/VinosINAVI.jpg?fit=880%2C440&ssl=1&resize=350%2C200","width":350,"height":200,"srcset":"https:\/\/i0.wp.com\/lahoradelcampo.com.uy\/site\/wp-content\/uploads\/2021\/10\/VinosINAVI.jpg?fit=880%2C440&ssl=1&resize=350%2C200 1x, https:\/\/i0.wp.com\/lahoradelcampo.com.uy\/site\/wp-content\/uploads\/2021\/10\/VinosINAVI.jpg?fit=880%2C440&ssl=1&resize=525%2C300 1.5x, https:\/\/i0.wp.com\/lahoradelcampo.com.uy\/site\/wp-content\/uploads\/2021\/10\/VinosINAVI.jpg?fit=880%2C440&ssl=1&resize=700%2C400 2x"},"classes":[]},{"id":30332,"url":"https:\/\/lahoradelcampo.com.uy\/site\/vinos-uruguayos-recibieron-17-medallas-en-el-iwc-2021\/","url_meta":{"origin":46209,"position":2},"title":"Vinos uruguayos recibieron 17 medallas en el IWC 2021","author":"La Hora del Campo","date":"20 mayo, 2021","format":false,"excerpt":"Recientemente se realiz\u00f3 en Londres la 38va edici\u00f3n del Concurso Internacional Wine Challenge 2021 (IWC 2021), donde los vinos uruguayos lograron destacarse con 17 medallas y seis vinos elogiados por los jurados. El International Wine Challenge (IWC) es una de las competiciones de cata a ciegas m\u00e1s respetadas del mundo.\u2026","rel":"","context":"En \u00abActualidad\u00bb","block_context":{"text":"Actualidad","link":"https:\/\/lahoradelcampo.com.uy\/site\/category\/actualidad\/"},"img":{"alt_text":"","src":"https:\/\/i0.wp.com\/lahoradelcampo.com.uy\/site\/wp-content\/uploads\/2019\/04\/Vinos.jpg?fit=880%2C440&ssl=1&resize=350%2C200","width":350,"height":200,"srcset":"https:\/\/i0.wp.com\/lahoradelcampo.com.uy\/site\/wp-content\/uploads\/2019\/04\/Vinos.jpg?fit=880%2C440&ssl=1&resize=350%2C200 1x, https:\/\/i0.wp.com\/lahoradelcampo.com.uy\/site\/wp-content\/uploads\/2019\/04\/Vinos.jpg?fit=880%2C440&ssl=1&resize=525%2C300 1.5x, https:\/\/i0.wp.com\/lahoradelcampo.com.uy\/site\/wp-content\/uploads\/2019\/04\/Vinos.jpg?fit=880%2C440&ssl=1&resize=700%2C400 2x"},"classes":[]},{"id":46737,"url":"https:\/\/lahoradelcampo.com.uy\/site\/tannat-al-mundo-dejo-medallas-de-oro-para-vinos-saltenos\/","url_meta":{"origin":46209,"position":3},"title":"\u201cTannat al mundo\u201d dej\u00f3 medallas de oro para vinos salte\u00f1os","author":"La Hora del Campo","date":"3 noviembre, 2022","format":false,"excerpt":"Al cierre del mes de octubre se realiz\u00f3 en el Enjoy Punta del Este Resort & Casino, el concurso internacional Tannat al Mundo Terru\u00f1o de Oro 2022, organizado por la Asociaci\u00f3n de En\u00f3logos del Uruguay y con la participaci\u00f3n de 167 vinos de Argentina, Brasil, Bolivia y Uruguay. El certamen\u2026","rel":"","context":"En \u00abActualidad\u00bb","block_context":{"text":"Actualidad","link":"https:\/\/lahoradelcampo.com.uy\/site\/category\/actualidad\/"},"img":{"alt_text":"","src":"https:\/\/i0.wp.com\/lahoradelcampo.com.uy\/site\/wp-content\/uploads\/2022\/11\/VinosTannat.jpg?fit=880%2C440&ssl=1&resize=350%2C200","width":350,"height":200,"srcset":"https:\/\/i0.wp.com\/lahoradelcampo.com.uy\/site\/wp-content\/uploads\/2022\/11\/VinosTannat.jpg?fit=880%2C440&ssl=1&resize=350%2C200 1x, https:\/\/i0.wp.com\/lahoradelcampo.com.uy\/site\/wp-content\/uploads\/2022\/11\/VinosTannat.jpg?fit=880%2C440&ssl=1&resize=525%2C300 1.5x, https:\/\/i0.wp.com\/lahoradelcampo.com.uy\/site\/wp-content\/uploads\/2022\/11\/VinosTannat.jpg?fit=880%2C440&ssl=1&resize=700%2C400 2x"},"classes":[]},{"id":54349,"url":"https:\/\/lahoradelcampo.com.uy\/site\/vinos-uruguayos-se-destacaron-en-el-decanter-world-wine-awards-2024\/","url_meta":{"origin":46209,"position":4},"title":"Vinos uruguayos se destacaron en el Decanter World Wine Awards 2024","author":"La Hora del Campo","date":"31 agosto, 2024","format":false,"excerpt":"Los vinos uruguayos brillaron en la edici\u00f3n 2024 de los prestigiosos Decanter World Wine Awards (DWWA), donde varios de ellos fueron galardonados con medallas de plata y bronce. En esta competencia, considerada la m\u00e1s grande del mundo por la cantidad de muestras inscritas, participaron 18.143 vinos de 57 pa\u00edses, evaluados\u2026","rel":"","context":"En \u00abActualidad\u00bb","block_context":{"text":"Actualidad","link":"https:\/\/lahoradelcampo.com.uy\/site\/category\/actualidad\/"},"img":{"alt_text":"","src":"https:\/\/i0.wp.com\/lahoradelcampo.com.uy\/site\/wp-content\/uploads\/2024\/08\/DecanterWines.jpg?fit=880%2C440&ssl=1&resize=350%2C200","width":350,"height":200,"srcset":"https:\/\/i0.wp.com\/lahoradelcampo.com.uy\/site\/wp-content\/uploads\/2024\/08\/DecanterWines.jpg?fit=880%2C440&ssl=1&resize=350%2C200 1x, https:\/\/i0.wp.com\/lahoradelcampo.com.uy\/site\/wp-content\/uploads\/2024\/08\/DecanterWines.jpg?fit=880%2C440&ssl=1&resize=525%2C300 1.5x, https:\/\/i0.wp.com\/lahoradelcampo.com.uy\/site\/wp-content\/uploads\/2024\/08\/DecanterWines.jpg?fit=880%2C440&ssl=1&resize=700%2C400 2x"},"classes":[]},{"id":703,"url":"https:\/\/lahoradelcampo.com.uy\/site\/record-de-bodegas-en-el-tannat-tour-brasil-2017\/","url_meta":{"origin":46209,"position":5},"title":"R\u00e9cord de bodegas en el Tannat Tour Brasil 2017","author":"La Hora del Campo","date":"15 septiembre, 2017","format":false,"excerpt":"Entre el 22 y el 25 de agosto, con una participaci\u00f3n r\u00e9cord de empresas, se realiz\u00f3 en Brasil una de las actividades de promoci\u00f3n de las exportaciones m\u00e1s esperadas por nuestras bodegas.\u00a0Tuvo como sedes a las ciudades de San Pablo, Brasilia y R\u00edo de Janeiro, donde las 29 bodegas participantes\u2026","rel":"","context":"En \u00abGranja\u00bb","block_context":{"text":"Granja","link":"https:\/\/lahoradelcampo.com.uy\/site\/category\/granja\/"},"img":{"alt_text":"","src":"https:\/\/i0.wp.com\/lahoradelcampo.com.uy\/site\/wp-content\/uploads\/2017\/09\/Tourbrasil.jpg?fit=880%2C440&ssl=1&resize=350%2C200","width":350,"height":200,"srcset":"https:\/\/i0.wp.com\/lahoradelcampo.com.uy\/site\/wp-content\/uploads\/2017\/09\/Tourbrasil.jpg?fit=880%2C440&ssl=1&resize=350%2C200 1x, https:\/\/i0.wp.com\/lahoradelcampo.com.uy\/site\/wp-content\/uploads\/2017\/09\/Tourbrasil.jpg?fit=880%2C440&ssl=1&resize=525%2C300 1.5x, https:\/\/i0.wp.com\/lahoradelcampo.com.uy\/site\/wp-content\/uploads\/2017\/09\/Tourbrasil.jpg?fit=880%2C440&ssl=1&resize=700%2C400 2x"},"classes":[]}],"jetpack_likes_enabled":true,"_links":{"self":[{"href":"https:\/\/lahoradelcampo.com.uy\/site\/wp-json\/wp\/v2\/posts\/46209","targetHints":{"allow":["GET"]}}],"collection":[{"href":"https:\/\/lahoradelcampo.com.uy\/site\/wp-json\/wp\/v2\/posts"}],"about":[{"href":"https:\/\/lahoradelcampo.com.uy\/site\/wp-json\/wp\/v2\/types\/post"}],"author":[{"embeddable":true,"href":"https:\/\/lahoradelcampo.com.uy\/site\/wp-json\/wp\/v2\/users\/5"}],"replies":[{"embeddable":true,"href":"https:\/\/lahoradelcampo.com.uy\/site\/wp-json\/wp\/v2\/comments?post=46209"}],"version-history":[{"count":1,"href":"https:\/\/lahoradelcampo.com.uy\/site\/wp-json\/wp\/v2\/posts\/46209\/revisions"}],"predecessor-version":[{"id":46213,"href":"https:\/\/lahoradelcampo.com.uy\/site\/wp-json\/wp\/v2\/posts\/46209\/revisions\/46213"}],"wp:featuredmedia":[{"embeddable":true,"href":"https:\/\/lahoradelcampo.com.uy\/site\/wp-json\/wp\/v2\/media\/46211"}],"wp:attachment":[{"href":"https:\/\/lahoradelcampo.com.uy\/site\/wp-json\/wp\/v2\/media?parent=46209"}],"wp:term":[{"taxonomy":"category","embeddable":true,"href":"https:\/\/lahoradelcampo.com.uy\/site\/wp-json\/wp\/v2\/categories?post=46209"},{"taxonomy":"post_tag","embeddable":true,"href":"https:\/\/lahoradelcampo.com.uy\/site\/wp-json\/wp\/v2\/tags?post=46209"}],"curies":[{"name":"wp","href":"https:\/\/api.w.org\/{rel}","templated":true}]}}