{"id":46203,"date":"2022-10-10T06:51:33","date_gmt":"2022-10-10T09:51:33","guid":{"rendered":"http:\/\/lahoradelcampo.com.uy\/site\/?p=46203"},"modified":"2022-10-10T06:51:37","modified_gmt":"2022-10-10T09:51:37","slug":"apicultores-podran-adquirir-campo-con-linea-de-credito-del-brou","status":"publish","type":"post","link":"https:\/\/lahoradelcampo.com.uy\/site\/apicultores-podran-adquirir-campo-con-linea-de-credito-del-brou\/","title":{"rendered":"Apicultores podr\u00e1n adquirir campo con l\u00ednea de cr\u00e9dito del BROU"},"content":{"rendered":"\n<figure class=\"wp-block-image\"><img data-recalc-dims=\"1\" loading=\"lazy\" decoding=\"async\" width=\"810\" height=\"405\" data-attachment-id=\"22372\" data-permalink=\"https:\/\/lahoradelcampo.com.uy\/site\/chda-busca-incluir-la-apicultura-en-la-curricula-de-la-udelar\/apicolasweb\/\" data-orig-file=\"https:\/\/i0.wp.com\/lahoradelcampo.com.uy\/site\/wp-content\/uploads\/2020\/08\/apicolasweb.jpg?fit=880%2C440&amp;ssl=1\" data-orig-size=\"880,440\" data-comments-opened=\"1\" data-image-meta=\"{&quot;aperture&quot;:&quot;0&quot;,&quot;credit&quot;:&quot;&quot;,&quot;camera&quot;:&quot;&quot;,&quot;caption&quot;:&quot;&quot;,&quot;created_timestamp&quot;:&quot;0&quot;,&quot;copyright&quot;:&quot;&quot;,&quot;focal_length&quot;:&quot;0&quot;,&quot;iso&quot;:&quot;0&quot;,&quot;shutter_speed&quot;:&quot;0&quot;,&quot;title&quot;:&quot;&quot;,&quot;orientation&quot;:&quot;1&quot;}\" data-image-title=\"apicolasweb\" data-image-description=\"\" data-image-caption=\"\" data-large-file=\"https:\/\/i0.wp.com\/lahoradelcampo.com.uy\/site\/wp-content\/uploads\/2020\/08\/apicolasweb.jpg?fit=810%2C405&amp;ssl=1\" src=\"https:\/\/i0.wp.com\/lahoradelcampo.com.uy\/site\/wp-content\/uploads\/2020\/08\/apicolasweb.jpg?resize=810%2C405\" alt=\"\" class=\"wp-image-22372\" srcset=\"https:\/\/i0.wp.com\/lahoradelcampo.com.uy\/site\/wp-content\/uploads\/2020\/08\/apicolasweb.jpg?w=880&amp;ssl=1 880w, https:\/\/i0.wp.com\/lahoradelcampo.com.uy\/site\/wp-content\/uploads\/2020\/08\/apicolasweb.jpg?resize=300%2C150&amp;ssl=1 300w, https:\/\/i0.wp.com\/lahoradelcampo.com.uy\/site\/wp-content\/uploads\/2020\/08\/apicolasweb.jpg?resize=768%2C384&amp;ssl=1 768w, https:\/\/i0.wp.com\/lahoradelcampo.com.uy\/site\/wp-content\/uploads\/2020\/08\/apicolasweb.jpg?resize=820%2C410&amp;ssl=1 820w\" sizes=\"auto, (max-width: 810px) 100vw, 810px\" \/><\/figure>\n\n\n\n<p>El Ministerio de Ganader\u00eda, Agricultura y Pesca (MGAP) a trav\u00e9s de la Direcci\u00f3n General de la Granja (DIGEGRA) firmaron un acuerdo con el Banco Rep\u00fablica y Microfinanzas para habilitar l\u00edneas de cr\u00e9dito destinadas al sector ap\u00edcola. En este sentido una comisi\u00f3n formada por las instituciones mencionadas, a las que se sumaron la Comisi\u00f3n Honoraria de Desarrollo Ap\u00edcola (CHDA) y la Sociedad Ap\u00edcola Uruguaya (SAU), viene trabajando hace m\u00e1s de un a\u00f1o en la elaboraci\u00f3n de estas l\u00edneas de cr\u00e9ditos. <br><\/p>\n\n\n\n<p>De acuerdo a lo informado por el MGAP; el productor podr\u00e1 obtar por tres l\u00edneas que se han puesto a disposici\u00f3n. <br><\/p>\n\n\n\n<p>La primera, a trav\u00e9s de Microfinanzas, el productor considerado peque\u00f1o, hasta 400 colmenas, podr\u00e1 acceder a un capital de giro de hasta 350 mil pesos uruguayos, con tasas de inter\u00e9s cero, subsidiado por el Fondo de la Granja. <br><\/p>\n\n\n\n<p>La segunda opci\u00f3n es para inversiones en extractores, material, etc. La misma se gestiona a trav\u00e9s de Microfinanzas y se puede acceder hasta 600.000 pesos uruguayos, con un inter\u00e9s del 12% en pesos uruguayos. <br><\/p>\n\n\n\n<p>Por \u00faltimo la tercera l\u00ednea, permite acceder a cr\u00e9dito para comprar campo a pagar de 20 a 30 a\u00f1os, a trav\u00e9s del BROU.  El acceso a dicho cr\u00e9dito seria a trav\u00e9s de un fideicomiso, donde el campo ser\u00eda la garant\u00eda. El cr\u00e9dito es en d\u00f3lares y se necesita los comprobantes de BPS al d\u00eda. <br><\/p>\n\n\n\n<p>Para los cr\u00e9ditos otorgados por Microfinanzas, no ser\u00eda necesario la inscripci\u00f3n en el BPS.<br><\/p>\n\n\n\n<p>Para acceder a m\u00e1s informaci\u00f3n, se debe completar una formulario en la p\u00e1gina web del MGAP. Una vez completado el mismo por parte de los interesados, la DIGEGRA revisar\u00e1 la solicitud y enviar\u00e1 a Microfinanzas, quien se comunicar\u00e1 con los productores aprobados.<\/p>\n\n\n\n<p>Salto, lunes 10 de octubre de 2022<\/p>\n","protected":false},"excerpt":{"rendered":"<p>El Ministerio de Ganader\u00eda, Agricultura y Pesca (MGAP) a trav\u00e9s de la Direcci\u00f3n General de la Granja (DIGEGRA) firmaron un acuerdo con el Banco Rep\u00fablica y Microfinanzas para habilitar l\u00edneas [&hellip;]<\/p>\n","protected":false},"author":5,"featured_media":22372,"comment_status":"open","ping_status":"open","sticky":false,"template":"","format":"standard","meta":{"_price":"","_stock":"","_tribe_ticket_header":"","_tribe_default_ticket_provider":"","_tribe_ticket_capacity":"0","_ticket_start_date":"","_ticket_end_date":"","_tribe_ticket_show_description":"","_tribe_ticket_show_not_going":false,"_tribe_ticket_use_global_stock":"","_tribe_ticket_global_stock_level":"","_global_stock_mode":"","_global_stock_cap":"","_tribe_rsvp_for_event":"","_tribe_ticket_going_count":"","_tribe_ticket_not_going_count":"","_tribe_tickets_list":"[]","_tribe_ticket_has_attendee_info_fields":false,"h5ap_radio_sources":[],"_jetpack_newsletter_access":"","_jetpack_dont_email_post_to_subs":false,"_jetpack_newsletter_tier_id":0,"_jetpack_memberships_contains_paywalled_content":false,"_jetpack_memberships_contains_paid_content":false,"footnotes":""},"categories":[21,9],"tags":[],"class_list":["post-46203","post","type-post","status-publish","format-standard","has-post-thumbnail","hentry","category-actualidad","category-granja"],"jetpack_featured_media_url":"https:\/\/i0.wp.com\/lahoradelcampo.com.uy\/site\/wp-content\/uploads\/2020\/08\/apicolasweb.jpg?fit=880%2C440&ssl=1","jetpack_sharing_enabled":true,"jetpack_shortlink":"https:\/\/wp.me\/p99IaT-c1d","jetpack-related-posts":[{"id":50280,"url":"https:\/\/lahoradelcampo.com.uy\/site\/apicultores-accederan-a-credito-de-hasta-300-dolares-por-tanque-de-miel\/","url_meta":{"origin":46203,"position":0},"title":"Apicultores acceder\u00e1n a cr\u00e9dito de hasta 300 d\u00f3lares por tanque de miel","author":"La Hora del Campo","date":"8 mayo, 2023","format":false,"excerpt":"La Sociedad Ap\u00edcola Uruguaya (SAU) ha gestionado una l\u00ednea de cr\u00e9dito especial dirigida a los apicultores que a\u00fan no han podido vender su miel y que necesiten fondos para realizar curas, alimentaci\u00f3n, entre otras cosas. La Comisi\u00f3n Directiva realiz\u00f3 las gestiones ante autoridades del Banco Rep\u00fablica (BROU) y la Direcci\u00f3n\u2026","rel":"","context":"En \u00abActualidad\u00bb","block_context":{"text":"Actualidad","link":"https:\/\/lahoradelcampo.com.uy\/site\/category\/actualidad\/"},"img":{"alt_text":"","src":"https:\/\/i0.wp.com\/lahoradelcampo.com.uy\/site\/wp-content\/uploads\/2023\/01\/apicola1.jpg?fit=880%2C440&ssl=1&resize=350%2C200","width":350,"height":200,"srcset":"https:\/\/i0.wp.com\/lahoradelcampo.com.uy\/site\/wp-content\/uploads\/2023\/01\/apicola1.jpg?fit=880%2C440&ssl=1&resize=350%2C200 1x, https:\/\/i0.wp.com\/lahoradelcampo.com.uy\/site\/wp-content\/uploads\/2023\/01\/apicola1.jpg?fit=880%2C440&ssl=1&resize=525%2C300 1.5x, https:\/\/i0.wp.com\/lahoradelcampo.com.uy\/site\/wp-content\/uploads\/2023\/01\/apicola1.jpg?fit=880%2C440&ssl=1&resize=700%2C400 2x"},"classes":[]},{"id":1843,"url":"https:\/\/lahoradelcampo.com.uy\/site\/mgap-mortandad-de-abejas-correspondio-a-la-aplicacion-de-fipronil\/","url_meta":{"origin":46203,"position":1},"title":"MGAP: Mortandad de abejas correspondi\u00f3 a la aplicaci\u00f3n de Fipronil","author":"La Hora del Campo","date":"28 septiembre, 2017","format":false,"excerpt":"Este mi\u00e9rcoles 27 de setiembre, el Ministerio de Ganader\u00eda, Agricultura y Pesca present\u00f3 en conferencia de prensa, los resultados del an\u00e1lisis t\u00e9cnico a las muestras de abejas y brotes de citricultura, con respecto a la mortandad de abejas ocurrido en la zona. El Ing. Federico Montes, Director General de los\u2026","rel":"","context":"En \u00abActualidad\u00bb","block_context":{"text":"Actualidad","link":"https:\/\/lahoradelcampo.com.uy\/site\/category\/actualidad\/"},"img":{"alt_text":"","src":"https:\/\/i0.wp.com\/lahoradelcampo.com.uy\/site\/wp-content\/uploads\/2017\/09\/Federico-Montes-1.jpg?fit=880%2C440&ssl=1&resize=350%2C200","width":350,"height":200,"srcset":"https:\/\/i0.wp.com\/lahoradelcampo.com.uy\/site\/wp-content\/uploads\/2017\/09\/Federico-Montes-1.jpg?fit=880%2C440&ssl=1&resize=350%2C200 1x, https:\/\/i0.wp.com\/lahoradelcampo.com.uy\/site\/wp-content\/uploads\/2017\/09\/Federico-Montes-1.jpg?fit=880%2C440&ssl=1&resize=525%2C300 1.5x, https:\/\/i0.wp.com\/lahoradelcampo.com.uy\/site\/wp-content\/uploads\/2017\/09\/Federico-Montes-1.jpg?fit=880%2C440&ssl=1&resize=700%2C400 2x"},"classes":[]},{"id":48291,"url":"https:\/\/lahoradelcampo.com.uy\/site\/mgap-trabaja-en-la-habilitacion-de-creditos-para-el-sector-apicola\/","url_meta":{"origin":46203,"position":2},"title":"MGAP trabaja en la habilitaci\u00f3n de cr\u00e9ditos para el sector ap\u00edcola","author":"La Hora del Campo","date":"23 enero, 2023","format":false,"excerpt":"El Ministerio de Ganader\u00eda, Agricultura y Pesca, actualiz\u00f3 la declaraci\u00f3n de emergencia agropecuaria en el pa\u00eds, extendi\u00e9ndola por 90 d\u00edas m\u00e1s y al mismo tiempo incluy\u00f3 otros rubros como la apicultura, la avicultura y la forestaci\u00f3n. Tanto en el caso de la avicultura como de la apicultura, el Ing. Nicolas\u2026","rel":"","context":"En \u00abActualidad\u00bb","block_context":{"text":"Actualidad","link":"https:\/\/lahoradelcampo.com.uy\/site\/category\/actualidad\/"},"img":{"alt_text":"","src":"https:\/\/i0.wp.com\/lahoradelcampo.com.uy\/site\/wp-content\/uploads\/2023\/01\/apicola1.jpg?fit=880%2C440&ssl=1&resize=350%2C200","width":350,"height":200,"srcset":"https:\/\/i0.wp.com\/lahoradelcampo.com.uy\/site\/wp-content\/uploads\/2023\/01\/apicola1.jpg?fit=880%2C440&ssl=1&resize=350%2C200 1x, https:\/\/i0.wp.com\/lahoradelcampo.com.uy\/site\/wp-content\/uploads\/2023\/01\/apicola1.jpg?fit=880%2C440&ssl=1&resize=525%2C300 1.5x, https:\/\/i0.wp.com\/lahoradelcampo.com.uy\/site\/wp-content\/uploads\/2023\/01\/apicola1.jpg?fit=880%2C440&ssl=1&resize=700%2C400 2x"},"classes":[]},{"id":6049,"url":"https:\/\/lahoradelcampo.com.uy\/site\/miel-produccion-no-supero-8-kilos-por-colmena-en-enero\/","url_meta":{"origin":46203,"position":3},"title":"Miel: Producci\u00f3n no supero 8 kilos por colmena en enero","author":"La Hora del Campo","date":"6 marzo, 2018","format":false,"excerpt":"Con una zafra ap\u00edcola que viene llegando a su fin en este mes de marzo seg\u00fan la Comisi\u00f3n Honoraria de Desarrollo Ap\u00edcola, la producci\u00f3n de miel atraviesa una situaci\u00f3n cr\u00edtica desde el punto de vista clim\u00e1tico, as\u00ed como tambi\u00e9n del econ\u00f3mico, que pone en jaque la continuidad de un importante\u2026","rel":"","context":"En \u00abActualidad\u00bb","block_context":{"text":"Actualidad","link":"https:\/\/lahoradelcampo.com.uy\/site\/category\/actualidad\/"},"img":{"alt_text":"","src":"https:\/\/i0.wp.com\/lahoradelcampo.com.uy\/site\/wp-content\/uploads\/2018\/03\/web-colmenas.jpg?fit=880%2C440&ssl=1&resize=350%2C200","width":350,"height":200,"srcset":"https:\/\/i0.wp.com\/lahoradelcampo.com.uy\/site\/wp-content\/uploads\/2018\/03\/web-colmenas.jpg?fit=880%2C440&ssl=1&resize=350%2C200 1x, https:\/\/i0.wp.com\/lahoradelcampo.com.uy\/site\/wp-content\/uploads\/2018\/03\/web-colmenas.jpg?fit=880%2C440&ssl=1&resize=525%2C300 1.5x, https:\/\/i0.wp.com\/lahoradelcampo.com.uy\/site\/wp-content\/uploads\/2018\/03\/web-colmenas.jpg?fit=880%2C440&ssl=1&resize=700%2C400 2x"},"classes":[]},{"id":38529,"url":"https:\/\/lahoradelcampo.com.uy\/site\/chiesa-600-colmenas-fueron-afectadas-por-los-incendios\/","url_meta":{"origin":46203,"position":4},"title":"Chiesa: \u00ab600 colmenas fueron afectadas por los incendios\u00bb","author":"La Hora del Campo","date":"24 enero, 2022","format":false,"excerpt":"Durante las \u00faltimas semanas se mantuvieron distintas reuniones entre la Direcci\u00f3n General de la Granja (Digegra), la Comisi\u00f3n Honoraria de Desarrollo Ap\u00edcola, empresas forestales y productores para realizar un relevamiento y tener con una mayor exactitud el impacto que dej\u00f3 en el sector ap\u00edcola los incendios ocurridos sobre finales de\u2026","rel":"","context":"En \u00abActualidad\u00bb","block_context":{"text":"Actualidad","link":"https:\/\/lahoradelcampo.com.uy\/site\/category\/actualidad\/"},"img":{"alt_text":"","src":"https:\/\/i0.wp.com\/lahoradelcampo.com.uy\/site\/wp-content\/uploads\/2022\/01\/Colmenasquemadas.jpg?fit=880%2C440&ssl=1&resize=350%2C200","width":350,"height":200,"srcset":"https:\/\/i0.wp.com\/lahoradelcampo.com.uy\/site\/wp-content\/uploads\/2022\/01\/Colmenasquemadas.jpg?fit=880%2C440&ssl=1&resize=350%2C200 1x, https:\/\/i0.wp.com\/lahoradelcampo.com.uy\/site\/wp-content\/uploads\/2022\/01\/Colmenasquemadas.jpg?fit=880%2C440&ssl=1&resize=525%2C300 1.5x, https:\/\/i0.wp.com\/lahoradelcampo.com.uy\/site\/wp-content\/uploads\/2022\/01\/Colmenasquemadas.jpg?fit=880%2C440&ssl=1&resize=700%2C400 2x"},"classes":[]},{"id":52885,"url":"https:\/\/lahoradelcampo.com.uy\/site\/lacalle-pour-expreso-su-apoyo-al-sector-apicola-en-la-inauguracion-de-la-zafra\/","url_meta":{"origin":46203,"position":5},"title":"Lacalle Pour expres\u00f3 su apoyo al sector ap\u00edcola en la inauguraci\u00f3n de la zafra","author":"La Hora del Campo","date":"24 octubre, 2023","format":false,"excerpt":"Las autoridades nacionales se reunieron en la sede de la Cooperativa Agraria de Young, en R\u00edo Negro, para marcar el comienzo de la zafra de miel 2023, un evento que cont\u00f3 con la presencia del ministro de Ganader\u00eda, Agricultura y Pesca, Fernando Mattos, y el presidente de la Rep\u00fablica, Dr.\u2026","rel":"","context":"En \u00abActualidad\u00bb","block_context":{"text":"Actualidad","link":"https:\/\/lahoradelcampo.com.uy\/site\/category\/actualidad\/"},"img":{"alt_text":"","src":"https:\/\/i0.wp.com\/lahoradelcampo.com.uy\/site\/wp-content\/uploads\/2023\/10\/zafrademiel.jpg?fit=880%2C440&ssl=1&resize=350%2C200","width":350,"height":200,"srcset":"https:\/\/i0.wp.com\/lahoradelcampo.com.uy\/site\/wp-content\/uploads\/2023\/10\/zafrademiel.jpg?fit=880%2C440&ssl=1&resize=350%2C200 1x, https:\/\/i0.wp.com\/lahoradelcampo.com.uy\/site\/wp-content\/uploads\/2023\/10\/zafrademiel.jpg?fit=880%2C440&ssl=1&resize=525%2C300 1.5x, https:\/\/i0.wp.com\/lahoradelcampo.com.uy\/site\/wp-content\/uploads\/2023\/10\/zafrademiel.jpg?fit=880%2C440&ssl=1&resize=700%2C400 2x"},"classes":[]}],"jetpack_likes_enabled":true,"_links":{"self":[{"href":"https:\/\/lahoradelcampo.com.uy\/site\/wp-json\/wp\/v2\/posts\/46203","targetHints":{"allow":["GET"]}}],"collection":[{"href":"https:\/\/lahoradelcampo.com.uy\/site\/wp-json\/wp\/v2\/posts"}],"about":[{"href":"https:\/\/lahoradelcampo.com.uy\/site\/wp-json\/wp\/v2\/types\/post"}],"author":[{"embeddable":true,"href":"https:\/\/lahoradelcampo.com.uy\/site\/wp-json\/wp\/v2\/users\/5"}],"replies":[{"embeddable":true,"href":"https:\/\/lahoradelcampo.com.uy\/site\/wp-json\/wp\/v2\/comments?post=46203"}],"version-history":[{"count":1,"href":"https:\/\/lahoradelcampo.com.uy\/site\/wp-json\/wp\/v2\/posts\/46203\/revisions"}],"predecessor-version":[{"id":46205,"href":"https:\/\/lahoradelcampo.com.uy\/site\/wp-json\/wp\/v2\/posts\/46203\/revisions\/46205"}],"wp:featuredmedia":[{"embeddable":true,"href":"https:\/\/lahoradelcampo.com.uy\/site\/wp-json\/wp\/v2\/media\/22372"}],"wp:attachment":[{"href":"https:\/\/lahoradelcampo.com.uy\/site\/wp-json\/wp\/v2\/media?parent=46203"}],"wp:term":[{"taxonomy":"category","embeddable":true,"href":"https:\/\/lahoradelcampo.com.uy\/site\/wp-json\/wp\/v2\/categories?post=46203"},{"taxonomy":"post_tag","embeddable":true,"href":"https:\/\/lahoradelcampo.com.uy\/site\/wp-json\/wp\/v2\/tags?post=46203"}],"curies":[{"name":"wp","href":"https:\/\/api.w.org\/{rel}","templated":true}]}}