{"id":46199,"date":"2022-10-10T06:42:32","date_gmt":"2022-10-10T09:42:32","guid":{"rendered":"http:\/\/lahoradelcampo.com.uy\/site\/?p=46199"},"modified":"2022-10-10T06:42:36","modified_gmt":"2022-10-10T09:42:36","slug":"la-baja-en-el-ganado-creo-que-no-se-justifica-por-una-menor-demanda-de-china","status":"publish","type":"post","link":"https:\/\/lahoradelcampo.com.uy\/site\/la-baja-en-el-ganado-creo-que-no-se-justifica-por-una-menor-demanda-de-china\/","title":{"rendered":"La baja en el ganado \u00abcreo que no\u00bb se justifica por una menor demanda de China"},"content":{"rendered":"\n<figure class=\"wp-block-image\"><img data-recalc-dims=\"1\" loading=\"lazy\" decoding=\"async\" width=\"810\" height=\"405\" data-attachment-id=\"16264\" data-permalink=\"https:\/\/lahoradelcampo.com.uy\/site\/me-gustaria-analizar-cuanto-agrega-de-valor-la-intermediacion\/mesa\/\" data-orig-file=\"https:\/\/i0.wp.com\/lahoradelcampo.com.uy\/site\/wp-content\/uploads\/2019\/12\/Mesa.jpg?fit=880%2C440&amp;ssl=1\" data-orig-size=\"880,440\" data-comments-opened=\"1\" data-image-meta=\"{&quot;aperture&quot;:&quot;0&quot;,&quot;credit&quot;:&quot;&quot;,&quot;camera&quot;:&quot;&quot;,&quot;caption&quot;:&quot;&quot;,&quot;created_timestamp&quot;:&quot;0&quot;,&quot;copyright&quot;:&quot;&quot;,&quot;focal_length&quot;:&quot;0&quot;,&quot;iso&quot;:&quot;0&quot;,&quot;shutter_speed&quot;:&quot;0&quot;,&quot;title&quot;:&quot;&quot;,&quot;orientation&quot;:&quot;1&quot;}\" data-image-title=\"Mesa\" data-image-description=\"\" data-image-caption=\"\" data-large-file=\"https:\/\/i0.wp.com\/lahoradelcampo.com.uy\/site\/wp-content\/uploads\/2019\/12\/Mesa.jpg?fit=810%2C405&amp;ssl=1\" src=\"https:\/\/i0.wp.com\/lahoradelcampo.com.uy\/site\/wp-content\/uploads\/2019\/12\/Mesa.jpg?resize=810%2C405\" alt=\"\" class=\"wp-image-16264\" srcset=\"https:\/\/i0.wp.com\/lahoradelcampo.com.uy\/site\/wp-content\/uploads\/2019\/12\/Mesa.jpg?w=880&amp;ssl=1 880w, https:\/\/i0.wp.com\/lahoradelcampo.com.uy\/site\/wp-content\/uploads\/2019\/12\/Mesa.jpg?resize=300%2C150&amp;ssl=1 300w, https:\/\/i0.wp.com\/lahoradelcampo.com.uy\/site\/wp-content\/uploads\/2019\/12\/Mesa.jpg?resize=768%2C384&amp;ssl=1 768w, https:\/\/i0.wp.com\/lahoradelcampo.com.uy\/site\/wp-content\/uploads\/2019\/12\/Mesa.jpg?resize=820%2C410&amp;ssl=1 820w\" sizes=\"auto, (max-width: 810px) 100vw, 810px\" \/><\/figure>\n\n\n\n<p>Para el Ing. Jos\u00e9 Mesa, representante de la Comisi\u00f3n Nacional de Fomento Rural (CNFR) en la junta directiva del Instituto Nacional de Carnes, la ca\u00edda en los valores no se justifica por una menor demanda desde China, seg\u00fan lo coment\u00f3 en una entrevista realizada por la Asociaci\u00f3n de Consignatarios de Ganados (ACG) en su p\u00e1gina web. <br><\/p>\n\n\n\n<p>Al ser consultado sobre si se justifica la baja de los precios de  la hacienda con destino a la industria, por una menor demanda desde China, que el principal cliente para nuestras carnes, el representante de los productores por CNFR dijo \u00abCreo que no. Esto es oferta y demanda, y es mercado libre\u00bb. <br><\/p>\n\n\n\n<p>En este sentido explic\u00f3 que \u00abla demanda se retira un poco y la oferta se pone un poco m\u00e1s nerviosa, por eso ocurren estas situaciones\u00bb. <br><\/p>\n\n\n\n<p>Mesa dijo que si a los productores no les conforma el precio que se ofrece por la demanda, \u00abpuede optar por no vender\u00bb, pero aclar\u00f3 que \u00aben un sistema productivo, donde las cosas est\u00e1n concatenadas unas con otras, uno no define el momento de venta, cuando el ganado est\u00e1 pronto uno tiene que venderlo\u00bb. <br><\/p>\n\n\n\n<p>El integrante de la junta de INAC, entiende que \u00abes muy dif\u00edcil apuntar al mejor precio\u00bb por lo que prefiere \u00abapuntar a un buen promedio\u00bb. Por lo que sostuvo que \u00abhay gente que ha vendido ganado a mejores precios, pero es dif\u00edcil apuntar siempre a la punta de arriba, lo que hay que evitar es estar en el piso de precios\u00bb. <br><\/p>\n\n\n\n<p>Para Mesa este juego de oferta y demanda \u00abha existido siempre\u00bb, sin embargo dijo que \u00abhay movimientos mucho m\u00e1s fuertes en el mundo, que se han copiado ac\u00e1. Hubo shocks enormes en la demanda y en la oferta de carne. Y tenemos que acostumbrarnos a estas movidas, tanto hacia arriba como hacia abajo\u00bb. <br><\/p>\n\n\n\n<p>A pesar de esas \u00abmovidas\u00bb que tiene el mercado de la carne, Mesa indic\u00f3 que \u00ablas variaciones de precios que se han dado en China no est\u00e1n de acuerdo con la baja de precios que tuvimos a nivel local\u00bb. <br><\/p>\n\n\n\n<p>Explic\u00f3 que a pesar de existir situaciones \u00abpuntuales de menor demanda\u00bb en el gigante asi\u00e1tico, existen otras variables que est\u00e1n incidiendo en el mercado. En este sentido marc\u00f3 \u00abla pol\u00edtica de covid cero en China, que paraliza a las ciudades y es bastante dif\u00edcil para el importador planificar las compras\u00bb. <br><\/p>\n\n\n\n<p>Ante esta situaci\u00f3n hay restaurantes que \u00abquedan con carne comprada, porque se cerraron las ciudades\u00bb, por lo que entiende que la situaci\u00f3n de China es \u00abcomplicada de manejar\u00bb. <br><\/p>\n\n\n\n<p>A la par de la situaci\u00f3n con China, Mesa indic\u00f3 que a nivel regional, donde Brasil que es un fuerte competidor de las carnes uruguayas, \u00abest\u00e1 con m\u00e1s carne, con precios bastante m\u00e1s baratos, lo que seguramente tendr\u00eda incidencias en el precio de venta de Uruguay\u00bb. <br><\/p>\n\n\n\n<p>Adem\u00e1s record\u00f3 que la dependencia de las exportaciones que tiene nuestro pa\u00eds, frente a competidores que exportan sus excedentes a menores precios, lo que es un diferencial trascendente en este momento. <br><\/p>\n\n\n\n<p>Jos\u00e9 Mesa tambi\u00e9n hizo hincapi\u00e9 en la situaci\u00f3n clim\u00e1tica y su impacto en el mercado de haciendas. \u00abTodo est\u00e1 en juego. En la regi\u00f3n donde trabajo (este de Uruguay) vimos que las pasturas que se instalaron temprano tuvieron un buen empuje hasta agosto. Los verdeos m\u00e1s tard\u00edos no tuvieron buena implantaci\u00f3n y desarrollo. Hoy la situaci\u00f3n no refleja lo que es la primavera, por efectos clim\u00e1ticos anteriores, y por la primavera actual\u00bb. <br><\/p>\n\n\n\n<p>Ante en d\u00e9ficit de precipitaciones en varias zonas del pa\u00eds, \u00abaunque no estamos en una situaci\u00f3n de sequ\u00eda\u00bb, para el productor \u00abpuede generar alguna distorsi\u00f3n en los esquemas productivos de algunos predios\u00bb y por ende en el mercado de haciendas, dependiendo de la necesidad de aliviar campos.  <\/p>\n\n\n\n<p>Salto, lunes 10 de octubre de 2022<\/p>\n","protected":false},"excerpt":{"rendered":"<p>Para el Ing. Jos\u00e9 Mesa, representante de la Comisi\u00f3n Nacional de Fomento Rural (CNFR) en la junta directiva del Instituto Nacional de Carnes, la ca\u00edda en los valores no se [&hellip;]<\/p>\n","protected":false},"author":5,"featured_media":16264,"comment_status":"open","ping_status":"open","sticky":false,"template":"","format":"standard","meta":{"_price":"","_stock":"","_tribe_ticket_header":"","_tribe_default_ticket_provider":"","_tribe_ticket_capacity":"0","_ticket_start_date":"","_ticket_end_date":"","_tribe_ticket_show_description":"","_tribe_ticket_show_not_going":false,"_tribe_ticket_use_global_stock":"","_tribe_ticket_global_stock_level":"","_global_stock_mode":"","_global_stock_cap":"","_tribe_rsvp_for_event":"","_tribe_ticket_going_count":"","_tribe_ticket_not_going_count":"","_tribe_tickets_list":"[]","_tribe_ticket_has_attendee_info_fields":false,"h5ap_radio_sources":[],"_jetpack_newsletter_access":"","_jetpack_dont_email_post_to_subs":false,"_jetpack_newsletter_tier_id":0,"_jetpack_memberships_contains_paywalled_content":false,"_jetpack_memberships_contains_paid_content":false,"footnotes":""},"categories":[21,5],"tags":[],"class_list":["post-46199","post","type-post","status-publish","format-standard","has-post-thumbnail","hentry","category-actualidad","category-ganaderia"],"jetpack_featured_media_url":"https:\/\/i0.wp.com\/lahoradelcampo.com.uy\/site\/wp-content\/uploads\/2019\/12\/Mesa.jpg?fit=880%2C440&ssl=1","jetpack_sharing_enabled":true,"jetpack_shortlink":"https:\/\/wp.me\/p99IaT-c19","jetpack-related-posts":[{"id":16262,"url":"https:\/\/lahoradelcampo.com.uy\/site\/me-gustaria-analizar-cuanto-agrega-de-valor-la-intermediacion\/","url_meta":{"origin":46199,"position":0},"title":"\u00abMe gustar\u00eda analizar cuanto agrega de valor la intermediaci\u00f3n\u00bb","author":"La Hora del Campo","date":"5 diciembre, 2019","format":false,"excerpt":"La demanda de China por carne vacuna ha crecido en los \u00faltimos meses, debido principalmente al impacto de la Peste Porcina Africana, que ha diezmado el rodeo porcino chino. Recordemos que esta enfermedad actualmente no tiene una vacuna y que una vez saneado el predio, se debe esperar un a\u00f1o\u2026","rel":"","context":"En \u00abActualidad\u00bb","block_context":{"text":"Actualidad","link":"https:\/\/lahoradelcampo.com.uy\/site\/category\/actualidad\/"},"img":{"alt_text":"","src":"https:\/\/i0.wp.com\/lahoradelcampo.com.uy\/site\/wp-content\/uploads\/2019\/12\/Mesa.jpg?fit=880%2C440&ssl=1&resize=350%2C200","width":350,"height":200,"srcset":"https:\/\/i0.wp.com\/lahoradelcampo.com.uy\/site\/wp-content\/uploads\/2019\/12\/Mesa.jpg?fit=880%2C440&ssl=1&resize=350%2C200 1x, https:\/\/i0.wp.com\/lahoradelcampo.com.uy\/site\/wp-content\/uploads\/2019\/12\/Mesa.jpg?fit=880%2C440&ssl=1&resize=525%2C300 1.5x, https:\/\/i0.wp.com\/lahoradelcampo.com.uy\/site\/wp-content\/uploads\/2019\/12\/Mesa.jpg?fit=880%2C440&ssl=1&resize=700%2C400 2x"},"classes":[]},{"id":47919,"url":"https:\/\/lahoradelcampo.com.uy\/site\/si-el-clima-acompana-y-la-demanda-no-exige-los-precios-se-estabilizaran\/","url_meta":{"origin":46199,"position":1},"title":"\u00abSi el clima acompa\u00f1a y la demanda no exige, los precios se estabilizaran\u00bb","author":"La Hora del Campo","date":"5 enero, 2023","format":false,"excerpt":"Al cierre del a\u00f1o 2022, la Asociaci\u00f3n de Consignatarios de Ganados del Uruguay (ACG) realiz\u00f3 su asamblea anual y eligi\u00f3 la nueva directiva de la gremial, que en esta oportunidad estar\u00e1 encabezada por Joaqu\u00edn Falc\u00f3n, consignatario y rematador de la firma Romualdo & C\u00eda. El joven presidente de la gremial\u2026","rel":"","context":"En \u00abActualidad\u00bb","block_context":{"text":"Actualidad","link":"https:\/\/lahoradelcampo.com.uy\/site\/category\/actualidad\/"},"img":{"alt_text":"","src":"https:\/\/i0.wp.com\/lahoradelcampo.com.uy\/site\/wp-content\/uploads\/2023\/01\/JoaquinFalcon-1.jpg?fit=880%2C440&ssl=1&resize=350%2C200","width":350,"height":200,"srcset":"https:\/\/i0.wp.com\/lahoradelcampo.com.uy\/site\/wp-content\/uploads\/2023\/01\/JoaquinFalcon-1.jpg?fit=880%2C440&ssl=1&resize=350%2C200 1x, https:\/\/i0.wp.com\/lahoradelcampo.com.uy\/site\/wp-content\/uploads\/2023\/01\/JoaquinFalcon-1.jpg?fit=880%2C440&ssl=1&resize=525%2C300 1.5x, https:\/\/i0.wp.com\/lahoradelcampo.com.uy\/site\/wp-content\/uploads\/2023\/01\/JoaquinFalcon-1.jpg?fit=880%2C440&ssl=1&resize=700%2C400 2x"},"classes":[]},{"id":16840,"url":"https:\/\/lahoradelcampo.com.uy\/site\/el-mercado-de-haciendas-gorda-entre-baja-demanda-y-escasa-oferta\/","url_meta":{"origin":46199,"position":2},"title":"El mercado de haciendas gorda entre baja demanda y escasa oferta","author":"La Hora del Campo","date":"13 enero, 2020","format":false,"excerpt":"Con una importante disparidad entre las plantas frigor\u00edficas en cuenta a los precios y entradas a planta y la baja de los valores tanto para la vaca como para el novillo, el mercado se encuentra retra\u00eddo y sin una fluidez de negocios que permita manejar referencias de precios precisas esta\u2026","rel":"","context":"En \u00abActualidad\u00bb","block_context":{"text":"Actualidad","link":"https:\/\/lahoradelcampo.com.uy\/site\/category\/actualidad\/"},"img":{"alt_text":"","src":"https:\/\/i0.wp.com\/lahoradelcampo.com.uy\/site\/wp-content\/uploads\/2018\/01\/vacunos.jpg?fit=880%2C440&ssl=1&resize=350%2C200","width":350,"height":200,"srcset":"https:\/\/i0.wp.com\/lahoradelcampo.com.uy\/site\/wp-content\/uploads\/2018\/01\/vacunos.jpg?fit=880%2C440&ssl=1&resize=350%2C200 1x, https:\/\/i0.wp.com\/lahoradelcampo.com.uy\/site\/wp-content\/uploads\/2018\/01\/vacunos.jpg?fit=880%2C440&ssl=1&resize=525%2C300 1.5x, https:\/\/i0.wp.com\/lahoradelcampo.com.uy\/site\/wp-content\/uploads\/2018\/01\/vacunos.jpg?fit=880%2C440&ssl=1&resize=700%2C400 2x"},"classes":[]},{"id":15808,"url":"https:\/\/lahoradelcampo.com.uy\/site\/china-el-mercado-donde-todos-apuntan-y-uruguay-coloca-mejor-sus-carnes\/","url_meta":{"origin":46199,"position":3},"title":"China: el mercado donde todos apuntan y Uruguay coloca mejor sus carnes","author":"La Hora del Campo","date":"13 noviembre, 2019","format":false,"excerpt":"El gigante asi\u00e1tico es el principal demandante de carne vacuna en la actualidad y eso ha dejado de ser novedad, tambi\u00e9n es el destino hacia donde apuntan los principales exportadores y eso tampoco es noticia, sin embargo en un mercado tan demandante y con tanta competencia Uruguay logra colocar sus\u2026","rel":"","context":"En \u00abActualidad\u00bb","block_context":{"text":"Actualidad","link":"https:\/\/lahoradelcampo.com.uy\/site\/category\/actualidad\/"},"img":{"alt_text":"","src":"https:\/\/i0.wp.com\/lahoradelcampo.com.uy\/site\/wp-content\/uploads\/2019\/11\/Tardaguila.jpg?fit=880%2C440&ssl=1&resize=350%2C200","width":350,"height":200,"srcset":"https:\/\/i0.wp.com\/lahoradelcampo.com.uy\/site\/wp-content\/uploads\/2019\/11\/Tardaguila.jpg?fit=880%2C440&ssl=1&resize=350%2C200 1x, https:\/\/i0.wp.com\/lahoradelcampo.com.uy\/site\/wp-content\/uploads\/2019\/11\/Tardaguila.jpg?fit=880%2C440&ssl=1&resize=525%2C300 1.5x, https:\/\/i0.wp.com\/lahoradelcampo.com.uy\/site\/wp-content\/uploads\/2019\/11\/Tardaguila.jpg?fit=880%2C440&ssl=1&resize=700%2C400 2x"},"classes":[]},{"id":24110,"url":"https:\/\/lahoradelcampo.com.uy\/site\/la-demanda-presiona-los-valores-a-la-baja-ante-una-mayor-oferta-del-gordo\/","url_meta":{"origin":46199,"position":4},"title":"La demanda presiona  los valores a la baja ante una mayor oferta del gordo","author":"La Hora del Campo","date":"29 septiembre, 2020","format":false,"excerpt":"Durante la \u00faltima semana la faena vacuna en el pa\u00eds se acerc\u00f3 a las 36.896 cabezas, un 6% m\u00e1s que en la semana anterior, pero en lo que va del 2020 se mantiene un 18% por debajo del a\u00f1o pasado. En la composici\u00f3n de la misma se observ\u00f3 un incremento\u2026","rel":"","context":"En \u00abActualidad\u00bb","block_context":{"text":"Actualidad","link":"https:\/\/lahoradelcampo.com.uy\/site\/category\/actualidad\/"},"img":{"alt_text":"","src":"https:\/\/i0.wp.com\/lahoradelcampo.com.uy\/site\/wp-content\/uploads\/2020\/08\/Novillossorgo.jpg?fit=880%2C440&ssl=1&resize=350%2C200","width":350,"height":200,"srcset":"https:\/\/i0.wp.com\/lahoradelcampo.com.uy\/site\/wp-content\/uploads\/2020\/08\/Novillossorgo.jpg?fit=880%2C440&ssl=1&resize=350%2C200 1x, https:\/\/i0.wp.com\/lahoradelcampo.com.uy\/site\/wp-content\/uploads\/2020\/08\/Novillossorgo.jpg?fit=880%2C440&ssl=1&resize=525%2C300 1.5x, https:\/\/i0.wp.com\/lahoradelcampo.com.uy\/site\/wp-content\/uploads\/2020\/08\/Novillossorgo.jpg?fit=880%2C440&ssl=1&resize=700%2C400 2x"},"classes":[]},{"id":56521,"url":"https:\/\/lahoradelcampo.com.uy\/site\/el-mercado-se-redefine-ante-una-menor-oferta-de-lanas-gruesas\/","url_meta":{"origin":46199,"position":5},"title":"El mercado se redefine ante una menor oferta de lanas gruesas","author":"La Hora del Campo","date":"8 agosto, 2025","format":false,"excerpt":"Con el mercado internacional en receso hasta la semana del 18 de agosto, cuando se retoman las operaciones en Australia, el sector lanero uruguayo transita una zafra marcada por una transformaci\u00f3n estructural en la oferta. Seg\u00fan explic\u00f3 Guzm\u00e1n Silva, integrante de la industria topista Tops Fray Marcos, se observa una\u2026","rel":"","context":"En \u00abActualidad\u00bb","block_context":{"text":"Actualidad","link":"https:\/\/lahoradelcampo.com.uy\/site\/category\/actualidad\/"},"img":{"alt_text":"","src":"https:\/\/i0.wp.com\/lahoradelcampo.com.uy\/site\/wp-content\/uploads\/2017\/10\/Lanas-1.jpg?fit=880%2C440&ssl=1&resize=350%2C200","width":350,"height":200,"srcset":"https:\/\/i0.wp.com\/lahoradelcampo.com.uy\/site\/wp-content\/uploads\/2017\/10\/Lanas-1.jpg?fit=880%2C440&ssl=1&resize=350%2C200 1x, https:\/\/i0.wp.com\/lahoradelcampo.com.uy\/site\/wp-content\/uploads\/2017\/10\/Lanas-1.jpg?fit=880%2C440&ssl=1&resize=525%2C300 1.5x, https:\/\/i0.wp.com\/lahoradelcampo.com.uy\/site\/wp-content\/uploads\/2017\/10\/Lanas-1.jpg?fit=880%2C440&ssl=1&resize=700%2C400 2x"},"classes":[]}],"jetpack_likes_enabled":true,"_links":{"self":[{"href":"https:\/\/lahoradelcampo.com.uy\/site\/wp-json\/wp\/v2\/posts\/46199","targetHints":{"allow":["GET"]}}],"collection":[{"href":"https:\/\/lahoradelcampo.com.uy\/site\/wp-json\/wp\/v2\/posts"}],"about":[{"href":"https:\/\/lahoradelcampo.com.uy\/site\/wp-json\/wp\/v2\/types\/post"}],"author":[{"embeddable":true,"href":"https:\/\/lahoradelcampo.com.uy\/site\/wp-json\/wp\/v2\/users\/5"}],"replies":[{"embeddable":true,"href":"https:\/\/lahoradelcampo.com.uy\/site\/wp-json\/wp\/v2\/comments?post=46199"}],"version-history":[{"count":1,"href":"https:\/\/lahoradelcampo.com.uy\/site\/wp-json\/wp\/v2\/posts\/46199\/revisions"}],"predecessor-version":[{"id":46201,"href":"https:\/\/lahoradelcampo.com.uy\/site\/wp-json\/wp\/v2\/posts\/46199\/revisions\/46201"}],"wp:featuredmedia":[{"embeddable":true,"href":"https:\/\/lahoradelcampo.com.uy\/site\/wp-json\/wp\/v2\/media\/16264"}],"wp:attachment":[{"href":"https:\/\/lahoradelcampo.com.uy\/site\/wp-json\/wp\/v2\/media?parent=46199"}],"wp:term":[{"taxonomy":"category","embeddable":true,"href":"https:\/\/lahoradelcampo.com.uy\/site\/wp-json\/wp\/v2\/categories?post=46199"},{"taxonomy":"post_tag","embeddable":true,"href":"https:\/\/lahoradelcampo.com.uy\/site\/wp-json\/wp\/v2\/tags?post=46199"}],"curies":[{"name":"wp","href":"https:\/\/api.w.org\/{rel}","templated":true}]}}