{"id":46191,"date":"2022-10-08T10:33:01","date_gmt":"2022-10-08T13:33:01","guid":{"rendered":"http:\/\/lahoradelcampo.com.uy\/site\/?p=46191"},"modified":"2022-10-08T10:33:05","modified_gmt":"2022-10-08T13:33:05","slug":"agil-dinamico-y-ventas-totales-en-el-remate-del-modelo-en-artigas","status":"publish","type":"post","link":"https:\/\/lahoradelcampo.com.uy\/site\/agil-dinamico-y-ventas-totales-en-el-remate-del-modelo-en-artigas\/","title":{"rendered":"\u00c1gil, din\u00e1mico y ventas totales en el remate del Modelo en Artigas"},"content":{"rendered":"\n<figure class=\"wp-block-image\"><img data-recalc-dims=\"1\" loading=\"lazy\" decoding=\"async\" width=\"810\" height=\"405\" data-attachment-id=\"46193\" data-permalink=\"https:\/\/lahoradelcampo.com.uy\/site\/agil-dinamico-y-ventas-totales-en-el-remate-del-modelo-en-artigas\/modelo-canepa\/\" data-orig-file=\"https:\/\/i0.wp.com\/lahoradelcampo.com.uy\/site\/wp-content\/uploads\/2022\/10\/Modelo-Canepa.jpg?fit=880%2C440&amp;ssl=1\" data-orig-size=\"880,440\" data-comments-opened=\"1\" data-image-meta=\"{&quot;aperture&quot;:&quot;0&quot;,&quot;credit&quot;:&quot;&quot;,&quot;camera&quot;:&quot;&quot;,&quot;caption&quot;:&quot;&quot;,&quot;created_timestamp&quot;:&quot;0&quot;,&quot;copyright&quot;:&quot;&quot;,&quot;focal_length&quot;:&quot;0&quot;,&quot;iso&quot;:&quot;0&quot;,&quot;shutter_speed&quot;:&quot;0&quot;,&quot;title&quot;:&quot;&quot;,&quot;orientation&quot;:&quot;1&quot;}\" data-image-title=\"Modelo-Canepa\" data-image-description=\"\" data-image-caption=\"\" data-large-file=\"https:\/\/i0.wp.com\/lahoradelcampo.com.uy\/site\/wp-content\/uploads\/2022\/10\/Modelo-Canepa.jpg?fit=810%2C405&amp;ssl=1\" src=\"https:\/\/i0.wp.com\/lahoradelcampo.com.uy\/site\/wp-content\/uploads\/2022\/10\/Modelo-Canepa.jpg?resize=810%2C405\" alt=\"\" class=\"wp-image-46193\" srcset=\"https:\/\/i0.wp.com\/lahoradelcampo.com.uy\/site\/wp-content\/uploads\/2022\/10\/Modelo-Canepa.jpg?w=880&amp;ssl=1 880w, https:\/\/i0.wp.com\/lahoradelcampo.com.uy\/site\/wp-content\/uploads\/2022\/10\/Modelo-Canepa.jpg?resize=300%2C150&amp;ssl=1 300w, https:\/\/i0.wp.com\/lahoradelcampo.com.uy\/site\/wp-content\/uploads\/2022\/10\/Modelo-Canepa.jpg?resize=768%2C384&amp;ssl=1 768w, https:\/\/i0.wp.com\/lahoradelcampo.com.uy\/site\/wp-content\/uploads\/2022\/10\/Modelo-Canepa.jpg?resize=820%2C410&amp;ssl=1 820w\" sizes=\"auto, (max-width: 810px) 100vw, 810px\" \/><\/figure>\n\n\n\n<p>En una noche primaveral, el martillero\nFrancisco C\u00e1nepa dio inicio al d\u00e9cimo s\u00e9ptimo&nbsp;\nremate anual de Frigor\u00edfico Modelo en Artigas, con un local Chiflero de\nla Asociaci\u00f3n Agropecuaria de Artigas que a\u00f1o a a\u00f1o va quedando chico para esta\npropuesta.<\/p>\n\n\n\n<p>La calidad y presentaci\u00f3n de la oferta fue excepcional,\ncomo nos tiene acostumbrado la caba\u00f1a de la zona de Caraguata en Tacuaremb\u00f3.<\/p>\n\n\n\n<p>El comienzo de las ventas bajo el martillo\ndel escritorio Rub\u00e9n F. C\u00e1nepa, fue con los ganados de reposici\u00f3n donde las\nvaquillonas SA, tanto negras como coloradas hicieron US$ 852, las vacas\npre\u00f1adas pr\u00f3ximas a parir cotizaron a US$ 1.320. Por \u00faltimo los novillos de 1 a\n2 a\u00f1os se vendieron a US$ 624.<\/p>\n\n\n\n<p>Previo a los toros se comercializaron los\nvientres de pedigree. Las vaquillonas pre\u00f1adas cotizaron entre US$ 3.840 para el\nprimer martillazo, adquirida por Pablo Mattiauda de Paysand\u00fa, el piso fue de\nUS$ 1.680, con un promedio de US$ 2.296. En tanto que una vaquillona vac\u00eda hizo\nUS$ 1.200. Las 12 hembras hicieron US$ 2.205.<\/p>\n\n\n\n<p>El remate gan\u00f3 dinamismo a medida que los\ntoros fueron pasando bajo el martillo, coloc\u00e1ndose 42 toros a US$ 3.741 de\npromedio. En el detalle los 39 toros de pedigree hicieron US$ &nbsp;3.760 de promedio con un m\u00e1ximo de 5.040\nd\u00f3lares por un toro colorado adquirido por Ney Predebom. El piso fue de US$\n3.240. En tanto que los tres toros SA cotizaron entre US$ 3.540 y US$ 3.480,\ncon un promedio de US$ 3.500.<\/p>\n\n\n\n<p>Luis Fern\u00e1ndez, principal de Frigor\u00edfico Modelo, remarc\u00f3 el dinamismo y agilidad para la colocaci\u00f3n de toda la oferta. Sobre los valores dijo que reflejan la realidad del mercado.<\/p>\n\n\n\n<p>Salto, s\u00e1bado 8 de octubre de 2022<\/p>\n","protected":false},"excerpt":{"rendered":"<p>En una noche primaveral, el martillero Francisco C\u00e1nepa dio inicio al d\u00e9cimo s\u00e9ptimo&nbsp; remate anual de Frigor\u00edfico Modelo en Artigas, con un local Chiflero de la Asociaci\u00f3n Agropecuaria de Artigas [&hellip;]<\/p>\n","protected":false},"author":5,"featured_media":46193,"comment_status":"open","ping_status":"open","sticky":false,"template":"","format":"standard","meta":{"_price":"","_stock":"","_tribe_ticket_header":"","_tribe_default_ticket_provider":"","_tribe_ticket_capacity":"0","_ticket_start_date":"","_ticket_end_date":"","_tribe_ticket_show_description":"","_tribe_ticket_show_not_going":false,"_tribe_ticket_use_global_stock":"","_tribe_ticket_global_stock_level":"","_global_stock_mode":"","_global_stock_cap":"","_tribe_rsvp_for_event":"","_tribe_ticket_going_count":"","_tribe_ticket_not_going_count":"","_tribe_tickets_list":"[]","_tribe_ticket_has_attendee_info_fields":false,"h5ap_radio_sources":[],"_jetpack_newsletter_access":"","_jetpack_dont_email_post_to_subs":false,"_jetpack_newsletter_tier_id":0,"_jetpack_memberships_contains_paywalled_content":false,"_jetpack_memberships_contains_paid_content":false,"footnotes":""},"categories":[21,5],"tags":[],"class_list":["post-46191","post","type-post","status-publish","format-standard","has-post-thumbnail","hentry","category-actualidad","category-ganaderia"],"jetpack_featured_media_url":"https:\/\/i0.wp.com\/lahoradelcampo.com.uy\/site\/wp-content\/uploads\/2022\/10\/Modelo-Canepa.jpg?fit=880%2C440&ssl=1","jetpack_sharing_enabled":true,"jetpack_shortlink":"https:\/\/wp.me\/p99IaT-c11","jetpack-related-posts":[{"id":3299,"url":"https:\/\/lahoradelcampo.com.uy\/site\/frigorifico-modelo-coloco-el-100-de-la-oferta-en-artigas\/","url_meta":{"origin":46191,"position":0},"title":"Frigor\u00edfico Modelo coloc\u00f3 el 100% de la oferta en Artigas","author":"La Hora del Campo","date":"28 octubre, 2017","format":false,"excerpt":"En el local Chiflero de la Asociaci\u00f3n Agropecuaria de Artigas, una vez m\u00e1s la caba\u00f1a Frigor\u00edfico Modelo concret\u00f3 su remate \"Angus de Primavera\", junto al escritorio Ruben F. C\u00e1nepa. Tanto en los ganados generales como en los reproductores y vientres de pedigree, el remate fue \u00e1gil y con una interesante\u2026","rel":"","context":"En \u00abActualidad\u00bb","block_context":{"text":"Actualidad","link":"https:\/\/lahoradelcampo.com.uy\/site\/category\/actualidad\/"},"img":{"alt_text":"","src":"https:\/\/i0.wp.com\/lahoradelcampo.com.uy\/site\/wp-content\/uploads\/2017\/10\/ElModelo-1.jpg?fit=880%2C440&ssl=1&resize=350%2C200","width":350,"height":200,"srcset":"https:\/\/i0.wp.com\/lahoradelcampo.com.uy\/site\/wp-content\/uploads\/2017\/10\/ElModelo-1.jpg?fit=880%2C440&ssl=1&resize=350%2C200 1x, https:\/\/i0.wp.com\/lahoradelcampo.com.uy\/site\/wp-content\/uploads\/2017\/10\/ElModelo-1.jpg?fit=880%2C440&ssl=1&resize=525%2C300 1.5x, https:\/\/i0.wp.com\/lahoradelcampo.com.uy\/site\/wp-content\/uploads\/2017\/10\/ElModelo-1.jpg?fit=880%2C440&ssl=1&resize=700%2C400 2x"},"classes":[]},{"id":24970,"url":"https:\/\/lahoradelcampo.com.uy\/site\/frigorifico-modelo-vendio-a-us-3-176-en-artigas\/","url_meta":{"origin":46191,"position":1},"title":"Frigor\u00edfico Modelo vendi\u00f3 a US$ 3.176 en Artigas","author":"La Hora del Campo","date":"25 octubre, 2020","format":false,"excerpt":"Con 20 o 30 personas menos que el a\u00f1o pasado, es decir un local Chiflero con un muy buen marco de p\u00fablico, el escritorio Rub\u00e9n F. C\u00e1nepa y la caba\u00f1a Frigor\u00edfico Modelo, llevaron adelante el remate \"Angus de Primavera\" en su d\u00e9cimo quinta edici\u00f3n, colocando el 100% de la oferta\u2026","rel":"","context":"En \u00abActualidad\u00bb","block_context":{"text":"Actualidad","link":"https:\/\/lahoradelcampo.com.uy\/site\/category\/actualidad\/"},"img":{"alt_text":"","src":"https:\/\/i0.wp.com\/lahoradelcampo.com.uy\/site\/wp-content\/uploads\/2020\/10\/FrigorificoModelo.jpg?fit=880%2C440&ssl=1&resize=350%2C200","width":350,"height":200,"srcset":"https:\/\/i0.wp.com\/lahoradelcampo.com.uy\/site\/wp-content\/uploads\/2020\/10\/FrigorificoModelo.jpg?fit=880%2C440&ssl=1&resize=350%2C200 1x, https:\/\/i0.wp.com\/lahoradelcampo.com.uy\/site\/wp-content\/uploads\/2020\/10\/FrigorificoModelo.jpg?fit=880%2C440&ssl=1&resize=525%2C300 1.5x, https:\/\/i0.wp.com\/lahoradelcampo.com.uy\/site\/wp-content\/uploads\/2020\/10\/FrigorificoModelo.jpg?fit=880%2C440&ssl=1&resize=700%2C400 2x"},"classes":[]},{"id":15366,"url":"https:\/\/lahoradelcampo.com.uy\/site\/a-puro-martillo-frigorifico-modelo-coloco-el-100-de-la-oferta\/","url_meta":{"origin":46191,"position":2},"title":"A puro martillo \u00abFrigor\u00edfico Modelo\u00bb coloc\u00f3 el 100% de la oferta","author":"La Hora del Campo","date":"26 octubre, 2019","format":false,"excerpt":"A puro martillo en Artigas, Francisco C\u00e1nepa remat\u00f3 el 100% de la torada de Frigor\u00edfico Modelo, con una din\u00e1mica y agilidad que respondi\u00f3 a una demanda firme y claramente apostando a la cr\u00eda del aberdeen angus en el norte del pa\u00eds. Las ventas comenzaron con los 120 novillos de 1\u2026","rel":"","context":"En \u00abActualidad\u00bb","block_context":{"text":"Actualidad","link":"https:\/\/lahoradelcampo.com.uy\/site\/category\/actualidad\/"},"img":{"alt_text":"","src":"https:\/\/i0.wp.com\/lahoradelcampo.com.uy\/site\/wp-content\/uploads\/2019\/10\/El-Modelo.jpg?fit=880%2C440&ssl=1&resize=350%2C200","width":350,"height":200,"srcset":"https:\/\/i0.wp.com\/lahoradelcampo.com.uy\/site\/wp-content\/uploads\/2019\/10\/El-Modelo.jpg?fit=880%2C440&ssl=1&resize=350%2C200 1x, https:\/\/i0.wp.com\/lahoradelcampo.com.uy\/site\/wp-content\/uploads\/2019\/10\/El-Modelo.jpg?fit=880%2C440&ssl=1&resize=525%2C300 1.5x, https:\/\/i0.wp.com\/lahoradelcampo.com.uy\/site\/wp-content\/uploads\/2019\/10\/El-Modelo.jpg?fit=880%2C440&ssl=1&resize=700%2C400 2x"},"classes":[]},{"id":15524,"url":"https:\/\/lahoradelcampo.com.uy\/site\/canepa-coloco-el-100-de-los-toros-de-el-trebol-a-us-2-334\/","url_meta":{"origin":46191,"position":3},"title":"C\u00e1nepa coloc\u00f3 el 100% de los toros de El Tr\u00e9bol a U$S 2.334","author":"La Hora del Campo","date":"1 noviembre, 2019","format":false,"excerpt":"Caba\u00f1a El Tr\u00e9bol de Mart\u00edn Salto St\u00e9fani, comercializ\u00f3 ayer la totalidad de la oferta Polled Hereford en el local de la Liga del Trabajo de Guich\u00f3n, colocando 35 toros a U$S 2.334 de promedio. La subasta estuvo a cargo de la firma Ruben F. C\u00e1nepa y administrada por Banco de\u2026","rel":"","context":"En \u00abActualidad\u00bb","block_context":{"text":"Actualidad","link":"https:\/\/lahoradelcampo.com.uy\/site\/category\/actualidad\/"},"img":{"alt_text":"","src":"https:\/\/i0.wp.com\/lahoradelcampo.com.uy\/site\/wp-content\/uploads\/2019\/11\/Eltrebol.jpg?fit=880%2C440&ssl=1&resize=350%2C200","width":350,"height":200,"srcset":"https:\/\/i0.wp.com\/lahoradelcampo.com.uy\/site\/wp-content\/uploads\/2019\/11\/Eltrebol.jpg?fit=880%2C440&ssl=1&resize=350%2C200 1x, https:\/\/i0.wp.com\/lahoradelcampo.com.uy\/site\/wp-content\/uploads\/2019\/11\/Eltrebol.jpg?fit=880%2C440&ssl=1&resize=525%2C300 1.5x, https:\/\/i0.wp.com\/lahoradelcampo.com.uy\/site\/wp-content\/uploads\/2019\/11\/Eltrebol.jpg?fit=880%2C440&ssl=1&resize=700%2C400 2x"},"classes":[]},{"id":24898,"url":"https:\/\/lahoradelcampo.com.uy\/site\/manana-frigorifico-modelo-vende-su-oferta-reservada-para-artigas\/","url_meta":{"origin":46191,"position":4},"title":"Ma\u00f1ana Frigor\u00edfico Modelo vende su oferta reservada para Artigas","author":"La Hora del Campo","date":"22 octubre, 2020","format":false,"excerpt":"El remate de la familia Fern\u00e1ndez de ma\u00f1ana, junto al escritorio Rub\u00e9n F. Canepa, es un cl\u00e1sico esperado en el local Chiflero de la Asociaci\u00f3n Agropecuaria de Artigas. El productor de la regi\u00f3n que conoce la historia de este remate, sabe que la oferta es igual que en la primera\u2026","rel":"","context":"En \u00abActualidad\u00bb","block_context":{"text":"Actualidad","link":"https:\/\/lahoradelcampo.com.uy\/site\/category\/actualidad\/"},"img":{"alt_text":"","src":"https:\/\/i0.wp.com\/lahoradelcampo.com.uy\/site\/wp-content\/uploads\/2020\/10\/modeloartigas.jpg?fit=880%2C440&ssl=1&resize=350%2C200","width":350,"height":200,"srcset":"https:\/\/i0.wp.com\/lahoradelcampo.com.uy\/site\/wp-content\/uploads\/2020\/10\/modeloartigas.jpg?fit=880%2C440&ssl=1&resize=350%2C200 1x, https:\/\/i0.wp.com\/lahoradelcampo.com.uy\/site\/wp-content\/uploads\/2020\/10\/modeloartigas.jpg?fit=880%2C440&ssl=1&resize=525%2C300 1.5x, https:\/\/i0.wp.com\/lahoradelcampo.com.uy\/site\/wp-content\/uploads\/2020\/10\/modeloartigas.jpg?fit=880%2C440&ssl=1&resize=700%2C400 2x"},"classes":[]},{"id":46109,"url":"https:\/\/lahoradelcampo.com.uy\/site\/canepa-remata-hoy-en-plaza-rural-y-manana-los-angus-del-modelo-en-artigas\/","url_meta":{"origin":46191,"position":5},"title":"C\u00e1nepa remata hoy en Plaza Rural y ma\u00f1ana los Angus del Modelo en Artigas","author":"La Hora del Campo","date":"6 octubre, 2022","format":false,"excerpt":"A partir de las 9 horas, comienza una nueva venta de Plaza Rural, con una oferta de 7.290 vacunos y 698 ovinos. Las ventas comenzaran lanares, luego los terneros, m\u00e1s de un a\u00f1o enteros, la fila de novillos, los Holando, vacas de invernar, terneras, terneros y terneras, todo lo que\u2026","rel":"","context":"En \u00abActualidad\u00bb","block_context":{"text":"Actualidad","link":"https:\/\/lahoradelcampo.com.uy\/site\/category\/actualidad\/"},"img":{"alt_text":"","src":"https:\/\/i0.wp.com\/lahoradelcampo.com.uy\/site\/wp-content\/uploads\/2022\/03\/Plaza-Canepa.jpg?fit=880%2C440&ssl=1&resize=350%2C200","width":350,"height":200,"srcset":"https:\/\/i0.wp.com\/lahoradelcampo.com.uy\/site\/wp-content\/uploads\/2022\/03\/Plaza-Canepa.jpg?fit=880%2C440&ssl=1&resize=350%2C200 1x, https:\/\/i0.wp.com\/lahoradelcampo.com.uy\/site\/wp-content\/uploads\/2022\/03\/Plaza-Canepa.jpg?fit=880%2C440&ssl=1&resize=525%2C300 1.5x, https:\/\/i0.wp.com\/lahoradelcampo.com.uy\/site\/wp-content\/uploads\/2022\/03\/Plaza-Canepa.jpg?fit=880%2C440&ssl=1&resize=700%2C400 2x"},"classes":[]}],"jetpack_likes_enabled":true,"_links":{"self":[{"href":"https:\/\/lahoradelcampo.com.uy\/site\/wp-json\/wp\/v2\/posts\/46191","targetHints":{"allow":["GET"]}}],"collection":[{"href":"https:\/\/lahoradelcampo.com.uy\/site\/wp-json\/wp\/v2\/posts"}],"about":[{"href":"https:\/\/lahoradelcampo.com.uy\/site\/wp-json\/wp\/v2\/types\/post"}],"author":[{"embeddable":true,"href":"https:\/\/lahoradelcampo.com.uy\/site\/wp-json\/wp\/v2\/users\/5"}],"replies":[{"embeddable":true,"href":"https:\/\/lahoradelcampo.com.uy\/site\/wp-json\/wp\/v2\/comments?post=46191"}],"version-history":[{"count":1,"href":"https:\/\/lahoradelcampo.com.uy\/site\/wp-json\/wp\/v2\/posts\/46191\/revisions"}],"predecessor-version":[{"id":46195,"href":"https:\/\/lahoradelcampo.com.uy\/site\/wp-json\/wp\/v2\/posts\/46191\/revisions\/46195"}],"wp:featuredmedia":[{"embeddable":true,"href":"https:\/\/lahoradelcampo.com.uy\/site\/wp-json\/wp\/v2\/media\/46193"}],"wp:attachment":[{"href":"https:\/\/lahoradelcampo.com.uy\/site\/wp-json\/wp\/v2\/media?parent=46191"}],"wp:term":[{"taxonomy":"category","embeddable":true,"href":"https:\/\/lahoradelcampo.com.uy\/site\/wp-json\/wp\/v2\/categories?post=46191"},{"taxonomy":"post_tag","embeddable":true,"href":"https:\/\/lahoradelcampo.com.uy\/site\/wp-json\/wp\/v2\/tags?post=46191"}],"curies":[{"name":"wp","href":"https:\/\/api.w.org\/{rel}","templated":true}]}}