{"id":46165,"date":"2022-10-07T12:07:15","date_gmt":"2022-10-07T15:07:15","guid":{"rendered":"http:\/\/lahoradelcampo.com.uy\/site\/?p=46165"},"modified":"2022-10-07T12:07:19","modified_gmt":"2022-10-07T15:07:19","slug":"una-nueva-semana-lanera-que-termina-con-perdidas-en-el-ime","status":"publish","type":"post","link":"https:\/\/lahoradelcampo.com.uy\/site\/una-nueva-semana-lanera-que-termina-con-perdidas-en-el-ime\/","title":{"rendered":"Una nueva semana lanera que termina con p\u00e9rdidas en el IME"},"content":{"rendered":"\n<figure class=\"wp-block-image\"><img data-recalc-dims=\"1\" loading=\"lazy\" decoding=\"async\" width=\"810\" height=\"405\" data-attachment-id=\"11359\" data-permalink=\"https:\/\/lahoradelcampo.com.uy\/site\/mayo-cerro-con-el-ime-recuperandose-luego-de-una-fuerte-baja\/lanas-australia-a\/\" data-orig-file=\"https:\/\/i0.wp.com\/lahoradelcampo.com.uy\/site\/wp-content\/uploads\/2019\/05\/lanas-australia-a.jpg?fit=880%2C440&amp;ssl=1\" data-orig-size=\"880,440\" data-comments-opened=\"1\" data-image-meta=\"{&quot;aperture&quot;:&quot;0&quot;,&quot;credit&quot;:&quot;&quot;,&quot;camera&quot;:&quot;&quot;,&quot;caption&quot;:&quot;&quot;,&quot;created_timestamp&quot;:&quot;0&quot;,&quot;copyright&quot;:&quot;&quot;,&quot;focal_length&quot;:&quot;0&quot;,&quot;iso&quot;:&quot;0&quot;,&quot;shutter_speed&quot;:&quot;0&quot;,&quot;title&quot;:&quot;&quot;,&quot;orientation&quot;:&quot;1&quot;}\" data-image-title=\"lanas australia a\" data-image-description=\"\" data-image-caption=\"\" data-large-file=\"https:\/\/i0.wp.com\/lahoradelcampo.com.uy\/site\/wp-content\/uploads\/2019\/05\/lanas-australia-a.jpg?fit=810%2C405&amp;ssl=1\" src=\"https:\/\/i0.wp.com\/lahoradelcampo.com.uy\/site\/wp-content\/uploads\/2019\/05\/lanas-australia-a.jpg?resize=810%2C405\" alt=\"\" class=\"wp-image-11359\" srcset=\"https:\/\/i0.wp.com\/lahoradelcampo.com.uy\/site\/wp-content\/uploads\/2019\/05\/lanas-australia-a.jpg?w=880&amp;ssl=1 880w, https:\/\/i0.wp.com\/lahoradelcampo.com.uy\/site\/wp-content\/uploads\/2019\/05\/lanas-australia-a.jpg?resize=300%2C150&amp;ssl=1 300w, https:\/\/i0.wp.com\/lahoradelcampo.com.uy\/site\/wp-content\/uploads\/2019\/05\/lanas-australia-a.jpg?resize=768%2C384&amp;ssl=1 768w, https:\/\/i0.wp.com\/lahoradelcampo.com.uy\/site\/wp-content\/uploads\/2019\/05\/lanas-australia-a.jpg?resize=820%2C410&amp;ssl=1 820w\" sizes=\"auto, (max-width: 810px) 100vw, 810px\" \/><\/figure>\n\n\n\n<p>Con una jornada de baja y otra de suba, el Indicador de Mercados del Este (IME) cerr\u00f3 la semana con un descenso de cinco centavos en el promedio, siendo esta la octava semana consecutiva donde el resultado es negativo. <br><\/p>\n\n\n\n<p>La estabilidad del mercado en la jornada de ayer jueves, mostr\u00f3 claramente el posicionamiento de la demanda, donde tanto en Sidney como en Melbourne, las lanas por debajo de las 18,5 micras no logran satisfacer las exigencias del comprador. <\/p>\n\n\n\n<p>Ayer jueves las lanas con declaraci\u00f3n Non Mulesed, se mantuvieron estables en sus referencias, mientras que las lanas de mejor calidad igualmente registraron descensos. En las lanas m\u00e1s gruesas del merino, hubo un importante respaldo desde China, generando subas en la mayor\u00eda de los micronajes. <br><\/p>\n\n\n\n<p>El Indicador de Mercados del Este (IME) cerr\u00f3 en A$ 12,35 por kilogramo base limpia, y contin\u00faa descendiendo, perdiendo en la semana 20 centavos. <br><\/p>\n\n\n\n<p>En la moneda estadounidense el indicador suma su octava semana de baja consecutiva, donde ha perdido US$ 1,42. Ayer cerr\u00f3 en US$ 8,07, descendiendo cinco centavos luego de las dos ventas de esta semana.<br><\/p>\n\n\n\n<p>La oferta en la semana fue de 35.984 fardos con un 86,7% de venta. Tianyu Wool volvi\u00f3 a ser el principal comprador de la semana, conjuntamente con Endeavour Wool Exports y Techwool Trading, sumando estas tres empresas el 34,1% de la comercializaci\u00f3n.<br><\/p>\n\n\n\n<p>La operativa comercial retorna la pr\u00f3xima semana en Australia, los d\u00edas martes 11 y mi\u00e9rcoles 12 de octubre, con una oferta de 35.881 fardos, que se distribuir\u00e1n en los tres centros de ventas. De confirmarse este volumen, la oferta caer\u00eda un 0,3% respecto a lo ofertado esta semana. <\/p>\n\n\n\n<p>Salto, viernes 7 de octubre de 2022<\/p>\n","protected":false},"excerpt":{"rendered":"<p>Con una jornada de baja y otra de suba, el Indicador de Mercados del Este (IME) cerr\u00f3 la semana con un descenso de cinco centavos en el promedio, siendo esta [&hellip;]<\/p>\n","protected":false},"author":5,"featured_media":11359,"comment_status":"open","ping_status":"open","sticky":false,"template":"","format":"standard","meta":{"_price":"","_stock":"","_tribe_ticket_header":"","_tribe_default_ticket_provider":"","_tribe_ticket_capacity":"0","_ticket_start_date":"","_ticket_end_date":"","_tribe_ticket_show_description":"","_tribe_ticket_show_not_going":false,"_tribe_ticket_use_global_stock":"","_tribe_ticket_global_stock_level":"","_global_stock_mode":"","_global_stock_cap":"","_tribe_rsvp_for_event":"","_tribe_ticket_going_count":"","_tribe_ticket_not_going_count":"","_tribe_tickets_list":"[]","_tribe_ticket_has_attendee_info_fields":false,"h5ap_radio_sources":[],"_jetpack_newsletter_access":"","_jetpack_dont_email_post_to_subs":false,"_jetpack_newsletter_tier_id":0,"_jetpack_memberships_contains_paywalled_content":false,"_jetpack_memberships_contains_paid_content":false,"footnotes":""},"categories":[21,13],"tags":[],"class_list":["post-46165","post","type-post","status-publish","format-standard","has-post-thumbnail","hentry","category-actualidad","category-ovinos"],"jetpack_featured_media_url":"https:\/\/i0.wp.com\/lahoradelcampo.com.uy\/site\/wp-content\/uploads\/2019\/05\/lanas-australia-a.jpg?fit=880%2C440&ssl=1","jetpack_sharing_enabled":true,"jetpack_shortlink":"https:\/\/wp.me\/p99IaT-c0B","jetpack-related-posts":[{"id":14609,"url":"https:\/\/lahoradelcampo.com.uy\/site\/el-ime-registro-40-centavos-de-suba-en-la-semana\/","url_meta":{"origin":46165,"position":0},"title":"El IME registr\u00f3 40 centavos  de suba en la semana","author":"La Hora del Campo","date":"30 septiembre, 2019","format":false,"excerpt":"El mercado lanero australiano termin\u00f3 la semana con una suba de 40 centavos en el Indicador de Mercados del Este que finaliz\u00f3 en US$ 10,87 por kilogramo base limpia, pero lo m\u00e1s importante fue el clima de mayor positivismo que gener\u00f3 la demanda, principalmente en las lanas de 18 a\u2026","rel":"","context":"En \u00abActualidad\u00bb","block_context":{"text":"Actualidad","link":"https:\/\/lahoradelcampo.com.uy\/site\/category\/actualidad\/"},"img":{"alt_text":"","src":"https:\/\/i0.wp.com\/lahoradelcampo.com.uy\/site\/wp-content\/uploads\/2019\/04\/Lanas-Australia.jpg?fit=880%2C440&ssl=1&resize=350%2C200","width":350,"height":200,"srcset":"https:\/\/i0.wp.com\/lahoradelcampo.com.uy\/site\/wp-content\/uploads\/2019\/04\/Lanas-Australia.jpg?fit=880%2C440&ssl=1&resize=350%2C200 1x, https:\/\/i0.wp.com\/lahoradelcampo.com.uy\/site\/wp-content\/uploads\/2019\/04\/Lanas-Australia.jpg?fit=880%2C440&ssl=1&resize=525%2C300 1.5x, https:\/\/i0.wp.com\/lahoradelcampo.com.uy\/site\/wp-content\/uploads\/2019\/04\/Lanas-Australia.jpg?fit=880%2C440&ssl=1&resize=700%2C400 2x"},"classes":[]},{"id":49632,"url":"https:\/\/lahoradelcampo.com.uy\/site\/la-semana-registro-un-nuevo-descenso-en-el-ime-con-lanas-de-baja-calidad\/","url_meta":{"origin":46165,"position":1},"title":"La semana registr\u00f3 un nuevo descenso en el IME, con lanas de baja calidad","author":"La Hora del Campo","date":"31 marzo, 2023","format":false,"excerpt":"Durante los \u00faltimos tres d\u00edas, el mercado lanero australiano present\u00f3 una tendencia mixta con altibajos en los precios de las distintas categor\u00edas de lanas. Sydney y Melbourne observaron una disminuci\u00f3n en los precios en d\u00f3lares estadounidenses tanto para las lanas medias y gruesas, as\u00ed como tambi\u00e9n en todos los micronajes\u2026","rel":"","context":"En \u00abActualidad\u00bb","block_context":{"text":"Actualidad","link":"https:\/\/lahoradelcampo.com.uy\/site\/category\/actualidad\/"},"img":{"alt_text":"","src":"https:\/\/i0.wp.com\/lahoradelcampo.com.uy\/site\/wp-content\/uploads\/2018\/03\/lana.jpg?fit=880%2C440&ssl=1&resize=350%2C200","width":350,"height":200,"srcset":"https:\/\/i0.wp.com\/lahoradelcampo.com.uy\/site\/wp-content\/uploads\/2018\/03\/lana.jpg?fit=880%2C440&ssl=1&resize=350%2C200 1x, https:\/\/i0.wp.com\/lahoradelcampo.com.uy\/site\/wp-content\/uploads\/2018\/03\/lana.jpg?fit=880%2C440&ssl=1&resize=525%2C300 1.5x, https:\/\/i0.wp.com\/lahoradelcampo.com.uy\/site\/wp-content\/uploads\/2018\/03\/lana.jpg?fit=880%2C440&ssl=1&resize=700%2C400 2x"},"classes":[]},{"id":38645,"url":"https:\/\/lahoradelcampo.com.uy\/site\/semana-de-demanda-en-lanas-finas-y-bajas-en-el-ime\/","url_meta":{"origin":46165,"position":2},"title":"Semana de demanda en lanas finas y bajas en el IME","author":"La Hora del Campo","date":"28 enero, 2022","format":false,"excerpt":"Una semana especial del mercado lanero australiano, con ventas el martes y jueves, debido a los festejos del \"Australian Day\" el pasado mi\u00e9rcoles. En la operativa se observ\u00f3 una firmeza muy importante en los dos d\u00edas de ventas para la oferta de lanas por debajo de las 18,5 micras, con\u2026","rel":"","context":"En \u00abActualidad\u00bb","block_context":{"text":"Actualidad","link":"https:\/\/lahoradelcampo.com.uy\/site\/category\/actualidad\/"},"img":{"alt_text":"","src":"https:\/\/i0.wp.com\/lahoradelcampo.com.uy\/site\/wp-content\/uploads\/2021\/06\/lanaaustralia1.jpg?fit=880%2C440&ssl=1&resize=350%2C200","width":350,"height":200,"srcset":"https:\/\/i0.wp.com\/lahoradelcampo.com.uy\/site\/wp-content\/uploads\/2021\/06\/lanaaustralia1.jpg?fit=880%2C440&ssl=1&resize=350%2C200 1x, https:\/\/i0.wp.com\/lahoradelcampo.com.uy\/site\/wp-content\/uploads\/2021\/06\/lanaaustralia1.jpg?fit=880%2C440&ssl=1&resize=525%2C300 1.5x, https:\/\/i0.wp.com\/lahoradelcampo.com.uy\/site\/wp-content\/uploads\/2021\/06\/lanaaustralia1.jpg?fit=880%2C440&ssl=1&resize=700%2C400 2x"},"classes":[]},{"id":28026,"url":"https:\/\/lahoradelcampo.com.uy\/site\/el-ime-cerro-la-semana-en-us-1040-1-por-debajo-de-2020\/","url_meta":{"origin":46165,"position":3},"title":"El IME cerr\u00f3 la semana en US$ 10,40, 1% por debajo de 2020","author":"La Hora del Campo","date":"26 febrero, 2021","format":false,"excerpt":"El Indicador de Mercados del Este (IME) lleg\u00f3 a los US$ 10,40 esta semana, ganando 18 centavos y posicion\u00e1ndose \u00fanicamente un 1% por debajo del cierre del mes de febrero del 2020. El contexto general del mercado registr\u00f3 vaivenes en el tipo de cambio y al mismo tiempo en la\u2026","rel":"","context":"En \u00abActualidad\u00bb","block_context":{"text":"Actualidad","link":"https:\/\/lahoradelcampo.com.uy\/site\/category\/actualidad\/"},"img":{"alt_text":"","src":"https:\/\/i0.wp.com\/lahoradelcampo.com.uy\/site\/wp-content\/uploads\/2021\/01\/Lanaaustralia.jpg?fit=880%2C440&ssl=1&resize=350%2C200","width":350,"height":200,"srcset":"https:\/\/i0.wp.com\/lahoradelcampo.com.uy\/site\/wp-content\/uploads\/2021\/01\/Lanaaustralia.jpg?fit=880%2C440&ssl=1&resize=350%2C200 1x, https:\/\/i0.wp.com\/lahoradelcampo.com.uy\/site\/wp-content\/uploads\/2021\/01\/Lanaaustralia.jpg?fit=880%2C440&ssl=1&resize=525%2C300 1.5x, https:\/\/i0.wp.com\/lahoradelcampo.com.uy\/site\/wp-content\/uploads\/2021\/01\/Lanaaustralia.jpg?fit=880%2C440&ssl=1&resize=700%2C400 2x"},"classes":[]},{"id":53455,"url":"https:\/\/lahoradelcampo.com.uy\/site\/mercado-lanero-australiano-cerro-nueva-semana-con-subas-en-el-ime\/","url_meta":{"origin":46165,"position":4},"title":"Mercado australiano cerr\u00f3 nueva semana con subas en el IME","author":"La Hora del Campo","date":"23 febrero, 2024","format":false,"excerpt":"En una semana de tres jornadas de ventas, el mercado lanero australiano marc\u00f3 subas en el Indicador de Mercados del Este (IME) en las dos primeras jornadas de actividad, ya que el jueves se ofertaron exclusivamente lanas de Nueva Zelanda, lo que no incide en la formaci\u00f3n de los distintos\u2026","rel":"","context":"En \u00abActualidad\u00bb","block_context":{"text":"Actualidad","link":"https:\/\/lahoradelcampo.com.uy\/site\/category\/actualidad\/"},"img":{"alt_text":"","src":"https:\/\/i0.wp.com\/lahoradelcampo.com.uy\/site\/wp-content\/uploads\/2019\/04\/Lanas-Australia.jpg?fit=880%2C440&ssl=1&resize=350%2C200","width":350,"height":200,"srcset":"https:\/\/i0.wp.com\/lahoradelcampo.com.uy\/site\/wp-content\/uploads\/2019\/04\/Lanas-Australia.jpg?fit=880%2C440&ssl=1&resize=350%2C200 1x, https:\/\/i0.wp.com\/lahoradelcampo.com.uy\/site\/wp-content\/uploads\/2019\/04\/Lanas-Australia.jpg?fit=880%2C440&ssl=1&resize=525%2C300 1.5x, https:\/\/i0.wp.com\/lahoradelcampo.com.uy\/site\/wp-content\/uploads\/2019\/04\/Lanas-Australia.jpg?fit=880%2C440&ssl=1&resize=700%2C400 2x"},"classes":[]},{"id":15176,"url":"https:\/\/lahoradelcampo.com.uy\/site\/el-ime-cayo-11-centavos-en-la-semana-y-cerro-a-us-1030\/","url_meta":{"origin":46165,"position":5},"title":"El IME cay\u00f3 11 centavos en la semana y cerr\u00f3 a US$ 10,30","author":"La Hora del Campo","date":"18 octubre, 2019","format":false,"excerpt":"El mercado lanero cerr\u00f3 su segunda jornada de ventas esta semana en terreno positivo, sin embargo el incremento en los valores no logr\u00f3 levantar la ca\u00edda registrada el d\u00eda anterior. Las lanas merino fueron las que registraron mayor demanda y por ende colocaci\u00f3n, en tanto que las lanas medias fue\u2026","rel":"","context":"En \u00abActualidad\u00bb","block_context":{"text":"Actualidad","link":"https:\/\/lahoradelcampo.com.uy\/site\/category\/actualidad\/"},"img":{"alt_text":"","src":"https:\/\/i0.wp.com\/lahoradelcampo.com.uy\/site\/wp-content\/uploads\/2018\/03\/Lanaa.jpg?fit=880%2C440&ssl=1&resize=350%2C200","width":350,"height":200,"srcset":"https:\/\/i0.wp.com\/lahoradelcampo.com.uy\/site\/wp-content\/uploads\/2018\/03\/Lanaa.jpg?fit=880%2C440&ssl=1&resize=350%2C200 1x, https:\/\/i0.wp.com\/lahoradelcampo.com.uy\/site\/wp-content\/uploads\/2018\/03\/Lanaa.jpg?fit=880%2C440&ssl=1&resize=525%2C300 1.5x, https:\/\/i0.wp.com\/lahoradelcampo.com.uy\/site\/wp-content\/uploads\/2018\/03\/Lanaa.jpg?fit=880%2C440&ssl=1&resize=700%2C400 2x"},"classes":[]}],"jetpack_likes_enabled":true,"_links":{"self":[{"href":"https:\/\/lahoradelcampo.com.uy\/site\/wp-json\/wp\/v2\/posts\/46165","targetHints":{"allow":["GET"]}}],"collection":[{"href":"https:\/\/lahoradelcampo.com.uy\/site\/wp-json\/wp\/v2\/posts"}],"about":[{"href":"https:\/\/lahoradelcampo.com.uy\/site\/wp-json\/wp\/v2\/types\/post"}],"author":[{"embeddable":true,"href":"https:\/\/lahoradelcampo.com.uy\/site\/wp-json\/wp\/v2\/users\/5"}],"replies":[{"embeddable":true,"href":"https:\/\/lahoradelcampo.com.uy\/site\/wp-json\/wp\/v2\/comments?post=46165"}],"version-history":[{"count":1,"href":"https:\/\/lahoradelcampo.com.uy\/site\/wp-json\/wp\/v2\/posts\/46165\/revisions"}],"predecessor-version":[{"id":46167,"href":"https:\/\/lahoradelcampo.com.uy\/site\/wp-json\/wp\/v2\/posts\/46165\/revisions\/46167"}],"wp:featuredmedia":[{"embeddable":true,"href":"https:\/\/lahoradelcampo.com.uy\/site\/wp-json\/wp\/v2\/media\/11359"}],"wp:attachment":[{"href":"https:\/\/lahoradelcampo.com.uy\/site\/wp-json\/wp\/v2\/media?parent=46165"}],"wp:term":[{"taxonomy":"category","embeddable":true,"href":"https:\/\/lahoradelcampo.com.uy\/site\/wp-json\/wp\/v2\/categories?post=46165"},{"taxonomy":"post_tag","embeddable":true,"href":"https:\/\/lahoradelcampo.com.uy\/site\/wp-json\/wp\/v2\/tags?post=46165"}],"curies":[{"name":"wp","href":"https:\/\/api.w.org\/{rel}","templated":true}]}}