{"id":46161,"date":"2022-10-07T11:35:03","date_gmt":"2022-10-07T14:35:03","guid":{"rendered":"http:\/\/lahoradelcampo.com.uy\/site\/?p=46161"},"modified":"2022-10-07T11:35:13","modified_gmt":"2022-10-07T14:35:13","slug":"mercado-nominal-en-uruguay-sin-referencias-de-precios","status":"publish","type":"post","link":"https:\/\/lahoradelcampo.com.uy\/site\/mercado-nominal-en-uruguay-sin-referencias-de-precios\/","title":{"rendered":"Mercado nominal en Uruguay, sin referencias de precios"},"content":{"rendered":"\n<figure class=\"wp-block-image\"><img data-recalc-dims=\"1\" loading=\"lazy\" decoding=\"async\" width=\"810\" height=\"405\" data-attachment-id=\"29876\" data-permalink=\"https:\/\/lahoradelcampo.com.uy\/site\/lana-corriedale-de-san-gerardo-se-vendio-en-us-385-el-vellon\/lanasangerardo\/\" data-orig-file=\"https:\/\/i0.wp.com\/lahoradelcampo.com.uy\/site\/wp-content\/uploads\/2021\/05\/lanasangerardo.jpg?fit=880%2C440&amp;ssl=1\" data-orig-size=\"880,440\" data-comments-opened=\"1\" data-image-meta=\"{&quot;aperture&quot;:&quot;0&quot;,&quot;credit&quot;:&quot;&quot;,&quot;camera&quot;:&quot;&quot;,&quot;caption&quot;:&quot;&quot;,&quot;created_timestamp&quot;:&quot;0&quot;,&quot;copyright&quot;:&quot;&quot;,&quot;focal_length&quot;:&quot;0&quot;,&quot;iso&quot;:&quot;0&quot;,&quot;shutter_speed&quot;:&quot;0&quot;,&quot;title&quot;:&quot;&quot;,&quot;orientation&quot;:&quot;1&quot;}\" data-image-title=\"lanasangerardo\" data-image-description=\"\" data-image-caption=\"\" data-large-file=\"https:\/\/i0.wp.com\/lahoradelcampo.com.uy\/site\/wp-content\/uploads\/2021\/05\/lanasangerardo.jpg?fit=810%2C405&amp;ssl=1\" src=\"https:\/\/i0.wp.com\/lahoradelcampo.com.uy\/site\/wp-content\/uploads\/2021\/05\/lanasangerardo.jpg?resize=810%2C405\" alt=\"\" class=\"wp-image-29876\" srcset=\"https:\/\/i0.wp.com\/lahoradelcampo.com.uy\/site\/wp-content\/uploads\/2021\/05\/lanasangerardo.jpg?w=880&amp;ssl=1 880w, https:\/\/i0.wp.com\/lahoradelcampo.com.uy\/site\/wp-content\/uploads\/2021\/05\/lanasangerardo.jpg?resize=300%2C150&amp;ssl=1 300w, https:\/\/i0.wp.com\/lahoradelcampo.com.uy\/site\/wp-content\/uploads\/2021\/05\/lanasangerardo.jpg?resize=768%2C384&amp;ssl=1 768w, https:\/\/i0.wp.com\/lahoradelcampo.com.uy\/site\/wp-content\/uploads\/2021\/05\/lanasangerardo.jpg?resize=820%2C410&amp;ssl=1 820w\" sizes=\"auto, (max-width: 810px) 100vw, 810px\" \/><\/figure>\n\n\n\n<p>Operadores y representantes de la industria consultados en los \u00faltimos d\u00edas han marcado que el mercado se encuentra nominal en el pa\u00eds, con negocios que se concretan ante la decisi\u00f3n del productor de fijar precio de lotes que se encuentran en posesi\u00f3n de la industria. <br><\/p>\n\n\n\n<p>Ante los negocios de merino concretados d\u00edas atr\u00e1s, se explic\u00f3 que tres empresas compraron tres lotes puntuales, con valores que no reflejan la realidad del mercado teniendo en cuenta el volumen de cada negocio en el contexto general de la zafra. <br><\/p>\n\n\n\n<p>Intermediarios se\u00f1alaron que las bajas de la semana pasada determinaron que la oferta se retirara de los negocios a la espera de una mejora de los precios.<\/p>\n\n\n\n<p>Salto, viernes 7 de octubre de 2022<\/p>\n","protected":false},"excerpt":{"rendered":"<p>Operadores y representantes de la industria consultados en los \u00faltimos d\u00edas han marcado que el mercado se encuentra nominal en el pa\u00eds, con negocios que se concretan ante la decisi\u00f3n [&hellip;]<\/p>\n","protected":false},"author":5,"featured_media":29876,"comment_status":"open","ping_status":"open","sticky":false,"template":"","format":"standard","meta":{"_price":"","_stock":"","_tribe_ticket_header":"","_tribe_default_ticket_provider":"","_tribe_ticket_capacity":"0","_ticket_start_date":"","_ticket_end_date":"","_tribe_ticket_show_description":"","_tribe_ticket_show_not_going":false,"_tribe_ticket_use_global_stock":"","_tribe_ticket_global_stock_level":"","_global_stock_mode":"","_global_stock_cap":"","_tribe_rsvp_for_event":"","_tribe_ticket_going_count":"","_tribe_ticket_not_going_count":"","_tribe_tickets_list":"[]","_tribe_ticket_has_attendee_info_fields":false,"h5ap_radio_sources":[],"_jetpack_newsletter_access":"","_jetpack_dont_email_post_to_subs":false,"_jetpack_newsletter_tier_id":0,"_jetpack_memberships_contains_paywalled_content":false,"_jetpack_memberships_contains_paid_content":false,"footnotes":""},"categories":[21,13],"tags":[],"class_list":["post-46161","post","type-post","status-publish","format-standard","has-post-thumbnail","hentry","category-actualidad","category-ovinos"],"jetpack_featured_media_url":"https:\/\/i0.wp.com\/lahoradelcampo.com.uy\/site\/wp-content\/uploads\/2021\/05\/lanasangerardo.jpg?fit=880%2C440&ssl=1","jetpack_sharing_enabled":true,"jetpack_shortlink":"https:\/\/wp.me\/p99IaT-c0x","jetpack-related-posts":[{"id":51281,"url":"https:\/\/lahoradelcampo.com.uy\/site\/el-mercado-lanero-uruguayo-continua-retraido-con-algunos-negocios-en-merino\/","url_meta":{"origin":46161,"position":0},"title":"El mercado lanero uruguayo contin\u00faa retra\u00eddo con algunos negocios en merino","author":"La Hora del Campo","date":"19 junio, 2023","format":false,"excerpt":"El mercado contin\u00faa retra\u00eddo, con algunos negocios puntuales que se van cerrando a medida que se logran encontrar las puntas entre la demanda y lo que procura el productor. Varios operadores y consignatarios laneros consultados al cierre de la semana, informaron un mercado tranquilo, sin movimientos, con precios y demanda\u2026","rel":"","context":"En \u00abActualidad\u00bb","block_context":{"text":"Actualidad","link":"https:\/\/lahoradelcampo.com.uy\/site\/category\/actualidad\/"},"img":{"alt_text":"","src":"https:\/\/i0.wp.com\/lahoradelcampo.com.uy\/site\/wp-content\/uploads\/2018\/03\/lanar-web.jpg?fit=880%2C440&ssl=1&resize=350%2C200","width":350,"height":200,"srcset":"https:\/\/i0.wp.com\/lahoradelcampo.com.uy\/site\/wp-content\/uploads\/2018\/03\/lanar-web.jpg?fit=880%2C440&ssl=1&resize=350%2C200 1x, https:\/\/i0.wp.com\/lahoradelcampo.com.uy\/site\/wp-content\/uploads\/2018\/03\/lanar-web.jpg?fit=880%2C440&ssl=1&resize=525%2C300 1.5x, https:\/\/i0.wp.com\/lahoradelcampo.com.uy\/site\/wp-content\/uploads\/2018\/03\/lanar-web.jpg?fit=880%2C440&ssl=1&resize=700%2C400 2x"},"classes":[]},{"id":13218,"url":"https:\/\/lahoradelcampo.com.uy\/site\/mercado-lanero-uruguayo-a-la-espera-de-la-reapertura-en-australia\/","url_meta":{"origin":46161,"position":1},"title":"Mercado lanero uruguayo a la espera de la reapertura en Australia","author":"La Hora del Campo","date":"1 agosto, 2019","format":false,"excerpt":"El mercado lanero interno en Uruguay retom\u00f3 las esquilas pre-parto esta semana luego de varios d\u00edas de inactividad debido al estado del tiempo, con precipitaciones en pr\u00e1cticamente todo el pa\u00eds. En la jornada de ayer el tiempo inestable en el norte llev\u00f3 a que muchos productores terminaran sus lotes en\u2026","rel":"","context":"En \u00abActualidad\u00bb","block_context":{"text":"Actualidad","link":"https:\/\/lahoradelcampo.com.uy\/site\/category\/actualidad\/"},"img":{"alt_text":"","src":"https:\/\/i0.wp.com\/lahoradelcampo.com.uy\/site\/wp-content\/uploads\/2017\/11\/lana-u.jpg?fit=880%2C440&ssl=1&resize=350%2C200","width":350,"height":200,"srcset":"https:\/\/i0.wp.com\/lahoradelcampo.com.uy\/site\/wp-content\/uploads\/2017\/11\/lana-u.jpg?fit=880%2C440&ssl=1&resize=350%2C200 1x, https:\/\/i0.wp.com\/lahoradelcampo.com.uy\/site\/wp-content\/uploads\/2017\/11\/lana-u.jpg?fit=880%2C440&ssl=1&resize=525%2C300 1.5x, https:\/\/i0.wp.com\/lahoradelcampo.com.uy\/site\/wp-content\/uploads\/2017\/11\/lana-u.jpg?fit=880%2C440&ssl=1&resize=700%2C400 2x"},"classes":[]},{"id":30942,"url":"https:\/\/lahoradelcampo.com.uy\/site\/tras-negocios-puntuales-productores-esperan-mejores-precios-para-vender\/","url_meta":{"origin":46161,"position":2},"title":"Tras negocios puntuales, productores esperan mejores precios para vender","author":"La Hora del Campo","date":"4 junio, 2021","format":false,"excerpt":"En las \u00faltimas semanas se han dado algunos negocios, que se se\u00f1alan como puntuales por algunos operadores, con precios que generan expectativas y hace que algunos productores vuelvan a posicionarse con valores por encima de lo que la demanda est\u00e1 convalidando en los negocios. Si bien tanto desde la industria\u2026","rel":"","context":"En \u00abActualidad\u00bb","block_context":{"text":"Actualidad","link":"https:\/\/lahoradelcampo.com.uy\/site\/category\/actualidad\/"},"img":{"alt_text":"","src":"https:\/\/i0.wp.com\/lahoradelcampo.com.uy\/site\/wp-content\/uploads\/2021\/06\/lanauruguay.jpg?fit=880%2C440&ssl=1&resize=350%2C200","width":350,"height":200,"srcset":"https:\/\/i0.wp.com\/lahoradelcampo.com.uy\/site\/wp-content\/uploads\/2021\/06\/lanauruguay.jpg?fit=880%2C440&ssl=1&resize=350%2C200 1x, https:\/\/i0.wp.com\/lahoradelcampo.com.uy\/site\/wp-content\/uploads\/2021\/06\/lanauruguay.jpg?fit=880%2C440&ssl=1&resize=525%2C300 1.5x, https:\/\/i0.wp.com\/lahoradelcampo.com.uy\/site\/wp-content\/uploads\/2021\/06\/lanauruguay.jpg?fit=880%2C440&ssl=1&resize=700%2C400 2x"},"classes":[]},{"id":11603,"url":"https:\/\/lahoradelcampo.com.uy\/site\/mercado-interno-sin-referencias-de-precios-y-sin-negocios-en-el-lomo\/","url_meta":{"origin":46161,"position":3},"title":"Mercado interno sin referencias de precios y sin negocios en el lomo","author":"La Hora del Campo","date":"7 junio, 2019","format":false,"excerpt":"Sin referencias de precios y negocios en el lomo La operativa del mercado lanero en Uruguay se mantuvo sin negocios concretados, que se dieran a conocer. En principio es un\u00e1nime el posicionamiento de los operadores de mercado sobre la situaci\u00f3n actual, donde si bien existen consultas constantes de los productores,\u2026","rel":"","context":"En \u00abActualidad\u00bb","block_context":{"text":"Actualidad","link":"https:\/\/lahoradelcampo.com.uy\/site\/category\/actualidad\/"},"img":{"alt_text":"","src":"https:\/\/i0.wp.com\/lahoradelcampo.com.uy\/site\/wp-content\/uploads\/2018\/05\/Lana.jpg?fit=880%2C440&ssl=1&resize=350%2C200","width":350,"height":200,"srcset":"https:\/\/i0.wp.com\/lahoradelcampo.com.uy\/site\/wp-content\/uploads\/2018\/05\/Lana.jpg?fit=880%2C440&ssl=1&resize=350%2C200 1x, https:\/\/i0.wp.com\/lahoradelcampo.com.uy\/site\/wp-content\/uploads\/2018\/05\/Lana.jpg?fit=880%2C440&ssl=1&resize=525%2C300 1.5x, https:\/\/i0.wp.com\/lahoradelcampo.com.uy\/site\/wp-content\/uploads\/2018\/05\/Lana.jpg?fit=880%2C440&ssl=1&resize=700%2C400 2x"},"classes":[]},{"id":16904,"url":"https:\/\/lahoradelcampo.com.uy\/site\/en-uruguay-el-mercado-continua-retraido-con-negocios-puntuales\/","url_meta":{"origin":46161,"position":4},"title":"En Uruguay el mercado contin\u00faa retra\u00eddo, con negocios puntuales","author":"La Hora del Campo","date":"17 enero, 2020","format":false,"excerpt":"A nivel del mercado interno en Uruguay no se ha logrado a\u00fan captar el comienzo alcista del mercado lanero en Australia, con un sector productivo que contin\u00faa sin presionar a una demanda que tambi\u00e9n est\u00e1 a la espera de negocios en el exterior que permitan una escala de precios que\u2026","rel":"","context":"En \u00abActualidad\u00bb","block_context":{"text":"Actualidad","link":"https:\/\/lahoradelcampo.com.uy\/site\/category\/actualidad\/"},"img":{"alt_text":"","src":"https:\/\/i0.wp.com\/lahoradelcampo.com.uy\/site\/wp-content\/uploads\/2017\/09\/Lanas-a.jpg?fit=880%2C440&ssl=1&resize=350%2C200","width":350,"height":200,"srcset":"https:\/\/i0.wp.com\/lahoradelcampo.com.uy\/site\/wp-content\/uploads\/2017\/09\/Lanas-a.jpg?fit=880%2C440&ssl=1&resize=350%2C200 1x, https:\/\/i0.wp.com\/lahoradelcampo.com.uy\/site\/wp-content\/uploads\/2017\/09\/Lanas-a.jpg?fit=880%2C440&ssl=1&resize=525%2C300 1.5x, https:\/\/i0.wp.com\/lahoradelcampo.com.uy\/site\/wp-content\/uploads\/2017\/09\/Lanas-a.jpg?fit=880%2C440&ssl=1&resize=700%2C400 2x"},"classes":[]},{"id":15990,"url":"https:\/\/lahoradelcampo.com.uy\/site\/mercado-lanero-pocos-negocios-y-los-valores-lejos-de-las-expectativas\/","url_meta":{"origin":46161,"position":5},"title":"Mercado lanero: Pocos negocios y los valores lejos de las expectativas","author":"La Hora del Campo","date":"24 noviembre, 2019","format":false,"excerpt":"El mercado interno se movi\u00f3 lentamente en algunos negocios sobre el pasado fin de semana para luego volver a aquietarse. Como es tradicional al acercarse al cierre del a\u00f1o, algunos productores buscan vender su lana, sin embargo a\u00fan da la sensaci\u00f3n que lejos est\u00e1 de conformarse un mercado fluido en\u2026","rel":"","context":"En \u00abActualidad\u00bb","block_context":{"text":"Actualidad","link":"https:\/\/lahoradelcampo.com.uy\/site\/category\/actualidad\/"},"img":{"alt_text":"","src":"https:\/\/i0.wp.com\/lahoradelcampo.com.uy\/site\/wp-content\/uploads\/2017\/10\/Lanas-2.jpg?fit=880%2C440&ssl=1&resize=350%2C200","width":350,"height":200,"srcset":"https:\/\/i0.wp.com\/lahoradelcampo.com.uy\/site\/wp-content\/uploads\/2017\/10\/Lanas-2.jpg?fit=880%2C440&ssl=1&resize=350%2C200 1x, https:\/\/i0.wp.com\/lahoradelcampo.com.uy\/site\/wp-content\/uploads\/2017\/10\/Lanas-2.jpg?fit=880%2C440&ssl=1&resize=525%2C300 1.5x, https:\/\/i0.wp.com\/lahoradelcampo.com.uy\/site\/wp-content\/uploads\/2017\/10\/Lanas-2.jpg?fit=880%2C440&ssl=1&resize=700%2C400 2x"},"classes":[]}],"jetpack_likes_enabled":true,"_links":{"self":[{"href":"https:\/\/lahoradelcampo.com.uy\/site\/wp-json\/wp\/v2\/posts\/46161","targetHints":{"allow":["GET"]}}],"collection":[{"href":"https:\/\/lahoradelcampo.com.uy\/site\/wp-json\/wp\/v2\/posts"}],"about":[{"href":"https:\/\/lahoradelcampo.com.uy\/site\/wp-json\/wp\/v2\/types\/post"}],"author":[{"embeddable":true,"href":"https:\/\/lahoradelcampo.com.uy\/site\/wp-json\/wp\/v2\/users\/5"}],"replies":[{"embeddable":true,"href":"https:\/\/lahoradelcampo.com.uy\/site\/wp-json\/wp\/v2\/comments?post=46161"}],"version-history":[{"count":1,"href":"https:\/\/lahoradelcampo.com.uy\/site\/wp-json\/wp\/v2\/posts\/46161\/revisions"}],"predecessor-version":[{"id":46163,"href":"https:\/\/lahoradelcampo.com.uy\/site\/wp-json\/wp\/v2\/posts\/46161\/revisions\/46163"}],"wp:featuredmedia":[{"embeddable":true,"href":"https:\/\/lahoradelcampo.com.uy\/site\/wp-json\/wp\/v2\/media\/29876"}],"wp:attachment":[{"href":"https:\/\/lahoradelcampo.com.uy\/site\/wp-json\/wp\/v2\/media?parent=46161"}],"wp:term":[{"taxonomy":"category","embeddable":true,"href":"https:\/\/lahoradelcampo.com.uy\/site\/wp-json\/wp\/v2\/categories?post=46161"},{"taxonomy":"post_tag","embeddable":true,"href":"https:\/\/lahoradelcampo.com.uy\/site\/wp-json\/wp\/v2\/tags?post=46161"}],"curies":[{"name":"wp","href":"https:\/\/api.w.org\/{rel}","templated":true}]}}