{"id":46153,"date":"2022-10-07T11:33:31","date_gmt":"2022-10-07T14:33:31","guid":{"rendered":"http:\/\/lahoradelcampo.com.uy\/site\/?p=46153"},"modified":"2022-10-07T11:33:36","modified_gmt":"2022-10-07T14:33:36","slug":"con-ajuste-en-los-valores-plaza-rural-realizo-su-remate-255-hereford","status":"publish","type":"post","link":"https:\/\/lahoradelcampo.com.uy\/site\/con-ajuste-en-los-valores-plaza-rural-realizo-su-remate-255-hereford\/","title":{"rendered":"Con ajuste en los valores, Plaza Rural realiz\u00f3 su remate 255 + Hereford"},"content":{"rendered":"\n<figure class=\"wp-block-image\"><img data-recalc-dims=\"1\" loading=\"lazy\" decoding=\"async\" width=\"810\" height=\"405\" data-attachment-id=\"46155\" data-permalink=\"https:\/\/lahoradelcampo.com.uy\/site\/con-ajuste-en-los-valores-plaza-rural-realizo-su-remate-255-hereford\/plazarural-general3-2\/\" data-orig-file=\"https:\/\/i0.wp.com\/lahoradelcampo.com.uy\/site\/wp-content\/uploads\/2022\/10\/Plazarural-general3.jpg?fit=880%2C440&amp;ssl=1\" data-orig-size=\"880,440\" data-comments-opened=\"1\" data-image-meta=\"{&quot;aperture&quot;:&quot;0&quot;,&quot;credit&quot;:&quot;&quot;,&quot;camera&quot;:&quot;&quot;,&quot;caption&quot;:&quot;&quot;,&quot;created_timestamp&quot;:&quot;0&quot;,&quot;copyright&quot;:&quot;&quot;,&quot;focal_length&quot;:&quot;0&quot;,&quot;iso&quot;:&quot;0&quot;,&quot;shutter_speed&quot;:&quot;0&quot;,&quot;title&quot;:&quot;&quot;,&quot;orientation&quot;:&quot;1&quot;}\" data-image-title=\"Plazarural-general3\" data-image-description=\"\" data-image-caption=\"\" data-large-file=\"https:\/\/i0.wp.com\/lahoradelcampo.com.uy\/site\/wp-content\/uploads\/2022\/10\/Plazarural-general3.jpg?fit=810%2C405&amp;ssl=1\" src=\"https:\/\/i0.wp.com\/lahoradelcampo.com.uy\/site\/wp-content\/uploads\/2022\/10\/Plazarural-general3.jpg?resize=810%2C405\" alt=\"\" class=\"wp-image-46155\" srcset=\"https:\/\/i0.wp.com\/lahoradelcampo.com.uy\/site\/wp-content\/uploads\/2022\/10\/Plazarural-general3.jpg?w=880&amp;ssl=1 880w, https:\/\/i0.wp.com\/lahoradelcampo.com.uy\/site\/wp-content\/uploads\/2022\/10\/Plazarural-general3.jpg?resize=300%2C150&amp;ssl=1 300w, https:\/\/i0.wp.com\/lahoradelcampo.com.uy\/site\/wp-content\/uploads\/2022\/10\/Plazarural-general3.jpg?resize=768%2C384&amp;ssl=1 768w, https:\/\/i0.wp.com\/lahoradelcampo.com.uy\/site\/wp-content\/uploads\/2022\/10\/Plazarural-general3.jpg?resize=820%2C410&amp;ssl=1 820w\" sizes=\"auto, (max-width: 810px) 100vw, 810px\" \/><\/figure>\n\n\n\n<p>El consorcio de rematadores de Plaza Rural realiz\u00f3 en la jornada de ayer, su remate 255, donde incluy\u00f3 ganados certificados por la Sociedad de Criadores de Hereford del Uruguay. Las ventas tuvieron agilidad de por momentos, con algunas categor\u00edas superando el 90% de colocaci\u00f3n de la oferta y con valores al alza, en tanto que otras con un mercado m\u00e1s enlentecido. Sin embargo la generalidad del mercado de un nuevo ajuste en los valores de la reposici\u00f3n. <br><\/p>\n\n\n\n<p>Ger\u00f3nimo Brea, integrante del escritorio Brea Saravia, dijo que \u00abla gran mayor\u00eda de las categor\u00edas se vienen ajustando al kilo, pero hay categor\u00edas como el novillo de 2 a 3 y m\u00e1s 3 a\u00f1os que no tuvieron bajas, sino todo lo contrario, ajustaron al alza\u00bb. El rematador dijo que debido a los \u00faltimos ajustes, el vendedor se ha adaptado al nuevo mercado y eso hace que se haya flexibilizado los arranques y que el remate tenga m\u00e1s dinamismo. <br><\/p>\n\n\n\n<p>Por su parte, Alvaro Gastel\u00fa integrante del escritorio Carlos de Freitas, dijo que \u00abfue un mercado menos trabajoso, porque ya se hab\u00eda formado el mercado la semana pasada\u00bb. En lo que hace a la vaca de invernar y la escalera de novillos se\u00f1al\u00f3 que la comercializaci\u00f3n fue \u00abfluida, m\u00e1s \u00e1gil, y con valores bastante razonables\u00bb, en tanto que en los ganados de cr\u00eda, \u00abel mercado fue un poquito m\u00e1s flojo, pero de todas formas con valores buenos\u00bb.<\/p>\n\n\n\n<div class=\"wp-block-image\"><figure class=\"aligncenter is-resized\"><img data-recalc-dims=\"1\" loading=\"lazy\" decoding=\"async\" data-attachment-id=\"46157\" data-permalink=\"https:\/\/lahoradelcampo.com.uy\/site\/con-ajuste-en-los-valores-plaza-rural-realizo-su-remate-255-hereford\/valoresplaza\/\" data-orig-file=\"https:\/\/i0.wp.com\/lahoradelcampo.com.uy\/site\/wp-content\/uploads\/2022\/10\/valoresplaza.jpg?fit=589%2C613&amp;ssl=1\" data-orig-size=\"589,613\" data-comments-opened=\"1\" data-image-meta=\"{&quot;aperture&quot;:&quot;0&quot;,&quot;credit&quot;:&quot;&quot;,&quot;camera&quot;:&quot;&quot;,&quot;caption&quot;:&quot;&quot;,&quot;created_timestamp&quot;:&quot;0&quot;,&quot;copyright&quot;:&quot;&quot;,&quot;focal_length&quot;:&quot;0&quot;,&quot;iso&quot;:&quot;0&quot;,&quot;shutter_speed&quot;:&quot;0&quot;,&quot;title&quot;:&quot;&quot;,&quot;orientation&quot;:&quot;0&quot;}\" data-image-title=\"valoresplaza\" data-image-description=\"\" data-image-caption=\"\" data-large-file=\"https:\/\/i0.wp.com\/lahoradelcampo.com.uy\/site\/wp-content\/uploads\/2022\/10\/valoresplaza.jpg?fit=589%2C613&amp;ssl=1\" src=\"https:\/\/i0.wp.com\/lahoradelcampo.com.uy\/site\/wp-content\/uploads\/2022\/10\/valoresplaza.jpg?resize=377%2C392\" alt=\"\" class=\"wp-image-46157\" width=\"377\" height=\"392\" srcset=\"https:\/\/i0.wp.com\/lahoradelcampo.com.uy\/site\/wp-content\/uploads\/2022\/10\/valoresplaza.jpg?w=589&amp;ssl=1 589w, https:\/\/i0.wp.com\/lahoradelcampo.com.uy\/site\/wp-content\/uploads\/2022\/10\/valoresplaza.jpg?resize=288%2C300&amp;ssl=1 288w\" sizes=\"auto, (max-width: 377px) 100vw, 377px\" \/><\/figure><\/div>\n\n\n\n<p>Salto, viernes 7 de octubre de 2022<\/p>\n","protected":false},"excerpt":{"rendered":"<p>El consorcio de rematadores de Plaza Rural realiz\u00f3 en la jornada de ayer, su remate 255, donde incluy\u00f3 ganados certificados por la Sociedad de Criadores de Hereford del Uruguay. Las [&hellip;]<\/p>\n","protected":false},"author":5,"featured_media":46155,"comment_status":"open","ping_status":"open","sticky":false,"template":"","format":"standard","meta":{"_price":"","_stock":"","_tribe_ticket_header":"","_tribe_default_ticket_provider":"","_tribe_ticket_capacity":"0","_ticket_start_date":"","_ticket_end_date":"","_tribe_ticket_show_description":"","_tribe_ticket_show_not_going":false,"_tribe_ticket_use_global_stock":"","_tribe_ticket_global_stock_level":"","_global_stock_mode":"","_global_stock_cap":"","_tribe_rsvp_for_event":"","_tribe_ticket_going_count":"","_tribe_ticket_not_going_count":"","_tribe_tickets_list":"[]","_tribe_ticket_has_attendee_info_fields":false,"h5ap_radio_sources":[],"_jetpack_newsletter_access":"","_jetpack_dont_email_post_to_subs":false,"_jetpack_newsletter_tier_id":0,"_jetpack_memberships_contains_paywalled_content":false,"_jetpack_memberships_contains_paid_content":false,"footnotes":""},"categories":[21,5],"tags":[],"class_list":["post-46153","post","type-post","status-publish","format-standard","has-post-thumbnail","hentry","category-actualidad","category-ganaderia"],"jetpack_featured_media_url":"https:\/\/i0.wp.com\/lahoradelcampo.com.uy\/site\/wp-content\/uploads\/2022\/10\/Plazarural-general3.jpg?fit=880%2C440&ssl=1","jetpack_sharing_enabled":true,"jetpack_shortlink":"https:\/\/wp.me\/p99IaT-c0p","jetpack-related-posts":[{"id":51335,"url":"https:\/\/lahoradelcampo.com.uy\/site\/fuerte-demanda-y-alta-colocacionen-el-270-remate-de-plaza-rural\/","url_meta":{"origin":46153,"position":0},"title":"Fuerte demanda y alta colocaci\u00f3nen el 270 remate de Plaza Rural","author":"La Hora del Campo","date":"22 junio, 2023","format":false,"excerpt":"El 270\u00b0 remate de Plaza Rural inici\u00f3 con gran \u00e9xito, registrando un aumento significativo en las ventas de todas las categor\u00edas. Destacando un incremento del 10,3% en la comercializaci\u00f3n de m\u00e1s de 400 terneros livianos y una alta tasa de colocaci\u00f3n del 94%. Mauricio Digenova de Zambrano & C\u00eda resalt\u00f3\u2026","rel":"","context":"En \u00abActualidad\u00bb","block_context":{"text":"Actualidad","link":"https:\/\/lahoradelcampo.com.uy\/site\/category\/actualidad\/"},"img":{"alt_text":"","src":"https:\/\/i0.wp.com\/lahoradelcampo.com.uy\/site\/wp-content\/uploads\/2017\/10\/Plaza-Rural.jpg?fit=880%2C440&ssl=1&resize=350%2C200","width":350,"height":200,"srcset":"https:\/\/i0.wp.com\/lahoradelcampo.com.uy\/site\/wp-content\/uploads\/2017\/10\/Plaza-Rural.jpg?fit=880%2C440&ssl=1&resize=350%2C200 1x, https:\/\/i0.wp.com\/lahoradelcampo.com.uy\/site\/wp-content\/uploads\/2017\/10\/Plaza-Rural.jpg?fit=880%2C440&ssl=1&resize=525%2C300 1.5x, https:\/\/i0.wp.com\/lahoradelcampo.com.uy\/site\/wp-content\/uploads\/2017\/10\/Plaza-Rural.jpg?fit=880%2C440&ssl=1&resize=700%2C400 2x"},"classes":[]},{"id":42081,"url":"https:\/\/lahoradelcampo.com.uy\/site\/plaza-rural-finalizo-su-remate-248-con-el-92-de-colocacion\/","url_meta":{"origin":46153,"position":1},"title":"Plaza Rural finaliz\u00f3 su remate 248 con el 92% de colocaci\u00f3n","author":"La Hora del Campo","date":"23 mayo, 2022","format":false,"excerpt":"M\u00e1s all\u00e1 de los ajustes de precios que se observaron en algunas categor\u00edas, Plaza Rural contin\u00faa colocando un alto porcentaje de una importante oferta de reposici\u00f3n como la ofrecida en este remate 248, que adem\u00e1s incluy\u00f3 el Plaza Angus. Ignacio Victorica, integrante del consorcio de rematadores, dijo que \"en l\u00edneas\u2026","rel":"","context":"En \u00abActualidad\u00bb","block_context":{"text":"Actualidad","link":"https:\/\/lahoradelcampo.com.uy\/site\/category\/actualidad\/"},"img":{"alt_text":"","src":"https:\/\/i0.wp.com\/lahoradelcampo.com.uy\/site\/wp-content\/uploads\/2022\/05\/Plazarural-general3.jpg?fit=880%2C440&ssl=1&resize=350%2C200","width":350,"height":200,"srcset":"https:\/\/i0.wp.com\/lahoradelcampo.com.uy\/site\/wp-content\/uploads\/2022\/05\/Plazarural-general3.jpg?fit=880%2C440&ssl=1&resize=350%2C200 1x, https:\/\/i0.wp.com\/lahoradelcampo.com.uy\/site\/wp-content\/uploads\/2022\/05\/Plazarural-general3.jpg?fit=880%2C440&ssl=1&resize=525%2C300 1.5x, https:\/\/i0.wp.com\/lahoradelcampo.com.uy\/site\/wp-content\/uploads\/2022\/05\/Plazarural-general3.jpg?fit=880%2C440&ssl=1&resize=700%2C400 2x"},"classes":[]},{"id":35279,"url":"https:\/\/lahoradelcampo.com.uy\/site\/en-plaza-rural-se-coloco-el-95-de-la-oferta\/","url_meta":{"origin":46153,"position":2},"title":"En Plaza Rural se coloc\u00f3 el 95% de la oferta","author":"La Hora del Campo","date":"10 octubre, 2021","format":false,"excerpt":"El marco del remate era por dem\u00e1s interesante por las caracter\u00edsticas excepcionales del mercado ganadero en Uruguay. Y vaya si Plaza Rural lo confirm\u00f3 con el dinamismo de ventas, reafirm\u00e1ndolo con la comercializaci\u00f3n de 11.373 vacunos en 205 lotes (95% de la oferta), y evidenciando la tonificaci\u00f3n con valores en\u2026","rel":"","context":"En \u00abActualidad\u00bb","block_context":{"text":"Actualidad","link":"https:\/\/lahoradelcampo.com.uy\/site\/category\/actualidad\/"},"img":{"alt_text":"","src":"https:\/\/i0.wp.com\/lahoradelcampo.com.uy\/site\/wp-content\/uploads\/2021\/02\/PLazarural.jpg?fit=880%2C440&ssl=1&resize=350%2C200","width":350,"height":200,"srcset":"https:\/\/i0.wp.com\/lahoradelcampo.com.uy\/site\/wp-content\/uploads\/2021\/02\/PLazarural.jpg?fit=880%2C440&ssl=1&resize=350%2C200 1x, https:\/\/i0.wp.com\/lahoradelcampo.com.uy\/site\/wp-content\/uploads\/2021\/02\/PLazarural.jpg?fit=880%2C440&ssl=1&resize=525%2C300 1.5x, https:\/\/i0.wp.com\/lahoradelcampo.com.uy\/site\/wp-content\/uploads\/2021\/02\/PLazarural.jpg?fit=880%2C440&ssl=1&resize=700%2C400 2x"},"classes":[]},{"id":44491,"url":"https:\/\/lahoradelcampo.com.uy\/site\/plaza-rural-cerro-su-remate-251-con-un-97-de-ventas\/","url_meta":{"origin":46153,"position":3},"title":"Plaza Rural cerr\u00f3 su remate 251 con un 97% de ventas","author":"La Hora del Campo","date":"5 agosto, 2022","format":false,"excerpt":"El consorcio de rematadores de Plaza Rural concret\u00f3 su primer remate del mes de agosto con un 97% de colocaci\u00f3n y suba de valores en varias de las categor\u00edas comercializadas. En total se colocaron 3.226 vacunos. Plaza Rural ha definido varias ventas, de aqu\u00ed a fin de a\u00f1o, que reforzaran\u2026","rel":"","context":"En \u00abActualidad\u00bb","block_context":{"text":"Actualidad","link":"https:\/\/lahoradelcampo.com.uy\/site\/category\/actualidad\/"},"img":{"alt_text":"","src":"https:\/\/i0.wp.com\/lahoradelcampo.com.uy\/site\/wp-content\/uploads\/2022\/08\/plaza-remate251.jpg?fit=880%2C440&ssl=1&resize=350%2C200","width":350,"height":200,"srcset":"https:\/\/i0.wp.com\/lahoradelcampo.com.uy\/site\/wp-content\/uploads\/2022\/08\/plaza-remate251.jpg?fit=880%2C440&ssl=1&resize=350%2C200 1x, https:\/\/i0.wp.com\/lahoradelcampo.com.uy\/site\/wp-content\/uploads\/2022\/08\/plaza-remate251.jpg?fit=880%2C440&ssl=1&resize=525%2C300 1.5x, https:\/\/i0.wp.com\/lahoradelcampo.com.uy\/site\/wp-content\/uploads\/2022\/08\/plaza-remate251.jpg?fit=880%2C440&ssl=1&resize=700%2C400 2x"},"classes":[]},{"id":4921,"url":"https:\/\/lahoradelcampo.com.uy\/site\/plaza-rural-coloco-el-86-de-la-oferta-de-invernada\/","url_meta":{"origin":46153,"position":4},"title":"Plaza Rural coloc\u00f3 el 86% de la oferta de invernada","author":"La Hora del Campo","date":"14 diciembre, 2017","format":false,"excerpt":"En su primer d\u00eda de ventas del remate 189 de Plaza Rural, el consorcio de rematadores logr\u00f3 colocar el 100% de los ovinos y el 86% de las categor\u00edas de invernada, en una venta que ajusto a la baja los valores de los vacunos. El martillero Francisco C\u00e1nepa, principal del\u2026","rel":"","context":"En \u00abActualidad\u00bb","block_context":{"text":"Actualidad","link":"https:\/\/lahoradelcampo.com.uy\/site\/category\/actualidad\/"},"img":{"alt_text":"","src":"https:\/\/i0.wp.com\/lahoradelcampo.com.uy\/site\/wp-content\/uploads\/2017\/12\/Plaza.jpg?fit=880%2C440&ssl=1&resize=350%2C200","width":350,"height":200,"srcset":"https:\/\/i0.wp.com\/lahoradelcampo.com.uy\/site\/wp-content\/uploads\/2017\/12\/Plaza.jpg?fit=880%2C440&ssl=1&resize=350%2C200 1x, https:\/\/i0.wp.com\/lahoradelcampo.com.uy\/site\/wp-content\/uploads\/2017\/12\/Plaza.jpg?fit=880%2C440&ssl=1&resize=525%2C300 1.5x, https:\/\/i0.wp.com\/lahoradelcampo.com.uy\/site\/wp-content\/uploads\/2017\/12\/Plaza.jpg?fit=880%2C440&ssl=1&resize=700%2C400 2x"},"classes":[]},{"id":12753,"url":"https:\/\/lahoradelcampo.com.uy\/site\/plaza-rural-coloco-el-100-de-la-oferta-de-invernada\/","url_meta":{"origin":46153,"position":5},"title":"Plaza Rural coloc\u00f3 el 100% de la oferta de invernada","author":"La Hora del Campo","date":"16 julio, 2019","format":false,"excerpt":"En su primer d\u00eda de ventas del remate 209, los integrantes del consorcio de Plaza Rural colocaron los 8.844 vacunos propuestos por los vendedores, comercializando el 100% de la oferta en un mercado demandado y con ajuste de valores en las categor\u00edas de terneros, novillos de m\u00e1s de 3 a\u00f1os\u2026","rel":"","context":"En \u00abActualidad\u00bb","block_context":{"text":"Actualidad","link":"https:\/\/lahoradelcampo.com.uy\/site\/category\/actualidad\/"},"img":{"alt_text":"","src":"https:\/\/i0.wp.com\/lahoradelcampo.com.uy\/site\/wp-content\/uploads\/2019\/07\/plaza-rural.jpg?fit=880%2C440&ssl=1&resize=350%2C200","width":350,"height":200,"srcset":"https:\/\/i0.wp.com\/lahoradelcampo.com.uy\/site\/wp-content\/uploads\/2019\/07\/plaza-rural.jpg?fit=880%2C440&ssl=1&resize=350%2C200 1x, https:\/\/i0.wp.com\/lahoradelcampo.com.uy\/site\/wp-content\/uploads\/2019\/07\/plaza-rural.jpg?fit=880%2C440&ssl=1&resize=525%2C300 1.5x, https:\/\/i0.wp.com\/lahoradelcampo.com.uy\/site\/wp-content\/uploads\/2019\/07\/plaza-rural.jpg?fit=880%2C440&ssl=1&resize=700%2C400 2x"},"classes":[]}],"jetpack_likes_enabled":true,"_links":{"self":[{"href":"https:\/\/lahoradelcampo.com.uy\/site\/wp-json\/wp\/v2\/posts\/46153","targetHints":{"allow":["GET"]}}],"collection":[{"href":"https:\/\/lahoradelcampo.com.uy\/site\/wp-json\/wp\/v2\/posts"}],"about":[{"href":"https:\/\/lahoradelcampo.com.uy\/site\/wp-json\/wp\/v2\/types\/post"}],"author":[{"embeddable":true,"href":"https:\/\/lahoradelcampo.com.uy\/site\/wp-json\/wp\/v2\/users\/5"}],"replies":[{"embeddable":true,"href":"https:\/\/lahoradelcampo.com.uy\/site\/wp-json\/wp\/v2\/comments?post=46153"}],"version-history":[{"count":1,"href":"https:\/\/lahoradelcampo.com.uy\/site\/wp-json\/wp\/v2\/posts\/46153\/revisions"}],"predecessor-version":[{"id":46159,"href":"https:\/\/lahoradelcampo.com.uy\/site\/wp-json\/wp\/v2\/posts\/46153\/revisions\/46159"}],"wp:featuredmedia":[{"embeddable":true,"href":"https:\/\/lahoradelcampo.com.uy\/site\/wp-json\/wp\/v2\/media\/46155"}],"wp:attachment":[{"href":"https:\/\/lahoradelcampo.com.uy\/site\/wp-json\/wp\/v2\/media?parent=46153"}],"wp:term":[{"taxonomy":"category","embeddable":true,"href":"https:\/\/lahoradelcampo.com.uy\/site\/wp-json\/wp\/v2\/categories?post=46153"},{"taxonomy":"post_tag","embeddable":true,"href":"https:\/\/lahoradelcampo.com.uy\/site\/wp-json\/wp\/v2\/tags?post=46153"}],"curies":[{"name":"wp","href":"https:\/\/api.w.org\/{rel}","templated":true}]}}