{"id":46147,"date":"2022-10-07T11:26:55","date_gmt":"2022-10-07T14:26:55","guid":{"rendered":"http:\/\/lahoradelcampo.com.uy\/site\/?p=46147"},"modified":"2022-10-07T11:27:04","modified_gmt":"2022-10-07T14:27:04","slug":"nu-pora-vendio-sus-polled-hereford-en-us-3-756-de-promedio","status":"publish","type":"post","link":"https:\/\/lahoradelcampo.com.uy\/site\/nu-pora-vendio-sus-polled-hereford-en-us-3-756-de-promedio\/","title":{"rendered":"\u00d1u Por\u00e1 vendi\u00f3 sus Polled Hereford en US$ 3.756 de promedio"},"content":{"rendered":"\n<figure class=\"wp-block-image\"><img data-recalc-dims=\"1\" loading=\"lazy\" decoding=\"async\" width=\"810\" height=\"405\" data-attachment-id=\"46149\" data-permalink=\"https:\/\/lahoradelcampo.com.uy\/site\/nu-pora-vendio-sus-polled-hereford-en-us-3-756-de-promedio\/nu-pora-remate\/\" data-orig-file=\"https:\/\/i0.wp.com\/lahoradelcampo.com.uy\/site\/wp-content\/uploads\/2022\/10\/%C3%91u-Por%C3%A1-Remate.jpg?fit=880%2C440&amp;ssl=1\" data-orig-size=\"880,440\" data-comments-opened=\"1\" data-image-meta=\"{&quot;aperture&quot;:&quot;0&quot;,&quot;credit&quot;:&quot;&quot;,&quot;camera&quot;:&quot;&quot;,&quot;caption&quot;:&quot;&quot;,&quot;created_timestamp&quot;:&quot;0&quot;,&quot;copyright&quot;:&quot;&quot;,&quot;focal_length&quot;:&quot;0&quot;,&quot;iso&quot;:&quot;0&quot;,&quot;shutter_speed&quot;:&quot;0&quot;,&quot;title&quot;:&quot;&quot;,&quot;orientation&quot;:&quot;1&quot;}\" data-image-title=\"\u00d1u Por\u00e1 Remate\" data-image-description=\"\" data-image-caption=\"\" data-large-file=\"https:\/\/i0.wp.com\/lahoradelcampo.com.uy\/site\/wp-content\/uploads\/2022\/10\/%C3%91u-Por%C3%A1-Remate.jpg?fit=810%2C405&amp;ssl=1\" src=\"https:\/\/i0.wp.com\/lahoradelcampo.com.uy\/site\/wp-content\/uploads\/2022\/10\/%C3%91u-Por%C3%A1-Remate.jpg?resize=810%2C405\" alt=\"\" class=\"wp-image-46149\" srcset=\"https:\/\/i0.wp.com\/lahoradelcampo.com.uy\/site\/wp-content\/uploads\/2022\/10\/%C3%91u-Por%C3%A1-Remate.jpg?w=880&amp;ssl=1 880w, https:\/\/i0.wp.com\/lahoradelcampo.com.uy\/site\/wp-content\/uploads\/2022\/10\/%C3%91u-Por%C3%A1-Remate.jpg?resize=300%2C150&amp;ssl=1 300w, https:\/\/i0.wp.com\/lahoradelcampo.com.uy\/site\/wp-content\/uploads\/2022\/10\/%C3%91u-Por%C3%A1-Remate.jpg?resize=768%2C384&amp;ssl=1 768w, https:\/\/i0.wp.com\/lahoradelcampo.com.uy\/site\/wp-content\/uploads\/2022\/10\/%C3%91u-Por%C3%A1-Remate.jpg?resize=820%2C410&amp;ssl=1 820w\" sizes=\"auto, (max-width: 810px) 100vw, 810px\" \/><\/figure>\n\n\n\n<p>En una tarde gris, fr\u00eda, y donde la lluvia amag\u00f3 al iniciar las ventas pero luego no se concret\u00f3 en el volumen que se espera, la caba\u00f1a sanducera \u00d1u Por\u00e1 llev\u00f3 adelante su remate 2022, en el marco de esta zafra de reproductores. Bajo los martillos de Alejandro Dutra y Walter Hugo Abelenda, del Escritorio Dutra e  Indarte &amp; C\u00eda. respectivamente, tambi\u00e9n estuvieron presentes los toros de la caba\u00f1a invitada Santa Mar\u00eda del Arapey. <br><\/p>\n\n\n\n<p>La colocaci\u00f3n de la torada fue parcial en ambas caba\u00f1as, \u00abnos quedamos sin compradores para el grupo de toros que ten\u00edamos\u00bb dijo el martillero Alejandro Dutra al cierre de las ventas. Al mismo tiempo se\u00f1al\u00f3 que \u00abel precio de lo que se vendi\u00f3, se vendi\u00f3 muy bien, a muy buenos valores\u00bb. <br><\/p>\n\n\n\n<p>Por su parte el Ing. Agr. Fernando Indarte, integrante de Indarte &amp; C\u00eda, \u00abentre \u00d1u Por\u00e1 y la caba\u00f1a invitada Santa Mar\u00eda del Arapey, promediaron en el entorno de los 3.700 d\u00f3lares, 200 d\u00f3lares por encima del a\u00f1o anterior, en este contexto de bajas de valores de la hacienda y por sobre todas las cosas, de la escasez de lluvia, hace que la gente se haya puesto cautelosa\u00bb. A pesar de que la venta no fue total, dijo \u00abestamos s\u00faper conformes con lo que se coloc\u00f3\u00bb. <br><\/p>\n\n\n\n<p>Los valores para la caba\u00f1a \u00d1u Por\u00e1 de la familia Parietti Henderson fueron de US$ 5.400 de m\u00e1ximo, US$ 3.000 de m\u00ednimo y US$ 3.756 de promedio. El Ing. Carlos Parietti dijo que \u00abfue un remate un poco m\u00e1s trancado de lo normal en a\u00f1os anteriores, pero el promedio fue un poquito superior al a\u00f1o pasado y estamos conformes\u00bb. <br><\/p>\n\n\n\n<p>En el caso de la caba\u00f1a invitada Santa Mar\u00eda del Arapey, los valores fluctuaron entre US$ 5.040 de m\u00e1ximo y US$ 3.000 de m\u00ednimo con un promedio de US$ 3.775. Alejandra Parietti, principal de la caba\u00f1a art\u00edguense, dijo \u00abvi un remate donde fue saliendo la torada, fue un remate bueno y ahora a mirar el a\u00f1o que viene\u00bb. <\/p>\n\n\n\n<p>Salto, viernes 7 de octubre de 2022<\/p>\n","protected":false},"excerpt":{"rendered":"<p>En una tarde gris, fr\u00eda, y donde la lluvia amag\u00f3 al iniciar las ventas pero luego no se concret\u00f3 en el volumen que se espera, la caba\u00f1a sanducera \u00d1u Por\u00e1 [&hellip;]<\/p>\n","protected":false},"author":5,"featured_media":46149,"comment_status":"open","ping_status":"open","sticky":false,"template":"","format":"standard","meta":{"_price":"","_stock":"","_tribe_ticket_header":"","_tribe_default_ticket_provider":"","_tribe_ticket_capacity":"0","_ticket_start_date":"","_ticket_end_date":"","_tribe_ticket_show_description":"","_tribe_ticket_show_not_going":false,"_tribe_ticket_use_global_stock":"","_tribe_ticket_global_stock_level":"","_global_stock_mode":"","_global_stock_cap":"","_tribe_rsvp_for_event":"","_tribe_ticket_going_count":"","_tribe_ticket_not_going_count":"","_tribe_tickets_list":"[]","_tribe_ticket_has_attendee_info_fields":false,"h5ap_radio_sources":[],"_jetpack_newsletter_access":"","_jetpack_dont_email_post_to_subs":false,"_jetpack_newsletter_tier_id":0,"_jetpack_memberships_contains_paywalled_content":false,"_jetpack_memberships_contains_paid_content":false,"footnotes":""},"categories":[21,5],"tags":[],"class_list":["post-46147","post","type-post","status-publish","format-standard","has-post-thumbnail","hentry","category-actualidad","category-ganaderia"],"jetpack_featured_media_url":"https:\/\/i0.wp.com\/lahoradelcampo.com.uy\/site\/wp-content\/uploads\/2022\/10\/%C3%91u-Por%C3%A1-Remate.jpg?fit=880%2C440&ssl=1","jetpack_sharing_enabled":true,"jetpack_shortlink":"https:\/\/wp.me\/p99IaT-c0j","jetpack-related-posts":[{"id":24702,"url":"https:\/\/lahoradelcampo.com.uy\/site\/el-polled-hereford-de-nu-pora-se-vendio-a-us-3-434\/","url_meta":{"origin":46147,"position":0},"title":"El Polled Hereford de \u00d1u Por\u00e1 se vendi\u00f3 a US$ 3.434","author":"La Hora del Campo","date":"16 octubre, 2020","format":false,"excerpt":"En una hora se dispersaron la totalidad de los 41 toros Polled Hereford ofertados por \u201c\u00d1u Por\u00e1\u201d y \u201cSanta Mar\u00eda de Arapey\u201d, en subasta a cargo de Indarte y C\u00eda. y Escritorio Dutra, y realizado en la propia caba\u00f1a del departamento de Paysand\u00fa. Alejandro Dutra y Joaqu\u00edn Abelenda se alternaron\u2026","rel":"","context":"En \u00abActualidad\u00bb","block_context":{"text":"Actualidad","link":"https:\/\/lahoradelcampo.com.uy\/site\/category\/actualidad\/"},"img":{"alt_text":"","src":"https:\/\/i0.wp.com\/lahoradelcampo.com.uy\/site\/wp-content\/uploads\/2020\/10\/%C3%B1uporaventa.jpg?fit=880%2C440&ssl=1&resize=350%2C200","width":350,"height":200,"srcset":"https:\/\/i0.wp.com\/lahoradelcampo.com.uy\/site\/wp-content\/uploads\/2020\/10\/%C3%B1uporaventa.jpg?fit=880%2C440&ssl=1&resize=350%2C200 1x, https:\/\/i0.wp.com\/lahoradelcampo.com.uy\/site\/wp-content\/uploads\/2020\/10\/%C3%B1uporaventa.jpg?fit=880%2C440&ssl=1&resize=525%2C300 1.5x, https:\/\/i0.wp.com\/lahoradelcampo.com.uy\/site\/wp-content\/uploads\/2020\/10\/%C3%B1uporaventa.jpg?fit=880%2C440&ssl=1&resize=700%2C400 2x"},"classes":[]},{"id":15190,"url":"https:\/\/lahoradelcampo.com.uy\/site\/nu-pora-y-santa-maria-del-arapey-vendieron-sus-hereford-en-us-3-738\/","url_meta":{"origin":46147,"position":1},"title":"\u00d1u Por\u00e1 y Santa Mar\u00eda del Arapey vendieron sus Hereford en US$ 3.738","author":"La Hora del Campo","date":"18 octubre, 2019","format":false,"excerpt":"Con firmeza y buenos precios para la actual zafra de reproductores, \"\u00d1u Por\u00e1\" vendi\u00f3 en la propia estancia del departamento de Paysand\u00fa, 59 toros Polled Hereford, incluyendo los de \"Santa Mar\u00eda de Arapey\" de Alejandra Parietti, en U$S 3.738. Las ventas a cargo de Indarte y C\u00eda. y Escritorio Dutra,\u2026","rel":"","context":"En \u00abActualidad\u00bb","block_context":{"text":"Actualidad","link":"https:\/\/lahoradelcampo.com.uy\/site\/category\/actualidad\/"},"img":{"alt_text":"","src":"https:\/\/i0.wp.com\/lahoradelcampo.com.uy\/site\/wp-content\/uploads\/2019\/10\/%C3%91u-Pora.jpg?fit=880%2C440&ssl=1&resize=350%2C200","width":350,"height":200,"srcset":"https:\/\/i0.wp.com\/lahoradelcampo.com.uy\/site\/wp-content\/uploads\/2019\/10\/%C3%91u-Pora.jpg?fit=880%2C440&ssl=1&resize=350%2C200 1x, https:\/\/i0.wp.com\/lahoradelcampo.com.uy\/site\/wp-content\/uploads\/2019\/10\/%C3%91u-Pora.jpg?fit=880%2C440&ssl=1&resize=525%2C300 1.5x, https:\/\/i0.wp.com\/lahoradelcampo.com.uy\/site\/wp-content\/uploads\/2019\/10\/%C3%91u-Pora.jpg?fit=880%2C440&ssl=1&resize=700%2C400 2x"},"classes":[]},{"id":2265,"url":"https:\/\/lahoradelcampo.com.uy\/site\/nu-pora-alcanzo-us-3-020-de-promedio\/","url_meta":{"origin":46147,"position":2},"title":"\u00d1u Por\u00e1 alcanzo U$S 3.020 de promedio","author":"La Hora del Campo ADMIN","date":"6 octubre, 2017","format":false,"excerpt":"La caba\u00f1a \u00d1u Por\u00e1 de la familia Parietti Henderson celebr\u00f3 sus 50 a\u00f1os de remate, con ventas parciales en la pista, salieron cuatro toros sin vender, pero que se colocaron r\u00e1pidamente al finalizar las ventas. El remate estuvo a cargo de Indarte y C\u00eda, con Escritorio Dutra y administraci\u00f3n de\u2026","rel":"","context":"En \u00abActualidad\u00bb","block_context":{"text":"Actualidad","link":"https:\/\/lahoradelcampo.com.uy\/site\/category\/actualidad\/"},"img":{"alt_text":"","src":"https:\/\/i0.wp.com\/lahoradelcampo.com.uy\/site\/wp-content\/uploads\/2017\/10\/%C3%91u-Por%C3%A1.jpg?fit=880%2C440&ssl=1&resize=350%2C200","width":350,"height":200,"srcset":"https:\/\/i0.wp.com\/lahoradelcampo.com.uy\/site\/wp-content\/uploads\/2017\/10\/%C3%91u-Por%C3%A1.jpg?fit=880%2C440&ssl=1&resize=350%2C200 1x, https:\/\/i0.wp.com\/lahoradelcampo.com.uy\/site\/wp-content\/uploads\/2017\/10\/%C3%91u-Por%C3%A1.jpg?fit=880%2C440&ssl=1&resize=525%2C300 1.5x, https:\/\/i0.wp.com\/lahoradelcampo.com.uy\/site\/wp-content\/uploads\/2017\/10\/%C3%91u-Por%C3%A1.jpg?fit=880%2C440&ssl=1&resize=700%2C400 2x"},"classes":[]},{"id":57036,"url":"https:\/\/lahoradelcampo.com.uy\/site\/los-polled-hereford-de-nu-pora-promediaron-us-4-517\/","url_meta":{"origin":46147,"position":3},"title":"Los Polled Hereford de \u00d1u Por\u00e1 promediaron U$S 4.517","author":"La Hora del Campo","date":"10 octubre, 2025","format":false,"excerpt":"Con agilidad y demanda, la caba\u00f1a \u00d1u Por\u00e1, junto a Santa Mar\u00eda de Arapey, concret\u00f3 un remate excepcional de toros Polled Hereford, logrando ventas totales y un promedio de U$S 4.517, cifra que representa un aumento cercano al 30% respecto al a\u00f1o anterior. La subasta a cargo de las firmas\u2026","rel":"","context":"En \u00abActualidad\u00bb","block_context":{"text":"Actualidad","link":"https:\/\/lahoradelcampo.com.uy\/site\/category\/actualidad\/"},"img":{"alt_text":"","src":"https:\/\/i0.wp.com\/lahoradelcampo.com.uy\/site\/wp-content\/uploads\/2025\/10\/Nupora-rematp.jpg?fit=880%2C440&ssl=1&resize=350%2C200","width":350,"height":200,"srcset":"https:\/\/i0.wp.com\/lahoradelcampo.com.uy\/site\/wp-content\/uploads\/2025\/10\/Nupora-rematp.jpg?fit=880%2C440&ssl=1&resize=350%2C200 1x, https:\/\/i0.wp.com\/lahoradelcampo.com.uy\/site\/wp-content\/uploads\/2025\/10\/Nupora-rematp.jpg?fit=880%2C440&ssl=1&resize=525%2C300 1.5x, https:\/\/i0.wp.com\/lahoradelcampo.com.uy\/site\/wp-content\/uploads\/2025\/10\/Nupora-rematp.jpg?fit=880%2C440&ssl=1&resize=700%2C400 2x"},"classes":[]},{"id":35495,"url":"https:\/\/lahoradelcampo.com.uy\/site\/toros-de-nu-pora-promediaron-us-3-409\/","url_meta":{"origin":46147,"position":4},"title":"Toros de \u00d1u Por\u00e1 promediaron U$S 3.409","author":"La Hora del Campo","date":"15 octubre, 2021","format":false,"excerpt":"En un remate selectivo y de buena demanda,, se vendieron los 41 toros Polled Hereford en caba\u00f1a \u00d1u Por\u00e1, con Santa Mar\u00eda de Arapey como invitada, con un promedio de U$S 3.409. A cargo de Indarte y C\u00eda. y escritorio Dutra, con Walter Hugo Abelenda y Alejandro Dutra altern\u00e1ndose en\u2026","rel":"","context":"En \u00abActualidad\u00bb","block_context":{"text":"Actualidad","link":"https:\/\/lahoradelcampo.com.uy\/site\/category\/actualidad\/"},"img":{"alt_text":"","src":"https:\/\/i0.wp.com\/lahoradelcampo.com.uy\/site\/wp-content\/uploads\/2021\/10\/zafra-%C3%B1upora.jpg?fit=880%2C440&ssl=1&resize=350%2C200","width":350,"height":200,"srcset":"https:\/\/i0.wp.com\/lahoradelcampo.com.uy\/site\/wp-content\/uploads\/2021\/10\/zafra-%C3%B1upora.jpg?fit=880%2C440&ssl=1&resize=350%2C200 1x, https:\/\/i0.wp.com\/lahoradelcampo.com.uy\/site\/wp-content\/uploads\/2021\/10\/zafra-%C3%B1upora.jpg?fit=880%2C440&ssl=1&resize=525%2C300 1.5x, https:\/\/i0.wp.com\/lahoradelcampo.com.uy\/site\/wp-content\/uploads\/2021\/10\/zafra-%C3%B1upora.jpg?fit=880%2C440&ssl=1&resize=700%2C400 2x"},"classes":[]},{"id":35417,"url":"https:\/\/lahoradelcampo.com.uy\/site\/manana-salen-a-venta-los-polled-hereford-en-nu-pora\/","url_meta":{"origin":46147,"position":5},"title":"Ma\u00f1ana salen a venta los Polled Hereford en \u201c\u00d1u Por\u00e1\u201d","author":"La Hora del Campo","date":"13 octubre, 2021","format":false,"excerpt":"Sin dudas una de los remates tradicionales de la zafra y de los m\u00e1s importantes en el departamento de Paysand\u00fa, se realizar\u00e1 este jueves en estancia \u201c\u00d1u Por\u00e1\u201d, cuando la caba\u00f1a anfitriona y \u201cSanta Mar\u00eda de Arapey\u201d, oferten su torada Polled Hereford, en subasta a cargo de Indarte y C\u00eda.\u2026","rel":"","context":"En \u00abActualidad\u00bb","block_context":{"text":"Actualidad","link":"https:\/\/lahoradelcampo.com.uy\/site\/category\/actualidad\/"},"img":{"alt_text":"","src":"https:\/\/i0.wp.com\/lahoradelcampo.com.uy\/site\/wp-content\/uploads\/2021\/10\/%C3%91upora-conferencia.jpg?fit=880%2C440&ssl=1&resize=350%2C200","width":350,"height":200,"srcset":"https:\/\/i0.wp.com\/lahoradelcampo.com.uy\/site\/wp-content\/uploads\/2021\/10\/%C3%91upora-conferencia.jpg?fit=880%2C440&ssl=1&resize=350%2C200 1x, https:\/\/i0.wp.com\/lahoradelcampo.com.uy\/site\/wp-content\/uploads\/2021\/10\/%C3%91upora-conferencia.jpg?fit=880%2C440&ssl=1&resize=525%2C300 1.5x, https:\/\/i0.wp.com\/lahoradelcampo.com.uy\/site\/wp-content\/uploads\/2021\/10\/%C3%91upora-conferencia.jpg?fit=880%2C440&ssl=1&resize=700%2C400 2x"},"classes":[]}],"jetpack_likes_enabled":true,"_links":{"self":[{"href":"https:\/\/lahoradelcampo.com.uy\/site\/wp-json\/wp\/v2\/posts\/46147","targetHints":{"allow":["GET"]}}],"collection":[{"href":"https:\/\/lahoradelcampo.com.uy\/site\/wp-json\/wp\/v2\/posts"}],"about":[{"href":"https:\/\/lahoradelcampo.com.uy\/site\/wp-json\/wp\/v2\/types\/post"}],"author":[{"embeddable":true,"href":"https:\/\/lahoradelcampo.com.uy\/site\/wp-json\/wp\/v2\/users\/5"}],"replies":[{"embeddable":true,"href":"https:\/\/lahoradelcampo.com.uy\/site\/wp-json\/wp\/v2\/comments?post=46147"}],"version-history":[{"count":1,"href":"https:\/\/lahoradelcampo.com.uy\/site\/wp-json\/wp\/v2\/posts\/46147\/revisions"}],"predecessor-version":[{"id":46151,"href":"https:\/\/lahoradelcampo.com.uy\/site\/wp-json\/wp\/v2\/posts\/46147\/revisions\/46151"}],"wp:featuredmedia":[{"embeddable":true,"href":"https:\/\/lahoradelcampo.com.uy\/site\/wp-json\/wp\/v2\/media\/46149"}],"wp:attachment":[{"href":"https:\/\/lahoradelcampo.com.uy\/site\/wp-json\/wp\/v2\/media?parent=46147"}],"wp:term":[{"taxonomy":"category","embeddable":true,"href":"https:\/\/lahoradelcampo.com.uy\/site\/wp-json\/wp\/v2\/categories?post=46147"},{"taxonomy":"post_tag","embeddable":true,"href":"https:\/\/lahoradelcampo.com.uy\/site\/wp-json\/wp\/v2\/tags?post=46147"}],"curies":[{"name":"wp","href":"https:\/\/api.w.org\/{rel}","templated":true}]}}