{"id":46141,"date":"2022-10-07T11:20:48","date_gmt":"2022-10-07T14:20:48","guid":{"rendered":"http:\/\/lahoradelcampo.com.uy\/site\/?p=46141"},"modified":"2022-10-07T11:20:52","modified_gmt":"2022-10-07T14:20:52","slug":"santa-luisa-vendio-el-total-de-la-oferta-en-lavalleja","status":"publish","type":"post","link":"https:\/\/lahoradelcampo.com.uy\/site\/santa-luisa-vendio-el-total-de-la-oferta-en-lavalleja\/","title":{"rendered":"Santa Luisa vendi\u00f3 el total de la oferta en Lavalleja"},"content":{"rendered":"\n<figure class=\"wp-block-image\"><img data-recalc-dims=\"1\" loading=\"lazy\" decoding=\"async\" width=\"810\" height=\"405\" data-attachment-id=\"46143\" data-permalink=\"https:\/\/lahoradelcampo.com.uy\/site\/santa-luisa-vendio-el-total-de-la-oferta-en-lavalleja\/santaluisa\/\" data-orig-file=\"https:\/\/i0.wp.com\/lahoradelcampo.com.uy\/site\/wp-content\/uploads\/2022\/10\/SantaLuisa.jpg?fit=880%2C440&amp;ssl=1\" data-orig-size=\"880,440\" data-comments-opened=\"1\" data-image-meta=\"{&quot;aperture&quot;:&quot;0&quot;,&quot;credit&quot;:&quot;&quot;,&quot;camera&quot;:&quot;&quot;,&quot;caption&quot;:&quot;&quot;,&quot;created_timestamp&quot;:&quot;0&quot;,&quot;copyright&quot;:&quot;&quot;,&quot;focal_length&quot;:&quot;0&quot;,&quot;iso&quot;:&quot;0&quot;,&quot;shutter_speed&quot;:&quot;0&quot;,&quot;title&quot;:&quot;&quot;,&quot;orientation&quot;:&quot;1&quot;}\" data-image-title=\"SantaLuisa\" data-image-description=\"\" data-image-caption=\"\" data-large-file=\"https:\/\/i0.wp.com\/lahoradelcampo.com.uy\/site\/wp-content\/uploads\/2022\/10\/SantaLuisa.jpg?fit=810%2C405&amp;ssl=1\" src=\"https:\/\/i0.wp.com\/lahoradelcampo.com.uy\/site\/wp-content\/uploads\/2022\/10\/SantaLuisa.jpg?resize=810%2C405\" alt=\"\" class=\"wp-image-46143\" srcset=\"https:\/\/i0.wp.com\/lahoradelcampo.com.uy\/site\/wp-content\/uploads\/2022\/10\/SantaLuisa.jpg?w=880&amp;ssl=1 880w, https:\/\/i0.wp.com\/lahoradelcampo.com.uy\/site\/wp-content\/uploads\/2022\/10\/SantaLuisa.jpg?resize=300%2C150&amp;ssl=1 300w, https:\/\/i0.wp.com\/lahoradelcampo.com.uy\/site\/wp-content\/uploads\/2022\/10\/SantaLuisa.jpg?resize=768%2C384&amp;ssl=1 768w, https:\/\/i0.wp.com\/lahoradelcampo.com.uy\/site\/wp-content\/uploads\/2022\/10\/SantaLuisa.jpg?resize=820%2C410&amp;ssl=1 820w\" sizes=\"auto, (max-width: 810px) 100vw, 810px\" \/><\/figure>\n\n\n\n<p>Ayer tambi\u00e9n se realiz\u00f3 el d\u00e9cimo remate anual de la caba\u00f1a Santa Lucia de Santiago Effinger, donde se coloc\u00f3 el 100% de la oferta en Lavalleja, con los martillos de las firmas Jaso &amp; Jaso y Fernando de la Pe\u00f1a. <\/p>\n\n\n\n<p>En una tarde gris, se fue colocando la totalidad de la torada, que estaba compuesta por 21 toros Aberdeen Angus, 19 Polled Hereford y 1 Braford. <\/p>\n\n\n\n<p>En los valores, el Angus se comercializ\u00f3 entre US$ 4.320 de m\u00e1ximo y US$ 2.400 de m\u00ednimo, con un promedio de US$ 3.360. <\/p>\n\n\n\n<p>Por su parte el Polled Hereford, cotiz\u00f3 entre US$ 4.800 y US$ 2.400, promediando US$ 3.145. <\/p>\n\n\n\n<p>Por \u00faltimo el \u00fanico toro Braford, se vendi\u00f3 a US$ 3.000. <\/p>\n\n\n\n<p>Salto, viernes 7 de octubre de 2022<\/p>\n","protected":false},"excerpt":{"rendered":"<p>Ayer tambi\u00e9n se realiz\u00f3 el d\u00e9cimo remate anual de la caba\u00f1a Santa Lucia de Santiago Effinger, donde se coloc\u00f3 el 100% de la oferta en Lavalleja, con los martillos de [&hellip;]<\/p>\n","protected":false},"author":5,"featured_media":46143,"comment_status":"open","ping_status":"open","sticky":false,"template":"","format":"standard","meta":{"_price":"","_stock":"","_tribe_ticket_header":"","_tribe_default_ticket_provider":"","_tribe_ticket_capacity":"0","_ticket_start_date":"","_ticket_end_date":"","_tribe_ticket_show_description":"","_tribe_ticket_show_not_going":false,"_tribe_ticket_use_global_stock":"","_tribe_ticket_global_stock_level":"","_global_stock_mode":"","_global_stock_cap":"","_tribe_rsvp_for_event":"","_tribe_ticket_going_count":"","_tribe_ticket_not_going_count":"","_tribe_tickets_list":"[]","_tribe_ticket_has_attendee_info_fields":false,"h5ap_radio_sources":[],"_jetpack_newsletter_access":"","_jetpack_dont_email_post_to_subs":false,"_jetpack_newsletter_tier_id":0,"_jetpack_memberships_contains_paywalled_content":false,"_jetpack_memberships_contains_paid_content":false,"footnotes":""},"categories":[21,5],"tags":[],"class_list":["post-46141","post","type-post","status-publish","format-standard","has-post-thumbnail","hentry","category-actualidad","category-ganaderia"],"jetpack_featured_media_url":"https:\/\/i0.wp.com\/lahoradelcampo.com.uy\/site\/wp-content\/uploads\/2022\/10\/SantaLuisa.jpg?fit=880%2C440&ssl=1","jetpack_sharing_enabled":true,"jetpack_shortlink":"https:\/\/wp.me\/p99IaT-c0d","jetpack-related-posts":[{"id":2597,"url":"https:\/\/lahoradelcampo.com.uy\/site\/santa-clotilde-coloco-los-toros-para-el-norte\/","url_meta":{"origin":46141,"position":0},"title":"Santa Clotilde coloc\u00f3 los \u00abToros para el Norte\u00bb","author":"La Hora del Campo","date":"12 octubre, 2017","format":false,"excerpt":"En poco m\u00e1s de dos horas, la firma Valdez y C\u00eda. concret\u00f3 ayer la cl\u00e1sica venta de los \u201cToros para el Norte\u201d de \u201cSanta Clotilde\u201d de la familia Bove Barriola. En el local \u201cDon Tito\u201d, se vendi\u00f3 la totalidad de la torada a un promedio general de U$S 3.011. En\u2026","rel":"","context":"En \u00abGanader\u00eda\u00bb","block_context":{"text":"Ganader\u00eda","link":"https:\/\/lahoradelcampo.com.uy\/site\/category\/ganaderia\/"},"img":{"alt_text":"","src":"https:\/\/i0.wp.com\/lahoradelcampo.com.uy\/site\/wp-content\/uploads\/2017\/10\/Valdez-Santa-Clotilde.jpg?fit=880%2C440&ssl=1&resize=350%2C200","width":350,"height":200,"srcset":"https:\/\/i0.wp.com\/lahoradelcampo.com.uy\/site\/wp-content\/uploads\/2017\/10\/Valdez-Santa-Clotilde.jpg?fit=880%2C440&ssl=1&resize=350%2C200 1x, https:\/\/i0.wp.com\/lahoradelcampo.com.uy\/site\/wp-content\/uploads\/2017\/10\/Valdez-Santa-Clotilde.jpg?fit=880%2C440&ssl=1&resize=525%2C300 1.5x, https:\/\/i0.wp.com\/lahoradelcampo.com.uy\/site\/wp-content\/uploads\/2017\/10\/Valdez-Santa-Clotilde.jpg?fit=880%2C440&ssl=1&resize=700%2C400 2x"},"classes":[]},{"id":24520,"url":"https:\/\/lahoradelcampo.com.uy\/site\/continua-la-concrecion-de-buenos-negocios-en-la-zafra-de-reproductores\/","url_meta":{"origin":46141,"position":1},"title":"Contin\u00faa la concreci\u00f3n de buenos negocios en la zafra de reproductores","author":"La Hora del Campo","date":"10 octubre, 2020","format":false,"excerpt":"Actualizamos la informaci\u00f3n con los remates que se realizaron en las \u00faltimas jornadas de ventas. El Hereford de Isla Larga El Hereford de Raquel Arrarte en la propia caba\u00f1a coloc\u00f3 45 toros a US$ 3.073 de promedio, con seis toros colocados fuera de pista. El m\u00e1ximo fue de US$ 4.320\u2026","rel":"","context":"En \u00abActualidad\u00bb","block_context":{"text":"Actualidad","link":"https:\/\/lahoradelcampo.com.uy\/site\/category\/actualidad\/"},"img":{"alt_text":"","src":"https:\/\/i0.wp.com\/lahoradelcampo.com.uy\/site\/wp-content\/uploads\/2020\/10\/Torosarchivo.jpg?fit=880%2C440&ssl=1&resize=350%2C200","width":350,"height":200,"srcset":"https:\/\/i0.wp.com\/lahoradelcampo.com.uy\/site\/wp-content\/uploads\/2020\/10\/Torosarchivo.jpg?fit=880%2C440&ssl=1&resize=350%2C200 1x, https:\/\/i0.wp.com\/lahoradelcampo.com.uy\/site\/wp-content\/uploads\/2020\/10\/Torosarchivo.jpg?fit=880%2C440&ssl=1&resize=525%2C300 1.5x, https:\/\/i0.wp.com\/lahoradelcampo.com.uy\/site\/wp-content\/uploads\/2020\/10\/Torosarchivo.jpg?fit=880%2C440&ssl=1&resize=700%2C400 2x"},"classes":[]},{"id":57082,"url":"https:\/\/lahoradelcampo.com.uy\/site\/en-salto-se-vendieron-445-toros-a-un-promedio-de-us-4-407\/","url_meta":{"origin":46141,"position":2},"title":"En Salto se vendieron 445 toros a un promedio de US$ 4.407","author":"La Hora del Campo","date":"18 noviembre, 2025","format":false,"excerpt":"La zafra de reproductores en Salto cerr\u00f3 octubre con resultados altamente positivos, confirmando un incremento tanto en precios como en volumen frente al a\u00f1o anterior. En total, se comercializaron 445 toros -30 m\u00e1s que en 2024- por una facturaci\u00f3n total de US$ 1.961.110, lo que representa un aumento del 33%\u2026","rel":"","context":"En \u00abActualidad\u00bb","block_context":{"text":"Actualidad","link":"https:\/\/lahoradelcampo.com.uy\/site\/category\/actualidad\/"},"img":{"alt_text":"","src":"https:\/\/i0.wp.com\/lahoradelcampo.com.uy\/site\/wp-content\/uploads\/2025\/11\/Toros-Hereford-scaled.jpg?fit=1200%2C904&ssl=1&resize=350%2C200","width":350,"height":200,"srcset":"https:\/\/i0.wp.com\/lahoradelcampo.com.uy\/site\/wp-content\/uploads\/2025\/11\/Toros-Hereford-scaled.jpg?fit=1200%2C904&ssl=1&resize=350%2C200 1x, https:\/\/i0.wp.com\/lahoradelcampo.com.uy\/site\/wp-content\/uploads\/2025\/11\/Toros-Hereford-scaled.jpg?fit=1200%2C904&ssl=1&resize=525%2C300 1.5x, https:\/\/i0.wp.com\/lahoradelcampo.com.uy\/site\/wp-content\/uploads\/2025\/11\/Toros-Hereford-scaled.jpg?fit=1200%2C904&ssl=1&resize=700%2C400 2x, https:\/\/i0.wp.com\/lahoradelcampo.com.uy\/site\/wp-content\/uploads\/2025\/11\/Toros-Hereford-scaled.jpg?fit=1200%2C904&ssl=1&resize=1050%2C600 3x"},"classes":[]},{"id":54869,"url":"https:\/\/lahoradelcampo.com.uy\/site\/la-magdalena-vendio-124-toros-aus-3-749-de-promedio-en-valentin\/","url_meta":{"origin":46141,"position":3},"title":"La Magdalena vendi\u00f3 124 toros aUS$ 3.749 de promedio en Valent\u00edn","author":"La Hora del Campo","date":"12 octubre, 2024","format":false,"excerpt":"En la tarde de ayer, la caba\u00f1a \"La Magdalena\" de Los Tordos SA, realiz\u00f3 su remate anual con los escritorios Roberto Bertsch y Correa & San Rom\u00e1n, en el local de la Asociaci\u00f3n Fomento Rural de Valent\u00edn, en Salto. En tres horas se liquid\u00f3 el 100% de la oferta en\u2026","rel":"","context":"En \u00abActualidad\u00bb","block_context":{"text":"Actualidad","link":"https:\/\/lahoradelcampo.com.uy\/site\/category\/actualidad\/"},"img":{"alt_text":"","src":"https:\/\/i0.wp.com\/lahoradelcampo.com.uy\/site\/wp-content\/uploads\/2024\/10\/Lamagdalena-remate24.jpg?fit=880%2C440&ssl=1&resize=350%2C200","width":350,"height":200,"srcset":"https:\/\/i0.wp.com\/lahoradelcampo.com.uy\/site\/wp-content\/uploads\/2024\/10\/Lamagdalena-remate24.jpg?fit=880%2C440&ssl=1&resize=350%2C200 1x, https:\/\/i0.wp.com\/lahoradelcampo.com.uy\/site\/wp-content\/uploads\/2024\/10\/Lamagdalena-remate24.jpg?fit=880%2C440&ssl=1&resize=525%2C300 1.5x, https:\/\/i0.wp.com\/lahoradelcampo.com.uy\/site\/wp-content\/uploads\/2024\/10\/Lamagdalena-remate24.jpg?fit=880%2C440&ssl=1&resize=700%2C400 2x"},"classes":[]},{"id":15120,"url":"https:\/\/lahoradelcampo.com.uy\/site\/la-lucha-y-buen-abrigo-colocaron-el-100-de-la-oferta\/","url_meta":{"origin":46141,"position":4},"title":"La Lucha y Buen Abrigo colocaron el 100% de la oferta","author":"La Hora del Campo ADMIN","date":"17 octubre, 2019","format":false,"excerpt":"En su primer remate realizado en conjunto en Salto, las caba\u00f1as La Lucha de Echeverr\u00eda y Buen Abrigo de Martin Peters, alcanzaron el 100% de colocaci\u00f3n tanto en Hereford y Charolais, como en Aberdeen Angus. Los negocios estuvieron a cargo de los escritorios Jos\u00e9 F. Jaso y Coco Morales. En\u2026","rel":"","context":"En \u00abActualidad\u00bb","block_context":{"text":"Actualidad","link":"https:\/\/lahoradelcampo.com.uy\/site\/category\/actualidad\/"},"img":{"alt_text":"","src":"https:\/\/i0.wp.com\/lahoradelcampo.com.uy\/site\/wp-content\/uploads\/2019\/10\/nuevo-proyecto-23251739064291925541..jpg?fit=800%2C440&ssl=1&resize=350%2C200","width":350,"height":200,"srcset":"https:\/\/i0.wp.com\/lahoradelcampo.com.uy\/site\/wp-content\/uploads\/2019\/10\/nuevo-proyecto-23251739064291925541..jpg?fit=800%2C440&ssl=1&resize=350%2C200 1x, https:\/\/i0.wp.com\/lahoradelcampo.com.uy\/site\/wp-content\/uploads\/2019\/10\/nuevo-proyecto-23251739064291925541..jpg?fit=800%2C440&ssl=1&resize=525%2C300 1.5x, https:\/\/i0.wp.com\/lahoradelcampo.com.uy\/site\/wp-content\/uploads\/2019\/10\/nuevo-proyecto-23251739064291925541..jpg?fit=800%2C440&ssl=1&resize=700%2C400 2x"},"classes":[]},{"id":35615,"url":"https:\/\/lahoradelcampo.com.uy\/site\/dutra-coloco-los-toros-destacados-de-cuatro-razas-en-tacuarembo\/","url_meta":{"origin":46141,"position":5},"title":"Dutra coloc\u00f3 los toros destacados  de cuatro razas en Tacuaremb\u00f3","author":"La Hora del Campo","date":"19 octubre, 2021","format":false,"excerpt":"Se realiz\u00f3 en el local de la Asociaci\u00f3n Rural de Tacuaremb\u00f3, y a cargo de escritorio Dutra, el remate conjunto del Angus de \"La Colorada\" de Morixe, Hereford de \"Carablanca\" de Morixe, San Gregorio Ganadera y \"El Pedernal\" de Braga; Braford de \"La F\u00e9 de Mendonca; Limousin de \"El Mangrullo\".\u2026","rel":"","context":"En \u00abActualidad\u00bb","block_context":{"text":"Actualidad","link":"https:\/\/lahoradelcampo.com.uy\/site\/category\/actualidad\/"},"img":{"alt_text":"","src":"https:\/\/i0.wp.com\/lahoradelcampo.com.uy\/site\/wp-content\/uploads\/2021\/10\/Zafra-destacadosTBO.jpg?fit=880%2C440&ssl=1&resize=350%2C200","width":350,"height":200,"srcset":"https:\/\/i0.wp.com\/lahoradelcampo.com.uy\/site\/wp-content\/uploads\/2021\/10\/Zafra-destacadosTBO.jpg?fit=880%2C440&ssl=1&resize=350%2C200 1x, https:\/\/i0.wp.com\/lahoradelcampo.com.uy\/site\/wp-content\/uploads\/2021\/10\/Zafra-destacadosTBO.jpg?fit=880%2C440&ssl=1&resize=525%2C300 1.5x, https:\/\/i0.wp.com\/lahoradelcampo.com.uy\/site\/wp-content\/uploads\/2021\/10\/Zafra-destacadosTBO.jpg?fit=880%2C440&ssl=1&resize=700%2C400 2x"},"classes":[]}],"jetpack_likes_enabled":true,"_links":{"self":[{"href":"https:\/\/lahoradelcampo.com.uy\/site\/wp-json\/wp\/v2\/posts\/46141","targetHints":{"allow":["GET"]}}],"collection":[{"href":"https:\/\/lahoradelcampo.com.uy\/site\/wp-json\/wp\/v2\/posts"}],"about":[{"href":"https:\/\/lahoradelcampo.com.uy\/site\/wp-json\/wp\/v2\/types\/post"}],"author":[{"embeddable":true,"href":"https:\/\/lahoradelcampo.com.uy\/site\/wp-json\/wp\/v2\/users\/5"}],"replies":[{"embeddable":true,"href":"https:\/\/lahoradelcampo.com.uy\/site\/wp-json\/wp\/v2\/comments?post=46141"}],"version-history":[{"count":1,"href":"https:\/\/lahoradelcampo.com.uy\/site\/wp-json\/wp\/v2\/posts\/46141\/revisions"}],"predecessor-version":[{"id":46145,"href":"https:\/\/lahoradelcampo.com.uy\/site\/wp-json\/wp\/v2\/posts\/46141\/revisions\/46145"}],"wp:featuredmedia":[{"embeddable":true,"href":"https:\/\/lahoradelcampo.com.uy\/site\/wp-json\/wp\/v2\/media\/46143"}],"wp:attachment":[{"href":"https:\/\/lahoradelcampo.com.uy\/site\/wp-json\/wp\/v2\/media?parent=46141"}],"wp:term":[{"taxonomy":"category","embeddable":true,"href":"https:\/\/lahoradelcampo.com.uy\/site\/wp-json\/wp\/v2\/categories?post=46141"},{"taxonomy":"post_tag","embeddable":true,"href":"https:\/\/lahoradelcampo.com.uy\/site\/wp-json\/wp\/v2\/tags?post=46141"}],"curies":[{"name":"wp","href":"https:\/\/api.w.org\/{rel}","templated":true}]}}