{"id":46135,"date":"2022-10-07T11:14:26","date_gmt":"2022-10-07T14:14:26","guid":{"rendered":"http:\/\/lahoradelcampo.com.uy\/site\/?p=46135"},"modified":"2022-10-07T11:14:29","modified_gmt":"2022-10-07T14:14:29","slug":"se-coloco-el-100-de-los-angus-y-brangus-en-las-casuarinas-artigas","status":"publish","type":"post","link":"https:\/\/lahoradelcampo.com.uy\/site\/se-coloco-el-100-de-los-angus-y-brangus-en-las-casuarinas-artigas\/","title":{"rendered":"Se coloc\u00f3 el 100% de  los Angus y Brangus en Las Casuarinas, Artigas"},"content":{"rendered":"\n<figure class=\"wp-block-image\"><img data-recalc-dims=\"1\" loading=\"lazy\" decoding=\"async\" width=\"810\" height=\"405\" data-attachment-id=\"46137\" data-permalink=\"https:\/\/lahoradelcampo.com.uy\/site\/se-coloco-el-100-de-los-angus-y-brangus-en-las-casuarinas-artigas\/ganaderadelnorte\/\" data-orig-file=\"https:\/\/i0.wp.com\/lahoradelcampo.com.uy\/site\/wp-content\/uploads\/2022\/10\/Ganaderadelnorte.jpg?fit=880%2C440&amp;ssl=1\" data-orig-size=\"880,440\" data-comments-opened=\"1\" data-image-meta=\"{&quot;aperture&quot;:&quot;0&quot;,&quot;credit&quot;:&quot;&quot;,&quot;camera&quot;:&quot;&quot;,&quot;caption&quot;:&quot;&quot;,&quot;created_timestamp&quot;:&quot;0&quot;,&quot;copyright&quot;:&quot;&quot;,&quot;focal_length&quot;:&quot;0&quot;,&quot;iso&quot;:&quot;0&quot;,&quot;shutter_speed&quot;:&quot;0&quot;,&quot;title&quot;:&quot;&quot;,&quot;orientation&quot;:&quot;1&quot;}\" data-image-title=\"Ganaderadelnorte\" data-image-description=\"\" data-image-caption=\"\" data-large-file=\"https:\/\/i0.wp.com\/lahoradelcampo.com.uy\/site\/wp-content\/uploads\/2022\/10\/Ganaderadelnorte.jpg?fit=810%2C405&amp;ssl=1\" src=\"https:\/\/i0.wp.com\/lahoradelcampo.com.uy\/site\/wp-content\/uploads\/2022\/10\/Ganaderadelnorte.jpg?resize=810%2C405\" alt=\"\" class=\"wp-image-46137\" srcset=\"https:\/\/i0.wp.com\/lahoradelcampo.com.uy\/site\/wp-content\/uploads\/2022\/10\/Ganaderadelnorte.jpg?w=880&amp;ssl=1 880w, https:\/\/i0.wp.com\/lahoradelcampo.com.uy\/site\/wp-content\/uploads\/2022\/10\/Ganaderadelnorte.jpg?resize=300%2C150&amp;ssl=1 300w, https:\/\/i0.wp.com\/lahoradelcampo.com.uy\/site\/wp-content\/uploads\/2022\/10\/Ganaderadelnorte.jpg?resize=768%2C384&amp;ssl=1 768w, https:\/\/i0.wp.com\/lahoradelcampo.com.uy\/site\/wp-content\/uploads\/2022\/10\/Ganaderadelnorte.jpg?resize=820%2C410&amp;ssl=1 820w\" sizes=\"auto, (max-width: 810px) 100vw, 810px\" \/><\/figure>\n\n\n\n<p>Ayer bajo una lluvia torrencial, finaliz\u00f3 el remate en el local Las Casuarinas en Artigas, el escritorio Ganadera del Norte coloc\u00f3 la oferta de 60 toros de las caba\u00f1as Don Nadir en Brangus y La Martineta, La Estela y Mate Amargo en el Aberdeen Angus. <\/p>\n\n\n\n<p>Con una venta \u00e1gil y con demanda por toda la oferta, se coloc\u00f3 el 100% de la torada con valores que promediaron los US$ 3.603 para el Brangus, con un m\u00e1ximo de US$ 8.280. Mientras que en el Aberdeen Angus, el promedio se ubic\u00f3 en US$ 3.182, con un destaque de US$ 4.680 de m\u00e1ximo. <\/p>\n\n\n\n<p>La venta estuvo acompa\u00f1ada de una oferta de reposici\u00f3n, donde las vacas Brangus tatuadas se colocaron a US$ 715, en tanto que los ganados Aberdeen Angus cotizaron a US$ 700 las vaquillonas, US$ 458 las terneras y US4 420 los terneros destetados, prontos para castrar. <\/p>\n\n\n\n<p>Salto, viernes 7 de octubre de 2022<\/p>\n","protected":false},"excerpt":{"rendered":"<p>Ayer bajo una lluvia torrencial, finaliz\u00f3 el remate en el local Las Casuarinas en Artigas, el escritorio Ganadera del Norte coloc\u00f3 la oferta de 60 toros de las caba\u00f1as Don [&hellip;]<\/p>\n","protected":false},"author":5,"featured_media":46137,"comment_status":"open","ping_status":"open","sticky":false,"template":"","format":"standard","meta":{"_price":"","_stock":"","_tribe_ticket_header":"","_tribe_default_ticket_provider":"","_tribe_ticket_capacity":"0","_ticket_start_date":"","_ticket_end_date":"","_tribe_ticket_show_description":"","_tribe_ticket_show_not_going":false,"_tribe_ticket_use_global_stock":"","_tribe_ticket_global_stock_level":"","_global_stock_mode":"","_global_stock_cap":"","_tribe_rsvp_for_event":"","_tribe_ticket_going_count":"","_tribe_ticket_not_going_count":"","_tribe_tickets_list":"[]","_tribe_ticket_has_attendee_info_fields":false,"h5ap_radio_sources":[],"_jetpack_newsletter_access":"","_jetpack_dont_email_post_to_subs":false,"_jetpack_newsletter_tier_id":0,"_jetpack_memberships_contains_paywalled_content":false,"_jetpack_memberships_contains_paid_content":false,"footnotes":""},"categories":[21,5],"tags":[],"class_list":["post-46135","post","type-post","status-publish","format-standard","has-post-thumbnail","hentry","category-actualidad","category-ganaderia"],"jetpack_featured_media_url":"https:\/\/i0.wp.com\/lahoradelcampo.com.uy\/site\/wp-content\/uploads\/2022\/10\/Ganaderadelnorte.jpg?fit=880%2C440&ssl=1","jetpack_sharing_enabled":true,"jetpack_shortlink":"https:\/\/wp.me\/p99IaT-c07","jetpack-related-posts":[{"id":24552,"url":"https:\/\/lahoradelcampo.com.uy\/site\/cabana-macedo-coloco-su-oferta-de-angus-y-brangus-en-artigas\/","url_meta":{"origin":46135,"position":0},"title":"Caba\u00f1a Macedo coloc\u00f3 su oferta de Angus y Brangus en Artigas","author":"La Hora del Campo","date":"12 octubre, 2020","format":false,"excerpt":"Como es tradicional, la familia Riani se vi\u00f3 acompa\u00f1ada por un buen marco de clientes y amigos, tanto en el local de la propia estancia como a distancia a trav\u00e9s de la televisaci\u00f3n. Al cierre de las ventas la satisfacci\u00f3n de haber colocado la producci\u00f3n de a buenos valores. En\u2026","rel":"","context":"En \u00abActualidad\u00bb","block_context":{"text":"Actualidad","link":"https:\/\/lahoradelcampo.com.uy\/site\/category\/actualidad\/"},"img":{"alt_text":"","src":"https:\/\/i0.wp.com\/lahoradelcampo.com.uy\/site\/wp-content\/uploads\/2020\/10\/Macedoriani.jpg?fit=880%2C440&ssl=1&resize=350%2C200","width":350,"height":200,"srcset":"https:\/\/i0.wp.com\/lahoradelcampo.com.uy\/site\/wp-content\/uploads\/2020\/10\/Macedoriani.jpg?fit=880%2C440&ssl=1&resize=350%2C200 1x, https:\/\/i0.wp.com\/lahoradelcampo.com.uy\/site\/wp-content\/uploads\/2020\/10\/Macedoriani.jpg?fit=880%2C440&ssl=1&resize=525%2C300 1.5x, https:\/\/i0.wp.com\/lahoradelcampo.com.uy\/site\/wp-content\/uploads\/2020\/10\/Macedoriani.jpg?fit=880%2C440&ssl=1&resize=700%2C400 2x"},"classes":[]},{"id":3047,"url":"https:\/\/lahoradelcampo.com.uy\/site\/cabana-macedo-coloco-su-oferta-angus-en-artigas\/","url_meta":{"origin":46135,"position":1},"title":"Caba\u00f1a Macedo coloc\u00f3 su oferta angus en Artigas","author":"La Hora del Campo","date":"21 octubre, 2017","format":false,"excerpt":"Con un excelente marco de p\u00fablico y compradores de todo el pa\u00eds, Caba\u00f1a Macedo realiz\u00f3 su remate anual, con una oferta de m\u00e1s de 1.000 aberdeen angus, con la conducci\u00f3n de los escritorios Gast\u00f3n Araujo Agronegocios y Roberto Bertsch Negocios Rurales, los martillos estuvieron a cargo de Gast\u00f3n Araujo y\u2026","rel":"","context":"En \u00abActualidad\u00bb","block_context":{"text":"Actualidad","link":"https:\/\/lahoradelcampo.com.uy\/site\/category\/actualidad\/"},"img":{"alt_text":"","src":"https:\/\/i0.wp.com\/lahoradelcampo.com.uy\/site\/wp-content\/uploads\/2017\/10\/Macedo.jpg?fit=880%2C440&ssl=1&resize=350%2C200","width":350,"height":200,"srcset":"https:\/\/i0.wp.com\/lahoradelcampo.com.uy\/site\/wp-content\/uploads\/2017\/10\/Macedo.jpg?fit=880%2C440&ssl=1&resize=350%2C200 1x, https:\/\/i0.wp.com\/lahoradelcampo.com.uy\/site\/wp-content\/uploads\/2017\/10\/Macedo.jpg?fit=880%2C440&ssl=1&resize=525%2C300 1.5x, https:\/\/i0.wp.com\/lahoradelcampo.com.uy\/site\/wp-content\/uploads\/2017\/10\/Macedo.jpg?fit=880%2C440&ssl=1&resize=700%2C400 2x"},"classes":[]},{"id":46215,"url":"https:\/\/lahoradelcampo.com.uy\/site\/cabana-macedo-vendio-el-100-de-la-oferta-angus-y-brangus\/","url_meta":{"origin":46135,"position":2},"title":"Caba\u00f1a Macedo vendi\u00f3 el 100% de la oferta Angus y Brangus","author":"La Hora del Campo","date":"10 octubre, 2022","format":false,"excerpt":"Con los martillos de Jos\u00e9 Aicardi y Gast\u00f3n Araujo, la caba\u00f1a artiguense entro a pista con su oferta de hembras y toros Aberdeen Angus y Brangus, acompa\u00f1ada por las caba\u00f1as invitadas El Tacur\u00fa en Brangus y Santa Mar\u00eda del Arapey en Polled Hereford. En tres horas se coloc\u00f3 la totalidad\u2026","rel":"","context":"En \u00abActualidad\u00bb","block_context":{"text":"Actualidad","link":"https:\/\/lahoradelcampo.com.uy\/site\/category\/actualidad\/"},"img":{"alt_text":"","src":"https:\/\/i0.wp.com\/lahoradelcampo.com.uy\/site\/wp-content\/uploads\/2022\/10\/caba%C3%B1amacedo.jpg?fit=880%2C440&ssl=1&resize=350%2C200","width":350,"height":200,"srcset":"https:\/\/i0.wp.com\/lahoradelcampo.com.uy\/site\/wp-content\/uploads\/2022\/10\/caba%C3%B1amacedo.jpg?fit=880%2C440&ssl=1&resize=350%2C200 1x, https:\/\/i0.wp.com\/lahoradelcampo.com.uy\/site\/wp-content\/uploads\/2022\/10\/caba%C3%B1amacedo.jpg?fit=880%2C440&ssl=1&resize=525%2C300 1.5x, https:\/\/i0.wp.com\/lahoradelcampo.com.uy\/site\/wp-content\/uploads\/2022\/10\/caba%C3%B1amacedo.jpg?fit=880%2C440&ssl=1&resize=700%2C400 2x"},"classes":[]},{"id":25084,"url":"https:\/\/lahoradelcampo.com.uy\/site\/en-una-hora-se-vendieron-los-toros-de-la-magdalena-y-san-carlos-en-artigas\/","url_meta":{"origin":46135,"position":3},"title":"En una hora se vendieron  los toros de La Magdalena  y San Carlos en Artigas","author":"La Hora del Campo","date":"28 octubre, 2020","format":false,"excerpt":"En el local Chiflero de la Asociaci\u00f3n Agropecuaria de Artigas, los escritorios Roberto Bertsch y Correa & San Rom\u00e1n estuvieron a cargo de la venta anual de las caba\u00f1as San Carlos de la familia Larrosa y La Magdalena de los Tordos S en C. Coloc\u00e1ndose el 100% de la oferta\u2026","rel":"","context":"En \u00abActualidad\u00bb","block_context":{"text":"Actualidad","link":"https:\/\/lahoradelcampo.com.uy\/site\/category\/actualidad\/"},"img":{"alt_text":"","src":"https:\/\/i0.wp.com\/lahoradelcampo.com.uy\/site\/wp-content\/uploads\/2020\/10\/Rematesancarlos.jpg?fit=880%2C440&ssl=1&resize=350%2C200","width":350,"height":200,"srcset":"https:\/\/i0.wp.com\/lahoradelcampo.com.uy\/site\/wp-content\/uploads\/2020\/10\/Rematesancarlos.jpg?fit=880%2C440&ssl=1&resize=350%2C200 1x, https:\/\/i0.wp.com\/lahoradelcampo.com.uy\/site\/wp-content\/uploads\/2020\/10\/Rematesancarlos.jpg?fit=880%2C440&ssl=1&resize=525%2C300 1.5x, https:\/\/i0.wp.com\/lahoradelcampo.com.uy\/site\/wp-content\/uploads\/2020\/10\/Rematesancarlos.jpg?fit=880%2C440&ssl=1&resize=700%2C400 2x"},"classes":[]},{"id":35555,"url":"https:\/\/lahoradelcampo.com.uy\/site\/la-magdalena-coloco-148-toros-a-us-3-452-de-promedio-en-valentin\/","url_meta":{"origin":46135,"position":4},"title":"\u00abLa Magdalena\u00bb coloc\u00f3 149 toros a US$ 3.452 de promedio en Valent\u00edn","author":"La Hora del Campo","date":"18 octubre, 2021","format":false,"excerpt":"El viernes 15 de octubre fue una tarde de ventas \u00e1giles y buenos negocios en el local de la Asociaci\u00f3n Fomento Rural de Valent\u00edn, en el marco del 19\u00b0 Remate anual de la caba\u00f1a \"La Magdalena\" de Los Tordos S en C. Las ventas estuvieron a cargo de los escritorios\u2026","rel":"","context":"En \u00abActualidad\u00bb","block_context":{"text":"Actualidad","link":"https:\/\/lahoradelcampo.com.uy\/site\/category\/actualidad\/"},"img":{"alt_text":"","src":"https:\/\/i0.wp.com\/lahoradelcampo.com.uy\/site\/wp-content\/uploads\/2021\/10\/zafra-magdalena.jpg?fit=880%2C440&ssl=1&resize=350%2C200","width":350,"height":200,"srcset":"https:\/\/i0.wp.com\/lahoradelcampo.com.uy\/site\/wp-content\/uploads\/2021\/10\/zafra-magdalena.jpg?fit=880%2C440&ssl=1&resize=350%2C200 1x, https:\/\/i0.wp.com\/lahoradelcampo.com.uy\/site\/wp-content\/uploads\/2021\/10\/zafra-magdalena.jpg?fit=880%2C440&ssl=1&resize=525%2C300 1.5x, https:\/\/i0.wp.com\/lahoradelcampo.com.uy\/site\/wp-content\/uploads\/2021\/10\/zafra-magdalena.jpg?fit=880%2C440&ssl=1&resize=700%2C400 2x"},"classes":[]},{"id":52753,"url":"https:\/\/lahoradelcampo.com.uy\/site\/san-rafael-alcanzo-us-2-801-por-45-toros-aberdeen-angus-polled-hereford-y-brangus\/","url_meta":{"origin":46135,"position":5},"title":"San Rafael alcanz\u00f3 US$ 2.801 por 45 toros Aberdeen Angus, Polled Hereford y Brangus","author":"La Hora del Campo","date":"13 octubre, 2023","format":false,"excerpt":"En la jornada de ayer, con el martillo de Gerardo Zambrano, se realiz\u00f3 la venta anual de caba\u00f1a San Rafael, en el predio de la Asociaci\u00f3n Agropecuaria de Salto, con la comercializaci\u00f3n del 100% de la oferta a diferentes puntos del pa\u00eds. El comienzo de la subasta fue con los\u2026","rel":"","context":"En \u00abActualidad\u00bb","block_context":{"text":"Actualidad","link":"https:\/\/lahoradelcampo.com.uy\/site\/category\/actualidad\/"},"img":{"alt_text":"","src":"https:\/\/i0.wp.com\/lahoradelcampo.com.uy\/site\/wp-content\/uploads\/2023\/10\/SanRafael.jpg?fit=880%2C440&ssl=1&resize=350%2C200","width":350,"height":200,"srcset":"https:\/\/i0.wp.com\/lahoradelcampo.com.uy\/site\/wp-content\/uploads\/2023\/10\/SanRafael.jpg?fit=880%2C440&ssl=1&resize=350%2C200 1x, https:\/\/i0.wp.com\/lahoradelcampo.com.uy\/site\/wp-content\/uploads\/2023\/10\/SanRafael.jpg?fit=880%2C440&ssl=1&resize=525%2C300 1.5x, https:\/\/i0.wp.com\/lahoradelcampo.com.uy\/site\/wp-content\/uploads\/2023\/10\/SanRafael.jpg?fit=880%2C440&ssl=1&resize=700%2C400 2x"},"classes":[]}],"jetpack_likes_enabled":true,"_links":{"self":[{"href":"https:\/\/lahoradelcampo.com.uy\/site\/wp-json\/wp\/v2\/posts\/46135","targetHints":{"allow":["GET"]}}],"collection":[{"href":"https:\/\/lahoradelcampo.com.uy\/site\/wp-json\/wp\/v2\/posts"}],"about":[{"href":"https:\/\/lahoradelcampo.com.uy\/site\/wp-json\/wp\/v2\/types\/post"}],"author":[{"embeddable":true,"href":"https:\/\/lahoradelcampo.com.uy\/site\/wp-json\/wp\/v2\/users\/5"}],"replies":[{"embeddable":true,"href":"https:\/\/lahoradelcampo.com.uy\/site\/wp-json\/wp\/v2\/comments?post=46135"}],"version-history":[{"count":1,"href":"https:\/\/lahoradelcampo.com.uy\/site\/wp-json\/wp\/v2\/posts\/46135\/revisions"}],"predecessor-version":[{"id":46139,"href":"https:\/\/lahoradelcampo.com.uy\/site\/wp-json\/wp\/v2\/posts\/46135\/revisions\/46139"}],"wp:featuredmedia":[{"embeddable":true,"href":"https:\/\/lahoradelcampo.com.uy\/site\/wp-json\/wp\/v2\/media\/46137"}],"wp:attachment":[{"href":"https:\/\/lahoradelcampo.com.uy\/site\/wp-json\/wp\/v2\/media?parent=46135"}],"wp:term":[{"taxonomy":"category","embeddable":true,"href":"https:\/\/lahoradelcampo.com.uy\/site\/wp-json\/wp\/v2\/categories?post=46135"},{"taxonomy":"post_tag","embeddable":true,"href":"https:\/\/lahoradelcampo.com.uy\/site\/wp-json\/wp\/v2\/tags?post=46135"}],"curies":[{"name":"wp","href":"https:\/\/api.w.org\/{rel}","templated":true}]}}