{"id":46119,"date":"2022-10-06T09:21:29","date_gmt":"2022-10-06T12:21:29","guid":{"rendered":"http:\/\/lahoradelcampo.com.uy\/site\/?p=46119"},"modified":"2022-10-06T09:21:35","modified_gmt":"2022-10-06T12:21:35","slug":"bayucua-vendio-el-100-de-la-oferta-en-us-4-733-de-promedio","status":"publish","type":"post","link":"https:\/\/lahoradelcampo.com.uy\/site\/bayucua-vendio-el-100-de-la-oferta-en-us-4-733-de-promedio\/","title":{"rendered":"Bayucu\u00e1 vendi\u00f3 el 100% de la oferta en US$ 4.733 de promedio"},"content":{"rendered":"\n<figure class=\"wp-block-image\"><img data-recalc-dims=\"1\" loading=\"lazy\" decoding=\"async\" width=\"810\" height=\"405\" data-attachment-id=\"46121\" data-permalink=\"https:\/\/lahoradelcampo.com.uy\/site\/bayucua-vendio-el-100-de-la-oferta-en-us-4-733-de-promedio\/bayucua-remate-2\/\" data-orig-file=\"https:\/\/i0.wp.com\/lahoradelcampo.com.uy\/site\/wp-content\/uploads\/2022\/10\/bayucua-remate.jpg?fit=880%2C440&amp;ssl=1\" data-orig-size=\"880,440\" data-comments-opened=\"1\" data-image-meta=\"{&quot;aperture&quot;:&quot;0&quot;,&quot;credit&quot;:&quot;&quot;,&quot;camera&quot;:&quot;&quot;,&quot;caption&quot;:&quot;&quot;,&quot;created_timestamp&quot;:&quot;0&quot;,&quot;copyright&quot;:&quot;&quot;,&quot;focal_length&quot;:&quot;0&quot;,&quot;iso&quot;:&quot;0&quot;,&quot;shutter_speed&quot;:&quot;0&quot;,&quot;title&quot;:&quot;&quot;,&quot;orientation&quot;:&quot;1&quot;}\" data-image-title=\"bayucua remate\" data-image-description=\"\" data-image-caption=\"\" data-large-file=\"https:\/\/i0.wp.com\/lahoradelcampo.com.uy\/site\/wp-content\/uploads\/2022\/10\/bayucua-remate.jpg?fit=810%2C405&amp;ssl=1\" src=\"https:\/\/i0.wp.com\/lahoradelcampo.com.uy\/site\/wp-content\/uploads\/2022\/10\/bayucua-remate.jpg?resize=810%2C405\" alt=\"\" class=\"wp-image-46121\" srcset=\"https:\/\/i0.wp.com\/lahoradelcampo.com.uy\/site\/wp-content\/uploads\/2022\/10\/bayucua-remate.jpg?w=880&amp;ssl=1 880w, https:\/\/i0.wp.com\/lahoradelcampo.com.uy\/site\/wp-content\/uploads\/2022\/10\/bayucua-remate.jpg?resize=300%2C150&amp;ssl=1 300w, https:\/\/i0.wp.com\/lahoradelcampo.com.uy\/site\/wp-content\/uploads\/2022\/10\/bayucua-remate.jpg?resize=768%2C384&amp;ssl=1 768w, https:\/\/i0.wp.com\/lahoradelcampo.com.uy\/site\/wp-content\/uploads\/2022\/10\/bayucua-remate.jpg?resize=820%2C410&amp;ssl=1 820w\" sizes=\"auto, (max-width: 810px) 100vw, 810px\" \/><\/figure>\n\n\n\n<p>La caba\u00f1a salte\u00f1a Bayucu\u00e1 realiz\u00f3 en la jornada de ayer su remate anual de reproductores, con colocaci\u00f3n total de la oferta, tanto en machos como en hembras y con un promedio de US$ 4.733 por los 70 toros que pasaron por la pista y US$ 2.765 por los vientres.<br><\/p>\n\n\n\n<p>En el detalle, para las tres primeras terneras se comercializ\u00f3 \u00fanicamente el 50% de las mismas. Terneras planteleras que se comercializaron entre US$ 500 y US$ 1.000 la cuota, con un valor m\u00e1ximo de US$ 24.000 d\u00f3lares, teniendo en cuenta el 100% del valor del animal. Este animal fue adquirido por El Tornero y Sierra de los Olivos. El resto de las planteleras que se comercializaron al 100% se vendieron entre 6.480 y 8.400 d\u00f3lares.<br><\/p>\n\n\n\n<p>El promedio para las terneras planteleras fue de US$ 14.256, en tanto que una \u00fanica vaquillona plantelera se vendi\u00f3 en US$ 8.040. Las vaquillonas paridas y pr\u00f3ximas se pagaron 4.920 de promedio, las vacas pre\u00f1adas en US$ 2.982, las vacas pre\u00f1adas por inseminaci\u00f3n Puro Controladas en US$ 2.400 y las vaquillonas pre\u00f1adas SA, tambi\u00e9n por inseminaci\u00f3n, se vendieron en US$ 1.320 d\u00f3lares. <br><\/p>\n\n\n\n<p>En total, los 73 vientres PI, PC y SA, hicieron un promedio de US$ 2.840 de promedio. <br><\/p>\n\n\n\n<p>En los machos, no se observaron valores tan destacados como en las planteleras, algo que si ocurr\u00eda en a\u00f1os anteriores, pero si una oferta muy pareja y con m\u00e1s de 50 toros comercializados sobre los US$ 4.000, en un total de 70, lo que marca la estabilidad en los valores que tuvo la venta. <br><\/p>\n\n\n\n<p>Los toros planteleros hicieron US$ 6.720 de promedio, mientras que los toros pedigree de 2 a\u00f1os, recomendados por la caba\u00f1a promediaron US$ 5.564. En los toros de 3 a\u00f1os, el pedigree hizo US$ 4.416, el Puro Controlado US$ 4.751 y los SA 3.780 d\u00f3lares. En total los 70 toros promediaron US$ 4.733. <br><\/p>\n\n\n\n<p>Al cierre de las ventas Mar\u00eda Mattos dijo \u00abestamos muy contentos por la confianza de nuestros clientes. Tenemos clientes que nos han acompa\u00f1ado toda la vida. La caba\u00f1a es un trabajo a largo plazo y lo que m\u00e1s valoramos nosotros es eso, la confianza que nos tienen\u00bb. La productora adem\u00e1s se\u00f1al\u00f3 que \u00abes un orgullo para nosotros, que una caba\u00f1a nueva se inicie a partir de nuestras vacas y nuestros toros, la sentimos como propia\u00bb. <br><\/p>\n\n\n\n<p>Carlos Guinovart, destac\u00f3 que el remate \u00abse distingui\u00f3 por lo estable, por lo parejo\u00bb en cuanto a la calidad de la oferta, pero tambi\u00e9n de los valores obtenidos. <br><\/p>\n\n\n\n<p>Por su parte Gerardo Zambrano se\u00f1al\u00f3 que \u00abfue un remate fant\u00e1stico de punta a punta. Como siempre digo, Bayucu\u00e1, es una caba\u00f1a para caba\u00f1eros por la diversidad de producto que ofrece tanto hembras como machos. Pero lo que me llam\u00f3 la atenci\u00f3n fue lo parejo del remate del primero y \u00faltimo toro\u00bb. <br><\/p>\n\n\n\n<p>Mart\u00edn San Rom\u00e1n, del escritorio Correa &amp; San Rom\u00e1n, dijo que hubo conformidad al cierre de las ventas, y ratifica la importancia de la gen\u00e9tica de la caba\u00f1a, \u00abno en vano la gente se reitera y por eso vienen clientes nuevos\u00bb. <br><\/p>\n\n\n\n<p>Si bien dijo \u00abno soy muy de mirar los promedios. Lo miro, pero no soy de seguirlos ni nada\u00bb se\u00f1al\u00f3 que el promedio alcanzado \u00abes para estar muy conformes\u00bb. Adem\u00e1s indic\u00f3 que el remate se ha dado previo a las lluvias que est\u00e1n pronosticadas para estos d\u00edas y que tambi\u00e9n hay un componente de la oferta muy importante, desde el pedigree al SA. <\/p>\n\n\n\n<p>Salto, 6 de octubre de 2022<\/p>\n","protected":false},"excerpt":{"rendered":"<p>La caba\u00f1a salte\u00f1a Bayucu\u00e1 realiz\u00f3 en la jornada de ayer su remate anual de reproductores, con colocaci\u00f3n total de la oferta, tanto en machos como en hembras y con un [&hellip;]<\/p>\n","protected":false},"author":5,"featured_media":46121,"comment_status":"open","ping_status":"open","sticky":false,"template":"","format":"standard","meta":{"_price":"","_stock":"","_tribe_ticket_header":"","_tribe_default_ticket_provider":"","_tribe_ticket_capacity":"0","_ticket_start_date":"","_ticket_end_date":"","_tribe_ticket_show_description":"","_tribe_ticket_show_not_going":false,"_tribe_ticket_use_global_stock":"","_tribe_ticket_global_stock_level":"","_global_stock_mode":"","_global_stock_cap":"","_tribe_rsvp_for_event":"","_tribe_ticket_going_count":"","_tribe_ticket_not_going_count":"","_tribe_tickets_list":"[]","_tribe_ticket_has_attendee_info_fields":false,"h5ap_radio_sources":[],"_jetpack_newsletter_access":"","_jetpack_dont_email_post_to_subs":false,"_jetpack_newsletter_tier_id":0,"_jetpack_memberships_contains_paywalled_content":false,"_jetpack_memberships_contains_paid_content":false,"footnotes":""},"categories":[21,5],"tags":[],"class_list":["post-46119","post","type-post","status-publish","format-standard","has-post-thumbnail","hentry","category-actualidad","category-ganaderia"],"jetpack_featured_media_url":"https:\/\/i0.wp.com\/lahoradelcampo.com.uy\/site\/wp-content\/uploads\/2022\/10\/bayucua-remate.jpg?fit=880%2C440&ssl=1","jetpack_sharing_enabled":true,"jetpack_shortlink":"https:\/\/wp.me\/p99IaT-bZR","jetpack-related-posts":[{"id":35203,"url":"https:\/\/lahoradelcampo.com.uy\/site\/bayucua-vendio-sus-toros-en-us-4-945-de-promedio\/","url_meta":{"origin":46119,"position":0},"title":"Bayucu\u00e1 vendi\u00f3 sus toros en US$ 4.945 de promedio","author":"La Hora del Campo","date":"7 octubre, 2021","format":false,"excerpt":"En un remate \u00e1gil y din\u00e1mico, la caba\u00f1a salte\u00f1a Bayucu\u00e1 coloc\u00f3 su oferta de vientres y toros en el local de la Asociaci\u00f3n Agropecuaria de Salto, con los martillos de Correa & San Rom\u00e1n y Zambrano & C\u00eda. Como es tradicional se comenz\u00f3 con los vientres, donde las planteleras alcanzaron\u2026","rel":"","context":"En \u00abActualidad\u00bb","block_context":{"text":"Actualidad","link":"https:\/\/lahoradelcampo.com.uy\/site\/category\/actualidad\/"},"img":{"alt_text":"","src":"https:\/\/i0.wp.com\/lahoradelcampo.com.uy\/site\/wp-content\/uploads\/2021\/10\/Zafra-Bayucua.jpg?fit=880%2C440&ssl=1&resize=350%2C200","width":350,"height":200,"srcset":"https:\/\/i0.wp.com\/lahoradelcampo.com.uy\/site\/wp-content\/uploads\/2021\/10\/Zafra-Bayucua.jpg?fit=880%2C440&ssl=1&resize=350%2C200 1x, https:\/\/i0.wp.com\/lahoradelcampo.com.uy\/site\/wp-content\/uploads\/2021\/10\/Zafra-Bayucua.jpg?fit=880%2C440&ssl=1&resize=525%2C300 1.5x, https:\/\/i0.wp.com\/lahoradelcampo.com.uy\/site\/wp-content\/uploads\/2021\/10\/Zafra-Bayucua.jpg?fit=880%2C440&ssl=1&resize=700%2C400 2x"},"classes":[]},{"id":24464,"url":"https:\/\/lahoradelcampo.com.uy\/site\/la-torada-pedigree-de-bayucua-supero-los-us-5-000-en-la-agropecuaria-de-salto\/","url_meta":{"origin":46119,"position":1},"title":"La torada pedigree de Bayucu\u00e1 super\u00f3 los US$ 5.000 en la Agropecuaria de Salto","author":"La Hora del Campo","date":"9 octubre, 2020","format":false,"excerpt":"La caba\u00f1a de caba\u00f1as como tradicionalmente se conoce a Bayucu\u00e1, una caba\u00f1a centenaria y generadora de un importante n\u00famero de planteles angus en todo el pa\u00eds, realiz\u00f3 su remate anual colocando el 100% de la oferta en la pista, con m\u00e1s del 50% preofertado. Si los toros planteleros fueron de\u2026","rel":"","context":"En \u00abActualidad\u00bb","block_context":{"text":"Actualidad","link":"https:\/\/lahoradelcampo.com.uy\/site\/category\/actualidad\/"},"img":{"alt_text":"","src":"https:\/\/i0.wp.com\/lahoradelcampo.com.uy\/site\/wp-content\/uploads\/2020\/10\/bayucuaok.jpg?fit=880%2C440&ssl=1&resize=350%2C200","width":350,"height":200,"srcset":"https:\/\/i0.wp.com\/lahoradelcampo.com.uy\/site\/wp-content\/uploads\/2020\/10\/bayucuaok.jpg?fit=880%2C440&ssl=1&resize=350%2C200 1x, https:\/\/i0.wp.com\/lahoradelcampo.com.uy\/site\/wp-content\/uploads\/2020\/10\/bayucuaok.jpg?fit=880%2C440&ssl=1&resize=525%2C300 1.5x, https:\/\/i0.wp.com\/lahoradelcampo.com.uy\/site\/wp-content\/uploads\/2020\/10\/bayucuaok.jpg?fit=880%2C440&ssl=1&resize=700%2C400 2x"},"classes":[]},{"id":14995,"url":"https:\/\/lahoradelcampo.com.uy\/site\/rematazo-us-5-034-de-promedio-por-la-torada-de-bayucua\/","url_meta":{"origin":46119,"position":2},"title":"Rematazo: US$ 5.034 de promedio por la torada de Bayucu\u00e1","author":"La Hora del Campo","date":"14 octubre, 2019","format":false,"excerpt":"Un rematazo por donde se lo mire, \u00e1gil, con piques de distintos puntos del pa\u00eds, con una oferta excepcional en todas las categor\u00edas. Las ventas estuvieron a cargo de los escritorios Zambrano & C\u00eda, y Correa & San Roman. El comienzo con los vientres y con el martillo de Mart\u00edn\u2026","rel":"","context":"En \u00abActualidad\u00bb","block_context":{"text":"Actualidad","link":"https:\/\/lahoradelcampo.com.uy\/site\/category\/actualidad\/"},"img":{"alt_text":"","src":"https:\/\/i0.wp.com\/lahoradelcampo.com.uy\/site\/wp-content\/uploads\/2019\/10\/Bayucua.jpg?fit=880%2C440&ssl=1&resize=350%2C200","width":350,"height":200,"srcset":"https:\/\/i0.wp.com\/lahoradelcampo.com.uy\/site\/wp-content\/uploads\/2019\/10\/Bayucua.jpg?fit=880%2C440&ssl=1&resize=350%2C200 1x, https:\/\/i0.wp.com\/lahoradelcampo.com.uy\/site\/wp-content\/uploads\/2019\/10\/Bayucua.jpg?fit=880%2C440&ssl=1&resize=525%2C300 1.5x, https:\/\/i0.wp.com\/lahoradelcampo.com.uy\/site\/wp-content\/uploads\/2019\/10\/Bayucua.jpg?fit=880%2C440&ssl=1&resize=700%2C400 2x"},"classes":[]},{"id":2557,"url":"https:\/\/lahoradelcampo.com.uy\/site\/bayucua-coloco-el-100-de-la-oferta-de-toros-en-us-3-282\/","url_meta":{"origin":46119,"position":3},"title":"Bayucu\u00e1 coloc\u00f3 el 100% de la oferta de toros en U$S 3.282","author":"La Hora del Campo","date":"12 octubre, 2017","format":false,"excerpt":"En un remate \u00e1gil y din\u00e1mico en todo momento, la caba\u00f1a salte\u00f1a Bayucu\u00e1 comercializ\u00f3 el 100% de la oferta, tanto en machos como en hembras, en el predio de la Asociaci\u00f3n Agropecuaria de Salto. Los 68 toros comercializados alcanzaron un promedio de U$S 3.282, en tanto que las 96 hembras\u2026","rel":"","context":"En \u00abActualidad\u00bb","block_context":{"text":"Actualidad","link":"https:\/\/lahoradelcampo.com.uy\/site\/category\/actualidad\/"},"img":{"alt_text":"","src":"https:\/\/i0.wp.com\/lahoradelcampo.com.uy\/site\/wp-content\/uploads\/2017\/10\/Bayucua.jpg?fit=880%2C440&ssl=1&resize=350%2C200","width":350,"height":200,"srcset":"https:\/\/i0.wp.com\/lahoradelcampo.com.uy\/site\/wp-content\/uploads\/2017\/10\/Bayucua.jpg?fit=880%2C440&ssl=1&resize=350%2C200 1x, https:\/\/i0.wp.com\/lahoradelcampo.com.uy\/site\/wp-content\/uploads\/2017\/10\/Bayucua.jpg?fit=880%2C440&ssl=1&resize=525%2C300 1.5x, https:\/\/i0.wp.com\/lahoradelcampo.com.uy\/site\/wp-content\/uploads\/2017\/10\/Bayucua.jpg?fit=880%2C440&ssl=1&resize=700%2C400 2x"},"classes":[]},{"id":54845,"url":"https:\/\/lahoradelcampo.com.uy\/site\/los-71-toros-angus-de-bayucua-promediaron-us-4-475\/","url_meta":{"origin":46119,"position":4},"title":"Los 71 toros angus de Bayucu\u00e1 promediaron US$ 4.475","author":"La Hora del Campo","date":"11 octubre, 2024","format":false,"excerpt":"Bayucu\u00e1, la hist\u00f3rica caba\u00f1a Angus de la familia Mattos, llev\u00f3 a cabo la subasta de su destacada oferta ayer por la tarde en la Asociaci\u00f3n Agropecuaria de Salto, logrando vender la totalidad de los animales ofertados: 71 toros con un promedio de U$S 4.475 y 91 vientres a un promedio\u2026","rel":"","context":"En \u00abActualidad\u00bb","block_context":{"text":"Actualidad","link":"https:\/\/lahoradelcampo.com.uy\/site\/category\/actualidad\/"},"img":{"alt_text":"","src":"https:\/\/i0.wp.com\/lahoradelcampo.com.uy\/site\/wp-content\/uploads\/2024\/10\/bayucua-remates.jpg?fit=880%2C440&ssl=1&resize=350%2C200","width":350,"height":200,"srcset":"https:\/\/i0.wp.com\/lahoradelcampo.com.uy\/site\/wp-content\/uploads\/2024\/10\/bayucua-remates.jpg?fit=880%2C440&ssl=1&resize=350%2C200 1x, https:\/\/i0.wp.com\/lahoradelcampo.com.uy\/site\/wp-content\/uploads\/2024\/10\/bayucua-remates.jpg?fit=880%2C440&ssl=1&resize=525%2C300 1.5x, https:\/\/i0.wp.com\/lahoradelcampo.com.uy\/site\/wp-content\/uploads\/2024\/10\/bayucua-remates.jpg?fit=880%2C440&ssl=1&resize=700%2C400 2x"},"classes":[]},{"id":15077,"url":"https:\/\/lahoradelcampo.com.uy\/site\/festejo-y-ventas-totales-en-el-remate-de-san-rafael\/","url_meta":{"origin":46119,"position":5},"title":"Festejo y ventas totales en el remate de San Rafael","author":"La Hora del Campo","date":"15 octubre, 2019","format":false,"excerpt":"La caba\u00f1a San Rafael de Burutaran y Vasco Pampeano, comercializaron ayer sus reproductores en el predio de la Asociaci\u00f3n Agropecuaria de Salto, en una tarde noche fr\u00eda, luego del cambio de clima y las precipitaciones. En la pista una oferta muy bien presentada y previo a las ventas un repaso\u2026","rel":"","context":"En \u00abActualidad\u00bb","block_context":{"text":"Actualidad","link":"https:\/\/lahoradelcampo.com.uy\/site\/category\/actualidad\/"},"img":{"alt_text":"","src":"https:\/\/i0.wp.com\/lahoradelcampo.com.uy\/site\/wp-content\/uploads\/2019\/10\/San-Rafael.jpg?fit=880%2C440&ssl=1&resize=350%2C200","width":350,"height":200,"srcset":"https:\/\/i0.wp.com\/lahoradelcampo.com.uy\/site\/wp-content\/uploads\/2019\/10\/San-Rafael.jpg?fit=880%2C440&ssl=1&resize=350%2C200 1x, https:\/\/i0.wp.com\/lahoradelcampo.com.uy\/site\/wp-content\/uploads\/2019\/10\/San-Rafael.jpg?fit=880%2C440&ssl=1&resize=525%2C300 1.5x, https:\/\/i0.wp.com\/lahoradelcampo.com.uy\/site\/wp-content\/uploads\/2019\/10\/San-Rafael.jpg?fit=880%2C440&ssl=1&resize=700%2C400 2x"},"classes":[]}],"jetpack_likes_enabled":true,"_links":{"self":[{"href":"https:\/\/lahoradelcampo.com.uy\/site\/wp-json\/wp\/v2\/posts\/46119","targetHints":{"allow":["GET"]}}],"collection":[{"href":"https:\/\/lahoradelcampo.com.uy\/site\/wp-json\/wp\/v2\/posts"}],"about":[{"href":"https:\/\/lahoradelcampo.com.uy\/site\/wp-json\/wp\/v2\/types\/post"}],"author":[{"embeddable":true,"href":"https:\/\/lahoradelcampo.com.uy\/site\/wp-json\/wp\/v2\/users\/5"}],"replies":[{"embeddable":true,"href":"https:\/\/lahoradelcampo.com.uy\/site\/wp-json\/wp\/v2\/comments?post=46119"}],"version-history":[{"count":1,"href":"https:\/\/lahoradelcampo.com.uy\/site\/wp-json\/wp\/v2\/posts\/46119\/revisions"}],"predecessor-version":[{"id":46123,"href":"https:\/\/lahoradelcampo.com.uy\/site\/wp-json\/wp\/v2\/posts\/46119\/revisions\/46123"}],"wp:featuredmedia":[{"embeddable":true,"href":"https:\/\/lahoradelcampo.com.uy\/site\/wp-json\/wp\/v2\/media\/46121"}],"wp:attachment":[{"href":"https:\/\/lahoradelcampo.com.uy\/site\/wp-json\/wp\/v2\/media?parent=46119"}],"wp:term":[{"taxonomy":"category","embeddable":true,"href":"https:\/\/lahoradelcampo.com.uy\/site\/wp-json\/wp\/v2\/categories?post=46119"},{"taxonomy":"post_tag","embeddable":true,"href":"https:\/\/lahoradelcampo.com.uy\/site\/wp-json\/wp\/v2\/tags?post=46119"}],"curies":[{"name":"wp","href":"https:\/\/api.w.org\/{rel}","templated":true}]}}