{"id":46113,"date":"2022-10-06T09:18:37","date_gmt":"2022-10-06T12:18:37","guid":{"rendered":"http:\/\/lahoradelcampo.com.uy\/site\/?p=46113"},"modified":"2022-10-06T09:18:42","modified_gmt":"2022-10-06T12:18:42","slug":"hoy-se-vende-el-polled-hereford-de-nu-pora","status":"publish","type":"post","link":"https:\/\/lahoradelcampo.com.uy\/site\/hoy-se-vende-el-polled-hereford-de-nu-pora\/","title":{"rendered":"Hoy se vende el Polled Hereford de \u00d1u Por\u00e1"},"content":{"rendered":"\n<figure class=\"wp-block-image\"><img data-recalc-dims=\"1\" loading=\"lazy\" decoding=\"async\" width=\"810\" height=\"405\" data-attachment-id=\"46115\" data-permalink=\"https:\/\/lahoradelcampo.com.uy\/site\/hoy-se-vende-el-polled-hereford-de-nu-pora\/nu-pora-remate-previa\/\" data-orig-file=\"https:\/\/i0.wp.com\/lahoradelcampo.com.uy\/site\/wp-content\/uploads\/2022\/10\/%C3%91u-Pora-remate-previa.jpg?fit=880%2C440&amp;ssl=1\" data-orig-size=\"880,440\" data-comments-opened=\"1\" data-image-meta=\"{&quot;aperture&quot;:&quot;0&quot;,&quot;credit&quot;:&quot;&quot;,&quot;camera&quot;:&quot;&quot;,&quot;caption&quot;:&quot;&quot;,&quot;created_timestamp&quot;:&quot;0&quot;,&quot;copyright&quot;:&quot;&quot;,&quot;focal_length&quot;:&quot;0&quot;,&quot;iso&quot;:&quot;0&quot;,&quot;shutter_speed&quot;:&quot;0&quot;,&quot;title&quot;:&quot;&quot;,&quot;orientation&quot;:&quot;1&quot;}\" data-image-title=\"\u00d1u Pora remate previa\" data-image-description=\"\" data-image-caption=\"\" data-large-file=\"https:\/\/i0.wp.com\/lahoradelcampo.com.uy\/site\/wp-content\/uploads\/2022\/10\/%C3%91u-Pora-remate-previa.jpg?fit=810%2C405&amp;ssl=1\" src=\"https:\/\/i0.wp.com\/lahoradelcampo.com.uy\/site\/wp-content\/uploads\/2022\/10\/%C3%91u-Pora-remate-previa.jpg?resize=810%2C405\" alt=\"\" class=\"wp-image-46115\" srcset=\"https:\/\/i0.wp.com\/lahoradelcampo.com.uy\/site\/wp-content\/uploads\/2022\/10\/%C3%91u-Pora-remate-previa.jpg?w=880&amp;ssl=1 880w, https:\/\/i0.wp.com\/lahoradelcampo.com.uy\/site\/wp-content\/uploads\/2022\/10\/%C3%91u-Pora-remate-previa.jpg?resize=300%2C150&amp;ssl=1 300w, https:\/\/i0.wp.com\/lahoradelcampo.com.uy\/site\/wp-content\/uploads\/2022\/10\/%C3%91u-Pora-remate-previa.jpg?resize=768%2C384&amp;ssl=1 768w, https:\/\/i0.wp.com\/lahoradelcampo.com.uy\/site\/wp-content\/uploads\/2022\/10\/%C3%91u-Pora-remate-previa.jpg?resize=820%2C410&amp;ssl=1 820w\" sizes=\"auto, (max-width: 810px) 100vw, 810px\" \/><\/figure>\n\n\n\n<p>Sin dudas es el cl\u00e1sico de los remates de toros de la regi\u00f3n. Como es tradicional en la propia estancia, hoy jueves se rematan los toros de \u00d1u Por\u00e1 de Pingo Viejo SG, con una oferta de 55 reproductores Polled Hereford PI de dos a\u00f1os, que incluye 15 ejemplares de la caba\u00f1a invitada Santa Mar\u00eda de Arapey, en subasta a cargo de Escritorio Dutra e Indarte y C\u00eda. <br><\/p>\n\n\n\n<p>\u201cLos toros llegan muy bien preparados, y prontos para trabajar cuando el productor que los adquiera indique\u201d, explic\u00f3 el ingeniero agr\u00f3nomo Carlos Parietti, quien agreg\u00f3 que \u201cel productor y criador debe reponer sus toros, aprovechando que venimos de a\u00f1os favorables para la cr\u00eda, y aunque actualmente hay una coyuntura de precios, igual los valores son buenos para todos los productores\u201d. <br><\/p>\n\n\n\n<p>Entre la oferta se incluyen dos de los integrantes del Lote Campe\u00f3n de la reciente Expo Salto, siendo el Copa de Honor de esa muestra el \u00fanico que no entra a venderse en la estancia ubicada en el kil\u00f3metro 356,500 de ruta 3. <br><\/p>\n\n\n\n<p>Por su parte Alejandra Parietti signific\u00f3 que \u201centre los 15 toros a venderse el jueves, van algunos de los integrantes del Lote reservado Campe\u00f3n de la Expo Salto\u201d. <br><\/p>\n\n\n\n<p>Destac\u00f3 que la oferta la incluyen \u201ctoros funcionales, pigmentados, con bajo peso al nacer, adem\u00e1s de ser parejos y uniformes\u201d. <br><\/p>\n\n\n\n<p>El ingeniero agr\u00f3nomo Juan Pablo Guti\u00e9rrez, de la firma Indarte, se\u00f1al\u00f3 que \u201cse trata de uno de los remates m\u00e1s cl\u00e1sicos del pa\u00eds, en donde la familia Parietti tiene una l\u00ednea de producci\u00f3n de toros Polled Hereford muy definida y clara, algo que los clientes ya lo saben\u201d. <br><\/p>\n\n\n\n<p>La subasta se realiza desde las 15 horas con banco Ita\u00fa, disponi\u00e9ndose de 6 meses libres, 6% de descuento por el pago contado, m\u00e1s un adicional de 10% para quienes compren 10 o m\u00e1s toros en la subasta. Adem\u00e1s, flete gratis para toros, y seguro de vida por un mes.<\/p>\n\n\n\n<p>Salto, 6 de octubre de 2022<\/p>\n","protected":false},"excerpt":{"rendered":"<p>Sin dudas es el cl\u00e1sico de los remates de toros de la regi\u00f3n. Como es tradicional en la propia estancia, hoy jueves se rematan los toros de \u00d1u Por\u00e1 de [&hellip;]<\/p>\n","protected":false},"author":5,"featured_media":46115,"comment_status":"open","ping_status":"open","sticky":false,"template":"","format":"standard","meta":{"_price":"","_stock":"","_tribe_ticket_header":"","_tribe_default_ticket_provider":"","_tribe_ticket_capacity":"0","_ticket_start_date":"","_ticket_end_date":"","_tribe_ticket_show_description":"","_tribe_ticket_show_not_going":false,"_tribe_ticket_use_global_stock":"","_tribe_ticket_global_stock_level":"","_global_stock_mode":"","_global_stock_cap":"","_tribe_rsvp_for_event":"","_tribe_ticket_going_count":"","_tribe_ticket_not_going_count":"","_tribe_tickets_list":"[]","_tribe_ticket_has_attendee_info_fields":false,"h5ap_radio_sources":[],"_jetpack_newsletter_access":"","_jetpack_dont_email_post_to_subs":false,"_jetpack_newsletter_tier_id":0,"_jetpack_memberships_contains_paywalled_content":false,"_jetpack_memberships_contains_paid_content":false,"footnotes":""},"categories":[21,5],"tags":[],"class_list":["post-46113","post","type-post","status-publish","format-standard","has-post-thumbnail","hentry","category-actualidad","category-ganaderia"],"jetpack_featured_media_url":"https:\/\/i0.wp.com\/lahoradelcampo.com.uy\/site\/wp-content\/uploads\/2022\/10\/%C3%91u-Pora-remate-previa.jpg?fit=880%2C440&ssl=1","jetpack_sharing_enabled":true,"jetpack_shortlink":"https:\/\/wp.me\/p99IaT-bZL","jetpack-related-posts":[{"id":24702,"url":"https:\/\/lahoradelcampo.com.uy\/site\/el-polled-hereford-de-nu-pora-se-vendio-a-us-3-434\/","url_meta":{"origin":46113,"position":0},"title":"El Polled Hereford de \u00d1u Por\u00e1 se vendi\u00f3 a US$ 3.434","author":"La Hora del Campo","date":"16 octubre, 2020","format":false,"excerpt":"En una hora se dispersaron la totalidad de los 41 toros Polled Hereford ofertados por \u201c\u00d1u Por\u00e1\u201d y \u201cSanta Mar\u00eda de Arapey\u201d, en subasta a cargo de Indarte y C\u00eda. y Escritorio Dutra, y realizado en la propia caba\u00f1a del departamento de Paysand\u00fa. Alejandro Dutra y Joaqu\u00edn Abelenda se alternaron\u2026","rel":"","context":"En \u00abActualidad\u00bb","block_context":{"text":"Actualidad","link":"https:\/\/lahoradelcampo.com.uy\/site\/category\/actualidad\/"},"img":{"alt_text":"","src":"https:\/\/i0.wp.com\/lahoradelcampo.com.uy\/site\/wp-content\/uploads\/2020\/10\/%C3%B1uporaventa.jpg?fit=880%2C440&ssl=1&resize=350%2C200","width":350,"height":200,"srcset":"https:\/\/i0.wp.com\/lahoradelcampo.com.uy\/site\/wp-content\/uploads\/2020\/10\/%C3%B1uporaventa.jpg?fit=880%2C440&ssl=1&resize=350%2C200 1x, https:\/\/i0.wp.com\/lahoradelcampo.com.uy\/site\/wp-content\/uploads\/2020\/10\/%C3%B1uporaventa.jpg?fit=880%2C440&ssl=1&resize=525%2C300 1.5x, https:\/\/i0.wp.com\/lahoradelcampo.com.uy\/site\/wp-content\/uploads\/2020\/10\/%C3%B1uporaventa.jpg?fit=880%2C440&ssl=1&resize=700%2C400 2x"},"classes":[]},{"id":57036,"url":"https:\/\/lahoradelcampo.com.uy\/site\/los-polled-hereford-de-nu-pora-promediaron-us-4-517\/","url_meta":{"origin":46113,"position":1},"title":"Los Polled Hereford de \u00d1u Por\u00e1 promediaron U$S 4.517","author":"La Hora del Campo","date":"10 octubre, 2025","format":false,"excerpt":"Con agilidad y demanda, la caba\u00f1a \u00d1u Por\u00e1, junto a Santa Mar\u00eda de Arapey, concret\u00f3 un remate excepcional de toros Polled Hereford, logrando ventas totales y un promedio de U$S 4.517, cifra que representa un aumento cercano al 30% respecto al a\u00f1o anterior. La subasta a cargo de las firmas\u2026","rel":"","context":"En \u00abActualidad\u00bb","block_context":{"text":"Actualidad","link":"https:\/\/lahoradelcampo.com.uy\/site\/category\/actualidad\/"},"img":{"alt_text":"","src":"https:\/\/i0.wp.com\/lahoradelcampo.com.uy\/site\/wp-content\/uploads\/2025\/10\/Nupora-rematp.jpg?fit=880%2C440&ssl=1&resize=350%2C200","width":350,"height":200,"srcset":"https:\/\/i0.wp.com\/lahoradelcampo.com.uy\/site\/wp-content\/uploads\/2025\/10\/Nupora-rematp.jpg?fit=880%2C440&ssl=1&resize=350%2C200 1x, https:\/\/i0.wp.com\/lahoradelcampo.com.uy\/site\/wp-content\/uploads\/2025\/10\/Nupora-rematp.jpg?fit=880%2C440&ssl=1&resize=525%2C300 1.5x, https:\/\/i0.wp.com\/lahoradelcampo.com.uy\/site\/wp-content\/uploads\/2025\/10\/Nupora-rematp.jpg?fit=880%2C440&ssl=1&resize=700%2C400 2x"},"classes":[]},{"id":24630,"url":"https:\/\/lahoradelcampo.com.uy\/site\/nupora-vende-hoy-su-torada-polled-hereford\/","url_meta":{"origin":46113,"position":2},"title":"\u00d1u Por\u00e1 vende hoy su torada Polled Hereford","author":"La Hora del Campo","date":"15 octubre, 2020","format":false,"excerpt":"Los toros de \u201c\u00d1u Por\u00e1\u201d se venden hoy jueves en la propia estancia, junto a los toros de \u201cSanta Mar\u00eda de Arapey\u201d como caba\u00f1a invitada, en uno de los puntos altos de la zafra para el litoral norte del pa\u00eds. En momentos en que la zafra de remates de toros\u2026","rel":"","context":"En \u00abActualidad\u00bb","block_context":{"text":"Actualidad","link":"https:\/\/lahoradelcampo.com.uy\/site\/category\/actualidad\/"},"img":{"alt_text":"","src":"https:\/\/i0.wp.com\/lahoradelcampo.com.uy\/site\/wp-content\/uploads\/2020\/10\/%C3%91uporaconferencia.jpg?fit=880%2C440&ssl=1&resize=350%2C200","width":350,"height":200,"srcset":"https:\/\/i0.wp.com\/lahoradelcampo.com.uy\/site\/wp-content\/uploads\/2020\/10\/%C3%91uporaconferencia.jpg?fit=880%2C440&ssl=1&resize=350%2C200 1x, https:\/\/i0.wp.com\/lahoradelcampo.com.uy\/site\/wp-content\/uploads\/2020\/10\/%C3%91uporaconferencia.jpg?fit=880%2C440&ssl=1&resize=525%2C300 1.5x, https:\/\/i0.wp.com\/lahoradelcampo.com.uy\/site\/wp-content\/uploads\/2020\/10\/%C3%91uporaconferencia.jpg?fit=880%2C440&ssl=1&resize=700%2C400 2x"},"classes":[]},{"id":35417,"url":"https:\/\/lahoradelcampo.com.uy\/site\/manana-salen-a-venta-los-polled-hereford-en-nu-pora\/","url_meta":{"origin":46113,"position":3},"title":"Ma\u00f1ana salen a venta los Polled Hereford en \u201c\u00d1u Por\u00e1\u201d","author":"La Hora del Campo","date":"13 octubre, 2021","format":false,"excerpt":"Sin dudas una de los remates tradicionales de la zafra y de los m\u00e1s importantes en el departamento de Paysand\u00fa, se realizar\u00e1 este jueves en estancia \u201c\u00d1u Por\u00e1\u201d, cuando la caba\u00f1a anfitriona y \u201cSanta Mar\u00eda de Arapey\u201d, oferten su torada Polled Hereford, en subasta a cargo de Indarte y C\u00eda.\u2026","rel":"","context":"En \u00abActualidad\u00bb","block_context":{"text":"Actualidad","link":"https:\/\/lahoradelcampo.com.uy\/site\/category\/actualidad\/"},"img":{"alt_text":"","src":"https:\/\/i0.wp.com\/lahoradelcampo.com.uy\/site\/wp-content\/uploads\/2021\/10\/%C3%91upora-conferencia.jpg?fit=880%2C440&ssl=1&resize=350%2C200","width":350,"height":200,"srcset":"https:\/\/i0.wp.com\/lahoradelcampo.com.uy\/site\/wp-content\/uploads\/2021\/10\/%C3%91upora-conferencia.jpg?fit=880%2C440&ssl=1&resize=350%2C200 1x, https:\/\/i0.wp.com\/lahoradelcampo.com.uy\/site\/wp-content\/uploads\/2021\/10\/%C3%91upora-conferencia.jpg?fit=880%2C440&ssl=1&resize=525%2C300 1.5x, https:\/\/i0.wp.com\/lahoradelcampo.com.uy\/site\/wp-content\/uploads\/2021\/10\/%C3%91upora-conferencia.jpg?fit=880%2C440&ssl=1&resize=700%2C400 2x"},"classes":[]},{"id":2265,"url":"https:\/\/lahoradelcampo.com.uy\/site\/nu-pora-alcanzo-us-3-020-de-promedio\/","url_meta":{"origin":46113,"position":4},"title":"\u00d1u Por\u00e1 alcanzo U$S 3.020 de promedio","author":"La Hora del Campo ADMIN","date":"6 octubre, 2017","format":false,"excerpt":"La caba\u00f1a \u00d1u Por\u00e1 de la familia Parietti Henderson celebr\u00f3 sus 50 a\u00f1os de remate, con ventas parciales en la pista, salieron cuatro toros sin vender, pero que se colocaron r\u00e1pidamente al finalizar las ventas. El remate estuvo a cargo de Indarte y C\u00eda, con Escritorio Dutra y administraci\u00f3n de\u2026","rel":"","context":"En \u00abActualidad\u00bb","block_context":{"text":"Actualidad","link":"https:\/\/lahoradelcampo.com.uy\/site\/category\/actualidad\/"},"img":{"alt_text":"","src":"https:\/\/i0.wp.com\/lahoradelcampo.com.uy\/site\/wp-content\/uploads\/2017\/10\/%C3%91u-Por%C3%A1.jpg?fit=880%2C440&ssl=1&resize=350%2C200","width":350,"height":200,"srcset":"https:\/\/i0.wp.com\/lahoradelcampo.com.uy\/site\/wp-content\/uploads\/2017\/10\/%C3%91u-Por%C3%A1.jpg?fit=880%2C440&ssl=1&resize=350%2C200 1x, https:\/\/i0.wp.com\/lahoradelcampo.com.uy\/site\/wp-content\/uploads\/2017\/10\/%C3%91u-Por%C3%A1.jpg?fit=880%2C440&ssl=1&resize=525%2C300 1.5x, https:\/\/i0.wp.com\/lahoradelcampo.com.uy\/site\/wp-content\/uploads\/2017\/10\/%C3%91u-Por%C3%A1.jpg?fit=880%2C440&ssl=1&resize=700%2C400 2x"},"classes":[]},{"id":15190,"url":"https:\/\/lahoradelcampo.com.uy\/site\/nu-pora-y-santa-maria-del-arapey-vendieron-sus-hereford-en-us-3-738\/","url_meta":{"origin":46113,"position":5},"title":"\u00d1u Por\u00e1 y Santa Mar\u00eda del Arapey vendieron sus Hereford en US$ 3.738","author":"La Hora del Campo","date":"18 octubre, 2019","format":false,"excerpt":"Con firmeza y buenos precios para la actual zafra de reproductores, \"\u00d1u Por\u00e1\" vendi\u00f3 en la propia estancia del departamento de Paysand\u00fa, 59 toros Polled Hereford, incluyendo los de \"Santa Mar\u00eda de Arapey\" de Alejandra Parietti, en U$S 3.738. Las ventas a cargo de Indarte y C\u00eda. y Escritorio Dutra,\u2026","rel":"","context":"En \u00abActualidad\u00bb","block_context":{"text":"Actualidad","link":"https:\/\/lahoradelcampo.com.uy\/site\/category\/actualidad\/"},"img":{"alt_text":"","src":"https:\/\/i0.wp.com\/lahoradelcampo.com.uy\/site\/wp-content\/uploads\/2019\/10\/%C3%91u-Pora.jpg?fit=880%2C440&ssl=1&resize=350%2C200","width":350,"height":200,"srcset":"https:\/\/i0.wp.com\/lahoradelcampo.com.uy\/site\/wp-content\/uploads\/2019\/10\/%C3%91u-Pora.jpg?fit=880%2C440&ssl=1&resize=350%2C200 1x, https:\/\/i0.wp.com\/lahoradelcampo.com.uy\/site\/wp-content\/uploads\/2019\/10\/%C3%91u-Pora.jpg?fit=880%2C440&ssl=1&resize=525%2C300 1.5x, https:\/\/i0.wp.com\/lahoradelcampo.com.uy\/site\/wp-content\/uploads\/2019\/10\/%C3%91u-Pora.jpg?fit=880%2C440&ssl=1&resize=700%2C400 2x"},"classes":[]}],"jetpack_likes_enabled":true,"_links":{"self":[{"href":"https:\/\/lahoradelcampo.com.uy\/site\/wp-json\/wp\/v2\/posts\/46113","targetHints":{"allow":["GET"]}}],"collection":[{"href":"https:\/\/lahoradelcampo.com.uy\/site\/wp-json\/wp\/v2\/posts"}],"about":[{"href":"https:\/\/lahoradelcampo.com.uy\/site\/wp-json\/wp\/v2\/types\/post"}],"author":[{"embeddable":true,"href":"https:\/\/lahoradelcampo.com.uy\/site\/wp-json\/wp\/v2\/users\/5"}],"replies":[{"embeddable":true,"href":"https:\/\/lahoradelcampo.com.uy\/site\/wp-json\/wp\/v2\/comments?post=46113"}],"version-history":[{"count":1,"href":"https:\/\/lahoradelcampo.com.uy\/site\/wp-json\/wp\/v2\/posts\/46113\/revisions"}],"predecessor-version":[{"id":46117,"href":"https:\/\/lahoradelcampo.com.uy\/site\/wp-json\/wp\/v2\/posts\/46113\/revisions\/46117"}],"wp:featuredmedia":[{"embeddable":true,"href":"https:\/\/lahoradelcampo.com.uy\/site\/wp-json\/wp\/v2\/media\/46115"}],"wp:attachment":[{"href":"https:\/\/lahoradelcampo.com.uy\/site\/wp-json\/wp\/v2\/media?parent=46113"}],"wp:term":[{"taxonomy":"category","embeddable":true,"href":"https:\/\/lahoradelcampo.com.uy\/site\/wp-json\/wp\/v2\/categories?post=46113"},{"taxonomy":"post_tag","embeddable":true,"href":"https:\/\/lahoradelcampo.com.uy\/site\/wp-json\/wp\/v2\/tags?post=46113"}],"curies":[{"name":"wp","href":"https:\/\/api.w.org\/{rel}","templated":true}]}}