{"id":46109,"date":"2022-10-06T09:15:32","date_gmt":"2022-10-06T12:15:32","guid":{"rendered":"http:\/\/lahoradelcampo.com.uy\/site\/?p=46109"},"modified":"2022-10-06T09:15:36","modified_gmt":"2022-10-06T12:15:36","slug":"canepa-remata-hoy-en-plaza-rural-y-manana-los-angus-del-modelo-en-artigas","status":"publish","type":"post","link":"https:\/\/lahoradelcampo.com.uy\/site\/canepa-remata-hoy-en-plaza-rural-y-manana-los-angus-del-modelo-en-artigas\/","title":{"rendered":"C\u00e1nepa remata hoy en Plaza Rural y ma\u00f1ana los Angus del Modelo en Artigas"},"content":{"rendered":"\n<figure class=\"wp-block-image\"><img data-recalc-dims=\"1\" loading=\"lazy\" decoding=\"async\" width=\"810\" height=\"405\" data-attachment-id=\"40045\" data-permalink=\"https:\/\/lahoradelcampo.com.uy\/site\/canepa-marco-el-maximo-en-terneros-y-novillos-de-1-a-2-anos-en-plaza-rural\/plaza-canepa\/\" data-orig-file=\"https:\/\/i0.wp.com\/lahoradelcampo.com.uy\/site\/wp-content\/uploads\/2022\/03\/Plaza-Canepa.jpg?fit=880%2C440&amp;ssl=1\" data-orig-size=\"880,440\" data-comments-opened=\"1\" data-image-meta=\"{&quot;aperture&quot;:&quot;0&quot;,&quot;credit&quot;:&quot;&quot;,&quot;camera&quot;:&quot;&quot;,&quot;caption&quot;:&quot;&quot;,&quot;created_timestamp&quot;:&quot;0&quot;,&quot;copyright&quot;:&quot;&quot;,&quot;focal_length&quot;:&quot;0&quot;,&quot;iso&quot;:&quot;0&quot;,&quot;shutter_speed&quot;:&quot;0&quot;,&quot;title&quot;:&quot;&quot;,&quot;orientation&quot;:&quot;1&quot;}\" data-image-title=\"Plaza-Canepa\" data-image-description=\"\" data-image-caption=\"\" data-large-file=\"https:\/\/i0.wp.com\/lahoradelcampo.com.uy\/site\/wp-content\/uploads\/2022\/03\/Plaza-Canepa.jpg?fit=810%2C405&amp;ssl=1\" src=\"https:\/\/i0.wp.com\/lahoradelcampo.com.uy\/site\/wp-content\/uploads\/2022\/03\/Plaza-Canepa.jpg?resize=810%2C405\" alt=\"\" class=\"wp-image-40045\" srcset=\"https:\/\/i0.wp.com\/lahoradelcampo.com.uy\/site\/wp-content\/uploads\/2022\/03\/Plaza-Canepa.jpg?w=880&amp;ssl=1 880w, https:\/\/i0.wp.com\/lahoradelcampo.com.uy\/site\/wp-content\/uploads\/2022\/03\/Plaza-Canepa.jpg?resize=300%2C150&amp;ssl=1 300w, https:\/\/i0.wp.com\/lahoradelcampo.com.uy\/site\/wp-content\/uploads\/2022\/03\/Plaza-Canepa.jpg?resize=768%2C384&amp;ssl=1 768w, https:\/\/i0.wp.com\/lahoradelcampo.com.uy\/site\/wp-content\/uploads\/2022\/03\/Plaza-Canepa.jpg?resize=820%2C410&amp;ssl=1 820w\" sizes=\"auto, (max-width: 810px) 100vw, 810px\" \/><\/figure>\n\n\n\n<p>A partir de las 9 horas, comienza una nueva venta de Plaza Rural, con una oferta de 7.290 vacunos y 698 ovinos. Las ventas comenzaran lanares, luego los terneros, m\u00e1s de un a\u00f1o enteros, la fila de novillos, los Holando, vacas de invernar, terneras, terneros y terneras, todo lo que es vaquillonas, vientres pre\u00f1ados y para el final, las piezas de cr\u00eda. <br><\/p>\n\n\n\n<p>El martillero Francisco C\u00e1nepa dijo que el escritorio concurrir\u00e1 con una oferta destacada en calidad, \u00abnos acompa\u00f1a Alejo Bordenave con ganados de uno o dos a\u00f1os en Laureles, el amigo Ambrosoni con un lote de novillos interesante, Alba Rosa Favale con vacas de invernar, vamos con buenos lotes de ternera tambi\u00e9n, vientres pre\u00f1ados y el lote lanares que tenemos  son 350 corderos y corderas de estancia y caba\u00f1a el Terer\u00e9\u00bb.<br><\/p>\n\n\n\n<p>El contexto del mercado, para el consignatario, \u00abde a poco se va encontrando un reajuste a este nuevo valor. Y bueno, de a poco estaremos entrando una nueva realidad. Todav\u00eda no se ha llegado a un punto de equilibrio. Creo que si llueve sin duda que va a haber cambio de posiciones, principalmente los vendedores\u00bb.<br><\/p>\n\n\n\n<p><strong>Frigor\u00edfico Modelo<\/strong><br><\/p>\n\n\n\n<p>El viernes el escritorio C\u00e1nepa estar\u00e1 realizando un nuevo remate de Frigor\u00edfico Modelo, en Artigas, con una destacada oferta de Aberdeen Angus. El martillero dijo que la oferta ya est\u00e1 en el local de la Asociaci\u00f3n Agropecuaria de Artigas, para aquellos que quieran ver los ganados con anticipaci\u00f3n. <br><\/p>\n\n\n\n<p>La oferta estar\u00e1 compuesta por \u00ab45 toros, que son pr\u00e1cticamente todos pedigree, van 20 vaquillonas pedigree pre\u00f1adas, 110 vientres SA pre\u00f1ados y vac\u00edos y el lote 55 novillos\u00bb. C\u00e1nepa indic\u00f3 que \u00abla oferta de vientres, vaquillonas y toros se vender\u00e1 en 12 cuotas consecutivas con un 5% descuento por pago contado y el que realice la pre-oferta por toros y vientres cuenta con un 2% de descuento adicional a lo que son los descuentos de pago al contado que ser\u00eda un 5% en el caso de los toros y vientres pedigrees y lo \u00fanico que ir\u00eda con 90 d\u00edas ser\u00eda te ser\u00edan los novillos\u00bb.<br><\/p>\n\n\n\n<p>El rematador dijo que el cat\u00e1logo y toda la informaci\u00f3n de la oferta, est\u00e1 en el escritorio, o pueden acceder a la mima en www.rubenfcanepa.com o por la p\u00e1gina de Frigor\u00edfico Modelo\u00bb. C\u00e1nepa indic\u00f3 que quienes est\u00e9n interesados en realizar la pre-oferta tienen que comunicarse con Mauricio Salinas al 099 73 73 24. <\/p>\n\n\n\n<p>Salto, jueves 6 de octubre de 2022<\/p>\n","protected":false},"excerpt":{"rendered":"<p>A partir de las 9 horas, comienza una nueva venta de Plaza Rural, con una oferta de 7.290 vacunos y 698 ovinos. Las ventas comenzaran lanares, luego los terneros, m\u00e1s [&hellip;]<\/p>\n","protected":false},"author":5,"featured_media":40045,"comment_status":"open","ping_status":"open","sticky":false,"template":"","format":"standard","meta":{"_price":"","_stock":"","_tribe_ticket_header":"","_tribe_default_ticket_provider":"","_tribe_ticket_capacity":"0","_ticket_start_date":"","_ticket_end_date":"","_tribe_ticket_show_description":"","_tribe_ticket_show_not_going":false,"_tribe_ticket_use_global_stock":"","_tribe_ticket_global_stock_level":"","_global_stock_mode":"","_global_stock_cap":"","_tribe_rsvp_for_event":"","_tribe_ticket_going_count":"","_tribe_ticket_not_going_count":"","_tribe_tickets_list":"[]","_tribe_ticket_has_attendee_info_fields":false,"h5ap_radio_sources":[],"_jetpack_newsletter_access":"","_jetpack_dont_email_post_to_subs":false,"_jetpack_newsletter_tier_id":0,"_jetpack_memberships_contains_paywalled_content":false,"_jetpack_memberships_contains_paid_content":false,"footnotes":""},"categories":[21,5],"tags":[],"class_list":["post-46109","post","type-post","status-publish","format-standard","has-post-thumbnail","hentry","category-actualidad","category-ganaderia"],"jetpack_featured_media_url":"https:\/\/i0.wp.com\/lahoradelcampo.com.uy\/site\/wp-content\/uploads\/2022\/03\/Plaza-Canepa.jpg?fit=880%2C440&ssl=1","jetpack_sharing_enabled":true,"jetpack_shortlink":"https:\/\/wp.me\/p99IaT-bZH","jetpack-related-posts":[{"id":56350,"url":"https:\/\/lahoradelcampo.com.uy\/site\/esc-ruben-f-canepa-con-una-destacada-oferta-en-plaza-rural\/","url_meta":{"origin":46109,"position":0},"title":"Esc. Rub\u00e9n F. C\u00e1nepa con una destacada oferta en Plaza Rural","author":"La Hora del Campo","date":"23 julio, 2025","format":false,"excerpt":"Con una oferta que supera los 14.000 vacunos y m\u00e1s de 500 lanares, el consorcio de Plaza Rural realiza un nuevo remate hoy mi\u00e9rcoles 23 y ma\u00f1ana jueves 24 de julio. El remate n\u00famero 307, que celebra los 24 a\u00f1os del grupo de rematadores, contar\u00e1 con una destacada participaci\u00f3n de\u2026","rel":"","context":"En \u00abActualidad\u00bb","block_context":{"text":"Actualidad","link":"https:\/\/lahoradelcampo.com.uy\/site\/category\/actualidad\/"},"img":{"alt_text":"","src":"https:\/\/i0.wp.com\/lahoradelcampo.com.uy\/site\/wp-content\/uploads\/2025\/07\/Canepa-plaza.jpg?fit=880%2C440&ssl=1&resize=350%2C200","width":350,"height":200,"srcset":"https:\/\/i0.wp.com\/lahoradelcampo.com.uy\/site\/wp-content\/uploads\/2025\/07\/Canepa-plaza.jpg?fit=880%2C440&ssl=1&resize=350%2C200 1x, https:\/\/i0.wp.com\/lahoradelcampo.com.uy\/site\/wp-content\/uploads\/2025\/07\/Canepa-plaza.jpg?fit=880%2C440&ssl=1&resize=525%2C300 1.5x, https:\/\/i0.wp.com\/lahoradelcampo.com.uy\/site\/wp-content\/uploads\/2025\/07\/Canepa-plaza.jpg?fit=880%2C440&ssl=1&resize=700%2C400 2x"},"classes":[]},{"id":54028,"url":"https:\/\/lahoradelcampo.com.uy\/site\/canepa-con-ganados-deexcelente-calidad-en-elremate-289-de-plaza-rural\/","url_meta":{"origin":46109,"position":1},"title":"C\u00e1nepa con ganados deexcelente calidad en elremate 289 de Plaza Rural","author":"La Hora del Campo","date":"24 julio, 2024","format":false,"excerpt":"El remate 289\u00b0 de Plaza Rural se realizar\u00e1 hoy mi\u00e9rcoles y ma\u00f1ana jueves, donde el consorcio celebrar\u00e1 su 23\u00b0 aniversario. Las ventas se realizan como siempre desde Hotel Cottage, por TV cable, Internet, streaming de audio, y la App de Plaza Rural. Se ofrecer\u00e1n en esta oportunidad 17.531 vacunos y\u2026","rel":"","context":"En \u00abActualidad\u00bb","block_context":{"text":"Actualidad","link":"https:\/\/lahoradelcampo.com.uy\/site\/category\/actualidad\/"},"img":{"alt_text":"","src":"https:\/\/i0.wp.com\/lahoradelcampo.com.uy\/site\/wp-content\/uploads\/2024\/07\/FranciscoCanepa.jpg?fit=880%2C440&ssl=1&resize=350%2C200","width":350,"height":200,"srcset":"https:\/\/i0.wp.com\/lahoradelcampo.com.uy\/site\/wp-content\/uploads\/2024\/07\/FranciscoCanepa.jpg?fit=880%2C440&ssl=1&resize=350%2C200 1x, https:\/\/i0.wp.com\/lahoradelcampo.com.uy\/site\/wp-content\/uploads\/2024\/07\/FranciscoCanepa.jpg?fit=880%2C440&ssl=1&resize=525%2C300 1.5x, https:\/\/i0.wp.com\/lahoradelcampo.com.uy\/site\/wp-content\/uploads\/2024\/07\/FranciscoCanepa.jpg?fit=880%2C440&ssl=1&resize=700%2C400 2x"},"classes":[]},{"id":55998,"url":"https:\/\/lahoradelcampo.com.uy\/site\/plaza-rural-inicia-hoy-las-ventas-con-mas-de-7-000-terneros\/","url_meta":{"origin":46109,"position":2},"title":"Plaza Rural inicia hoy las ventas con m\u00e1s de 7.000 terneros","author":"La Hora del Campo","date":"24 abril, 2025","format":false,"excerpt":"Con un volumen significativo de m\u00e1s de 7.000 terneros, terneras y lotes mixtos, la segunda venta de abril de Plaza Rural, seg\u00fan lo anticip\u00f3 Francisco C\u00e1nepa, principal del escritorio Rub\u00e9n F. C\u00e1nepa, se llevar\u00e1 a cabo en dos jornadas, comenzando en el d\u00eda de hoy con las categor\u00edas mencionadas y\u2026","rel":"","context":"En \u00abActualidad\u00bb","block_context":{"text":"Actualidad","link":"https:\/\/lahoradelcampo.com.uy\/site\/category\/actualidad\/"},"img":{"alt_text":"","src":"https:\/\/i0.wp.com\/lahoradelcampo.com.uy\/site\/wp-content\/uploads\/2024\/07\/FranciscoCanepa.jpg?fit=880%2C440&ssl=1&resize=350%2C200","width":350,"height":200,"srcset":"https:\/\/i0.wp.com\/lahoradelcampo.com.uy\/site\/wp-content\/uploads\/2024\/07\/FranciscoCanepa.jpg?fit=880%2C440&ssl=1&resize=350%2C200 1x, https:\/\/i0.wp.com\/lahoradelcampo.com.uy\/site\/wp-content\/uploads\/2024\/07\/FranciscoCanepa.jpg?fit=880%2C440&ssl=1&resize=525%2C300 1.5x, https:\/\/i0.wp.com\/lahoradelcampo.com.uy\/site\/wp-content\/uploads\/2024\/07\/FranciscoCanepa.jpg?fit=880%2C440&ssl=1&resize=700%2C400 2x"},"classes":[]},{"id":39859,"url":"https:\/\/lahoradelcampo.com.uy\/site\/plaza-rural-realiza-su-remate-245-con-30-000-vacunos\/","url_meta":{"origin":46109,"position":3},"title":"Plaza Rural realiza su remate 245 con 30.000 vacunos","author":"La Hora del Campo","date":"14 marzo, 2022","format":false,"excerpt":"Con una importante oferta de casi 30.000 vacunos y 2.800 ovinos, el consorcio de rematadores de Plaza Rural realizar\u00e1 su remate 245, desde el mi\u00e9rcoles 16 de marzo. Como es tradicional las ventas se realizan desde el Hotel Cottage y ser\u00e1 transmitido por TV Cable, Direct TV, Internet, dispositivos m\u00f3viles\u2026","rel":"","context":"En \u00abActualidad\u00bb","block_context":{"text":"Actualidad","link":"https:\/\/lahoradelcampo.com.uy\/site\/category\/actualidad\/"},"img":{"alt_text":"","src":"https:\/\/i0.wp.com\/lahoradelcampo.com.uy\/site\/wp-content\/uploads\/2020\/04\/Canepa-Plaza.jpg?fit=880%2C440&ssl=1&resize=350%2C200","width":350,"height":200,"srcset":"https:\/\/i0.wp.com\/lahoradelcampo.com.uy\/site\/wp-content\/uploads\/2020\/04\/Canepa-Plaza.jpg?fit=880%2C440&ssl=1&resize=350%2C200 1x, https:\/\/i0.wp.com\/lahoradelcampo.com.uy\/site\/wp-content\/uploads\/2020\/04\/Canepa-Plaza.jpg?fit=880%2C440&ssl=1&resize=525%2C300 1.5x, https:\/\/i0.wp.com\/lahoradelcampo.com.uy\/site\/wp-content\/uploads\/2020\/04\/Canepa-Plaza.jpg?fit=880%2C440&ssl=1&resize=700%2C400 2x"},"classes":[]},{"id":41111,"url":"https:\/\/lahoradelcampo.com.uy\/site\/con-25-000-vacunos-plaza-rural-remata-desde-el-martes-26\/","url_meta":{"origin":46109,"position":4},"title":"Con 25.000 vacunos Plaza Rural remata desde el martes 26","author":"La Hora del Campo","date":"24 abril, 2022","format":false,"excerpt":"Desde el martes 26 hasta el jueves 28 de abril, Plaza Rural realizar\u00e1 su remate 247, con una oferta de 25.399 vacunos y 190 ovinos, donde se incluye en la oportunidad el Plaza Braford, con ganados certificados por la Sociedad de Criadores de Braford & Ceb\u00fa del Uruguay. Como es\u2026","rel":"","context":"En \u00abActualidad\u00bb","block_context":{"text":"Actualidad","link":"https:\/\/lahoradelcampo.com.uy\/site\/category\/actualidad\/"},"img":{"alt_text":"","src":"https:\/\/i0.wp.com\/lahoradelcampo.com.uy\/site\/wp-content\/uploads\/2019\/06\/Canepa-2.jpg?fit=880%2C440&ssl=1&resize=350%2C200","width":350,"height":200,"srcset":"https:\/\/i0.wp.com\/lahoradelcampo.com.uy\/site\/wp-content\/uploads\/2019\/06\/Canepa-2.jpg?fit=880%2C440&ssl=1&resize=350%2C200 1x, https:\/\/i0.wp.com\/lahoradelcampo.com.uy\/site\/wp-content\/uploads\/2019\/06\/Canepa-2.jpg?fit=880%2C440&ssl=1&resize=525%2C300 1.5x, https:\/\/i0.wp.com\/lahoradelcampo.com.uy\/site\/wp-content\/uploads\/2019\/06\/Canepa-2.jpg?fit=880%2C440&ssl=1&resize=700%2C400 2x"},"classes":[]},{"id":42717,"url":"https:\/\/lahoradelcampo.com.uy\/site\/canepa-en-la-primavera-la-oferta-va-a-ser-bastante-escasa\/","url_meta":{"origin":46109,"position":5},"title":"C\u00e1nepa: \u00abEn la primavera la oferta va a ser bastante escasa\u00bb","author":"La Hora del Campo","date":"13 junio, 2022","format":false,"excerpt":"Plaza Rural realizar\u00e1 esta semana su remate 249, con una oferta de 2.157 ovinos y 16.572 vacunos, que entraran a pista en tres d\u00edas de ventas. El comienzo de la operativa ser\u00e1 el mi\u00e9rcoles 15 y se extender\u00e1 hasta el viernes 17 de junio. \"Tradicionalmente en junio, julio y parte\u2026","rel":"","context":"En \u00abActualidad\u00bb","block_context":{"text":"Actualidad","link":"https:\/\/lahoradelcampo.com.uy\/site\/category\/actualidad\/"},"img":{"alt_text":"","src":"https:\/\/i0.wp.com\/lahoradelcampo.com.uy\/site\/wp-content\/uploads\/2022\/03\/Plaza-Canepa.jpg?fit=880%2C440&ssl=1&resize=350%2C200","width":350,"height":200,"srcset":"https:\/\/i0.wp.com\/lahoradelcampo.com.uy\/site\/wp-content\/uploads\/2022\/03\/Plaza-Canepa.jpg?fit=880%2C440&ssl=1&resize=350%2C200 1x, https:\/\/i0.wp.com\/lahoradelcampo.com.uy\/site\/wp-content\/uploads\/2022\/03\/Plaza-Canepa.jpg?fit=880%2C440&ssl=1&resize=525%2C300 1.5x, https:\/\/i0.wp.com\/lahoradelcampo.com.uy\/site\/wp-content\/uploads\/2022\/03\/Plaza-Canepa.jpg?fit=880%2C440&ssl=1&resize=700%2C400 2x"},"classes":[]}],"jetpack_likes_enabled":true,"_links":{"self":[{"href":"https:\/\/lahoradelcampo.com.uy\/site\/wp-json\/wp\/v2\/posts\/46109","targetHints":{"allow":["GET"]}}],"collection":[{"href":"https:\/\/lahoradelcampo.com.uy\/site\/wp-json\/wp\/v2\/posts"}],"about":[{"href":"https:\/\/lahoradelcampo.com.uy\/site\/wp-json\/wp\/v2\/types\/post"}],"author":[{"embeddable":true,"href":"https:\/\/lahoradelcampo.com.uy\/site\/wp-json\/wp\/v2\/users\/5"}],"replies":[{"embeddable":true,"href":"https:\/\/lahoradelcampo.com.uy\/site\/wp-json\/wp\/v2\/comments?post=46109"}],"version-history":[{"count":1,"href":"https:\/\/lahoradelcampo.com.uy\/site\/wp-json\/wp\/v2\/posts\/46109\/revisions"}],"predecessor-version":[{"id":46111,"href":"https:\/\/lahoradelcampo.com.uy\/site\/wp-json\/wp\/v2\/posts\/46109\/revisions\/46111"}],"wp:featuredmedia":[{"embeddable":true,"href":"https:\/\/lahoradelcampo.com.uy\/site\/wp-json\/wp\/v2\/media\/40045"}],"wp:attachment":[{"href":"https:\/\/lahoradelcampo.com.uy\/site\/wp-json\/wp\/v2\/media?parent=46109"}],"wp:term":[{"taxonomy":"category","embeddable":true,"href":"https:\/\/lahoradelcampo.com.uy\/site\/wp-json\/wp\/v2\/categories?post=46109"},{"taxonomy":"post_tag","embeddable":true,"href":"https:\/\/lahoradelcampo.com.uy\/site\/wp-json\/wp\/v2\/tags?post=46109"}],"curies":[{"name":"wp","href":"https:\/\/api.w.org\/{rel}","templated":true}]}}